{"id":172572,"date":"2024-09-11T17:02:39","date_gmt":"2024-09-11T21:02:39","guid":{"rendered":"https:\/\/news.canadamotorjobs.com\/?p=172572"},"modified":"2024-09-11T17:13:50","modified_gmt":"2024-09-11T21:13:50","slug":"volkswagen-rappelle-120-000-id4-au-canada-et-aux-etats-unis","status":"publish","type":"post","link":"https:\/\/news.canadamotorjobs.com\/fr\/volkswagen-rappelle-120-000-id4-au-canada-et-aux-etats-unis\/","title":{"rendered":"Volkswagen rappelle 120\u00a0000 ID4 au Canada et aux \u00c9tats-Unis"},"content":{"rendered":"<\/p>\n<h3><strong>Un probl\u00e8me de poign\u00e9e de porte<\/strong><\/h3>\n<p>\nUn probl\u00e8me de protection insuffisante contre l&#8217;eau sur les poign\u00e9es de porte des Volkswagen ID4 2021 \u00e0 2024 pourrait entra\u00eener l&#8217;ouverture des portes pendant que le v\u00e9hicule est en mouvement. Volkswagen rappelle donc 98 806 ID4 aux \u00c9tats-Unis et 20 602 au Canada pour corriger ce d\u00e9faut.<\/p>\n<h3><strong>Un probl\u00e8me connu<\/strong><\/h3>\n<p>\nVW a commenc\u00e9 \u00e0 enqu\u00eater sur ce probl\u00e8me en f\u00e9vrier dernier apr\u00e8s plusieurs plaintes concernant les pi\u00e8ces des poign\u00e9es de porte. Un total de 135 r\u00e9clamations de garantie li\u00e9es \u00e0 ce d\u00e9faut ont \u00e9t\u00e9 enregistr\u00e9es entre juin 2023 et mai 2024. Volkswagen a pr\u00e9cis\u00e9 qu&#8217;aucun accident ou blessure n&#8217;a \u00e9t\u00e9 signal\u00e9 en lien avec ce probl\u00e8me.<\/p>\n<h3>La proc\u00e9dure<\/h3>\n<p>\nLes concessionnaires inspecteront chaque poign\u00e9e de porte et la remplaceront par une pi\u00e8ce am\u00e9lior\u00e9e si n\u00e9cessaire. Une mise \u00e0 jour logicielle sera \u00e9galement effectu\u00e9e pour ajuster les param\u00e8tres des poign\u00e9es de porte. Le rem\u00e8de pour ce rappel est encore en cours de d\u00e9veloppement. Le fabricant des poign\u00e9es de porte est U-Shin, bas\u00e9 au Mexique, selon les documents de la U.S. National Highway Traffic Safety Administration (NHTSA). Les concessionnaires ont \u00e9t\u00e9 inform\u00e9s d\u00e9but septembre, et les propri\u00e9taires seront avis\u00e9s d&#8217;ici le d\u00e9but de novembre.<\/p>\n<p>\u00a0<\/p>\n<p>Le texte <a rel=\"nofollow\" href=\"https:\/\/annuelauto.ca\/volkswagen-rappelle-120-000-id4-au-canada-et-aux-etats-unis\/\">Volkswagen rappelle 120\u00a0000 ID4 au Canada et aux \u00c9tats-Unis<\/a> provient de <a rel=\"nofollow\" href=\"https:\/\/annuelauto.ca\">L&#8217;annuel de l&#8217;automobile &#8211; Actualit\u00e9 automobile<\/a><\/p>\n<p><\/p>\n","protected":false},"excerpt":{"rendered":"<p>Un probl\u00e8me de poign\u00e9e de porte Un probl\u00e8me de protection insuffisante contre l&#8217;eau sur les poign\u00e9es de porte des Volkswagen ID4 2021 \u00e0 2024 pourrait entra\u00eener l&#8217;ouverture des portes pendant que le v\u00e9hicule est en mouvement. Volkswagen rappelle donc 98 806 ID4 aux \u00c9tats-Unis et 20 602 au Canada pour corriger ce d\u00e9faut. Un probl\u00e8me [&hellip;]<\/p>\n","protected":false},"author":8,"featured_media":172574,"comment_status":"close","ping_status":"closed","sticky":false,"template":"","format":"standard","meta":{"_monsterinsights_skip_tracking":false,"_monsterinsights_sitenote_active":false,"_monsterinsights_sitenote_note":"","_monsterinsights_sitenote_category":0,"footnotes":""},"categories":[101],"tags":[],"yoast_head":"<!-- This site is optimized with the Yoast SEO plugin v23.2 - https:\/\/yoast.com\/wordpress\/plugins\/seo\/ -->\n<title>Volkswagen rappelle 120\u00a0000 ID4 au Canada et aux \u00c9tats-Unis - CanadaMotorJobs.com<\/title>\n<meta name=\"description\" content=\"Volkswagen rappelle 120\u00a0000 ID4 au Canada et aux \u00c9tats-Unis - Benoit Charette - Annuel automobile - CanadaMotorJobs.com.\" \/>\n<meta name=\"robots\" content=\"index, follow, max-snippet:-1, max-image-preview:large, max-video-preview:-1\" \/>\n<meta property=\"og:locale\" content=\"fr_CA\" \/>\n<meta property=\"og:type\" content=\"article\" \/>\n<meta property=\"og:title\" content=\"Volkswagen rappelle 120\u00a0000 ID4 au Canada et aux \u00c9tats-Unis - CanadaMotorJobs.com\" \/>\n<meta property=\"og:description\" content=\"Volkswagen rappelle 120\u00a0000 ID4 au Canada et aux \u00c9tats-Unis - Benoit Charette - Annuel automobile - CanadaMotorJobs.com.\" \/>\n<meta property=\"og:url\" content=\"https:\/\/news.canadamotorjobs.com\/fr\/volkswagen-rappelle-120-000-id4-au-canada-et-aux-etats-unis\/\" \/>\n<meta property=\"og:site_name\" content=\"CanadaMotorJobs.com\" \/>\n<meta property=\"article:publisher\" content=\"https:\/\/www.facebook.com\/canadamotorjobs\/\" \/>\n<meta property=\"article:published_time\" content=\"2024-09-11T21:02:39+00:00\" \/>\n<meta property=\"article:modified_time\" content=\"2024-09-11T21:13:50+00:00\" \/>\n<meta property=\"og:image\" content=\"https:\/\/news.canadamotorjobs.com\/wp-content\/uploads\/2024\/09\/Small-14160-2021ID.4AWDProSwithGradientPackage.jpg\" \/>\n\t<meta property=\"og:image:width\" content=\"1500\" \/>\n\t<meta property=\"og:image:height\" content=\"1001\" \/>\n\t<meta property=\"og:image:type\" content=\"image\/jpeg\" \/>\n<meta name=\"author\" content=\"Benoit Charette\" \/>\n<meta name=\"twitter:card\" content=\"summary_large_image\" \/>\n<meta name=\"twitter:creator\" content=\"@canadamotorjobs\" \/>\n<meta name=\"twitter:site\" content=\"@canadamotorjobs\" \/>\n<meta name=\"twitter:label1\" content=\"\u00c9crit par\" \/>\n\t<meta name=\"twitter:data1\" content=\"Benoit Charette\" \/>\n\t<meta name=\"twitter:label2\" content=\"Estimation du temps de lecture\" \/>\n\t<meta name=\"twitter:data2\" content=\"1 minute\" \/>\n<!-- \/ Yoast SEO plugin. -->","yoast_head_json":{"title":"Volkswagen rappelle 120\u00a0000 ID4 au Canada et aux \u00c9tats-Unis - CanadaMotorJobs.com","description":"Volkswagen rappelle 120\u00a0000 ID4 au Canada et aux \u00c9tats-Unis - Benoit Charette - Annuel automobile - CanadaMotorJobs.com.","robots":{"index":"index","follow":"follow","max-snippet":"max-snippet:-1","max-image-preview":"max-image-preview:large","max-video-preview":"max-video-preview:-1"},"og_locale":"fr_CA","og_type":"article","og_title":"Volkswagen rappelle 120\u00a0000 ID4 au Canada et aux \u00c9tats-Unis - CanadaMotorJobs.com","og_description":"Volkswagen rappelle 120\u00a0000 ID4 au Canada et aux \u00c9tats-Unis - Benoit Charette - Annuel automobile - CanadaMotorJobs.com.","og_url":"https:\/\/news.canadamotorjobs.com\/fr\/volkswagen-rappelle-120-000-id4-au-canada-et-aux-etats-unis\/","og_site_name":"CanadaMotorJobs.com","article_publisher":"https:\/\/www.facebook.com\/canadamotorjobs\/","article_published_time":"2024-09-11T21:02:39+00:00","article_modified_time":"2024-09-11T21:13:50+00:00","og_image":[{"width":1500,"height":1001,"url":"https:\/\/news.canadamotorjobs.com\/wp-content\/uploads\/2024\/09\/Small-14160-2021ID.4AWDProSwithGradientPackage.jpg","type":"image\/jpeg"}],"author":"Benoit Charette","twitter_card":"summary_large_image","twitter_creator":"@canadamotorjobs","twitter_site":"@canadamotorjobs","twitter_misc":{"\u00c9crit par":"Benoit Charette","Estimation du temps de lecture":"1 minute"},"schema":{"@context":"https:\/\/schema.org","@graph":[{"@type":"Article","@id":"https:\/\/news.canadamotorjobs.com\/fr\/volkswagen-rappelle-120-000-id4-au-canada-et-aux-etats-unis\/#article","isPartOf":{"@id":"https:\/\/news.canadamotorjobs.com\/fr\/volkswagen-rappelle-120-000-id4-au-canada-et-aux-etats-unis\/"},"author":{"name":"Benoit Charette","@id":"https:\/\/news.canadamotorjobs.com\/#\/schema\/person\/51793d1f87d44011d7bcc2ed99269a90"},"headline":"Volkswagen rappelle 120\u00a0000 ID4 au Canada et aux \u00c9tats-Unis","datePublished":"2024-09-11T21:02:39+00:00","dateModified":"2024-09-11T21:13:50+00:00","mainEntityOfPage":{"@id":"https:\/\/news.canadamotorjobs.com\/fr\/volkswagen-rappelle-120-000-id4-au-canada-et-aux-etats-unis\/"},"wordCount":255,"publisher":{"@id":"https:\/\/news.canadamotorjobs.com\/#organization"},"image":{"@id":"https:\/\/news.canadamotorjobs.com\/fr\/volkswagen-rappelle-120-000-id4-au-canada-et-aux-etats-unis\/#primaryimage"},"thumbnailUrl":"https:\/\/news.canadamotorjobs.com\/wp-content\/uploads\/2024\/09\/Small-14160-2021ID.4AWDProSwithGradientPackage.jpg","articleSection":["Annuel automobile"],"inLanguage":"fr-CA"},{"@type":"WebPage","@id":"https:\/\/news.canadamotorjobs.com\/fr\/volkswagen-rappelle-120-000-id4-au-canada-et-aux-etats-unis\/","url":"https:\/\/news.canadamotorjobs.com\/fr\/volkswagen-rappelle-120-000-id4-au-canada-et-aux-etats-unis\/","name":"Volkswagen rappelle 120\u00a0000 ID4 au Canada et aux \u00c9tats-Unis - CanadaMotorJobs.com","isPartOf":{"@id":"https:\/\/news.canadamotorjobs.com\/#website"},"primaryImageOfPage":{"@id":"https:\/\/news.canadamotorjobs.com\/fr\/volkswagen-rappelle-120-000-id4-au-canada-et-aux-etats-unis\/#primaryimage"},"image":{"@id":"https:\/\/news.canadamotorjobs.com\/fr\/volkswagen-rappelle-120-000-id4-au-canada-et-aux-etats-unis\/#primaryimage"},"thumbnailUrl":"https:\/\/news.canadamotorjobs.com\/wp-content\/uploads\/2024\/09\/Small-14160-2021ID.4AWDProSwithGradientPackage.jpg","datePublished":"2024-09-11T21:02:39+00:00","dateModified":"2024-09-11T21:13:50+00:00","description":"Volkswagen rappelle 120\u00a0000 ID4 au Canada et aux \u00c9tats-Unis - Benoit Charette - Annuel automobile - CanadaMotorJobs.com.","breadcrumb":{"@id":"https:\/\/news.canadamotorjobs.com\/fr\/volkswagen-rappelle-120-000-id4-au-canada-et-aux-etats-unis\/#breadcrumb"},"inLanguage":"fr-CA","potentialAction":[{"@type":"ReadAction","target":["https:\/\/news.canadamotorjobs.com\/fr\/volkswagen-rappelle-120-000-id4-au-canada-et-aux-etats-unis\/"]}]},{"@type":"ImageObject","inLanguage":"fr-CA","@id":"https:\/\/news.canadamotorjobs.com\/fr\/volkswagen-rappelle-120-000-id4-au-canada-et-aux-etats-unis\/#primaryimage","url":"https:\/\/news.canadamotorjobs.com\/wp-content\/uploads\/2024\/09\/Small-14160-2021ID.4AWDProSwithGradientPackage.jpg","contentUrl":"https:\/\/news.canadamotorjobs.com\/wp-content\/uploads\/2024\/09\/Small-14160-2021ID.4AWDProSwithGradientPackage.jpg","width":1500,"height":1001},{"@type":"BreadcrumbList","@id":"https:\/\/news.canadamotorjobs.com\/fr\/volkswagen-rappelle-120-000-id4-au-canada-et-aux-etats-unis\/#breadcrumb","itemListElement":[{"@type":"ListItem","position":1,"name":"Home","item":"https:\/\/news.canadamotorjobs.com\/fr\/blog\/"},{"@type":"ListItem","position":2,"name":"Volkswagen rappelle 120\u00a0000 ID4 au Canada et aux \u00c9tats-Unis"}]},{"@type":"WebSite","@id":"https:\/\/news.canadamotorjobs.com\/#website","url":"https:\/\/news.canadamotorjobs.com\/","name":"CanadaMotorJobs.com","description":"Automotive Jobs","publisher":{"@id":"https:\/\/news.canadamotorjobs.com\/#organization"},"potentialAction":[{"@type":"SearchAction","target":{"@type":"EntryPoint","urlTemplate":"https:\/\/news.canadamotorjobs.com\/?s={search_term_string}"},"query-input":"required name=search_term_string"}],"inLanguage":"fr-CA"},{"@type":"Organization","@id":"https:\/\/news.canadamotorjobs.com\/#organization","name":"Canada Motor Jobs","url":"https:\/\/news.canadamotorjobs.com\/","logo":{"@type":"ImageObject","inLanguage":"fr-CA","@id":"https:\/\/news.canadamotorjobs.com\/#\/schema\/logo\/image\/","url":"https:\/\/news.canadamotorjobs.com\/wp-content\/uploads\/2022\/10\/logo-canada-motor-jobs-1.png","contentUrl":"https:\/\/news.canadamotorjobs.com\/wp-content\/uploads\/2022\/10\/logo-canada-motor-jobs-1.png","width":800,"height":400,"caption":"Canada Motor Jobs"},"image":{"@id":"https:\/\/news.canadamotorjobs.com\/#\/schema\/logo\/image\/"},"sameAs":["https:\/\/www.facebook.com\/canadamotorjobs\/","https:\/\/x.com\/canadamotorjobs","https:\/\/www.instagram.com\/canadamotorjobs\/","https:\/\/www.linkedin.com\/company\/canadamotorjobs"]},{"@type":"Person","@id":"https:\/\/news.canadamotorjobs.com\/#\/schema\/person\/51793d1f87d44011d7bcc2ed99269a90","name":"Benoit Charette","image":{"@type":"ImageObject","inLanguage":"fr-CA","@id":"https:\/\/news.canadamotorjobs.com\/#\/schema\/person\/image\/","url":"https:\/\/secure.gravatar.com\/avatar\/45f3d2eebcccd909668d7ce7ea7267b6?s=96&d=mm&r=g","contentUrl":"https:\/\/secure.gravatar.com\/avatar\/45f3d2eebcccd909668d7ce7ea7267b6?s=96&d=mm&r=g","caption":"Benoit Charette"},"description":"Benoit Charette \/ Propri\u00e9taire et r\u00e9dacteur en chef Benoit Charette pratique le journalisme automobile depuis bient\u00f4t 30 ans. Il a fait ses classes au c\u00f4t\u00e9 de Daniel H\u00e9raud et au Carnet de route de 1992 \u00e0 2001. Il est fondateur, copropri\u00e9taire et r\u00e9dacteur en chef de L\u2019Annuel de l\u2019automobile, qu\u2019il publie depuis 2001. Il a anim\u00e9 les \u00e9missions RPM et RPM+ sur V et les L\u00e9gendes de la route sur Historia. \u00c0 la radio depuis 1986, il reprend l\u2019antenne cette ann\u00e9e sur les ondes de Cogeco et participe pour la deuxi\u00e8me ann\u00e9e \u00e0 l\u2019\u00e9mission Passion Auto sur RDS en plus de mettre en ligne le site Web officiel de L\u2019Annuel de l\u2019automobile sur annuelauto.ca.","sameAs":["https:\/\/annuelauto.ca\/"],"url":"https:\/\/news.canadamotorjobs.com\/fr\/author\/benoit-charette\/"}]}},"_links":{"self":[{"href":"https:\/\/news.canadamotorjobs.com\/fr\/wp-json\/wp\/v2\/posts\/172572"}],"collection":[{"href":"https:\/\/news.canadamotorjobs.com\/fr\/wp-json\/wp\/v2\/posts"}],"about":[{"href":"https:\/\/news.canadamotorjobs.com\/fr\/wp-json\/wp\/v2\/types\/post"}],"author":[{"embeddable":true,"href":"https:\/\/news.canadamotorjobs.com\/fr\/wp-json\/wp\/v2\/users\/8"}],"replies":[{"embeddable":true,"href":"https:\/\/news.canadamotorjobs.com\/fr\/wp-json\/wp\/v2\/comments?post=172572"}],"version-history":[{"count":2,"href":"https:\/\/news.canadamotorjobs.com\/fr\/wp-json\/wp\/v2\/posts\/172572\/revisions"}],"predecessor-version":[{"id":172576,"href":"https:\/\/news.canadamotorjobs.com\/fr\/wp-json\/wp\/v2\/posts\/172572\/revisions\/172576"}],"wp:featuredmedia":[{"embeddable":true,"href":"https:\/\/news.canadamotorjobs.com\/fr\/wp-json\/wp\/v2\/media\/172574"}],"wp:attachment":[{"href":"https:\/\/news.canadamotorjobs.com\/fr\/wp-json\/wp\/v2\/media?parent=172572"}],"wp:term":[{"taxonomy":"category","embeddable":true,"href":"https:\/\/news.canadamotorjobs.com\/fr\/wp-json\/wp\/v2\/categories?post=172572"},{"taxonomy":"post_tag","embeddable":true,"href":"https:\/\/news.canadamotorjobs.com\/fr\/wp-json\/wp\/v2\/tags?post=172572"}],"curies":[{"name":"wp","href":"https:\/\/api.w.org\/{rel}","templated":true}]}}