{"id":172500,"date":"2024-09-11T15:28:11","date_gmt":"2024-09-11T19:28:11","guid":{"rendered":"https:\/\/news.canadamotorjobs.com\/?p=172500"},"modified":"2024-09-11T15:29:50","modified_gmt":"2024-09-11T19:29:50","slug":"la-future-hyundai-ioniq-6-n-a-lessai","status":"publish","type":"post","link":"https:\/\/news.canadamotorjobs.com\/fr\/la-future-hyundai-ioniq-6-n-a-lessai\/","title":{"rendered":"La future Hyundai Ioniq 6 N \u00e0 l\u2019essai"},"content":{"rendered":"<\/p>\n<p>La division N chez Hyundai est synonyme de performance. On a vu \u00e0 quel point elle \u00e9tait capable de nous en mettre plein la vue avec les premiers mod\u00e8les \u00e0 essence qu\u2019elle a propos\u00e9e, nomm\u00e9ment les Veloster N, Kona N et Elantra N. Elle nous a aussi montr\u00e9 de quel bois elle pouvait se chauffer avec des organes tout \u00e9lectriques, avec cette fois le VUS Ioniq 5 N. Le niveau de performance de ce dernier a renvers\u00e9 tous ceux qui en ont pris le volant.<\/p>\n<p>Et voil\u00e0 que la compagnie nous pr\u00e9pare autre chose, soit une autre version N d\u2019un mod\u00e8le \u00e9lectrique. La \u00ab victime \u00bb est la berline Ioniq 6, qui a \u00e9t\u00e9 vue \u00e0 l\u2019essai en pr\u00e9paration N.<\/p>\n<p>Une fois une formule de la sorte mise sur pied, la chose la plus facile \u00e0 faire pour un constructeur est de la reproduire avec d\u2019autres mod\u00e8les.<\/p>\n<p><\/p>\n<figure><img decoding=\"async\" src=\"https:\/\/news.canadamotorjobs.com\/wp-content\/uploads\/2024\/09\/PXL_20240909_143321715-2.jpg\" alt=\"La Hyundai Ioniq 6\" \/><figcaption>La Hyundai Ioniq 6 | Auto123.com<\/figcaption><\/figure>\n<p>Nous ne pouvons pas partager les images capt\u00e9es par les photographes-espions (elles sont faciles \u00e0 trouver sur le Net), mais elles montrent des Ioniq 6 camoufl\u00e9es et pourvues d\u2019am\u00e9liorations sur le plan de la performance, en pleine action pr\u00e8s du c\u00e9l\u00e8bre circuit du N\u00fcrburgring, en Allemagne.<\/p>\n<p>Parmi les changements visibles sur les mod\u00e8les, on trouve des passages de roue modifi\u00e9s pour s\u2019adapter \u00e0 une voie plus large, un syst\u00e8me de freinage plus puissant avec des disques avant qui meublent pratiquement les jantes de 20 pouces mont\u00e9es sur le v\u00e9hicule, ainsi qu\u2019un aileron arri\u00e8re fixe.<\/p>\n<p>La Ioniq 6 propose d\u00e9j\u00e0 320 chevaux gr\u00e2ce \u00e0 deux moteurs et au rouage int\u00e9gral. Le VUS Ioniq 5 N d\u00e9veloppe 600 forces, et propose des pointes \u00e0 641 chevaux. On peut donc s\u2019attendre au m\u00eame genre de prestation avec la berline, \u00e0 l\u2019exception que son comportement risque d\u2019\u00eatre encore plus int\u00e9ressant en raison de son centre de gravit\u00e9, simplement plus pr\u00e8s du sol.<\/p>\n<p>Le poids entre les deux v\u00e9hicules est tr\u00e8s semblable, toutefois, m\u00eame que la berline est un tantinet plus lourde que le VUS.<\/p>\n<p>Avec une Ioniq 6 N, on peut s\u2019attendre \u00e0 retrouver les m\u00eames \u00e9l\u00e9ments qu\u2019avec le VUS, que ce soit la fonction N e-shift qui simule la sensation des changements de vitesse, le dispositif N Active Sound+ qui propose des sonorit\u00e9s \u00e9lectroniques qui reproduisent l\u2019effet d\u2019un v\u00e9hicule dot\u00e9 d\u2019un moteur \u00e0 essence, ainsi que la fonction N Pedal qui applique un couple n\u00e9gatif \u00e0 travers le groupe motopropulseur pour mettre plus de poids sur les roues avant afin d\u2019aider \u00e0 la tenue de route.<\/p>\n<p>Hyundai n\u2019a pas encore confirm\u00e9 une Ioniq 6 N, mais une entr\u00e9e en sc\u00e8ne en 2025 en tant que mod\u00e8le 2026 est probable si le v\u00e9hicule entre en production.<\/p>\n<p>La division N de Hyundai est en feu, et elle n\u2019a pas fini de nous \u00e9tonner. Elle n\u2019aurait pas fini, non plus, de nous proposer des versions \u00e0 essence. Ces derni\u00e8res pourraient \u00eatre \u00e9lectrifi\u00e9es, cependant. Hyundai a d\u00e9clar\u00e9 en ao\u00fbt que de nouveaux groupes motopropulseurs hybrides \u00e9taient en pr\u00e9paration, et que certains pourraient \u00eatre utilis\u00e9s avec un v\u00e9hicule portant la lettre N.<\/p>\n<p><\/p>\n<figure><img decoding=\"async\" src=\"https:\/\/news.canadamotorjobs.com\/wp-content\/uploads\/2024\/09\/hyundai-ioniq-6-2023_89-1.jpg\" alt=\"La Hyundai Ioniq 6, arri\u00e8re\" \/><figcaption>La Hyundai Ioniq 6, arri\u00e8re | Auto123.com<\/figcaption><\/figure>\n<p style=\"padding-top: 15px\">Contenu original de <a href=\"https:\/\/www.auto123.com\/fr\/actualites\/hyundai-ioniq-6-n-performance\/71817\/\">auto123<\/a>.<\/p>\n<p>Le texte <a rel=\"nofollow\" href=\"https:\/\/annuelauto.ca\/la-future-hyundai-ioniq-6-n-a-lessai\/\">La future Hyundai Ioniq 6 N \u00e0 l\u2019essai<\/a> provient de <a rel=\"nofollow\" href=\"https:\/\/annuelauto.ca\">L&#8217;annuel de l&#8217;automobile &#8211; Actualit\u00e9 automobile<\/a><\/p>\n<p><\/p>\n","protected":false},"excerpt":{"rendered":"<p>La division N chez Hyundai est synonyme de performance. On a vu \u00e0 quel point elle \u00e9tait capable de nous en mettre plein la vue avec les premiers mod\u00e8les \u00e0 essence qu\u2019elle a propos\u00e9e, nomm\u00e9ment les Veloster N, Kona N et Elantra N. Elle nous a aussi montr\u00e9 de quel bois elle pouvait se chauffer [&hellip;]<\/p>\n","protected":false},"author":8,"featured_media":172502,"comment_status":"close","ping_status":"closed","sticky":false,"template":"","format":"standard","meta":{"_monsterinsights_skip_tracking":false,"_monsterinsights_sitenote_active":false,"_monsterinsights_sitenote_note":"","_monsterinsights_sitenote_category":0,"footnotes":""},"categories":[101],"tags":[],"yoast_head":"<!-- This site is optimized with the Yoast SEO plugin v23.2 - https:\/\/yoast.com\/wordpress\/plugins\/seo\/ -->\n<title>La future Hyundai Ioniq 6 N \u00e0 l\u2019essai - CanadaMotorJobs.com<\/title>\n<meta name=\"description\" content=\"La future Hyundai Ioniq 6 N \u00e0 l\u2019essai - Benoit Charette - Annuel automobile - CanadaMotorJobs.com.\" \/>\n<meta name=\"robots\" content=\"index, follow, max-snippet:-1, max-image-preview:large, max-video-preview:-1\" \/>\n<meta property=\"og:locale\" content=\"fr_CA\" \/>\n<meta property=\"og:type\" content=\"article\" \/>\n<meta property=\"og:title\" content=\"La future Hyundai Ioniq 6 N \u00e0 l\u2019essai - CanadaMotorJobs.com\" \/>\n<meta property=\"og:description\" content=\"La future Hyundai Ioniq 6 N \u00e0 l\u2019essai - Benoit Charette - Annuel automobile - CanadaMotorJobs.com.\" \/>\n<meta property=\"og:url\" content=\"https:\/\/news.canadamotorjobs.com\/fr\/la-future-hyundai-ioniq-6-n-a-lessai\/\" \/>\n<meta property=\"og:site_name\" content=\"CanadaMotorJobs.com\" \/>\n<meta property=\"article:publisher\" content=\"https:\/\/www.facebook.com\/canadamotorjobs\/\" \/>\n<meta property=\"article:published_time\" content=\"2024-09-11T19:28:11+00:00\" \/>\n<meta property=\"article:modified_time\" content=\"2024-09-11T19:29:50+00:00\" \/>\n<meta property=\"og:image\" content=\"https:\/\/news.canadamotorjobs.com\/wp-content\/uploads\/2024\/09\/PXL_20240909_143321715-1.jpg\" \/>\n\t<meta property=\"og:image:width\" content=\"1200\" \/>\n\t<meta property=\"og:image:height\" content=\"801\" \/>\n\t<meta property=\"og:image:type\" content=\"image\/jpeg\" \/>\n<meta name=\"author\" content=\"Benoit Charette\" \/>\n<meta name=\"twitter:card\" content=\"summary_large_image\" \/>\n<meta name=\"twitter:creator\" content=\"@canadamotorjobs\" \/>\n<meta name=\"twitter:site\" content=\"@canadamotorjobs\" \/>\n<meta name=\"twitter:label1\" content=\"\u00c9crit par\" \/>\n\t<meta name=\"twitter:data1\" content=\"Benoit Charette\" \/>\n\t<meta name=\"twitter:label2\" content=\"Estimation du temps de lecture\" \/>\n\t<meta name=\"twitter:data2\" content=\"3 minutes\" \/>\n<!-- \/ Yoast SEO plugin. -->","yoast_head_json":{"title":"La future Hyundai Ioniq 6 N \u00e0 l\u2019essai - CanadaMotorJobs.com","description":"La future Hyundai Ioniq 6 N \u00e0 l\u2019essai - Benoit Charette - Annuel automobile - CanadaMotorJobs.com.","robots":{"index":"index","follow":"follow","max-snippet":"max-snippet:-1","max-image-preview":"max-image-preview:large","max-video-preview":"max-video-preview:-1"},"og_locale":"fr_CA","og_type":"article","og_title":"La future Hyundai Ioniq 6 N \u00e0 l\u2019essai - CanadaMotorJobs.com","og_description":"La future Hyundai Ioniq 6 N \u00e0 l\u2019essai - Benoit Charette - Annuel automobile - CanadaMotorJobs.com.","og_url":"https:\/\/news.canadamotorjobs.com\/fr\/la-future-hyundai-ioniq-6-n-a-lessai\/","og_site_name":"CanadaMotorJobs.com","article_publisher":"https:\/\/www.facebook.com\/canadamotorjobs\/","article_published_time":"2024-09-11T19:28:11+00:00","article_modified_time":"2024-09-11T19:29:50+00:00","og_image":[{"width":1200,"height":801,"url":"https:\/\/news.canadamotorjobs.com\/wp-content\/uploads\/2024\/09\/PXL_20240909_143321715-1.jpg","type":"image\/jpeg"}],"author":"Benoit Charette","twitter_card":"summary_large_image","twitter_creator":"@canadamotorjobs","twitter_site":"@canadamotorjobs","twitter_misc":{"\u00c9crit par":"Benoit Charette","Estimation du temps de lecture":"3 minutes"},"schema":{"@context":"https:\/\/schema.org","@graph":[{"@type":"Article","@id":"https:\/\/news.canadamotorjobs.com\/fr\/la-future-hyundai-ioniq-6-n-a-lessai\/#article","isPartOf":{"@id":"https:\/\/news.canadamotorjobs.com\/fr\/la-future-hyundai-ioniq-6-n-a-lessai\/"},"author":{"name":"Benoit Charette","@id":"https:\/\/news.canadamotorjobs.com\/#\/schema\/person\/51793d1f87d44011d7bcc2ed99269a90"},"headline":"La future Hyundai Ioniq 6 N \u00e0 l\u2019essai","datePublished":"2024-09-11T19:28:11+00:00","dateModified":"2024-09-11T19:29:50+00:00","mainEntityOfPage":{"@id":"https:\/\/news.canadamotorjobs.com\/fr\/la-future-hyundai-ioniq-6-n-a-lessai\/"},"wordCount":579,"publisher":{"@id":"https:\/\/news.canadamotorjobs.com\/#organization"},"image":{"@id":"https:\/\/news.canadamotorjobs.com\/fr\/la-future-hyundai-ioniq-6-n-a-lessai\/#primaryimage"},"thumbnailUrl":"https:\/\/news.canadamotorjobs.com\/wp-content\/uploads\/2024\/09\/PXL_20240909_143321715-1.jpg","articleSection":["Annuel automobile"],"inLanguage":"fr-CA"},{"@type":"WebPage","@id":"https:\/\/news.canadamotorjobs.com\/fr\/la-future-hyundai-ioniq-6-n-a-lessai\/","url":"https:\/\/news.canadamotorjobs.com\/fr\/la-future-hyundai-ioniq-6-n-a-lessai\/","name":"La future Hyundai Ioniq 6 N \u00e0 l\u2019essai - CanadaMotorJobs.com","isPartOf":{"@id":"https:\/\/news.canadamotorjobs.com\/#website"},"primaryImageOfPage":{"@id":"https:\/\/news.canadamotorjobs.com\/fr\/la-future-hyundai-ioniq-6-n-a-lessai\/#primaryimage"},"image":{"@id":"https:\/\/news.canadamotorjobs.com\/fr\/la-future-hyundai-ioniq-6-n-a-lessai\/#primaryimage"},"thumbnailUrl":"https:\/\/news.canadamotorjobs.com\/wp-content\/uploads\/2024\/09\/PXL_20240909_143321715-1.jpg","datePublished":"2024-09-11T19:28:11+00:00","dateModified":"2024-09-11T19:29:50+00:00","description":"La future Hyundai Ioniq 6 N \u00e0 l\u2019essai - Benoit Charette - Annuel automobile - CanadaMotorJobs.com.","breadcrumb":{"@id":"https:\/\/news.canadamotorjobs.com\/fr\/la-future-hyundai-ioniq-6-n-a-lessai\/#breadcrumb"},"inLanguage":"fr-CA","potentialAction":[{"@type":"ReadAction","target":["https:\/\/news.canadamotorjobs.com\/fr\/la-future-hyundai-ioniq-6-n-a-lessai\/"]}]},{"@type":"ImageObject","inLanguage":"fr-CA","@id":"https:\/\/news.canadamotorjobs.com\/fr\/la-future-hyundai-ioniq-6-n-a-lessai\/#primaryimage","url":"https:\/\/news.canadamotorjobs.com\/wp-content\/uploads\/2024\/09\/PXL_20240909_143321715-1.jpg","contentUrl":"https:\/\/news.canadamotorjobs.com\/wp-content\/uploads\/2024\/09\/PXL_20240909_143321715-1.jpg","width":1200,"height":801},{"@type":"BreadcrumbList","@id":"https:\/\/news.canadamotorjobs.com\/fr\/la-future-hyundai-ioniq-6-n-a-lessai\/#breadcrumb","itemListElement":[{"@type":"ListItem","position":1,"name":"Home","item":"https:\/\/news.canadamotorjobs.com\/fr\/blog\/"},{"@type":"ListItem","position":2,"name":"La future Hyundai Ioniq 6 N \u00e0 l\u2019essai"}]},{"@type":"WebSite","@id":"https:\/\/news.canadamotorjobs.com\/#website","url":"https:\/\/news.canadamotorjobs.com\/","name":"CanadaMotorJobs.com","description":"Automotive Jobs","publisher":{"@id":"https:\/\/news.canadamotorjobs.com\/#organization"},"potentialAction":[{"@type":"SearchAction","target":{"@type":"EntryPoint","urlTemplate":"https:\/\/news.canadamotorjobs.com\/?s={search_term_string}"},"query-input":"required name=search_term_string"}],"inLanguage":"fr-CA"},{"@type":"Organization","@id":"https:\/\/news.canadamotorjobs.com\/#organization","name":"Canada Motor Jobs","url":"https:\/\/news.canadamotorjobs.com\/","logo":{"@type":"ImageObject","inLanguage":"fr-CA","@id":"https:\/\/news.canadamotorjobs.com\/#\/schema\/logo\/image\/","url":"https:\/\/news.canadamotorjobs.com\/wp-content\/uploads\/2022\/10\/logo-canada-motor-jobs-1.png","contentUrl":"https:\/\/news.canadamotorjobs.com\/wp-content\/uploads\/2022\/10\/logo-canada-motor-jobs-1.png","width":800,"height":400,"caption":"Canada Motor Jobs"},"image":{"@id":"https:\/\/news.canadamotorjobs.com\/#\/schema\/logo\/image\/"},"sameAs":["https:\/\/www.facebook.com\/canadamotorjobs\/","https:\/\/x.com\/canadamotorjobs","https:\/\/www.instagram.com\/canadamotorjobs\/","https:\/\/www.linkedin.com\/company\/canadamotorjobs"]},{"@type":"Person","@id":"https:\/\/news.canadamotorjobs.com\/#\/schema\/person\/51793d1f87d44011d7bcc2ed99269a90","name":"Benoit Charette","image":{"@type":"ImageObject","inLanguage":"fr-CA","@id":"https:\/\/news.canadamotorjobs.com\/#\/schema\/person\/image\/","url":"https:\/\/secure.gravatar.com\/avatar\/45f3d2eebcccd909668d7ce7ea7267b6?s=96&d=mm&r=g","contentUrl":"https:\/\/secure.gravatar.com\/avatar\/45f3d2eebcccd909668d7ce7ea7267b6?s=96&d=mm&r=g","caption":"Benoit Charette"},"description":"Benoit Charette \/ Propri\u00e9taire et r\u00e9dacteur en chef Benoit Charette pratique le journalisme automobile depuis bient\u00f4t 30 ans. Il a fait ses classes au c\u00f4t\u00e9 de Daniel H\u00e9raud et au Carnet de route de 1992 \u00e0 2001. Il est fondateur, copropri\u00e9taire et r\u00e9dacteur en chef de L\u2019Annuel de l\u2019automobile, qu\u2019il publie depuis 2001. Il a anim\u00e9 les \u00e9missions RPM et RPM+ sur V et les L\u00e9gendes de la route sur Historia. \u00c0 la radio depuis 1986, il reprend l\u2019antenne cette ann\u00e9e sur les ondes de Cogeco et participe pour la deuxi\u00e8me ann\u00e9e \u00e0 l\u2019\u00e9mission Passion Auto sur RDS en plus de mettre en ligne le site Web officiel de L\u2019Annuel de l\u2019automobile sur annuelauto.ca.","sameAs":["https:\/\/annuelauto.ca\/"],"url":"https:\/\/news.canadamotorjobs.com\/fr\/author\/benoit-charette\/"}]}},"_links":{"self":[{"href":"https:\/\/news.canadamotorjobs.com\/fr\/wp-json\/wp\/v2\/posts\/172500"}],"collection":[{"href":"https:\/\/news.canadamotorjobs.com\/fr\/wp-json\/wp\/v2\/posts"}],"about":[{"href":"https:\/\/news.canadamotorjobs.com\/fr\/wp-json\/wp\/v2\/types\/post"}],"author":[{"embeddable":true,"href":"https:\/\/news.canadamotorjobs.com\/fr\/wp-json\/wp\/v2\/users\/8"}],"replies":[{"embeddable":true,"href":"https:\/\/news.canadamotorjobs.com\/fr\/wp-json\/wp\/v2\/comments?post=172500"}],"version-history":[{"count":3,"href":"https:\/\/news.canadamotorjobs.com\/fr\/wp-json\/wp\/v2\/posts\/172500\/revisions"}],"predecessor-version":[{"id":172531,"href":"https:\/\/news.canadamotorjobs.com\/fr\/wp-json\/wp\/v2\/posts\/172500\/revisions\/172531"}],"wp:featuredmedia":[{"embeddable":true,"href":"https:\/\/news.canadamotorjobs.com\/fr\/wp-json\/wp\/v2\/media\/172502"}],"wp:attachment":[{"href":"https:\/\/news.canadamotorjobs.com\/fr\/wp-json\/wp\/v2\/media?parent=172500"}],"wp:term":[{"taxonomy":"category","embeddable":true,"href":"https:\/\/news.canadamotorjobs.com\/fr\/wp-json\/wp\/v2\/categories?post=172500"},{"taxonomy":"post_tag","embeddable":true,"href":"https:\/\/news.canadamotorjobs.com\/fr\/wp-json\/wp\/v2\/tags?post=172500"}],"curies":[{"name":"wp","href":"https:\/\/api.w.org\/{rel}","templated":true}]}}