{"id":172412,"date":"2024-09-11T15:28:11","date_gmt":"2024-09-11T19:28:11","guid":{"rendered":"https:\/\/news.canadamotorjobs.com\/?p=172412"},"modified":"2024-09-11T15:29:23","modified_gmt":"2024-09-11T19:29:23","slug":"lamborghini-celebre-les-50-ans-de-la-countach","status":"publish","type":"post","link":"https:\/\/news.canadamotorjobs.com\/fr\/lamborghini-celebre-les-50-ans-de-la-countach\/","title":{"rendered":"Lamborghini c\u00e9l\u00e8bre les 50 ans de la Countach"},"content":{"rendered":"<\/p>\n<p>On dit souvent que le temps passe vite, mais il n\u2019y a rien de tel que le rappel d\u2019un anniversaire important pour nous le souligner. Lamborghini nous le rem\u00e9more cette semaine avec une petite mise en sc\u00e8ne nous faisant voir une image de la premi\u00e8re Countach produite il y a 50 ans.<\/p>\n<p>En fait, la compagnie a ramen\u00e9 ce premier exemplaire \u00e0 la m\u00eame usine et ligne de production o\u00f9 il a \u00e9t\u00e9 con\u00e7u, soit au plan toujours actif de Sant\u2019Agata Bolognese, en Italie.<\/p>\n<p><\/p>\n<figure><img decoding=\"async\" src=\"https:\/\/news.canadamotorjobs.com\/wp-content\/uploads\/2024\/09\/lamborghini-countach-50-years-004-2.jpg\" alt=\"La Lamborghini Countach LP 400 1974, \u00e0 son usine d&#039;origine\" \/><figcaption>La Lamborghini Countach LP 400 1974, \u00e0 son usine d&#8217;origine | Auto123.com<\/figcaption><\/figure>\n<figure><img decoding=\"async\" src=\"https:\/\/news.canadamotorjobs.com\/wp-content\/uploads\/2024\/09\/lamborghini-countach-50-years-005a-1.jpg\" alt=\"La Lamborghini Countach LP 400 1974, avec la nouvelle Lamborghinni Revuelto\" \/><figcaption>La Lamborghini Countach LP 400 1974, avec la nouvelle Lamborghinni Revuelto | Auto123.com<\/figcaption><\/figure>\n<p>La production du mod\u00e8le avait \u00e9t\u00e9 lanc\u00e9e en mars 1974, plus pr\u00e9cis\u00e9ment. La Countach allait marquer une g\u00e9n\u00e9ration, elle qui allait \u00eatre produite pendant 16 ans. Qui, dans les ann\u00e9es 80, n\u2019a pas eu une affiche de cette voiture bien en vue dans sa chambre ou dans son garage ? Le mod\u00e8le faisait r\u00eaver avec ses lignes futuristes.<\/p>\n<p>M\u00eame 50 ans plus tard, on a l\u2019impression d\u2019admirer un v\u00e9hicule futuriste.<\/p>\n<p>En tout, quelque 2000 exemplaires seulement ont \u00e9t\u00e9 assembl\u00e9s en l\u2019espace d\u2019une d\u00e9cennie et demie.<\/p>\n<p><\/p>\n<figure><img decoding=\"async\" src=\"https:\/\/news.canadamotorjobs.com\/wp-content\/uploads\/2024\/09\/lamborghini-countach-50-years-001-1.jpg\" alt=\"Production de la Countach de Lamborghini, dans les ann\u00e9es 70\" \/><figcaption>Production de la Countach de Lamborghini, dans les ann\u00e9es 70 | Auto123.com<\/figcaption><\/figure>\n<figure><img decoding=\"async\" src=\"https:\/\/news.canadamotorjobs.com\/wp-content\/uploads\/2024\/09\/lamborghini-countach-50-years-007-1.jpg\" alt=\"Production de la Countach de Lamborghini, dans les ann\u00e9es 70\" \/><figcaption>Production de la Countach de Lamborghini, dans les ann\u00e9es 70 | Auto123.com<\/figcaption><\/figure>\n<figure><img decoding=\"async\" src=\"https:\/\/news.canadamotorjobs.com\/wp-content\/uploads\/2024\/09\/lamborghini-countach-50-years-010-1.jpg\" alt=\"Production de la Countach de Lamborghini, dans les ann\u00e9es 70\" \/><figcaption>Production de la Countach de Lamborghini, dans les ann\u00e9es 70 | Auto123.com<\/figcaption><\/figure>\n<figure><img decoding=\"async\" src=\"https:\/\/news.canadamotorjobs.com\/wp-content\/uploads\/2024\/09\/lamborghini-countach-50-years-008-1.jpg\" alt=\"Production de la Countach de Lamborghini, dans les ann\u00e9es 70\" \/><figcaption>Production de la Countach de Lamborghini, dans les ann\u00e9es 70 | Auto123.com<\/figcaption><\/figure>\n<p>Lamborghini a \u00e9galement publi\u00e9 des photos d\u2019\u00e9poque de la ligne de production de la Countach au fil des ans, ce qui nous permet de voir des versions LP 500 et LP 5000 en cours d\u2019assemblage. Ces derniers repr\u00e9sentent la grande majorit\u00e9 de la production totale de la Countach.<\/p>\n<p>D\u2019ailleurs, nous vous invitons \u00e0 prendre le temps d\u2019admirer les photos partag\u00e9es par Lamborghini. Elles nous font voir \u00e0 quel point les proc\u00e9d\u00e9s de fabrication ont \u00e9volu\u00e9 en 40-50 ans.<\/p>\n<p>Lamborghini a m\u00eame pris le temps d\u2019organiser une s\u00e9ance photo avec une Revuelto, son mod\u00e8le phare actuel. Un lien existe entre les deux bolides, soit le fait qu\u2019ils soient anim\u00e9s par une m\u00e9canique \u00e0 12 cylindres.<\/p>\n<p>\u00ab Nous sommes fiers de continuer \u00e0 produire nos sportives \u00e0 l\u2019endroit o\u00f9 la Countach a \u00e9t\u00e9 cr\u00e9\u00e9e \u00bb, a d\u00e9clar\u00e9 Ranieri Niccoli, le directeur de la production chez Lamborghini.<\/p>\n<p><\/p>\n<figure><img decoding=\"async\" src=\"https:\/\/news.canadamotorjobs.com\/wp-content\/uploads\/2024\/09\/lamborghini-countach-50-years-006-1.jpg\" alt=\"La Lamborghini Countach LP 400 1974, de profil\" \/><figcaption>La Lamborghini Countach LP 400 1974, de profil | Auto123.com<\/figcaption><\/figure>\n<figure><img decoding=\"async\" src=\"https:\/\/news.canadamotorjobs.com\/wp-content\/uploads\/2024\/09\/lamborghini-countach-50-years-003-1.jpg\" alt=\"La Lamborghini Countach LP 400 1974, portes ouvertes\" \/><figcaption>La Lamborghini Countach LP 400 1974, portes ouvertes | Auto123.com<\/figcaption><\/figure>\n<p style=\"padding-top: 15px\">Contenu original de <a href=\"https:\/\/www.auto123.com\/fr\/actualites\/lamborghini-50-ans-countach\/71815\/\">auto123<\/a>.<\/p>\n<p>Le texte <a rel=\"nofollow\" href=\"https:\/\/annuelauto.ca\/lamborghini-celebre-les-50-ans-de-la-countach\/\">Lamborghini c\u00e9l\u00e8bre les 50 ans de la Countach<\/a> provient de <a rel=\"nofollow\" href=\"https:\/\/annuelauto.ca\">L&#8217;annuel de l&#8217;automobile &#8211; Actualit\u00e9 automobile<\/a><\/p>\n<p><\/p>\n","protected":false},"excerpt":{"rendered":"<p>On dit souvent que le temps passe vite, mais il n\u2019y a rien de tel que le rappel d\u2019un anniversaire important pour nous le souligner. Lamborghini nous le rem\u00e9more cette semaine avec une petite mise en sc\u00e8ne nous faisant voir une image de la premi\u00e8re Countach produite il y a 50 ans. En fait, la [&hellip;]<\/p>\n","protected":false},"author":8,"featured_media":172414,"comment_status":"close","ping_status":"closed","sticky":false,"template":"","format":"standard","meta":{"_monsterinsights_skip_tracking":false,"_monsterinsights_sitenote_active":false,"_monsterinsights_sitenote_note":"","_monsterinsights_sitenote_category":0,"footnotes":""},"categories":[101],"tags":[],"yoast_head":"<!-- This site is optimized with the Yoast SEO plugin v23.2 - https:\/\/yoast.com\/wordpress\/plugins\/seo\/ -->\n<title>Lamborghini c\u00e9l\u00e8bre les 50 ans de la Countach - CanadaMotorJobs.com<\/title>\n<meta name=\"description\" content=\"Lamborghini c\u00e9l\u00e8bre les 50 ans de la Countach - Benoit Charette - Annuel automobile - CanadaMotorJobs.com.\" \/>\n<meta name=\"robots\" content=\"index, follow, max-snippet:-1, max-image-preview:large, max-video-preview:-1\" \/>\n<meta property=\"og:locale\" content=\"fr_CA\" \/>\n<meta property=\"og:type\" content=\"article\" \/>\n<meta property=\"og:title\" content=\"Lamborghini c\u00e9l\u00e8bre les 50 ans de la Countach - CanadaMotorJobs.com\" \/>\n<meta property=\"og:description\" content=\"Lamborghini c\u00e9l\u00e8bre les 50 ans de la Countach - Benoit Charette - Annuel automobile - CanadaMotorJobs.com.\" \/>\n<meta property=\"og:url\" content=\"https:\/\/news.canadamotorjobs.com\/fr\/lamborghini-celebre-les-50-ans-de-la-countach\/\" \/>\n<meta property=\"og:site_name\" content=\"CanadaMotorJobs.com\" \/>\n<meta property=\"article:publisher\" content=\"https:\/\/www.facebook.com\/canadamotorjobs\/\" \/>\n<meta property=\"article:published_time\" content=\"2024-09-11T19:28:11+00:00\" \/>\n<meta property=\"article:modified_time\" content=\"2024-09-11T19:29:23+00:00\" \/>\n<meta property=\"og:image\" content=\"https:\/\/news.canadamotorjobs.com\/wp-content\/uploads\/2024\/09\/lamborghini-countach-50-years-004-1.jpg\" \/>\n\t<meta property=\"og:image:width\" content=\"1200\" \/>\n\t<meta property=\"og:image:height\" content=\"675\" \/>\n\t<meta property=\"og:image:type\" content=\"image\/jpeg\" \/>\n<meta name=\"author\" content=\"Benoit Charette\" \/>\n<meta name=\"twitter:card\" content=\"summary_large_image\" \/>\n<meta name=\"twitter:creator\" content=\"@canadamotorjobs\" \/>\n<meta name=\"twitter:site\" content=\"@canadamotorjobs\" \/>\n<meta name=\"twitter:label1\" content=\"\u00c9crit par\" \/>\n\t<meta name=\"twitter:data1\" content=\"Benoit Charette\" \/>\n\t<meta name=\"twitter:label2\" content=\"Estimation du temps de lecture\" \/>\n\t<meta name=\"twitter:data2\" content=\"2 minutes\" \/>\n<!-- \/ Yoast SEO plugin. -->","yoast_head_json":{"title":"Lamborghini c\u00e9l\u00e8bre les 50 ans de la Countach - CanadaMotorJobs.com","description":"Lamborghini c\u00e9l\u00e8bre les 50 ans de la Countach - Benoit Charette - Annuel automobile - CanadaMotorJobs.com.","robots":{"index":"index","follow":"follow","max-snippet":"max-snippet:-1","max-image-preview":"max-image-preview:large","max-video-preview":"max-video-preview:-1"},"og_locale":"fr_CA","og_type":"article","og_title":"Lamborghini c\u00e9l\u00e8bre les 50 ans de la Countach - CanadaMotorJobs.com","og_description":"Lamborghini c\u00e9l\u00e8bre les 50 ans de la Countach - Benoit Charette - Annuel automobile - CanadaMotorJobs.com.","og_url":"https:\/\/news.canadamotorjobs.com\/fr\/lamborghini-celebre-les-50-ans-de-la-countach\/","og_site_name":"CanadaMotorJobs.com","article_publisher":"https:\/\/www.facebook.com\/canadamotorjobs\/","article_published_time":"2024-09-11T19:28:11+00:00","article_modified_time":"2024-09-11T19:29:23+00:00","og_image":[{"width":1200,"height":675,"url":"https:\/\/news.canadamotorjobs.com\/wp-content\/uploads\/2024\/09\/lamborghini-countach-50-years-004-1.jpg","type":"image\/jpeg"}],"author":"Benoit Charette","twitter_card":"summary_large_image","twitter_creator":"@canadamotorjobs","twitter_site":"@canadamotorjobs","twitter_misc":{"\u00c9crit par":"Benoit Charette","Estimation du temps de lecture":"2 minutes"},"schema":{"@context":"https:\/\/schema.org","@graph":[{"@type":"Article","@id":"https:\/\/news.canadamotorjobs.com\/fr\/lamborghini-celebre-les-50-ans-de-la-countach\/#article","isPartOf":{"@id":"https:\/\/news.canadamotorjobs.com\/fr\/lamborghini-celebre-les-50-ans-de-la-countach\/"},"author":{"name":"Benoit Charette","@id":"https:\/\/news.canadamotorjobs.com\/#\/schema\/person\/51793d1f87d44011d7bcc2ed99269a90"},"headline":"Lamborghini c\u00e9l\u00e8bre les 50 ans de la Countach","datePublished":"2024-09-11T19:28:11+00:00","dateModified":"2024-09-11T19:29:23+00:00","mainEntityOfPage":{"@id":"https:\/\/news.canadamotorjobs.com\/fr\/lamborghini-celebre-les-50-ans-de-la-countach\/"},"wordCount":458,"publisher":{"@id":"https:\/\/news.canadamotorjobs.com\/#organization"},"image":{"@id":"https:\/\/news.canadamotorjobs.com\/fr\/lamborghini-celebre-les-50-ans-de-la-countach\/#primaryimage"},"thumbnailUrl":"https:\/\/news.canadamotorjobs.com\/wp-content\/uploads\/2024\/09\/lamborghini-countach-50-years-004-1.jpg","articleSection":["Annuel automobile"],"inLanguage":"fr-CA"},{"@type":"WebPage","@id":"https:\/\/news.canadamotorjobs.com\/fr\/lamborghini-celebre-les-50-ans-de-la-countach\/","url":"https:\/\/news.canadamotorjobs.com\/fr\/lamborghini-celebre-les-50-ans-de-la-countach\/","name":"Lamborghini c\u00e9l\u00e8bre les 50 ans de la Countach - CanadaMotorJobs.com","isPartOf":{"@id":"https:\/\/news.canadamotorjobs.com\/#website"},"primaryImageOfPage":{"@id":"https:\/\/news.canadamotorjobs.com\/fr\/lamborghini-celebre-les-50-ans-de-la-countach\/#primaryimage"},"image":{"@id":"https:\/\/news.canadamotorjobs.com\/fr\/lamborghini-celebre-les-50-ans-de-la-countach\/#primaryimage"},"thumbnailUrl":"https:\/\/news.canadamotorjobs.com\/wp-content\/uploads\/2024\/09\/lamborghini-countach-50-years-004-1.jpg","datePublished":"2024-09-11T19:28:11+00:00","dateModified":"2024-09-11T19:29:23+00:00","description":"Lamborghini c\u00e9l\u00e8bre les 50 ans de la Countach - Benoit Charette - Annuel automobile - CanadaMotorJobs.com.","breadcrumb":{"@id":"https:\/\/news.canadamotorjobs.com\/fr\/lamborghini-celebre-les-50-ans-de-la-countach\/#breadcrumb"},"inLanguage":"fr-CA","potentialAction":[{"@type":"ReadAction","target":["https:\/\/news.canadamotorjobs.com\/fr\/lamborghini-celebre-les-50-ans-de-la-countach\/"]}]},{"@type":"ImageObject","inLanguage":"fr-CA","@id":"https:\/\/news.canadamotorjobs.com\/fr\/lamborghini-celebre-les-50-ans-de-la-countach\/#primaryimage","url":"https:\/\/news.canadamotorjobs.com\/wp-content\/uploads\/2024\/09\/lamborghini-countach-50-years-004-1.jpg","contentUrl":"https:\/\/news.canadamotorjobs.com\/wp-content\/uploads\/2024\/09\/lamborghini-countach-50-years-004-1.jpg","width":1200,"height":675},{"@type":"BreadcrumbList","@id":"https:\/\/news.canadamotorjobs.com\/fr\/lamborghini-celebre-les-50-ans-de-la-countach\/#breadcrumb","itemListElement":[{"@type":"ListItem","position":1,"name":"Home","item":"https:\/\/news.canadamotorjobs.com\/fr\/blog\/"},{"@type":"ListItem","position":2,"name":"Lamborghini c\u00e9l\u00e8bre les 50 ans de la Countach"}]},{"@type":"WebSite","@id":"https:\/\/news.canadamotorjobs.com\/#website","url":"https:\/\/news.canadamotorjobs.com\/","name":"CanadaMotorJobs.com","description":"Automotive Jobs","publisher":{"@id":"https:\/\/news.canadamotorjobs.com\/#organization"},"potentialAction":[{"@type":"SearchAction","target":{"@type":"EntryPoint","urlTemplate":"https:\/\/news.canadamotorjobs.com\/?s={search_term_string}"},"query-input":"required name=search_term_string"}],"inLanguage":"fr-CA"},{"@type":"Organization","@id":"https:\/\/news.canadamotorjobs.com\/#organization","name":"Canada Motor Jobs","url":"https:\/\/news.canadamotorjobs.com\/","logo":{"@type":"ImageObject","inLanguage":"fr-CA","@id":"https:\/\/news.canadamotorjobs.com\/#\/schema\/logo\/image\/","url":"https:\/\/news.canadamotorjobs.com\/wp-content\/uploads\/2022\/10\/logo-canada-motor-jobs-1.png","contentUrl":"https:\/\/news.canadamotorjobs.com\/wp-content\/uploads\/2022\/10\/logo-canada-motor-jobs-1.png","width":800,"height":400,"caption":"Canada Motor Jobs"},"image":{"@id":"https:\/\/news.canadamotorjobs.com\/#\/schema\/logo\/image\/"},"sameAs":["https:\/\/www.facebook.com\/canadamotorjobs\/","https:\/\/x.com\/canadamotorjobs","https:\/\/www.instagram.com\/canadamotorjobs\/","https:\/\/www.linkedin.com\/company\/canadamotorjobs"]},{"@type":"Person","@id":"https:\/\/news.canadamotorjobs.com\/#\/schema\/person\/51793d1f87d44011d7bcc2ed99269a90","name":"Benoit Charette","image":{"@type":"ImageObject","inLanguage":"fr-CA","@id":"https:\/\/news.canadamotorjobs.com\/#\/schema\/person\/image\/","url":"https:\/\/secure.gravatar.com\/avatar\/45f3d2eebcccd909668d7ce7ea7267b6?s=96&d=mm&r=g","contentUrl":"https:\/\/secure.gravatar.com\/avatar\/45f3d2eebcccd909668d7ce7ea7267b6?s=96&d=mm&r=g","caption":"Benoit Charette"},"description":"Benoit Charette \/ Propri\u00e9taire et r\u00e9dacteur en chef Benoit Charette pratique le journalisme automobile depuis bient\u00f4t 30 ans. Il a fait ses classes au c\u00f4t\u00e9 de Daniel H\u00e9raud et au Carnet de route de 1992 \u00e0 2001. Il est fondateur, copropri\u00e9taire et r\u00e9dacteur en chef de L\u2019Annuel de l\u2019automobile, qu\u2019il publie depuis 2001. Il a anim\u00e9 les \u00e9missions RPM et RPM+ sur V et les L\u00e9gendes de la route sur Historia. \u00c0 la radio depuis 1986, il reprend l\u2019antenne cette ann\u00e9e sur les ondes de Cogeco et participe pour la deuxi\u00e8me ann\u00e9e \u00e0 l\u2019\u00e9mission Passion Auto sur RDS en plus de mettre en ligne le site Web officiel de L\u2019Annuel de l\u2019automobile sur annuelauto.ca.","sameAs":["https:\/\/annuelauto.ca\/"],"url":"https:\/\/news.canadamotorjobs.com\/fr\/author\/benoit-charette\/"}]}},"_links":{"self":[{"href":"https:\/\/news.canadamotorjobs.com\/fr\/wp-json\/wp\/v2\/posts\/172412"}],"collection":[{"href":"https:\/\/news.canadamotorjobs.com\/fr\/wp-json\/wp\/v2\/posts"}],"about":[{"href":"https:\/\/news.canadamotorjobs.com\/fr\/wp-json\/wp\/v2\/types\/post"}],"author":[{"embeddable":true,"href":"https:\/\/news.canadamotorjobs.com\/fr\/wp-json\/wp\/v2\/users\/8"}],"replies":[{"embeddable":true,"href":"https:\/\/news.canadamotorjobs.com\/fr\/wp-json\/wp\/v2\/comments?post=172412"}],"version-history":[{"count":3,"href":"https:\/\/news.canadamotorjobs.com\/fr\/wp-json\/wp\/v2\/posts\/172412\/revisions"}],"predecessor-version":[{"id":172467,"href":"https:\/\/news.canadamotorjobs.com\/fr\/wp-json\/wp\/v2\/posts\/172412\/revisions\/172467"}],"wp:featuredmedia":[{"embeddable":true,"href":"https:\/\/news.canadamotorjobs.com\/fr\/wp-json\/wp\/v2\/media\/172414"}],"wp:attachment":[{"href":"https:\/\/news.canadamotorjobs.com\/fr\/wp-json\/wp\/v2\/media?parent=172412"}],"wp:term":[{"taxonomy":"category","embeddable":true,"href":"https:\/\/news.canadamotorjobs.com\/fr\/wp-json\/wp\/v2\/categories?post=172412"},{"taxonomy":"post_tag","embeddable":true,"href":"https:\/\/news.canadamotorjobs.com\/fr\/wp-json\/wp\/v2\/tags?post=172412"}],"curies":[{"name":"wp","href":"https:\/\/api.w.org\/{rel}","templated":true}]}}