{"id":172361,"date":"2024-09-11T08:39:09","date_gmt":"2024-09-11T12:39:09","guid":{"rendered":"https:\/\/news.canadamotorjobs.com\/?p=172361"},"modified":"2024-09-11T08:44:26","modified_gmt":"2024-09-11T12:44:26","slug":"volkswagen-envisage-des-licenciements-dans-six-usines-allemandes-des-juin-2025","status":"publish","type":"post","link":"https:\/\/news.canadamotorjobs.com\/fr\/volkswagen-envisage-des-licenciements-dans-six-usines-allemandes-des-juin-2025\/","title":{"rendered":"Volkswagen envisage des licenciements dans six usines allemandes d\u00e8s juin 2025"},"content":{"rendered":"<\/p>\n<p>Volkswagen se trouve \u00e0 un carrefour difficile. La diminution des ventes de voitures a laiss\u00e9 le constructeur avec environ deux usines de trop. En cons\u00e9quence, le constructeur automobile pr\u00e9voit d&#8217;abroger divers accords de travail, y compris une garantie d&#8217;emploi jusqu&#8217;en 2029 pour six de ses usines en Allemagne. Cette d\u00e9cision ouvre la voie \u00e0 des licenciements d\u00e8s l&#8217;ann\u00e9e prochaine, une perspective contre laquelle les repr\u00e9sentants des travailleurs ont promis de r\u00e9sister avec force.<\/p>\n<h3><strong>Annulation des accords de protection de l&#8217;emploi<\/strong><\/h3>\n<p>\nVolkswagen a annonc\u00e9 l&#8217;annulation de plusieurs accords li\u00e9s \u00e0 un pacte vieux de trois d\u00e9cennies, qui avait \u00e9t\u00e9 mis en place pour prot\u00e9ger les emplois jusqu&#8217;en 2029. Ces garanties de s\u00e9curit\u00e9 ont effectivement pris fin depuis peu.<\/p>\n<h3><strong>Contexte \u00e9conomique difficile pour VW<\/strong><\/h3>\n<p>\nLe principal objectif de Volkswagen est d\u2019augment\u00e9 sa marge b\u00e9n\u00e9ficiaire comprim\u00e9e par une transition rapide vers les v\u00e9hicules \u00e9lectriques (V\u00c9S) et un ralentissement des d\u00e9penses des consommateurs. Les constructeurs europ\u00e9ens et nord-am\u00e9ricain peinent \u00e9galement \u00e0 rivaliser avec Tesla et les nouveaux entrants chinois, dirig\u00e9s par BYD.<\/p>\n<h3><strong>Un processus de r\u00e9duction d&#8217;effectifs complexe<\/strong><\/h3>\n<p>\nLa mise en \u0153uvre des r\u00e9ductions chez VW est plus complexe que dans d&#8217;autres entreprises. En effet, la moiti\u00e9 des si\u00e8ges du conseil de surveillance de la soci\u00e9t\u00e9 sont occup\u00e9s par des repr\u00e9sentants syndicaux, et l&#8217;\u00c9tat allemand de Basse-Saxe, qui d\u00e9tient une participation de 20 %, prend souvent le parti des syndicats. L&#8217;automobile, qui emploie pr\u00e8s de 300 000 personnes en Allemagne, d\u00e9fend ses plans de fermeture d&#8217;usines en arguant que la baisse des ventes de voitures a conduit \u00e0 un exc\u00e9dent d&#8217;usines.<\/p>\n<h3><strong>R\u00e9actions des syndicats et alternatives propos\u00e9es<\/strong><\/h3>\n<p>\nThorsten Groeger, n\u00e9gociateur en chef du principal syndicat IG Metall, a averti que les plans de VW pourraient entra\u00eener des co\u00fbts suppl\u00e9mentaires non d\u00e9sir\u00e9s pour l&#8217;entreprise, proches de 1 milliard d&#8217;euros (1,5 milliard de dollars). La fin des garanties entra\u00eenerait des salaires plus \u00e9lev\u00e9s en vertu des accords collectifs ant\u00e9rieurs, a-t-il expliqu\u00e9 dans une d\u00e9claration distincte. Il est donc clair que le syndicat va fortement s\u2019opposer aux plans de Volkswagen.<\/p>\n<h3><strong>N\u00e9gociations salariales en avance<\/strong><\/h3>\n<p>\nPour contrer l&#8217;incertitude entourant les accords de travail, VW propose d&#8217;avancer les n\u00e9gociations salariales. Ces discussions \u00e9taient initialement pr\u00e9vues pour d\u00e9buter entre mi-octobre et fin octobre, avec la possibilit\u00e9 de gr\u00e8ves \u00e0 partir de fin novembre. Cependant, le comit\u00e9 d&#8217;entreprise a appel\u00e9 \u00e0 ce que les pourparlers commencent d\u00e8s ce mois-ci. Volkswagen est donc \u00e0 un tournant crucial, avec des tensions croissantes entre la direction et les syndicats sur l&#8217;avenir de l&#8217;emploi et les conditions de travail en Allemagne. La suite des \u00e9v\u00e9nements d\u00e9terminera si l&#8217;entreprise pourra naviguer \u00e0 travers ces turbulences tout en pr\u00e9servant sa position sur le march\u00e9 mondial.<\/p>\n<p>Avec des renseignements d\u2019Automotive News Europe<\/p>\n<p>Le texte <a rel=\"nofollow\" href=\"https:\/\/annuelauto.ca\/volkswagen-envisage-des-licenciements-dans-six-usines-allemandes-des-juin-2025\/\">Volkswagen envisage des licenciements dans six usines allemandes d\u00e8s juin 2025<\/a> provient de <a rel=\"nofollow\" href=\"https:\/\/annuelauto.ca\">L&#8217;annuel de l&#8217;automobile &#8211; Actualit\u00e9 automobile<\/a><\/p>\n<p><\/p>\n","protected":false},"excerpt":{"rendered":"<p>Volkswagen se trouve \u00e0 un carrefour difficile. La diminution des ventes de voitures a laiss\u00e9 le constructeur avec environ deux usines de trop. En cons\u00e9quence, le constructeur automobile pr\u00e9voit d&#8217;abroger divers accords de travail, y compris une garantie d&#8217;emploi jusqu&#8217;en 2029 pour six de ses usines en Allemagne. Cette d\u00e9cision ouvre la voie \u00e0 des [&hellip;]<\/p>\n","protected":false},"author":8,"featured_media":172363,"comment_status":"close","ping_status":"closed","sticky":false,"template":"","format":"standard","meta":{"_monsterinsights_skip_tracking":false,"_monsterinsights_sitenote_active":false,"_monsterinsights_sitenote_note":"","_monsterinsights_sitenote_category":0,"footnotes":""},"categories":[101],"tags":[],"yoast_head":"<!-- This site is optimized with the Yoast SEO plugin v23.2 - https:\/\/yoast.com\/wordpress\/plugins\/seo\/ -->\n<title>Volkswagen envisage des licenciements dans six usines allemandes d\u00e8s juin 2025 - CanadaMotorJobs.com<\/title>\n<meta name=\"description\" content=\"Volkswagen envisage des licenciements dans six usines allemandes d\u00e8s juin 2025 - Benoit Charette - Annuel automobile - CanadaMotorJobs.com.\" \/>\n<meta name=\"robots\" content=\"index, follow, max-snippet:-1, max-image-preview:large, max-video-preview:-1\" \/>\n<meta property=\"og:locale\" content=\"fr_CA\" \/>\n<meta property=\"og:type\" content=\"article\" \/>\n<meta property=\"og:title\" content=\"Volkswagen envisage des licenciements dans six usines allemandes d\u00e8s juin 2025 - CanadaMotorJobs.com\" \/>\n<meta property=\"og:description\" content=\"Volkswagen envisage des licenciements dans six usines allemandes d\u00e8s juin 2025 - Benoit Charette - Annuel automobile - CanadaMotorJobs.com.\" \/>\n<meta property=\"og:url\" content=\"https:\/\/news.canadamotorjobs.com\/fr\/volkswagen-envisage-des-licenciements-dans-six-usines-allemandes-des-juin-2025\/\" \/>\n<meta property=\"og:site_name\" content=\"CanadaMotorJobs.com\" \/>\n<meta property=\"article:publisher\" content=\"https:\/\/www.facebook.com\/canadamotorjobs\/\" \/>\n<meta property=\"article:published_time\" content=\"2024-09-11T12:39:09+00:00\" \/>\n<meta property=\"article:modified_time\" content=\"2024-09-11T12:44:26+00:00\" \/>\n<meta property=\"og:image\" content=\"https:\/\/news.canadamotorjobs.com\/wp-content\/uploads\/2024\/09\/1200px-VW_Wolfsburg.jpg\" \/>\n\t<meta property=\"og:image:width\" content=\"1200\" \/>\n\t<meta property=\"og:image:height\" content=\"900\" \/>\n\t<meta property=\"og:image:type\" content=\"image\/jpeg\" \/>\n<meta name=\"author\" content=\"Benoit Charette\" \/>\n<meta name=\"twitter:card\" content=\"summary_large_image\" \/>\n<meta name=\"twitter:creator\" content=\"@canadamotorjobs\" \/>\n<meta name=\"twitter:site\" content=\"@canadamotorjobs\" \/>\n<meta name=\"twitter:label1\" content=\"\u00c9crit par\" \/>\n\t<meta name=\"twitter:data1\" content=\"Benoit Charette\" \/>\n\t<meta name=\"twitter:label2\" content=\"Estimation du temps de lecture\" \/>\n\t<meta name=\"twitter:data2\" content=\"3 minutes\" \/>\n<!-- \/ Yoast SEO plugin. -->","yoast_head_json":{"title":"Volkswagen envisage des licenciements dans six usines allemandes d\u00e8s juin 2025 - CanadaMotorJobs.com","description":"Volkswagen envisage des licenciements dans six usines allemandes d\u00e8s juin 2025 - Benoit Charette - Annuel automobile - CanadaMotorJobs.com.","robots":{"index":"index","follow":"follow","max-snippet":"max-snippet:-1","max-image-preview":"max-image-preview:large","max-video-preview":"max-video-preview:-1"},"og_locale":"fr_CA","og_type":"article","og_title":"Volkswagen envisage des licenciements dans six usines allemandes d\u00e8s juin 2025 - CanadaMotorJobs.com","og_description":"Volkswagen envisage des licenciements dans six usines allemandes d\u00e8s juin 2025 - Benoit Charette - Annuel automobile - CanadaMotorJobs.com.","og_url":"https:\/\/news.canadamotorjobs.com\/fr\/volkswagen-envisage-des-licenciements-dans-six-usines-allemandes-des-juin-2025\/","og_site_name":"CanadaMotorJobs.com","article_publisher":"https:\/\/www.facebook.com\/canadamotorjobs\/","article_published_time":"2024-09-11T12:39:09+00:00","article_modified_time":"2024-09-11T12:44:26+00:00","og_image":[{"width":1200,"height":900,"url":"https:\/\/news.canadamotorjobs.com\/wp-content\/uploads\/2024\/09\/1200px-VW_Wolfsburg.jpg","type":"image\/jpeg"}],"author":"Benoit Charette","twitter_card":"summary_large_image","twitter_creator":"@canadamotorjobs","twitter_site":"@canadamotorjobs","twitter_misc":{"\u00c9crit par":"Benoit Charette","Estimation du temps de lecture":"3 minutes"},"schema":{"@context":"https:\/\/schema.org","@graph":[{"@type":"Article","@id":"https:\/\/news.canadamotorjobs.com\/fr\/volkswagen-envisage-des-licenciements-dans-six-usines-allemandes-des-juin-2025\/#article","isPartOf":{"@id":"https:\/\/news.canadamotorjobs.com\/fr\/volkswagen-envisage-des-licenciements-dans-six-usines-allemandes-des-juin-2025\/"},"author":{"name":"Benoit Charette","@id":"https:\/\/news.canadamotorjobs.com\/#\/schema\/person\/51793d1f87d44011d7bcc2ed99269a90"},"headline":"Volkswagen envisage des licenciements dans six usines allemandes d\u00e8s juin 2025","datePublished":"2024-09-11T12:39:09+00:00","dateModified":"2024-09-11T12:44:26+00:00","mainEntityOfPage":{"@id":"https:\/\/news.canadamotorjobs.com\/fr\/volkswagen-envisage-des-licenciements-dans-six-usines-allemandes-des-juin-2025\/"},"wordCount":535,"publisher":{"@id":"https:\/\/news.canadamotorjobs.com\/#organization"},"image":{"@id":"https:\/\/news.canadamotorjobs.com\/fr\/volkswagen-envisage-des-licenciements-dans-six-usines-allemandes-des-juin-2025\/#primaryimage"},"thumbnailUrl":"https:\/\/news.canadamotorjobs.com\/wp-content\/uploads\/2024\/09\/1200px-VW_Wolfsburg.jpg","articleSection":["Annuel automobile"],"inLanguage":"fr-CA"},{"@type":"WebPage","@id":"https:\/\/news.canadamotorjobs.com\/fr\/volkswagen-envisage-des-licenciements-dans-six-usines-allemandes-des-juin-2025\/","url":"https:\/\/news.canadamotorjobs.com\/fr\/volkswagen-envisage-des-licenciements-dans-six-usines-allemandes-des-juin-2025\/","name":"Volkswagen envisage des licenciements dans six usines allemandes d\u00e8s juin 2025 - CanadaMotorJobs.com","isPartOf":{"@id":"https:\/\/news.canadamotorjobs.com\/#website"},"primaryImageOfPage":{"@id":"https:\/\/news.canadamotorjobs.com\/fr\/volkswagen-envisage-des-licenciements-dans-six-usines-allemandes-des-juin-2025\/#primaryimage"},"image":{"@id":"https:\/\/news.canadamotorjobs.com\/fr\/volkswagen-envisage-des-licenciements-dans-six-usines-allemandes-des-juin-2025\/#primaryimage"},"thumbnailUrl":"https:\/\/news.canadamotorjobs.com\/wp-content\/uploads\/2024\/09\/1200px-VW_Wolfsburg.jpg","datePublished":"2024-09-11T12:39:09+00:00","dateModified":"2024-09-11T12:44:26+00:00","description":"Volkswagen envisage des licenciements dans six usines allemandes d\u00e8s juin 2025 - Benoit Charette - Annuel automobile - CanadaMotorJobs.com.","breadcrumb":{"@id":"https:\/\/news.canadamotorjobs.com\/fr\/volkswagen-envisage-des-licenciements-dans-six-usines-allemandes-des-juin-2025\/#breadcrumb"},"inLanguage":"fr-CA","potentialAction":[{"@type":"ReadAction","target":["https:\/\/news.canadamotorjobs.com\/fr\/volkswagen-envisage-des-licenciements-dans-six-usines-allemandes-des-juin-2025\/"]}]},{"@type":"ImageObject","inLanguage":"fr-CA","@id":"https:\/\/news.canadamotorjobs.com\/fr\/volkswagen-envisage-des-licenciements-dans-six-usines-allemandes-des-juin-2025\/#primaryimage","url":"https:\/\/news.canadamotorjobs.com\/wp-content\/uploads\/2024\/09\/1200px-VW_Wolfsburg.jpg","contentUrl":"https:\/\/news.canadamotorjobs.com\/wp-content\/uploads\/2024\/09\/1200px-VW_Wolfsburg.jpg","width":1200,"height":900},{"@type":"BreadcrumbList","@id":"https:\/\/news.canadamotorjobs.com\/fr\/volkswagen-envisage-des-licenciements-dans-six-usines-allemandes-des-juin-2025\/#breadcrumb","itemListElement":[{"@type":"ListItem","position":1,"name":"Home","item":"https:\/\/news.canadamotorjobs.com\/fr\/blog\/"},{"@type":"ListItem","position":2,"name":"Volkswagen envisage des licenciements dans six usines allemandes d\u00e8s juin 2025"}]},{"@type":"WebSite","@id":"https:\/\/news.canadamotorjobs.com\/#website","url":"https:\/\/news.canadamotorjobs.com\/","name":"CanadaMotorJobs.com","description":"Automotive Jobs","publisher":{"@id":"https:\/\/news.canadamotorjobs.com\/#organization"},"potentialAction":[{"@type":"SearchAction","target":{"@type":"EntryPoint","urlTemplate":"https:\/\/news.canadamotorjobs.com\/?s={search_term_string}"},"query-input":"required name=search_term_string"}],"inLanguage":"fr-CA"},{"@type":"Organization","@id":"https:\/\/news.canadamotorjobs.com\/#organization","name":"Canada Motor Jobs","url":"https:\/\/news.canadamotorjobs.com\/","logo":{"@type":"ImageObject","inLanguage":"fr-CA","@id":"https:\/\/news.canadamotorjobs.com\/#\/schema\/logo\/image\/","url":"https:\/\/news.canadamotorjobs.com\/wp-content\/uploads\/2022\/10\/logo-canada-motor-jobs-1.png","contentUrl":"https:\/\/news.canadamotorjobs.com\/wp-content\/uploads\/2022\/10\/logo-canada-motor-jobs-1.png","width":800,"height":400,"caption":"Canada Motor Jobs"},"image":{"@id":"https:\/\/news.canadamotorjobs.com\/#\/schema\/logo\/image\/"},"sameAs":["https:\/\/www.facebook.com\/canadamotorjobs\/","https:\/\/x.com\/canadamotorjobs","https:\/\/www.instagram.com\/canadamotorjobs\/","https:\/\/www.linkedin.com\/company\/canadamotorjobs"]},{"@type":"Person","@id":"https:\/\/news.canadamotorjobs.com\/#\/schema\/person\/51793d1f87d44011d7bcc2ed99269a90","name":"Benoit Charette","image":{"@type":"ImageObject","inLanguage":"fr-CA","@id":"https:\/\/news.canadamotorjobs.com\/#\/schema\/person\/image\/","url":"https:\/\/secure.gravatar.com\/avatar\/45f3d2eebcccd909668d7ce7ea7267b6?s=96&d=mm&r=g","contentUrl":"https:\/\/secure.gravatar.com\/avatar\/45f3d2eebcccd909668d7ce7ea7267b6?s=96&d=mm&r=g","caption":"Benoit Charette"},"description":"Benoit Charette \/ Propri\u00e9taire et r\u00e9dacteur en chef Benoit Charette pratique le journalisme automobile depuis bient\u00f4t 30 ans. Il a fait ses classes au c\u00f4t\u00e9 de Daniel H\u00e9raud et au Carnet de route de 1992 \u00e0 2001. Il est fondateur, copropri\u00e9taire et r\u00e9dacteur en chef de L\u2019Annuel de l\u2019automobile, qu\u2019il publie depuis 2001. Il a anim\u00e9 les \u00e9missions RPM et RPM+ sur V et les L\u00e9gendes de la route sur Historia. \u00c0 la radio depuis 1986, il reprend l\u2019antenne cette ann\u00e9e sur les ondes de Cogeco et participe pour la deuxi\u00e8me ann\u00e9e \u00e0 l\u2019\u00e9mission Passion Auto sur RDS en plus de mettre en ligne le site Web officiel de L\u2019Annuel de l\u2019automobile sur annuelauto.ca.","sameAs":["https:\/\/annuelauto.ca\/"],"url":"https:\/\/news.canadamotorjobs.com\/fr\/author\/benoit-charette\/"}]}},"_links":{"self":[{"href":"https:\/\/news.canadamotorjobs.com\/fr\/wp-json\/wp\/v2\/posts\/172361"}],"collection":[{"href":"https:\/\/news.canadamotorjobs.com\/fr\/wp-json\/wp\/v2\/posts"}],"about":[{"href":"https:\/\/news.canadamotorjobs.com\/fr\/wp-json\/wp\/v2\/types\/post"}],"author":[{"embeddable":true,"href":"https:\/\/news.canadamotorjobs.com\/fr\/wp-json\/wp\/v2\/users\/8"}],"replies":[{"embeddable":true,"href":"https:\/\/news.canadamotorjobs.com\/fr\/wp-json\/wp\/v2\/comments?post=172361"}],"version-history":[{"count":2,"href":"https:\/\/news.canadamotorjobs.com\/fr\/wp-json\/wp\/v2\/posts\/172361\/revisions"}],"predecessor-version":[{"id":172365,"href":"https:\/\/news.canadamotorjobs.com\/fr\/wp-json\/wp\/v2\/posts\/172361\/revisions\/172365"}],"wp:featuredmedia":[{"embeddable":true,"href":"https:\/\/news.canadamotorjobs.com\/fr\/wp-json\/wp\/v2\/media\/172363"}],"wp:attachment":[{"href":"https:\/\/news.canadamotorjobs.com\/fr\/wp-json\/wp\/v2\/media?parent=172361"}],"wp:term":[{"taxonomy":"category","embeddable":true,"href":"https:\/\/news.canadamotorjobs.com\/fr\/wp-json\/wp\/v2\/categories?post=172361"},{"taxonomy":"post_tag","embeddable":true,"href":"https:\/\/news.canadamotorjobs.com\/fr\/wp-json\/wp\/v2\/tags?post=172361"}],"curies":[{"name":"wp","href":"https:\/\/api.w.org\/{rel}","templated":true}]}}