{"id":172319,"date":"2024-09-10T10:53:06","date_gmt":"2024-09-10T14:53:06","guid":{"rendered":"https:\/\/news.canadamotorjobs.com\/?p=172319"},"modified":"2024-09-10T10:59:32","modified_gmt":"2024-09-10T14:59:32","slug":"adrian-newey-quitte-red-bull-et-rejoint-lequipe-aston-martin-f1","status":"publish","type":"post","link":"https:\/\/news.canadamotorjobs.com\/fr\/adrian-newey-quitte-red-bull-et-rejoint-lequipe-aston-martin-f1\/","title":{"rendered":"Adrian Newey quitte Red Bull et rejoint l\u2019\u00e9quipe Aston Martin F1"},"content":{"rendered":"<\/p>\n<p>Adrian Newey, l&#8217;un des designers les plus renomm\u00e9s du sport automobile, quitte Red Bull Racing pour rejoindre Aston Martin. Newey assumera le r\u00f4le de partenaire technique principal au sein de son \u00e9quipe de Formule 1 \u00e0 partir du 1er mars 2025. En plus de ce poste, il deviendra \u00e9galement actionnaire de l&#8217;\u00e9quipe.<\/p>\n<h3><strong>Un design innovant pour la voiture F1 2026<\/strong><\/h3>\n<p>\nNewey sera responsable du d\u00e9veloppement de la nouvelle voiture F1 d\u2019Aston Martin pour la saison 2026. Cette voiture sera \u00e9quip\u00e9e d\u2019un moteur Honda, marquant le retour de Newey \u00e0 une configuration similaire \u00e0 celle des voitures Red Bull actuelles, qui utilisent \u00e9galement des moteurs Honda. Cependant, Red Bull passera \u00e0 ses propres moteurs d\u00e9velopp\u00e9s en collaboration avec Ford d&#8217;ici la saison 2026, lorsque de nouvelles r\u00e8gles sur les moteurs seront introduites.<\/p>\n<h3><strong>Un partenariat de long terme en perspective<\/strong><\/h3>\n<p>\nL&#8217;accord entre Newey et Aston Martin est pr\u00e9sent\u00e9 comme le d\u00e9but d&#8217;un partenariat \u00e0 long terme significatif, bien que les d\u00e9tails temporels pr\u00e9cis n&#8217;aient pas \u00e9t\u00e9 divulgu\u00e9s. En avril dernier, Aston Martin avait annonc\u00e9 la signature d\u2019un nouveau contrat pluriannuel avec Fernando Alonso, mettant fin aux sp\u00e9culations concernant une \u00e9ventuelle retraite du pilote. Aucune information n&#8217;a \u00e9t\u00e9 communiqu\u00e9e concernant l\u2019avenir de Lance Stroll, l\u2019actuel co\u00e9quipier d\u2019Alonso, qui est \u00e9galement le fils du pr\u00e9sident de l\u2019\u00e9quipe, Lawrence Stroll.<\/p>\n<h3><strong>Le d\u00e9part de Newey de Red Bull Racing<\/strong><\/h3>\n<p>\nRed Bull Racing avait annonc\u00e9 le d\u00e9part de Newey en mai. En tant que directeur technique, Newey a \u00e9t\u00e9 un pilier de l&#8217;\u00e9quipe depuis 2006, contribuant \u00e0 remporter six titres de Champion des Constructeurs et sept titres de Champion des Pilotes. Newey a confirm\u00e9 qu&#8217;il restera avec Red Bull Racing jusqu&#8217;\u00e0 la fin de la saison en cours et pour le lancement de l&#8217;hypercar RB17, qu&#8217;il a con\u00e7ue.<\/p>\n<h3><strong>Des collaborations pr\u00e9c\u00e9dentes avec Aston Martin<\/strong><\/h3>\n<p>\nNewey a d\u00e9j\u00e0 collabor\u00e9 avec Aston Martin dans le pass\u00e9, mais pas en Formule 1. Il a con\u00e7u l&#8217;hypercar Aston Martin Valkyrie lorsque Aston Martin \u00e9tait sponsor de l&#8217;\u00e9quipe Red Bull F1. Il est possible qu&#8217;il con\u00e7oive \u00e9galement un successeur \u00e0 ce mod\u00e8le dans le futur. Dans un communiqu\u00e9, Newey a exprim\u00e9 son enthousiasme \u00e0 l&#8217;id\u00e9e de contribuer \u00e0 faire d\u2019Aston Martin une \u00e9quipe championne du monde.<\/p>\n<p>Avec des renseignements de Motor Authority<\/p>\n<p>Le texte <a rel=\"nofollow\" href=\"https:\/\/annuelauto.ca\/adrian-newey-rejoint-qui-red-bull-et-rejoint-lequipe-aston-martin-f1\/\">Adrian Newey quitte Red Bull et rejoint l\u2019\u00e9quipe Aston Martin F1<\/a> provient de <a rel=\"nofollow\" href=\"https:\/\/annuelauto.ca\">L&#8217;annuel de l&#8217;automobile &#8211; Actualit\u00e9 automobile<\/a><\/p>\n<p><\/p>\n","protected":false},"excerpt":{"rendered":"<p>Adrian Newey, l&#8217;un des designers les plus renomm\u00e9s du sport automobile, quitte Red Bull Racing pour rejoindre Aston Martin. Newey assumera le r\u00f4le de partenaire technique principal au sein de son \u00e9quipe de Formule 1 \u00e0 partir du 1er mars 2025. En plus de ce poste, il deviendra \u00e9galement actionnaire de l&#8217;\u00e9quipe. Un design innovant [&hellip;]<\/p>\n","protected":false},"author":8,"featured_media":172321,"comment_status":"close","ping_status":"closed","sticky":false,"template":"","format":"standard","meta":{"_monsterinsights_skip_tracking":false,"_monsterinsights_sitenote_active":false,"_monsterinsights_sitenote_note":"","_monsterinsights_sitenote_category":0,"footnotes":""},"categories":[101],"tags":[],"yoast_head":"<!-- This site is optimized with the Yoast SEO plugin v23.2 - https:\/\/yoast.com\/wordpress\/plugins\/seo\/ -->\n<title>Adrian Newey quitte Red Bull et rejoint l\u2019\u00e9quipe Aston Martin F1 - CanadaMotorJobs.com<\/title>\n<meta name=\"description\" content=\"Adrian Newey quitte Red Bull et rejoint l\u2019\u00e9quipe Aston Martin F1 - Benoit Charette - Annuel automobile - CanadaMotorJobs.com.\" \/>\n<meta name=\"robots\" content=\"index, follow, max-snippet:-1, max-image-preview:large, max-video-preview:-1\" \/>\n<meta property=\"og:locale\" content=\"fr_CA\" \/>\n<meta property=\"og:type\" content=\"article\" \/>\n<meta property=\"og:title\" content=\"Adrian Newey quitte Red Bull et rejoint l\u2019\u00e9quipe Aston Martin F1 - CanadaMotorJobs.com\" \/>\n<meta property=\"og:description\" content=\"Adrian Newey quitte Red Bull et rejoint l\u2019\u00e9quipe Aston Martin F1 - Benoit Charette - Annuel automobile - CanadaMotorJobs.com.\" \/>\n<meta property=\"og:url\" content=\"https:\/\/news.canadamotorjobs.com\/fr\/adrian-newey-quitte-red-bull-et-rejoint-lequipe-aston-martin-f1\/\" \/>\n<meta property=\"og:site_name\" content=\"CanadaMotorJobs.com\" \/>\n<meta property=\"article:publisher\" content=\"https:\/\/www.facebook.com\/canadamotorjobs\/\" \/>\n<meta property=\"article:published_time\" content=\"2024-09-10T14:53:06+00:00\" \/>\n<meta property=\"article:modified_time\" content=\"2024-09-10T14:59:32+00:00\" \/>\n<meta property=\"og:image\" content=\"https:\/\/news.canadamotorjobs.com\/wp-content\/uploads\/2024\/09\/adrian-newey-aston-martin-form.jpg\" \/>\n\t<meta property=\"og:image:width\" content=\"1000\" \/>\n\t<meta property=\"og:image:height\" content=\"666\" \/>\n\t<meta property=\"og:image:type\" content=\"image\/jpeg\" \/>\n<meta name=\"author\" content=\"Benoit Charette\" \/>\n<meta name=\"twitter:card\" content=\"summary_large_image\" \/>\n<meta name=\"twitter:creator\" content=\"@canadamotorjobs\" \/>\n<meta name=\"twitter:site\" content=\"@canadamotorjobs\" \/>\n<meta name=\"twitter:label1\" content=\"\u00c9crit par\" \/>\n\t<meta name=\"twitter:data1\" content=\"Benoit Charette\" \/>\n\t<meta name=\"twitter:label2\" content=\"Estimation du temps de lecture\" \/>\n\t<meta name=\"twitter:data2\" content=\"2 minutes\" \/>\n<!-- \/ Yoast SEO plugin. -->","yoast_head_json":{"title":"Adrian Newey quitte Red Bull et rejoint l\u2019\u00e9quipe Aston Martin F1 - CanadaMotorJobs.com","description":"Adrian Newey quitte Red Bull et rejoint l\u2019\u00e9quipe Aston Martin F1 - Benoit Charette - Annuel automobile - CanadaMotorJobs.com.","robots":{"index":"index","follow":"follow","max-snippet":"max-snippet:-1","max-image-preview":"max-image-preview:large","max-video-preview":"max-video-preview:-1"},"og_locale":"fr_CA","og_type":"article","og_title":"Adrian Newey quitte Red Bull et rejoint l\u2019\u00e9quipe Aston Martin F1 - CanadaMotorJobs.com","og_description":"Adrian Newey quitte Red Bull et rejoint l\u2019\u00e9quipe Aston Martin F1 - Benoit Charette - Annuel automobile - CanadaMotorJobs.com.","og_url":"https:\/\/news.canadamotorjobs.com\/fr\/adrian-newey-quitte-red-bull-et-rejoint-lequipe-aston-martin-f1\/","og_site_name":"CanadaMotorJobs.com","article_publisher":"https:\/\/www.facebook.com\/canadamotorjobs\/","article_published_time":"2024-09-10T14:53:06+00:00","article_modified_time":"2024-09-10T14:59:32+00:00","og_image":[{"width":1000,"height":666,"url":"https:\/\/news.canadamotorjobs.com\/wp-content\/uploads\/2024\/09\/adrian-newey-aston-martin-form.jpg","type":"image\/jpeg"}],"author":"Benoit Charette","twitter_card":"summary_large_image","twitter_creator":"@canadamotorjobs","twitter_site":"@canadamotorjobs","twitter_misc":{"\u00c9crit par":"Benoit Charette","Estimation du temps de lecture":"2 minutes"},"schema":{"@context":"https:\/\/schema.org","@graph":[{"@type":"Article","@id":"https:\/\/news.canadamotorjobs.com\/fr\/adrian-newey-quitte-red-bull-et-rejoint-lequipe-aston-martin-f1\/#article","isPartOf":{"@id":"https:\/\/news.canadamotorjobs.com\/fr\/adrian-newey-quitte-red-bull-et-rejoint-lequipe-aston-martin-f1\/"},"author":{"name":"Benoit Charette","@id":"https:\/\/news.canadamotorjobs.com\/#\/schema\/person\/51793d1f87d44011d7bcc2ed99269a90"},"headline":"Adrian Newey quitte Red Bull et rejoint l\u2019\u00e9quipe Aston Martin F1","datePublished":"2024-09-10T14:53:06+00:00","dateModified":"2024-09-10T14:59:32+00:00","mainEntityOfPage":{"@id":"https:\/\/news.canadamotorjobs.com\/fr\/adrian-newey-quitte-red-bull-et-rejoint-lequipe-aston-martin-f1\/"},"wordCount":438,"publisher":{"@id":"https:\/\/news.canadamotorjobs.com\/#organization"},"image":{"@id":"https:\/\/news.canadamotorjobs.com\/fr\/adrian-newey-quitte-red-bull-et-rejoint-lequipe-aston-martin-f1\/#primaryimage"},"thumbnailUrl":"https:\/\/news.canadamotorjobs.com\/wp-content\/uploads\/2024\/09\/adrian-newey-aston-martin-form.jpg","articleSection":["Annuel automobile"],"inLanguage":"fr-CA"},{"@type":"WebPage","@id":"https:\/\/news.canadamotorjobs.com\/fr\/adrian-newey-quitte-red-bull-et-rejoint-lequipe-aston-martin-f1\/","url":"https:\/\/news.canadamotorjobs.com\/fr\/adrian-newey-quitte-red-bull-et-rejoint-lequipe-aston-martin-f1\/","name":"Adrian Newey quitte Red Bull et rejoint l\u2019\u00e9quipe Aston Martin F1 - CanadaMotorJobs.com","isPartOf":{"@id":"https:\/\/news.canadamotorjobs.com\/#website"},"primaryImageOfPage":{"@id":"https:\/\/news.canadamotorjobs.com\/fr\/adrian-newey-quitte-red-bull-et-rejoint-lequipe-aston-martin-f1\/#primaryimage"},"image":{"@id":"https:\/\/news.canadamotorjobs.com\/fr\/adrian-newey-quitte-red-bull-et-rejoint-lequipe-aston-martin-f1\/#primaryimage"},"thumbnailUrl":"https:\/\/news.canadamotorjobs.com\/wp-content\/uploads\/2024\/09\/adrian-newey-aston-martin-form.jpg","datePublished":"2024-09-10T14:53:06+00:00","dateModified":"2024-09-10T14:59:32+00:00","description":"Adrian Newey quitte Red Bull et rejoint l\u2019\u00e9quipe Aston Martin F1 - Benoit Charette - Annuel automobile - CanadaMotorJobs.com.","breadcrumb":{"@id":"https:\/\/news.canadamotorjobs.com\/fr\/adrian-newey-quitte-red-bull-et-rejoint-lequipe-aston-martin-f1\/#breadcrumb"},"inLanguage":"fr-CA","potentialAction":[{"@type":"ReadAction","target":["https:\/\/news.canadamotorjobs.com\/fr\/adrian-newey-quitte-red-bull-et-rejoint-lequipe-aston-martin-f1\/"]}]},{"@type":"ImageObject","inLanguage":"fr-CA","@id":"https:\/\/news.canadamotorjobs.com\/fr\/adrian-newey-quitte-red-bull-et-rejoint-lequipe-aston-martin-f1\/#primaryimage","url":"https:\/\/news.canadamotorjobs.com\/wp-content\/uploads\/2024\/09\/adrian-newey-aston-martin-form.jpg","contentUrl":"https:\/\/news.canadamotorjobs.com\/wp-content\/uploads\/2024\/09\/adrian-newey-aston-martin-form.jpg","width":1000,"height":666},{"@type":"BreadcrumbList","@id":"https:\/\/news.canadamotorjobs.com\/fr\/adrian-newey-quitte-red-bull-et-rejoint-lequipe-aston-martin-f1\/#breadcrumb","itemListElement":[{"@type":"ListItem","position":1,"name":"Home","item":"https:\/\/news.canadamotorjobs.com\/fr\/blog\/"},{"@type":"ListItem","position":2,"name":"Adrian Newey quitte Red Bull et rejoint l\u2019\u00e9quipe Aston Martin F1"}]},{"@type":"WebSite","@id":"https:\/\/news.canadamotorjobs.com\/#website","url":"https:\/\/news.canadamotorjobs.com\/","name":"CanadaMotorJobs.com","description":"Automotive Jobs","publisher":{"@id":"https:\/\/news.canadamotorjobs.com\/#organization"},"potentialAction":[{"@type":"SearchAction","target":{"@type":"EntryPoint","urlTemplate":"https:\/\/news.canadamotorjobs.com\/?s={search_term_string}"},"query-input":"required name=search_term_string"}],"inLanguage":"fr-CA"},{"@type":"Organization","@id":"https:\/\/news.canadamotorjobs.com\/#organization","name":"Canada Motor Jobs","url":"https:\/\/news.canadamotorjobs.com\/","logo":{"@type":"ImageObject","inLanguage":"fr-CA","@id":"https:\/\/news.canadamotorjobs.com\/#\/schema\/logo\/image\/","url":"https:\/\/news.canadamotorjobs.com\/wp-content\/uploads\/2022\/10\/logo-canada-motor-jobs-1.png","contentUrl":"https:\/\/news.canadamotorjobs.com\/wp-content\/uploads\/2022\/10\/logo-canada-motor-jobs-1.png","width":800,"height":400,"caption":"Canada Motor Jobs"},"image":{"@id":"https:\/\/news.canadamotorjobs.com\/#\/schema\/logo\/image\/"},"sameAs":["https:\/\/www.facebook.com\/canadamotorjobs\/","https:\/\/x.com\/canadamotorjobs","https:\/\/www.instagram.com\/canadamotorjobs\/","https:\/\/www.linkedin.com\/company\/canadamotorjobs"]},{"@type":"Person","@id":"https:\/\/news.canadamotorjobs.com\/#\/schema\/person\/51793d1f87d44011d7bcc2ed99269a90","name":"Benoit Charette","image":{"@type":"ImageObject","inLanguage":"fr-CA","@id":"https:\/\/news.canadamotorjobs.com\/#\/schema\/person\/image\/","url":"https:\/\/secure.gravatar.com\/avatar\/45f3d2eebcccd909668d7ce7ea7267b6?s=96&d=mm&r=g","contentUrl":"https:\/\/secure.gravatar.com\/avatar\/45f3d2eebcccd909668d7ce7ea7267b6?s=96&d=mm&r=g","caption":"Benoit Charette"},"description":"Benoit Charette \/ Propri\u00e9taire et r\u00e9dacteur en chef Benoit Charette pratique le journalisme automobile depuis bient\u00f4t 30 ans. Il a fait ses classes au c\u00f4t\u00e9 de Daniel H\u00e9raud et au Carnet de route de 1992 \u00e0 2001. Il est fondateur, copropri\u00e9taire et r\u00e9dacteur en chef de L\u2019Annuel de l\u2019automobile, qu\u2019il publie depuis 2001. Il a anim\u00e9 les \u00e9missions RPM et RPM+ sur V et les L\u00e9gendes de la route sur Historia. \u00c0 la radio depuis 1986, il reprend l\u2019antenne cette ann\u00e9e sur les ondes de Cogeco et participe pour la deuxi\u00e8me ann\u00e9e \u00e0 l\u2019\u00e9mission Passion Auto sur RDS en plus de mettre en ligne le site Web officiel de L\u2019Annuel de l\u2019automobile sur annuelauto.ca.","sameAs":["https:\/\/annuelauto.ca\/"],"url":"https:\/\/news.canadamotorjobs.com\/fr\/author\/benoit-charette\/"}]}},"_links":{"self":[{"href":"https:\/\/news.canadamotorjobs.com\/fr\/wp-json\/wp\/v2\/posts\/172319"}],"collection":[{"href":"https:\/\/news.canadamotorjobs.com\/fr\/wp-json\/wp\/v2\/posts"}],"about":[{"href":"https:\/\/news.canadamotorjobs.com\/fr\/wp-json\/wp\/v2\/types\/post"}],"author":[{"embeddable":true,"href":"https:\/\/news.canadamotorjobs.com\/fr\/wp-json\/wp\/v2\/users\/8"}],"replies":[{"embeddable":true,"href":"https:\/\/news.canadamotorjobs.com\/fr\/wp-json\/wp\/v2\/comments?post=172319"}],"version-history":[{"count":2,"href":"https:\/\/news.canadamotorjobs.com\/fr\/wp-json\/wp\/v2\/posts\/172319\/revisions"}],"predecessor-version":[{"id":172323,"href":"https:\/\/news.canadamotorjobs.com\/fr\/wp-json\/wp\/v2\/posts\/172319\/revisions\/172323"}],"wp:featuredmedia":[{"embeddable":true,"href":"https:\/\/news.canadamotorjobs.com\/fr\/wp-json\/wp\/v2\/media\/172321"}],"wp:attachment":[{"href":"https:\/\/news.canadamotorjobs.com\/fr\/wp-json\/wp\/v2\/media?parent=172319"}],"wp:term":[{"taxonomy":"category","embeddable":true,"href":"https:\/\/news.canadamotorjobs.com\/fr\/wp-json\/wp\/v2\/categories?post=172319"},{"taxonomy":"post_tag","embeddable":true,"href":"https:\/\/news.canadamotorjobs.com\/fr\/wp-json\/wp\/v2\/tags?post=172319"}],"curies":[{"name":"wp","href":"https:\/\/api.w.org\/{rel}","templated":true}]}}