{"id":172296,"date":"2024-09-10T10:36:51","date_gmt":"2024-09-10T14:36:51","guid":{"rendered":"https:\/\/news.canadamotorjobs.com\/?p=172296"},"modified":"2024-09-10T10:44:22","modified_gmt":"2024-09-10T14:44:22","slug":"les-vze-vehicules-zero-emission-representent-13-des-ventes-canadienne","status":"publish","type":"post","link":"https:\/\/news.canadamotorjobs.com\/fr\/les-vze-vehicules-zero-emission-representent-13-des-ventes-canadienne\/","title":{"rendered":"Les VZE (v\u00e9hicules z\u00e9ro \u00e9mission) repr\u00e9sentent 13 % des ventes canadienne"},"content":{"rendered":"<\/p>\n<p>Au deuxi\u00e8me trimestre 2024, les immatriculations de v\u00e9hicules neufs au Canada ont atteint leur niveau le plus \u00e9lev\u00e9 depuis le d\u00e9but de la pand\u00e9mie de COVID-19. Selon les donn\u00e9es publi\u00e9es par Statistique Canada le 9 septembre, un total de 511 173 v\u00e9hicules ont \u00e9t\u00e9 immatricul\u00e9s entre avril et juin 2024, le chiffre le plus \u00e9lev\u00e9 depuis le troisi\u00e8me trimestre de 2019.<\/p>\n<h3><strong>Croissance des v\u00e9hicules \u00e0 \u00e9mission z\u00e9ro (VZE)<\/strong><\/h3>\n<p>\nLes immatriculations de v\u00e9hicules \u00e0 \u00e9mission z\u00e9ro (VZE) ont totalis\u00e9 65 733 au cours du trimestre, repr\u00e9sentant 12,9 % du total des immatriculations. Cette part est en hausse par rapport aux 10,1 % enregistr\u00e9s au cours du m\u00eame trimestre en 2023 et aux 11,3 % du premier trimestre de cette ann\u00e9e.<\/p>\n<p>Les v\u00e9hicules hybrides rechargeables (PHEV) ont affich\u00e9 la plus forte croissance parmi les cat\u00e9gories de carburant, avec une augmentation de 43,1 % des immatriculations par rapport au deuxi\u00e8me trimestre 2023. Les v\u00e9hicules enti\u00e8rement \u00e9lectriques (\u00e0 batteries) ont enregistr\u00e9 une hausse plus modeste de 36,1 %, mais ils continuent de constituer la majorit\u00e9 des ventes de VZE, repr\u00e9sentant pr\u00e8s de trois VZE immatricul\u00e9s sur quatre.<\/p>\n<h3><strong>R\u00e9partition g\u00e9ographique des ventes de VZE<\/strong><\/h3>\n<p>\nLe Qu\u00e9bec a captur\u00e9 51,6 % des ventes de VZE au deuxi\u00e8me trimestre, suivi par l&#8217;Ontario avec 21,9 % et la Colombie-Britannique avec 18,5 %. Bien que les provinces plus petites soient en retard par rapport aux grands march\u00e9s en volume, le Manitoba a connu la plus forte augmentation proportionnelle de l\u2019adoption des VZE parmi les provinces. Les acheteurs de cette province ont immatricul\u00e9 736 nouveaux ZEV au cours du deuxi\u00e8me trimestre, soit une hausse de 92,2 % par rapport \u00e0 l\u2019ann\u00e9e pr\u00e9c\u00e9dente. En avril, le Manitoba a introduit un incitatif pour les VZE de 4 000 $ pour les consommateurs.<\/p>\n<p>Avec des renseignements d&#8217;Automotive News Canada<\/p>\n<p>Le texte <a rel=\"nofollow\" href=\"https:\/\/annuelauto.ca\/les-vze-vehicules-zero-emission-representent-13-des-ventes-canadienne\/\">Les VZE (v\u00e9hicules z\u00e9ro \u00e9mission) repr\u00e9sentent 13 % des ventes canadienne<\/a> provient de <a rel=\"nofollow\" href=\"https:\/\/annuelauto.ca\">L&#8217;annuel de l&#8217;automobile &#8211; Actualit\u00e9 automobile<\/a><\/p>\n<p><\/p>\n","protected":false},"excerpt":{"rendered":"<p>Au deuxi\u00e8me trimestre 2024, les immatriculations de v\u00e9hicules neufs au Canada ont atteint leur niveau le plus \u00e9lev\u00e9 depuis le d\u00e9but de la pand\u00e9mie de COVID-19. Selon les donn\u00e9es publi\u00e9es par Statistique Canada le 9 septembre, un total de 511 173 v\u00e9hicules ont \u00e9t\u00e9 immatricul\u00e9s entre avril et juin 2024, le chiffre le plus \u00e9lev\u00e9 [&hellip;]<\/p>\n","protected":false},"author":8,"featured_media":172298,"comment_status":"close","ping_status":"closed","sticky":false,"template":"","format":"standard","meta":{"_monsterinsights_skip_tracking":false,"_monsterinsights_sitenote_active":false,"_monsterinsights_sitenote_note":"","_monsterinsights_sitenote_category":0,"footnotes":""},"categories":[101],"tags":[],"yoast_head":"<!-- This site is optimized with the Yoast SEO plugin v23.2 - https:\/\/yoast.com\/wordpress\/plugins\/seo\/ -->\n<title>Les VZE (v\u00e9hicules z\u00e9ro \u00e9mission) repr\u00e9sentent 13 % des ventes canadienne - CanadaMotorJobs.com<\/title>\n<meta name=\"description\" content=\"Les VZE (v\u00e9hicules z\u00e9ro \u00e9mission) repr\u00e9sentent 13 % des ventes canadienne - Benoit Charette - Annuel automobile - CanadaMotorJobs.com.\" \/>\n<meta name=\"robots\" content=\"index, follow, max-snippet:-1, max-image-preview:large, max-video-preview:-1\" \/>\n<meta property=\"og:locale\" content=\"fr_CA\" \/>\n<meta property=\"og:type\" content=\"article\" \/>\n<meta property=\"og:title\" content=\"Les VZE (v\u00e9hicules z\u00e9ro \u00e9mission) repr\u00e9sentent 13 % des ventes canadienne - CanadaMotorJobs.com\" \/>\n<meta property=\"og:description\" content=\"Les VZE (v\u00e9hicules z\u00e9ro \u00e9mission) repr\u00e9sentent 13 % des ventes canadienne - Benoit Charette - Annuel automobile - CanadaMotorJobs.com.\" \/>\n<meta property=\"og:url\" content=\"https:\/\/news.canadamotorjobs.com\/fr\/les-vze-vehicules-zero-emission-representent-13-des-ventes-canadienne\/\" \/>\n<meta property=\"og:site_name\" content=\"CanadaMotorJobs.com\" \/>\n<meta property=\"article:publisher\" content=\"https:\/\/www.facebook.com\/canadamotorjobs\/\" \/>\n<meta property=\"article:published_time\" content=\"2024-09-10T14:36:51+00:00\" \/>\n<meta property=\"article:modified_time\" content=\"2024-09-10T14:44:22+00:00\" \/>\n<meta property=\"og:image\" content=\"https:\/\/news.canadamotorjobs.com\/wp-content\/uploads\/2024\/09\/Large-53140-2023IONIQ6.jpg\" \/>\n\t<meta property=\"og:image:width\" content=\"1500\" \/>\n\t<meta property=\"og:image:height\" content=\"1000\" \/>\n\t<meta property=\"og:image:type\" content=\"image\/jpeg\" \/>\n<meta name=\"author\" content=\"Benoit Charette\" \/>\n<meta name=\"twitter:card\" content=\"summary_large_image\" \/>\n<meta name=\"twitter:creator\" content=\"@canadamotorjobs\" \/>\n<meta name=\"twitter:site\" content=\"@canadamotorjobs\" \/>\n<meta name=\"twitter:label1\" content=\"\u00c9crit par\" \/>\n\t<meta name=\"twitter:data1\" content=\"Benoit Charette\" \/>\n\t<meta name=\"twitter:label2\" content=\"Estimation du temps de lecture\" \/>\n\t<meta name=\"twitter:data2\" content=\"2 minutes\" \/>\n<!-- \/ Yoast SEO plugin. -->","yoast_head_json":{"title":"Les VZE (v\u00e9hicules z\u00e9ro \u00e9mission) repr\u00e9sentent 13 % des ventes canadienne - CanadaMotorJobs.com","description":"Les VZE (v\u00e9hicules z\u00e9ro \u00e9mission) repr\u00e9sentent 13 % des ventes canadienne - Benoit Charette - Annuel automobile - CanadaMotorJobs.com.","robots":{"index":"index","follow":"follow","max-snippet":"max-snippet:-1","max-image-preview":"max-image-preview:large","max-video-preview":"max-video-preview:-1"},"og_locale":"fr_CA","og_type":"article","og_title":"Les VZE (v\u00e9hicules z\u00e9ro \u00e9mission) repr\u00e9sentent 13 % des ventes canadienne - CanadaMotorJobs.com","og_description":"Les VZE (v\u00e9hicules z\u00e9ro \u00e9mission) repr\u00e9sentent 13 % des ventes canadienne - Benoit Charette - Annuel automobile - CanadaMotorJobs.com.","og_url":"https:\/\/news.canadamotorjobs.com\/fr\/les-vze-vehicules-zero-emission-representent-13-des-ventes-canadienne\/","og_site_name":"CanadaMotorJobs.com","article_publisher":"https:\/\/www.facebook.com\/canadamotorjobs\/","article_published_time":"2024-09-10T14:36:51+00:00","article_modified_time":"2024-09-10T14:44:22+00:00","og_image":[{"width":1500,"height":1000,"url":"https:\/\/news.canadamotorjobs.com\/wp-content\/uploads\/2024\/09\/Large-53140-2023IONIQ6.jpg","type":"image\/jpeg"}],"author":"Benoit Charette","twitter_card":"summary_large_image","twitter_creator":"@canadamotorjobs","twitter_site":"@canadamotorjobs","twitter_misc":{"\u00c9crit par":"Benoit Charette","Estimation du temps de lecture":"2 minutes"},"schema":{"@context":"https:\/\/schema.org","@graph":[{"@type":"Article","@id":"https:\/\/news.canadamotorjobs.com\/fr\/les-vze-vehicules-zero-emission-representent-13-des-ventes-canadienne\/#article","isPartOf":{"@id":"https:\/\/news.canadamotorjobs.com\/fr\/les-vze-vehicules-zero-emission-representent-13-des-ventes-canadienne\/"},"author":{"name":"Benoit Charette","@id":"https:\/\/news.canadamotorjobs.com\/#\/schema\/person\/51793d1f87d44011d7bcc2ed99269a90"},"headline":"Les VZE (v\u00e9hicules z\u00e9ro \u00e9mission) repr\u00e9sentent 13 % des ventes canadienne","datePublished":"2024-09-10T14:36:51+00:00","dateModified":"2024-09-10T14:44:22+00:00","mainEntityOfPage":{"@id":"https:\/\/news.canadamotorjobs.com\/fr\/les-vze-vehicules-zero-emission-representent-13-des-ventes-canadienne\/"},"wordCount":333,"publisher":{"@id":"https:\/\/news.canadamotorjobs.com\/#organization"},"image":{"@id":"https:\/\/news.canadamotorjobs.com\/fr\/les-vze-vehicules-zero-emission-representent-13-des-ventes-canadienne\/#primaryimage"},"thumbnailUrl":"https:\/\/news.canadamotorjobs.com\/wp-content\/uploads\/2024\/09\/Large-53140-2023IONIQ6.jpg","articleSection":["Annuel automobile"],"inLanguage":"fr-CA"},{"@type":"WebPage","@id":"https:\/\/news.canadamotorjobs.com\/fr\/les-vze-vehicules-zero-emission-representent-13-des-ventes-canadienne\/","url":"https:\/\/news.canadamotorjobs.com\/fr\/les-vze-vehicules-zero-emission-representent-13-des-ventes-canadienne\/","name":"Les VZE (v\u00e9hicules z\u00e9ro \u00e9mission) repr\u00e9sentent 13 % des ventes canadienne - CanadaMotorJobs.com","isPartOf":{"@id":"https:\/\/news.canadamotorjobs.com\/#website"},"primaryImageOfPage":{"@id":"https:\/\/news.canadamotorjobs.com\/fr\/les-vze-vehicules-zero-emission-representent-13-des-ventes-canadienne\/#primaryimage"},"image":{"@id":"https:\/\/news.canadamotorjobs.com\/fr\/les-vze-vehicules-zero-emission-representent-13-des-ventes-canadienne\/#primaryimage"},"thumbnailUrl":"https:\/\/news.canadamotorjobs.com\/wp-content\/uploads\/2024\/09\/Large-53140-2023IONIQ6.jpg","datePublished":"2024-09-10T14:36:51+00:00","dateModified":"2024-09-10T14:44:22+00:00","description":"Les VZE (v\u00e9hicules z\u00e9ro \u00e9mission) repr\u00e9sentent 13 % des ventes canadienne - Benoit Charette - Annuel automobile - CanadaMotorJobs.com.","breadcrumb":{"@id":"https:\/\/news.canadamotorjobs.com\/fr\/les-vze-vehicules-zero-emission-representent-13-des-ventes-canadienne\/#breadcrumb"},"inLanguage":"fr-CA","potentialAction":[{"@type":"ReadAction","target":["https:\/\/news.canadamotorjobs.com\/fr\/les-vze-vehicules-zero-emission-representent-13-des-ventes-canadienne\/"]}]},{"@type":"ImageObject","inLanguage":"fr-CA","@id":"https:\/\/news.canadamotorjobs.com\/fr\/les-vze-vehicules-zero-emission-representent-13-des-ventes-canadienne\/#primaryimage","url":"https:\/\/news.canadamotorjobs.com\/wp-content\/uploads\/2024\/09\/Large-53140-2023IONIQ6.jpg","contentUrl":"https:\/\/news.canadamotorjobs.com\/wp-content\/uploads\/2024\/09\/Large-53140-2023IONIQ6.jpg","width":1500,"height":1000},{"@type":"BreadcrumbList","@id":"https:\/\/news.canadamotorjobs.com\/fr\/les-vze-vehicules-zero-emission-representent-13-des-ventes-canadienne\/#breadcrumb","itemListElement":[{"@type":"ListItem","position":1,"name":"Home","item":"https:\/\/news.canadamotorjobs.com\/fr\/blog\/"},{"@type":"ListItem","position":2,"name":"Les VZE (v\u00e9hicules z\u00e9ro \u00e9mission) repr\u00e9sentent 13 % des ventes canadienne"}]},{"@type":"WebSite","@id":"https:\/\/news.canadamotorjobs.com\/#website","url":"https:\/\/news.canadamotorjobs.com\/","name":"CanadaMotorJobs.com","description":"Automotive Jobs","publisher":{"@id":"https:\/\/news.canadamotorjobs.com\/#organization"},"potentialAction":[{"@type":"SearchAction","target":{"@type":"EntryPoint","urlTemplate":"https:\/\/news.canadamotorjobs.com\/?s={search_term_string}"},"query-input":"required name=search_term_string"}],"inLanguage":"fr-CA"},{"@type":"Organization","@id":"https:\/\/news.canadamotorjobs.com\/#organization","name":"Canada Motor Jobs","url":"https:\/\/news.canadamotorjobs.com\/","logo":{"@type":"ImageObject","inLanguage":"fr-CA","@id":"https:\/\/news.canadamotorjobs.com\/#\/schema\/logo\/image\/","url":"https:\/\/news.canadamotorjobs.com\/wp-content\/uploads\/2022\/10\/logo-canada-motor-jobs-1.png","contentUrl":"https:\/\/news.canadamotorjobs.com\/wp-content\/uploads\/2022\/10\/logo-canada-motor-jobs-1.png","width":800,"height":400,"caption":"Canada Motor Jobs"},"image":{"@id":"https:\/\/news.canadamotorjobs.com\/#\/schema\/logo\/image\/"},"sameAs":["https:\/\/www.facebook.com\/canadamotorjobs\/","https:\/\/x.com\/canadamotorjobs","https:\/\/www.instagram.com\/canadamotorjobs\/","https:\/\/www.linkedin.com\/company\/canadamotorjobs"]},{"@type":"Person","@id":"https:\/\/news.canadamotorjobs.com\/#\/schema\/person\/51793d1f87d44011d7bcc2ed99269a90","name":"Benoit Charette","image":{"@type":"ImageObject","inLanguage":"fr-CA","@id":"https:\/\/news.canadamotorjobs.com\/#\/schema\/person\/image\/","url":"https:\/\/secure.gravatar.com\/avatar\/45f3d2eebcccd909668d7ce7ea7267b6?s=96&d=mm&r=g","contentUrl":"https:\/\/secure.gravatar.com\/avatar\/45f3d2eebcccd909668d7ce7ea7267b6?s=96&d=mm&r=g","caption":"Benoit Charette"},"description":"Benoit Charette \/ Propri\u00e9taire et r\u00e9dacteur en chef Benoit Charette pratique le journalisme automobile depuis bient\u00f4t 30 ans. Il a fait ses classes au c\u00f4t\u00e9 de Daniel H\u00e9raud et au Carnet de route de 1992 \u00e0 2001. Il est fondateur, copropri\u00e9taire et r\u00e9dacteur en chef de L\u2019Annuel de l\u2019automobile, qu\u2019il publie depuis 2001. Il a anim\u00e9 les \u00e9missions RPM et RPM+ sur V et les L\u00e9gendes de la route sur Historia. \u00c0 la radio depuis 1986, il reprend l\u2019antenne cette ann\u00e9e sur les ondes de Cogeco et participe pour la deuxi\u00e8me ann\u00e9e \u00e0 l\u2019\u00e9mission Passion Auto sur RDS en plus de mettre en ligne le site Web officiel de L\u2019Annuel de l\u2019automobile sur annuelauto.ca.","sameAs":["https:\/\/annuelauto.ca\/"],"url":"https:\/\/news.canadamotorjobs.com\/fr\/author\/benoit-charette\/"}]}},"_links":{"self":[{"href":"https:\/\/news.canadamotorjobs.com\/fr\/wp-json\/wp\/v2\/posts\/172296"}],"collection":[{"href":"https:\/\/news.canadamotorjobs.com\/fr\/wp-json\/wp\/v2\/posts"}],"about":[{"href":"https:\/\/news.canadamotorjobs.com\/fr\/wp-json\/wp\/v2\/types\/post"}],"author":[{"embeddable":true,"href":"https:\/\/news.canadamotorjobs.com\/fr\/wp-json\/wp\/v2\/users\/8"}],"replies":[{"embeddable":true,"href":"https:\/\/news.canadamotorjobs.com\/fr\/wp-json\/wp\/v2\/comments?post=172296"}],"version-history":[{"count":2,"href":"https:\/\/news.canadamotorjobs.com\/fr\/wp-json\/wp\/v2\/posts\/172296\/revisions"}],"predecessor-version":[{"id":172300,"href":"https:\/\/news.canadamotorjobs.com\/fr\/wp-json\/wp\/v2\/posts\/172296\/revisions\/172300"}],"wp:featuredmedia":[{"embeddable":true,"href":"https:\/\/news.canadamotorjobs.com\/fr\/wp-json\/wp\/v2\/media\/172298"}],"wp:attachment":[{"href":"https:\/\/news.canadamotorjobs.com\/fr\/wp-json\/wp\/v2\/media?parent=172296"}],"wp:term":[{"taxonomy":"category","embeddable":true,"href":"https:\/\/news.canadamotorjobs.com\/fr\/wp-json\/wp\/v2\/categories?post=172296"},{"taxonomy":"post_tag","embeddable":true,"href":"https:\/\/news.canadamotorjobs.com\/fr\/wp-json\/wp\/v2\/tags?post=172296"}],"curies":[{"name":"wp","href":"https:\/\/api.w.org\/{rel}","templated":true}]}}