{"id":172240,"date":"2024-09-10T07:08:38","date_gmt":"2024-09-10T11:08:38","guid":{"rendered":"https:\/\/news.canadamotorjobs.com\/?p=172240"},"modified":"2024-09-10T07:14:21","modified_gmt":"2024-09-10T11:14:21","slug":"toyota-met-sur-pied-son-projet-de-batteries-solides-au-japon","status":"publish","type":"post","link":"https:\/\/news.canadamotorjobs.com\/fr\/toyota-met-sur-pied-son-projet-de-batteries-solides-au-japon\/","title":{"rendered":"Toyota met sur pied son projet de batteries solides au Japon"},"content":{"rendered":"<\/p>\n<p>Toyota a officiellement re\u00e7u l&#8217;approbation du minist\u00e8re japonais du Commerce et de l&#8217;Industrie (METI) pour d\u00e9velopper et fabriquer des batteries pour v\u00e9hicules \u00e9lectriques (EV) solide de nouvelle g\u00e9n\u00e9ration. Cette certification marque un tournant dans les ambitions de Toyota de renforcer l&#8217;approvisionnement domestique en batteries au Japon.<\/p>\n<h3><strong>Certification pour la Production de Batteries chez Plusieurs Filiales<\/strong><\/h3>\n<p>\nLa certification obtenue par Toyota lui permet de produire des batteries de nouvelle g\u00e9n\u00e9ration dans plusieurs de ses filiales, notamment Prime Planet Energy Solution et Primeearth EV Energy. Elle comprend \u00e9galement l&#8217;autorisation de construire des batteries EV tout-solide.<\/p>\n<h3><strong>Contr\u00f4le Total de Primeearth EV Energy par Toyota<\/strong><\/h3>\n<p>\nToyota a pris le contr\u00f4le total de Primeearth EV Energy plus t\u00f4t cette ann\u00e9e, une ancienne coentreprise avec Panasonic. Ce changement vise \u00e0 permettre \u00e0 Toyota de r\u00e9pondre plus efficacement \u00e0 la demande croissante en batteries, selon l&#8217;entreprise.<\/p>\n<h3><strong>Planification et Production des Batteries EV<\/strong><\/h3>\n<p>\nToyota pr\u00e9voit de collaborer avec ses filiales pour produire en masse une gamme vari\u00e9e de batteries EV. Son plan de batteries EV d\u00e9voil\u00e9 l&#8217;ann\u00e9e derni\u00e8re inclut plusieurs types diff\u00e9rents. Les premi\u00e8res batteries \u00ab Performance \u00bb sont attendues pour 2026, tandis que celles destin\u00e9es \u00e0 la \u00ab Popularisation \u00bb devraient suivre d&#8217;ici fin 2027. Les batteries \u00ab Performance \u00bb offriront une autonomie de pr\u00e8s de 800 km WLTP, tandis que les batteries \u00ab Popularisation \u00bb auront une autonomie d&#8217;environ 600 km WLTP.<\/p>\n<h3><strong>Lancement des Batteries Haute Performance autour de 2028<\/strong><\/h3>\n<p>\n\u00c0 partir de 2028, Toyota pr\u00e9voit le lancement de ses batteries \u00ab Haute Performance \u00bb, offrant une autonomie de plus de 1 000 km WLTP et un temps de charge rapide de 20 minutes. Toyota a \u00e9galement annonc\u00e9 avoir r\u00e9alis\u00e9 une \u00ab perc\u00e9e technologique \u00bb avec ses batteries tout-solide, dont les premi\u00e8res devraient arriver autour de 2028, avec une autonomie de plus de 1 000 km WLTP et un temps de charge de 10 minutes.<\/p>\n<h3><strong>Objectifs de Production et Investissements<\/strong><\/h3>\n<p>\nLa production en s\u00e9rie des batteries EV de nouvelle g\u00e9n\u00e9ration (version Performance) commencera en 2026, avec un objectif de production annuelle de 9 GWh, bien que le calendrier pr\u00e9cis ne soit pas encore d\u00e9fini. Toyota, parmi d&#8217;autres entreprises japonaises, investit un total de 7 milliards de dollars (1 trillion de yens) pour augmenter la production domestique de batteries.<\/p>\n<h3><strong>Un Pas de G\u00e9ant pour R\u00e9duire la D\u00e9pendance \u00e0 la Chine<\/strong><\/h3>\n<p>\nL&#8217;approbation accord\u00e9e \u00e0 Toyota pour la production de batteries EV pourrait repr\u00e9senter un grand pas pour le Japon, cherchant \u00e0 diminuer sa d\u00e9pendance envers la Chine. N\u00e9anmoins, les batteries tout-solide de Toyota, promises depuis un certain temps, ne semblent pas arriver avant 2030. La mont\u00e9e en puissance de la production sera progressive, avec une production de masse envisag\u00e9e pour 2030 et au-del\u00e0.<\/p>\n<p>Avec des renseignements d&#8217;Electrek<\/p>\n<p>Le texte <a rel=\"nofollow\" href=\"https:\/\/annuelauto.ca\/toyota-met-sur-pied-son-projet-de-batteries-solides-au-japon\/\">Toyota met sur pied son projet de batteries solides au Japon<\/a> provient de <a rel=\"nofollow\" href=\"https:\/\/annuelauto.ca\">L&#8217;annuel de l&#8217;automobile &#8211; Actualit\u00e9 automobile<\/a><\/p>\n<p><\/p>\n","protected":false},"excerpt":{"rendered":"<p>Toyota a officiellement re\u00e7u l&#8217;approbation du minist\u00e8re japonais du Commerce et de l&#8217;Industrie (METI) pour d\u00e9velopper et fabriquer des batteries pour v\u00e9hicules \u00e9lectriques (EV) solide de nouvelle g\u00e9n\u00e9ration. Cette certification marque un tournant dans les ambitions de Toyota de renforcer l&#8217;approvisionnement domestique en batteries au Japon. Certification pour la Production de Batteries chez Plusieurs Filiales [&hellip;]<\/p>\n","protected":false},"author":8,"featured_media":172242,"comment_status":"close","ping_status":"closed","sticky":false,"template":"","format":"standard","meta":{"_monsterinsights_skip_tracking":false,"_monsterinsights_sitenote_active":false,"_monsterinsights_sitenote_note":"","_monsterinsights_sitenote_category":0,"footnotes":""},"categories":[101],"tags":[],"yoast_head":"<!-- This site is optimized with the Yoast SEO plugin v23.2 - https:\/\/yoast.com\/wordpress\/plugins\/seo\/ -->\n<title>Toyota met sur pied son projet de batteries solides au Japon - CanadaMotorJobs.com<\/title>\n<meta name=\"description\" content=\"Toyota met sur pied son projet de batteries solides au Japon - Benoit Charette - Annuel automobile - CanadaMotorJobs.com.\" \/>\n<meta name=\"robots\" content=\"index, follow, max-snippet:-1, max-image-preview:large, max-video-preview:-1\" \/>\n<meta property=\"og:locale\" content=\"fr_CA\" \/>\n<meta property=\"og:type\" content=\"article\" \/>\n<meta property=\"og:title\" content=\"Toyota met sur pied son projet de batteries solides au Japon - CanadaMotorJobs.com\" \/>\n<meta property=\"og:description\" content=\"Toyota met sur pied son projet de batteries solides au Japon - Benoit Charette - Annuel automobile - CanadaMotorJobs.com.\" \/>\n<meta property=\"og:url\" content=\"https:\/\/news.canadamotorjobs.com\/fr\/toyota-met-sur-pied-son-projet-de-batteries-solides-au-japon\/\" \/>\n<meta property=\"og:site_name\" content=\"CanadaMotorJobs.com\" \/>\n<meta property=\"article:publisher\" content=\"https:\/\/www.facebook.com\/canadamotorjobs\/\" \/>\n<meta property=\"article:published_time\" content=\"2024-09-10T11:08:38+00:00\" \/>\n<meta property=\"article:modified_time\" content=\"2024-09-10T11:14:21+00:00\" \/>\n<meta property=\"og:image\" content=\"https:\/\/news.canadamotorjobs.com\/wp-content\/uploads\/2024\/09\/1690794169458.jpg\" \/>\n\t<meta property=\"og:image:width\" content=\"1280\" \/>\n\t<meta property=\"og:image:height\" content=\"581\" \/>\n\t<meta property=\"og:image:type\" content=\"image\/jpeg\" \/>\n<meta name=\"author\" content=\"Benoit Charette\" \/>\n<meta name=\"twitter:card\" content=\"summary_large_image\" \/>\n<meta name=\"twitter:creator\" content=\"@canadamotorjobs\" \/>\n<meta name=\"twitter:site\" content=\"@canadamotorjobs\" \/>\n<meta name=\"twitter:label1\" content=\"\u00c9crit par\" \/>\n\t<meta name=\"twitter:data1\" content=\"Benoit Charette\" \/>\n\t<meta name=\"twitter:label2\" content=\"Estimation du temps de lecture\" \/>\n\t<meta name=\"twitter:data2\" content=\"2 minutes\" \/>\n<!-- \/ Yoast SEO plugin. -->","yoast_head_json":{"title":"Toyota met sur pied son projet de batteries solides au Japon - CanadaMotorJobs.com","description":"Toyota met sur pied son projet de batteries solides au Japon - Benoit Charette - Annuel automobile - CanadaMotorJobs.com.","robots":{"index":"index","follow":"follow","max-snippet":"max-snippet:-1","max-image-preview":"max-image-preview:large","max-video-preview":"max-video-preview:-1"},"og_locale":"fr_CA","og_type":"article","og_title":"Toyota met sur pied son projet de batteries solides au Japon - CanadaMotorJobs.com","og_description":"Toyota met sur pied son projet de batteries solides au Japon - Benoit Charette - Annuel automobile - CanadaMotorJobs.com.","og_url":"https:\/\/news.canadamotorjobs.com\/fr\/toyota-met-sur-pied-son-projet-de-batteries-solides-au-japon\/","og_site_name":"CanadaMotorJobs.com","article_publisher":"https:\/\/www.facebook.com\/canadamotorjobs\/","article_published_time":"2024-09-10T11:08:38+00:00","article_modified_time":"2024-09-10T11:14:21+00:00","og_image":[{"width":1280,"height":581,"url":"https:\/\/news.canadamotorjobs.com\/wp-content\/uploads\/2024\/09\/1690794169458.jpg","type":"image\/jpeg"}],"author":"Benoit Charette","twitter_card":"summary_large_image","twitter_creator":"@canadamotorjobs","twitter_site":"@canadamotorjobs","twitter_misc":{"\u00c9crit par":"Benoit Charette","Estimation du temps de lecture":"2 minutes"},"schema":{"@context":"https:\/\/schema.org","@graph":[{"@type":"Article","@id":"https:\/\/news.canadamotorjobs.com\/fr\/toyota-met-sur-pied-son-projet-de-batteries-solides-au-japon\/#article","isPartOf":{"@id":"https:\/\/news.canadamotorjobs.com\/fr\/toyota-met-sur-pied-son-projet-de-batteries-solides-au-japon\/"},"author":{"name":"Benoit Charette","@id":"https:\/\/news.canadamotorjobs.com\/#\/schema\/person\/51793d1f87d44011d7bcc2ed99269a90"},"headline":"Toyota met sur pied son projet de batteries solides au Japon","datePublished":"2024-09-10T11:08:38+00:00","dateModified":"2024-09-10T11:14:21+00:00","mainEntityOfPage":{"@id":"https:\/\/news.canadamotorjobs.com\/fr\/toyota-met-sur-pied-son-projet-de-batteries-solides-au-japon\/"},"wordCount":494,"publisher":{"@id":"https:\/\/news.canadamotorjobs.com\/#organization"},"image":{"@id":"https:\/\/news.canadamotorjobs.com\/fr\/toyota-met-sur-pied-son-projet-de-batteries-solides-au-japon\/#primaryimage"},"thumbnailUrl":"https:\/\/news.canadamotorjobs.com\/wp-content\/uploads\/2024\/09\/1690794169458.jpg","articleSection":["Annuel automobile"],"inLanguage":"fr-CA"},{"@type":"WebPage","@id":"https:\/\/news.canadamotorjobs.com\/fr\/toyota-met-sur-pied-son-projet-de-batteries-solides-au-japon\/","url":"https:\/\/news.canadamotorjobs.com\/fr\/toyota-met-sur-pied-son-projet-de-batteries-solides-au-japon\/","name":"Toyota met sur pied son projet de batteries solides au Japon - CanadaMotorJobs.com","isPartOf":{"@id":"https:\/\/news.canadamotorjobs.com\/#website"},"primaryImageOfPage":{"@id":"https:\/\/news.canadamotorjobs.com\/fr\/toyota-met-sur-pied-son-projet-de-batteries-solides-au-japon\/#primaryimage"},"image":{"@id":"https:\/\/news.canadamotorjobs.com\/fr\/toyota-met-sur-pied-son-projet-de-batteries-solides-au-japon\/#primaryimage"},"thumbnailUrl":"https:\/\/news.canadamotorjobs.com\/wp-content\/uploads\/2024\/09\/1690794169458.jpg","datePublished":"2024-09-10T11:08:38+00:00","dateModified":"2024-09-10T11:14:21+00:00","description":"Toyota met sur pied son projet de batteries solides au Japon - Benoit Charette - Annuel automobile - CanadaMotorJobs.com.","breadcrumb":{"@id":"https:\/\/news.canadamotorjobs.com\/fr\/toyota-met-sur-pied-son-projet-de-batteries-solides-au-japon\/#breadcrumb"},"inLanguage":"fr-CA","potentialAction":[{"@type":"ReadAction","target":["https:\/\/news.canadamotorjobs.com\/fr\/toyota-met-sur-pied-son-projet-de-batteries-solides-au-japon\/"]}]},{"@type":"ImageObject","inLanguage":"fr-CA","@id":"https:\/\/news.canadamotorjobs.com\/fr\/toyota-met-sur-pied-son-projet-de-batteries-solides-au-japon\/#primaryimage","url":"https:\/\/news.canadamotorjobs.com\/wp-content\/uploads\/2024\/09\/1690794169458.jpg","contentUrl":"https:\/\/news.canadamotorjobs.com\/wp-content\/uploads\/2024\/09\/1690794169458.jpg","width":1280,"height":581},{"@type":"BreadcrumbList","@id":"https:\/\/news.canadamotorjobs.com\/fr\/toyota-met-sur-pied-son-projet-de-batteries-solides-au-japon\/#breadcrumb","itemListElement":[{"@type":"ListItem","position":1,"name":"Home","item":"https:\/\/news.canadamotorjobs.com\/fr\/blog\/"},{"@type":"ListItem","position":2,"name":"Toyota met sur pied son projet de batteries solides au Japon"}]},{"@type":"WebSite","@id":"https:\/\/news.canadamotorjobs.com\/#website","url":"https:\/\/news.canadamotorjobs.com\/","name":"CanadaMotorJobs.com","description":"Automotive Jobs","publisher":{"@id":"https:\/\/news.canadamotorjobs.com\/#organization"},"potentialAction":[{"@type":"SearchAction","target":{"@type":"EntryPoint","urlTemplate":"https:\/\/news.canadamotorjobs.com\/?s={search_term_string}"},"query-input":"required name=search_term_string"}],"inLanguage":"fr-CA"},{"@type":"Organization","@id":"https:\/\/news.canadamotorjobs.com\/#organization","name":"Canada Motor Jobs","url":"https:\/\/news.canadamotorjobs.com\/","logo":{"@type":"ImageObject","inLanguage":"fr-CA","@id":"https:\/\/news.canadamotorjobs.com\/#\/schema\/logo\/image\/","url":"https:\/\/news.canadamotorjobs.com\/wp-content\/uploads\/2022\/10\/logo-canada-motor-jobs-1.png","contentUrl":"https:\/\/news.canadamotorjobs.com\/wp-content\/uploads\/2022\/10\/logo-canada-motor-jobs-1.png","width":800,"height":400,"caption":"Canada Motor Jobs"},"image":{"@id":"https:\/\/news.canadamotorjobs.com\/#\/schema\/logo\/image\/"},"sameAs":["https:\/\/www.facebook.com\/canadamotorjobs\/","https:\/\/x.com\/canadamotorjobs","https:\/\/www.instagram.com\/canadamotorjobs\/","https:\/\/www.linkedin.com\/company\/canadamotorjobs"]},{"@type":"Person","@id":"https:\/\/news.canadamotorjobs.com\/#\/schema\/person\/51793d1f87d44011d7bcc2ed99269a90","name":"Benoit Charette","image":{"@type":"ImageObject","inLanguage":"fr-CA","@id":"https:\/\/news.canadamotorjobs.com\/#\/schema\/person\/image\/","url":"https:\/\/secure.gravatar.com\/avatar\/45f3d2eebcccd909668d7ce7ea7267b6?s=96&d=mm&r=g","contentUrl":"https:\/\/secure.gravatar.com\/avatar\/45f3d2eebcccd909668d7ce7ea7267b6?s=96&d=mm&r=g","caption":"Benoit Charette"},"description":"Benoit Charette \/ Propri\u00e9taire et r\u00e9dacteur en chef Benoit Charette pratique le journalisme automobile depuis bient\u00f4t 30 ans. Il a fait ses classes au c\u00f4t\u00e9 de Daniel H\u00e9raud et au Carnet de route de 1992 \u00e0 2001. Il est fondateur, copropri\u00e9taire et r\u00e9dacteur en chef de L\u2019Annuel de l\u2019automobile, qu\u2019il publie depuis 2001. Il a anim\u00e9 les \u00e9missions RPM et RPM+ sur V et les L\u00e9gendes de la route sur Historia. \u00c0 la radio depuis 1986, il reprend l\u2019antenne cette ann\u00e9e sur les ondes de Cogeco et participe pour la deuxi\u00e8me ann\u00e9e \u00e0 l\u2019\u00e9mission Passion Auto sur RDS en plus de mettre en ligne le site Web officiel de L\u2019Annuel de l\u2019automobile sur annuelauto.ca.","sameAs":["https:\/\/annuelauto.ca\/"],"url":"https:\/\/news.canadamotorjobs.com\/fr\/author\/benoit-charette\/"}]}},"_links":{"self":[{"href":"https:\/\/news.canadamotorjobs.com\/fr\/wp-json\/wp\/v2\/posts\/172240"}],"collection":[{"href":"https:\/\/news.canadamotorjobs.com\/fr\/wp-json\/wp\/v2\/posts"}],"about":[{"href":"https:\/\/news.canadamotorjobs.com\/fr\/wp-json\/wp\/v2\/types\/post"}],"author":[{"embeddable":true,"href":"https:\/\/news.canadamotorjobs.com\/fr\/wp-json\/wp\/v2\/users\/8"}],"replies":[{"embeddable":true,"href":"https:\/\/news.canadamotorjobs.com\/fr\/wp-json\/wp\/v2\/comments?post=172240"}],"version-history":[{"count":2,"href":"https:\/\/news.canadamotorjobs.com\/fr\/wp-json\/wp\/v2\/posts\/172240\/revisions"}],"predecessor-version":[{"id":172244,"href":"https:\/\/news.canadamotorjobs.com\/fr\/wp-json\/wp\/v2\/posts\/172240\/revisions\/172244"}],"wp:featuredmedia":[{"embeddable":true,"href":"https:\/\/news.canadamotorjobs.com\/fr\/wp-json\/wp\/v2\/media\/172242"}],"wp:attachment":[{"href":"https:\/\/news.canadamotorjobs.com\/fr\/wp-json\/wp\/v2\/media?parent=172240"}],"wp:term":[{"taxonomy":"category","embeddable":true,"href":"https:\/\/news.canadamotorjobs.com\/fr\/wp-json\/wp\/v2\/categories?post=172240"},{"taxonomy":"post_tag","embeddable":true,"href":"https:\/\/news.canadamotorjobs.com\/fr\/wp-json\/wp\/v2\/tags?post=172240"}],"curies":[{"name":"wp","href":"https:\/\/api.w.org\/{rel}","templated":true}]}}