{"id":172209,"date":"2024-09-09T12:16:58","date_gmt":"2024-09-09T16:16:58","guid":{"rendered":"https:\/\/news.canadamotorjobs.com\/?p=172209"},"modified":"2024-09-09T12:29:31","modified_gmt":"2024-09-09T16:29:31","slug":"gmc-hummer-ev-vus","status":"publish","type":"post","link":"https:\/\/news.canadamotorjobs.com\/fr\/gmc-hummer-ev-vus\/","title":{"rendered":"GMC Hummer EV VUS"},"content":{"rendered":"<\/p>\n<p>Le GMC Hummer EV, c\u2019est le jouet pr\u00e9f\u00e9r\u00e9 de GM, celui qui fait r\u00eaver les curieux en concession avant qu\u2019ils ne repartent avec un Equinox ou un Blazer plus raisonnable. Ce mastodonte est la vitrine de la technologie Ultium de GM, cens\u00e9e r\u00e9volutionner l\u2019avenir \u00e9lectrique&#8230; si on met de c\u00f4t\u00e9 les rappels en s\u00e9rie et les ventes en pause. Malgr\u00e9 tout, le Hummer EV brille tel un phare dans la temp\u00eate, symbolisant un avenir \u00e9lectrique \u2013 ou, du moins, un \u00e9norme truc \u00e9lectrique qui ne passe pas inaper\u00e7u.<\/p>\n<h3><strong>Une forteresse moderne<\/strong><\/h3>\n<p>\nLe design du Hummer EV est aussi polarisant qu&#8217;un d\u00e9bat sur la place de l\u2019ananas sur la pizza. Certains l\u2019adorent, d\u2019autres le d\u00e9testent. Une chose est s\u00fbre : ce VUS impose. Massif, angulaire, il \u00e9voque un bloc de b\u00e9ton brut, taill\u00e9 \u00e0 la hache. C\u2019est la version mobile d\u2019un bunker, une d\u00e9claration d\u2019intimidation silencieuse. Bref, il crie \u00ab Je suis gros, je suis ici, et je n\u2019ai pas besoin de toi pour exister. \u00bb<\/p>\n<h3>Un habitacle plus pratique que luxueux<\/h3>\n<p>\n\u00c0 l\u2019int\u00e9rieur, c\u2019est un peu la d\u00e9ception. On s\u2019attend \u00e0 du luxe, mais on d\u00e9couvre un d\u00e9cor plus utilitaire que raffin\u00e9. Les si\u00e8ges sont envelopp\u00e9s de cuir, certes, mais tout respire une robustesse un peu rustique. Les commandes sont d\u00e9mesur\u00e9es, comme si GM s&#8217;\u00e9tait dit que ses clients piloteraient le Hummer en gants de ski. C\u2019est un peu l&#8217;ambiance \u00ab Je suis pr\u00eat pour l\u2019apocalypse, mais avec style. \u00bb<\/p>\n<h3><strong>Tout un arsenal num\u00e9rique<\/strong><\/h3>\n<p>\nNiveau techno, le Hummer EV fait dans le lourd : Android Auto, Apple CarPlay sans fil, Alexa, et des gadgets en pagaille. Il est blind\u00e9 de cam\u00e9ras, capteurs et donn\u00e9es, pr\u00eat \u00e0 cartographier Mars s\u2019il le fallait. Avec jusqu\u2019\u00e0 17 angles de vue disponibles, vous pouvez litt\u00e9ralement voir tout ce qui se passe autour de vous. C\u2019est presque angoissant, mais fascinant. Mention sp\u00e9ciale \u00e0 la direction des roues arri\u00e8re, qui r\u00e9duit le rayon de braquage \u00e0 celui d&#8217;une citadine. Paradoxe, vous dites ?<\/p>\n<h3><strong>Overdose de puissance<\/strong><\/h3>\n<p>\nTrois moteurs \u00e9lectriques, 830 chevaux, 1 206 lb-pi de couple. Oui, ce n\u2019est pas une faute de frappe. Le mode \u00ab Watts to Freedom \u00bb permet \u00e0 cette b\u00eate de 3,3 tonnes d\u2019atteindre le 0 \u00e0 100 km\/h en 3,5 secondes. C\u2019est du d\u00e9lire. Et si \u00e7a ne suffit pas, il y a aussi la suspension pneumatique r\u00e9glable, la fonction CrabWalk et un arsenal de gadgets tout-terrain. Ce Hummer, c\u2019est le Schwarzenegger des VUS. Il existe une version plus modeste avec deux moteurs \u00e9lectriques et un peu moins de force de frappe, mais une fois qu\u2019Mon a les deux mains dans l\u2019exc\u00e8s jusqu\u2019au coudes, pourquoi s\u2019arr\u00eat\u00e9 en si bon chemin.<\/p>\n<h3><strong>Paradoxe roulant<\/strong><\/h3>\n<p>\nSur la route, la suspension absorbe tout avec une douceur presque irr\u00e9elle, mais la direction vous rappelle \u00e0 chaque instant que vous \u00eates au volant d\u2019un mastodonte. Pourtant, un simple coup d\u2019acc\u00e9l\u00e9rateur et ce g\u00e9ant s\u2019\u00e9lance comme un f\u00e9lin. Avec ses quatre roues directrices, il braque comme une petite citadine. Oui, c\u2019est aussi dingue que \u00e7a en a l\u2019air. Avec ses 170 kWh, la batterie promet jusqu\u2019\u00e0 500 km d\u2019autonomie. En pratique, si vous \u00eates sage et que vous adoptez des strat\u00e9gies comme coller aux semi-remorques pour \u00e9conomiser de l&#8217;\u00e9nergie, vous arriverez \u00e0 atteindre les chiffres annonc\u00e9s. Mais, vous aurez de la peine \u00e0 rester tranquille au volant. Question recharge, ma recharge de niveau 2 de 50 amp\u00e8res \u00e0 mis 14 heures pour une recharge de 4 \u00e0 100 %. Vous oubliez la recharge de niveau 1et si vous voulez faire \u00e7a vite sur une recharge rapide, il faudra au minimum trouver une borne de 100 kw.<\/p>\n<h3><strong>Conclusion <\/strong><\/h3>\n<p>\nLe GMC Hummer EV, c\u2019est un peu comme une blague qu\u2019on ne comprend pas, mais qui reste l\u00e0, imposante. C\u2019est une r\u00e9ponse \u00e0 une question que personne n\u2019avait vraiment pos\u00e9e, mais qui existe, parce que pourquoi pas ? Il ne cherche pas \u00e0 \u00eatre pratique ou rationnel, il cherche juste \u00e0 \u00eatre \u00e9norme. Et pour ceux qui aiment \u00e7a, c\u2019est le jackpot.<\/p>\n<h3><strong>Forces<\/strong><\/h3>\n<p><\/p>\n<ul><\/p>\n<li>Incroyablement agile pour sa taille<\/li>\n<p><\/p>\n<li>Capable de tout affronter en tout-terrain<\/li>\n<p><\/p>\n<li>Gorg\u00e9 de technologie<\/li>\n<p>\n<\/ul>\n<p><\/p>\n<h3><strong>Faiblesses<\/strong><\/h3>\n<p><\/p>\n<ul><\/p>\n<li>Prix exorbitant<\/li>\n<p><\/p>\n<li>Aussi lourd qu\u2019un \u00e9l\u00e9phant<\/li>\n<p><\/p>\n<li>Pr\u00e9parez une \u00e9chelle pour monter \u00e0 bord<\/li>\n<p>\n<\/ul>\n<p>\n\u00a0<\/p>\n<p>Le texte <a rel=\"nofollow\" href=\"https:\/\/annuelauto.ca\/gmc-hummer-ev-vus\/\">GMC Hummer EV VUS<\/a> provient de <a rel=\"nofollow\" href=\"https:\/\/annuelauto.ca\">L&#8217;annuel de l&#8217;automobile &#8211; Actualit\u00e9 automobile<\/a><\/p>\n<p><\/p>\n","protected":false},"excerpt":{"rendered":"<p>Le GMC Hummer EV, c\u2019est le jouet pr\u00e9f\u00e9r\u00e9 de GM, celui qui fait r\u00eaver les curieux en concession avant qu\u2019ils ne repartent avec un Equinox ou un Blazer plus raisonnable. Ce mastodonte est la vitrine de la technologie Ultium de GM, cens\u00e9e r\u00e9volutionner l\u2019avenir \u00e9lectrique&#8230; si on met de c\u00f4t\u00e9 les rappels en s\u00e9rie et [&hellip;]<\/p>\n","protected":false},"author":8,"featured_media":172211,"comment_status":"close","ping_status":"closed","sticky":false,"template":"","format":"standard","meta":{"_monsterinsights_skip_tracking":false,"_monsterinsights_sitenote_active":false,"_monsterinsights_sitenote_note":"","_monsterinsights_sitenote_category":0,"footnotes":""},"categories":[101],"tags":[],"yoast_head":"<!-- This site is optimized with the Yoast SEO plugin v23.2 - https:\/\/yoast.com\/wordpress\/plugins\/seo\/ -->\n<title>GMC Hummer EV VUS - CanadaMotorJobs.com<\/title>\n<meta name=\"description\" content=\"GMC Hummer EV VUS - Benoit Charette - Annuel automobile - CanadaMotorJobs.com.\" \/>\n<meta name=\"robots\" content=\"index, follow, max-snippet:-1, max-image-preview:large, max-video-preview:-1\" \/>\n<meta property=\"og:locale\" content=\"fr_CA\" \/>\n<meta property=\"og:type\" content=\"article\" \/>\n<meta property=\"og:title\" content=\"GMC Hummer EV VUS - CanadaMotorJobs.com\" \/>\n<meta property=\"og:description\" content=\"GMC Hummer EV VUS - Benoit Charette - Annuel automobile - CanadaMotorJobs.com.\" \/>\n<meta property=\"og:url\" content=\"https:\/\/news.canadamotorjobs.com\/fr\/gmc-hummer-ev-vus\/\" \/>\n<meta property=\"og:site_name\" content=\"CanadaMotorJobs.com\" \/>\n<meta property=\"article:publisher\" content=\"https:\/\/www.facebook.com\/canadamotorjobs\/\" \/>\n<meta property=\"article:published_time\" content=\"2024-09-09T16:16:58+00:00\" \/>\n<meta property=\"article:modified_time\" content=\"2024-09-09T16:29:31+00:00\" \/>\n<meta property=\"og:image\" content=\"https:\/\/news.canadamotorjobs.com\/wp-content\/uploads\/2024\/09\/IMG_8327-scaled-1.jpg\" \/>\n\t<meta property=\"og:image:width\" content=\"2560\" \/>\n\t<meta property=\"og:image:height\" content=\"1920\" \/>\n\t<meta property=\"og:image:type\" content=\"image\/jpeg\" \/>\n<meta name=\"author\" content=\"Benoit Charette\" \/>\n<meta name=\"twitter:card\" content=\"summary_large_image\" \/>\n<meta name=\"twitter:creator\" content=\"@canadamotorjobs\" \/>\n<meta name=\"twitter:site\" content=\"@canadamotorjobs\" \/>\n<meta name=\"twitter:label1\" content=\"\u00c9crit par\" \/>\n\t<meta name=\"twitter:data1\" content=\"Benoit Charette\" \/>\n\t<meta name=\"twitter:label2\" content=\"Estimation du temps de lecture\" \/>\n\t<meta name=\"twitter:data2\" content=\"4 minutes\" \/>\n<!-- \/ Yoast SEO plugin. -->","yoast_head_json":{"title":"GMC Hummer EV VUS - CanadaMotorJobs.com","description":"GMC Hummer EV VUS - Benoit Charette - Annuel automobile - CanadaMotorJobs.com.","robots":{"index":"index","follow":"follow","max-snippet":"max-snippet:-1","max-image-preview":"max-image-preview:large","max-video-preview":"max-video-preview:-1"},"og_locale":"fr_CA","og_type":"article","og_title":"GMC Hummer EV VUS - CanadaMotorJobs.com","og_description":"GMC Hummer EV VUS - Benoit Charette - Annuel automobile - CanadaMotorJobs.com.","og_url":"https:\/\/news.canadamotorjobs.com\/fr\/gmc-hummer-ev-vus\/","og_site_name":"CanadaMotorJobs.com","article_publisher":"https:\/\/www.facebook.com\/canadamotorjobs\/","article_published_time":"2024-09-09T16:16:58+00:00","article_modified_time":"2024-09-09T16:29:31+00:00","og_image":[{"width":2560,"height":1920,"url":"https:\/\/news.canadamotorjobs.com\/wp-content\/uploads\/2024\/09\/IMG_8327-scaled-1.jpg","type":"image\/jpeg"}],"author":"Benoit Charette","twitter_card":"summary_large_image","twitter_creator":"@canadamotorjobs","twitter_site":"@canadamotorjobs","twitter_misc":{"\u00c9crit par":"Benoit Charette","Estimation du temps de lecture":"4 minutes"},"schema":{"@context":"https:\/\/schema.org","@graph":[{"@type":"Article","@id":"https:\/\/news.canadamotorjobs.com\/fr\/gmc-hummer-ev-vus\/#article","isPartOf":{"@id":"https:\/\/news.canadamotorjobs.com\/fr\/gmc-hummer-ev-vus\/"},"author":{"name":"Benoit Charette","@id":"https:\/\/news.canadamotorjobs.com\/#\/schema\/person\/51793d1f87d44011d7bcc2ed99269a90"},"headline":"GMC Hummer EV VUS","datePublished":"2024-09-09T16:16:58+00:00","dateModified":"2024-09-09T16:29:31+00:00","mainEntityOfPage":{"@id":"https:\/\/news.canadamotorjobs.com\/fr\/gmc-hummer-ev-vus\/"},"wordCount":757,"publisher":{"@id":"https:\/\/news.canadamotorjobs.com\/#organization"},"image":{"@id":"https:\/\/news.canadamotorjobs.com\/fr\/gmc-hummer-ev-vus\/#primaryimage"},"thumbnailUrl":"https:\/\/news.canadamotorjobs.com\/wp-content\/uploads\/2024\/09\/IMG_8327-scaled-1.jpg","articleSection":["Annuel automobile"],"inLanguage":"fr-CA"},{"@type":"WebPage","@id":"https:\/\/news.canadamotorjobs.com\/fr\/gmc-hummer-ev-vus\/","url":"https:\/\/news.canadamotorjobs.com\/fr\/gmc-hummer-ev-vus\/","name":"GMC Hummer EV VUS - CanadaMotorJobs.com","isPartOf":{"@id":"https:\/\/news.canadamotorjobs.com\/#website"},"primaryImageOfPage":{"@id":"https:\/\/news.canadamotorjobs.com\/fr\/gmc-hummer-ev-vus\/#primaryimage"},"image":{"@id":"https:\/\/news.canadamotorjobs.com\/fr\/gmc-hummer-ev-vus\/#primaryimage"},"thumbnailUrl":"https:\/\/news.canadamotorjobs.com\/wp-content\/uploads\/2024\/09\/IMG_8327-scaled-1.jpg","datePublished":"2024-09-09T16:16:58+00:00","dateModified":"2024-09-09T16:29:31+00:00","description":"GMC Hummer EV VUS - Benoit Charette - Annuel automobile - CanadaMotorJobs.com.","breadcrumb":{"@id":"https:\/\/news.canadamotorjobs.com\/fr\/gmc-hummer-ev-vus\/#breadcrumb"},"inLanguage":"fr-CA","potentialAction":[{"@type":"ReadAction","target":["https:\/\/news.canadamotorjobs.com\/fr\/gmc-hummer-ev-vus\/"]}]},{"@type":"ImageObject","inLanguage":"fr-CA","@id":"https:\/\/news.canadamotorjobs.com\/fr\/gmc-hummer-ev-vus\/#primaryimage","url":"https:\/\/news.canadamotorjobs.com\/wp-content\/uploads\/2024\/09\/IMG_8327-scaled-1.jpg","contentUrl":"https:\/\/news.canadamotorjobs.com\/wp-content\/uploads\/2024\/09\/IMG_8327-scaled-1.jpg","width":2560,"height":1920},{"@type":"BreadcrumbList","@id":"https:\/\/news.canadamotorjobs.com\/fr\/gmc-hummer-ev-vus\/#breadcrumb","itemListElement":[{"@type":"ListItem","position":1,"name":"Home","item":"https:\/\/news.canadamotorjobs.com\/fr\/blog\/"},{"@type":"ListItem","position":2,"name":"GMC Hummer EV VUS"}]},{"@type":"WebSite","@id":"https:\/\/news.canadamotorjobs.com\/#website","url":"https:\/\/news.canadamotorjobs.com\/","name":"CanadaMotorJobs.com","description":"Automotive Jobs","publisher":{"@id":"https:\/\/news.canadamotorjobs.com\/#organization"},"potentialAction":[{"@type":"SearchAction","target":{"@type":"EntryPoint","urlTemplate":"https:\/\/news.canadamotorjobs.com\/?s={search_term_string}"},"query-input":"required name=search_term_string"}],"inLanguage":"fr-CA"},{"@type":"Organization","@id":"https:\/\/news.canadamotorjobs.com\/#organization","name":"Canada Motor Jobs","url":"https:\/\/news.canadamotorjobs.com\/","logo":{"@type":"ImageObject","inLanguage":"fr-CA","@id":"https:\/\/news.canadamotorjobs.com\/#\/schema\/logo\/image\/","url":"https:\/\/news.canadamotorjobs.com\/wp-content\/uploads\/2022\/10\/logo-canada-motor-jobs-1.png","contentUrl":"https:\/\/news.canadamotorjobs.com\/wp-content\/uploads\/2022\/10\/logo-canada-motor-jobs-1.png","width":800,"height":400,"caption":"Canada Motor Jobs"},"image":{"@id":"https:\/\/news.canadamotorjobs.com\/#\/schema\/logo\/image\/"},"sameAs":["https:\/\/www.facebook.com\/canadamotorjobs\/","https:\/\/x.com\/canadamotorjobs","https:\/\/www.instagram.com\/canadamotorjobs\/","https:\/\/www.linkedin.com\/company\/canadamotorjobs"]},{"@type":"Person","@id":"https:\/\/news.canadamotorjobs.com\/#\/schema\/person\/51793d1f87d44011d7bcc2ed99269a90","name":"Benoit Charette","image":{"@type":"ImageObject","inLanguage":"fr-CA","@id":"https:\/\/news.canadamotorjobs.com\/#\/schema\/person\/image\/","url":"https:\/\/secure.gravatar.com\/avatar\/45f3d2eebcccd909668d7ce7ea7267b6?s=96&d=mm&r=g","contentUrl":"https:\/\/secure.gravatar.com\/avatar\/45f3d2eebcccd909668d7ce7ea7267b6?s=96&d=mm&r=g","caption":"Benoit Charette"},"description":"Benoit Charette \/ Propri\u00e9taire et r\u00e9dacteur en chef Benoit Charette pratique le journalisme automobile depuis bient\u00f4t 30 ans. Il a fait ses classes au c\u00f4t\u00e9 de Daniel H\u00e9raud et au Carnet de route de 1992 \u00e0 2001. Il est fondateur, copropri\u00e9taire et r\u00e9dacteur en chef de L\u2019Annuel de l\u2019automobile, qu\u2019il publie depuis 2001. Il a anim\u00e9 les \u00e9missions RPM et RPM+ sur V et les L\u00e9gendes de la route sur Historia. \u00c0 la radio depuis 1986, il reprend l\u2019antenne cette ann\u00e9e sur les ondes de Cogeco et participe pour la deuxi\u00e8me ann\u00e9e \u00e0 l\u2019\u00e9mission Passion Auto sur RDS en plus de mettre en ligne le site Web officiel de L\u2019Annuel de l\u2019automobile sur annuelauto.ca.","sameAs":["https:\/\/annuelauto.ca\/"],"url":"https:\/\/news.canadamotorjobs.com\/fr\/author\/benoit-charette\/"}]}},"_links":{"self":[{"href":"https:\/\/news.canadamotorjobs.com\/fr\/wp-json\/wp\/v2\/posts\/172209"}],"collection":[{"href":"https:\/\/news.canadamotorjobs.com\/fr\/wp-json\/wp\/v2\/posts"}],"about":[{"href":"https:\/\/news.canadamotorjobs.com\/fr\/wp-json\/wp\/v2\/types\/post"}],"author":[{"embeddable":true,"href":"https:\/\/news.canadamotorjobs.com\/fr\/wp-json\/wp\/v2\/users\/8"}],"replies":[{"embeddable":true,"href":"https:\/\/news.canadamotorjobs.com\/fr\/wp-json\/wp\/v2\/comments?post=172209"}],"version-history":[{"count":2,"href":"https:\/\/news.canadamotorjobs.com\/fr\/wp-json\/wp\/v2\/posts\/172209\/revisions"}],"predecessor-version":[{"id":172213,"href":"https:\/\/news.canadamotorjobs.com\/fr\/wp-json\/wp\/v2\/posts\/172209\/revisions\/172213"}],"wp:featuredmedia":[{"embeddable":true,"href":"https:\/\/news.canadamotorjobs.com\/fr\/wp-json\/wp\/v2\/media\/172211"}],"wp:attachment":[{"href":"https:\/\/news.canadamotorjobs.com\/fr\/wp-json\/wp\/v2\/media?parent=172209"}],"wp:term":[{"taxonomy":"category","embeddable":true,"href":"https:\/\/news.canadamotorjobs.com\/fr\/wp-json\/wp\/v2\/categories?post=172209"},{"taxonomy":"post_tag","embeddable":true,"href":"https:\/\/news.canadamotorjobs.com\/fr\/wp-json\/wp\/v2\/tags?post=172209"}],"curies":[{"name":"wp","href":"https:\/\/api.w.org\/{rel}","templated":true}]}}