{"id":172153,"date":"2024-09-08T15:37:00","date_gmt":"2024-09-08T19:37:00","guid":{"rendered":"https:\/\/news.canadamotorjobs.com\/?p=172153"},"modified":"2024-09-08T15:45:04","modified_gmt":"2024-09-08T19:45:04","slug":"les-60-ans-de-toyota-a-travers-le-canada-jour-9-de-waterloo-a-north-bay-en-ontario","status":"publish","type":"post","link":"https:\/\/news.canadamotorjobs.com\/fr\/les-60-ans-de-toyota-a-travers-le-canada-jour-9-de-waterloo-a-north-bay-en-ontario\/","title":{"rendered":"Les 60\u00a0ans de Toyota \u00e0 travers le Canada, Jour\u00a09\u00a0: de Waterloo \u00e0 North Bay, en Ontario"},"content":{"rendered":"<\/p>\n<p>Au menu pour la neuvi\u00e8me journ\u00e9e de route du p\u00e9riple de Toyota \u00e0 travers le Canada, effectu\u00e9 dans le cadre des c\u00e9l\u00e9brations entourant le 60<sup>e<\/sup>\u00a0anniversaire de sa pr\u00e9sence au pays, une visite de l\u2019usine de Cambridge, en Ontario, puis une escapade vers le nord de la province, avec un arr\u00eat plut\u00f4t inusit\u00e9 en cours de route.<\/p>\n<p>L\u2019usine de Cambridge a ouvert ses portes en 1988. Sur place, nous avons pu admirer la premi\u00e8re voiture fabriqu\u00e9e par Toyota \u00e0 cet endroit, une Corolla\u00a01989 qui est, \u00e9videmment, toujours flambant neuve. Le premier v\u00e9hicule Lexus assembl\u00e9 \u00e0 Cambridge, un RX\u00a02004 (le 26\u00a0septembre 2003) \u00e9tait flanqu\u00e9 \u00e0 ses c\u00f4t\u00e9s. Il s\u2019agit du premier mod\u00e8le de la marque de luxe \u00e0 avoir \u00e9t\u00e9 fabriqu\u00e9 \u00e0 l\u2019ext\u00e9rieur du Japon.<\/p>\n<p>D\u2019ailleurs, c\u2019est \u00e0 souligner, l\u2019usine canadienne de Toyota est reconnue \u00e0 travers le monde par l\u2019entreprise pour la grande qualit\u00e9 du travail qu\u2019elle accomplit.<\/p>\n<p>Les choses ont grandement \u00e9volu\u00e9 depuis et d\u2019autres mod\u00e8les se sont succ\u00e9d\u00e9 (Matrix et Solara) sur les cha\u00eenes de montage. Aujourd\u2019hui, ce sont les Lexus NX et RX qui d\u00e9filent devant les employ\u00e9s, mais aussi le Toyota\u00a0RAV4, le mod\u00e8le le plus vendu de l\u2019entreprise \u00e0 travers la plan\u00e8te, et au Canada bien s\u00fbr.<\/p>\n<p>On parle assur\u00e9ment des RAV4 profitant d\u2019un assemblage des plus rigoureux, car ils profitent des normes Lexus.<\/p>\n<p>La visite de l\u2019usine s\u2019est av\u00e9r\u00e9e int\u00e9ressante, mais elle ne nous a pas appris de nouvelles choses, outre le fait qu\u2019on travaille de fa\u00e7on tr\u00e8s ordonn\u00e9e chez Toyota.<\/p>\n<p>Nous avons cependant eu droit \u00e0 un petit moment \u00ab\u2009historique\u2009\u00bb, soit la greffe \u00e0 notre cort\u00e8ge du onze millioni\u00e8me v\u00e9hicule fabriqu\u00e9 par l\u2019usine depuis 35\u00a0ans, soit un Toyota\u00a0RAV4 fi\u00e8rement identifi\u00e9 pour l\u2019occasion. Ce dernier est tout frais sorti de l\u2019usine.<\/p>\n<p>Apr\u00e8s nos visites des diff\u00e9rentes installations de Toyota en Ontario, le temps \u00e9tait venu de faire un peu plus de kilom\u00e9trage, cette fois pour entreprendre une portion de route qui m\u2019\u00e9tait jusqu\u2019\u00e0 ce moment inconnue, soit le nord de l\u2019Ontario.<\/p>\n<p>Apr\u00e8s un arr\u00eat \u00e0 Deerhusrt pour casser la cro\u00fbte, nous nous sommes d\u00e9plac\u00e9s tout pr\u00e8s pour participer \u00e0 une aventure hors du commun pour tout chroniqueur automobile, soit l\u2019essai de v\u00e9hicules tout-terrain (VTT et autoquad biplace, que l\u2019on appelle commun\u00e9ment c\u00f4te \u00e0 c\u00f4te).<\/p>\n<p>Et quel est le lien avec Toyota\u2009? En fait, les mod\u00e8les essay\u00e9s \u00e9taient de marque Yamaha, une entreprise qui collabore \u00e9troitement avec le g\u00e9ant japonais depuis les ann\u00e9es\u00a060. Yamaha a souvent particip\u00e9 au d\u00e9veloppement de moteurs Toyota, que ce soit pour des mod\u00e8les de production ou des concepts. Le dernier en liste est l\u2019exotique LFA avec le moteur\u00a01LR-GUE, un V10 de 4,8\u00a0litres.<\/p>\n<p>Et, \u00e9videmment, on nous mentionnait \u00e0 quel point les propri\u00e9taires de camionnettes Tacoma et Tundra \u00e9taient d\u2019avides amateurs de plein air et que bien souvent, ils sortent des sentiers battus avec leurs jouets Yamaha (bien s\u00fbr).<\/p>\n<p>Votre humble serviteur a pour l\u2019occasion pris le volant d\u2019un autoquad biplace pour une premi\u00e8re fois, une exp\u00e9rience plut\u00f4t int\u00e9ressante.<\/p>\n<p>Une fois l\u2019exercice termin\u00e9, nous avons repris la route pour North Bay, le lieu de notre prochaine halte avant de nous lancer vers l\u2019Ouest, en direction de Winnipeg, avec des arr\u00eats \u00e0 Sault-Sainte Marie et \u00e0 Thunder Bay\u2026 et quantit\u00e9 d\u2019autres visites au menu.<\/p>\n<p>\u00a0<\/p>\n<p>La suite bient\u00f4t.<\/p>\n<p>\u00a0<\/p>\n<p>\u00a0<\/p>\n<p>\u00a0<\/p>\n<p>\u00a0<\/p>\n<p>\u00a0<\/p>\n<p>Le texte <a rel=\"nofollow\" href=\"https:\/\/annuelauto.ca\/les-60-ans-de-toyota-a-travers-le-canada-jour-9-de-waterloo-a-north-bay-en-ontario\/\">Les 60\u00a0ans de Toyota \u00e0 travers le Canada, Jour\u00a09\u00a0: de Waterloo \u00e0 North Bay, en Ontario<\/a> provient de <a rel=\"nofollow\" href=\"https:\/\/annuelauto.ca\">L&#8217;annuel de l&#8217;automobile &#8211; Actualit\u00e9 automobile<\/a><\/p>\n<p><\/p>\n","protected":false},"excerpt":{"rendered":"<p>Au menu pour la neuvi\u00e8me journ\u00e9e de route du p\u00e9riple de Toyota \u00e0 travers le Canada, effectu\u00e9 dans le cadre des c\u00e9l\u00e9brations entourant le 60e\u00a0anniversaire de sa pr\u00e9sence au pays, une visite de l\u2019usine de Cambridge, en Ontario, puis une escapade vers le nord de la province, avec un arr\u00eat plut\u00f4t inusit\u00e9 en cours de [&hellip;]<\/p>\n","protected":false},"author":8,"featured_media":172155,"comment_status":"close","ping_status":"closed","sticky":false,"template":"","format":"standard","meta":{"_monsterinsights_skip_tracking":false,"_monsterinsights_sitenote_active":false,"_monsterinsights_sitenote_note":"","_monsterinsights_sitenote_category":0,"footnotes":""},"categories":[101],"tags":[],"yoast_head":"<!-- This site is optimized with the Yoast SEO plugin v23.2 - https:\/\/yoast.com\/wordpress\/plugins\/seo\/ -->\n<title>Les 60\u00a0ans de Toyota \u00e0 travers le Canada, Jour\u00a09\u00a0: de Waterloo \u00e0 North Bay, en Ontario - CanadaMotorJobs.com<\/title>\n<meta name=\"description\" content=\"Les 60\u00a0ans de Toyota \u00e0 travers le Canada, Jour\u00a09\u00a0: de Waterloo \u00e0 North Bay, en Ontario - Benoit Charette - Annuel automobile - CanadaMotorJobs.com.\" \/>\n<meta name=\"robots\" content=\"index, follow, max-snippet:-1, max-image-preview:large, max-video-preview:-1\" \/>\n<meta property=\"og:locale\" content=\"fr_CA\" \/>\n<meta property=\"og:type\" content=\"article\" \/>\n<meta property=\"og:title\" content=\"Les 60\u00a0ans de Toyota \u00e0 travers le Canada, Jour\u00a09\u00a0: de Waterloo \u00e0 North Bay, en Ontario - CanadaMotorJobs.com\" \/>\n<meta property=\"og:description\" content=\"Les 60\u00a0ans de Toyota \u00e0 travers le Canada, Jour\u00a09\u00a0: de Waterloo \u00e0 North Bay, en Ontario - Benoit Charette - Annuel automobile - CanadaMotorJobs.com.\" \/>\n<meta property=\"og:url\" content=\"https:\/\/news.canadamotorjobs.com\/fr\/les-60-ans-de-toyota-a-travers-le-canada-jour-9-de-waterloo-a-north-bay-en-ontario\/\" \/>\n<meta property=\"og:site_name\" content=\"CanadaMotorJobs.com\" \/>\n<meta property=\"article:publisher\" content=\"https:\/\/www.facebook.com\/canadamotorjobs\/\" \/>\n<meta property=\"article:published_time\" content=\"2024-09-08T19:37:00+00:00\" \/>\n<meta property=\"article:modified_time\" content=\"2024-09-08T19:45:04+00:00\" \/>\n<meta property=\"og:image\" content=\"https:\/\/news.canadamotorjobs.com\/wp-content\/uploads\/2024\/09\/Toyota-Kanreki-Jour-9-01.jpg\" \/>\n\t<meta property=\"og:image:width\" content=\"2400\" \/>\n\t<meta property=\"og:image:height\" content=\"1800\" \/>\n\t<meta property=\"og:image:type\" content=\"image\/jpeg\" \/>\n<meta name=\"author\" content=\"Benoit Charette\" \/>\n<meta name=\"twitter:card\" content=\"summary_large_image\" \/>\n<meta name=\"twitter:creator\" content=\"@canadamotorjobs\" \/>\n<meta name=\"twitter:site\" content=\"@canadamotorjobs\" \/>\n<meta name=\"twitter:label1\" content=\"\u00c9crit par\" \/>\n\t<meta name=\"twitter:data1\" content=\"Benoit Charette\" \/>\n\t<meta name=\"twitter:label2\" content=\"Estimation du temps de lecture\" \/>\n\t<meta name=\"twitter:data2\" content=\"3 minutes\" \/>\n<!-- \/ Yoast SEO plugin. -->","yoast_head_json":{"title":"Les 60\u00a0ans de Toyota \u00e0 travers le Canada, Jour\u00a09\u00a0: de Waterloo \u00e0 North Bay, en Ontario - CanadaMotorJobs.com","description":"Les 60\u00a0ans de Toyota \u00e0 travers le Canada, Jour\u00a09\u00a0: de Waterloo \u00e0 North Bay, en Ontario - Benoit Charette - Annuel automobile - CanadaMotorJobs.com.","robots":{"index":"index","follow":"follow","max-snippet":"max-snippet:-1","max-image-preview":"max-image-preview:large","max-video-preview":"max-video-preview:-1"},"og_locale":"fr_CA","og_type":"article","og_title":"Les 60\u00a0ans de Toyota \u00e0 travers le Canada, Jour\u00a09\u00a0: de Waterloo \u00e0 North Bay, en Ontario - CanadaMotorJobs.com","og_description":"Les 60\u00a0ans de Toyota \u00e0 travers le Canada, Jour\u00a09\u00a0: de Waterloo \u00e0 North Bay, en Ontario - Benoit Charette - Annuel automobile - CanadaMotorJobs.com.","og_url":"https:\/\/news.canadamotorjobs.com\/fr\/les-60-ans-de-toyota-a-travers-le-canada-jour-9-de-waterloo-a-north-bay-en-ontario\/","og_site_name":"CanadaMotorJobs.com","article_publisher":"https:\/\/www.facebook.com\/canadamotorjobs\/","article_published_time":"2024-09-08T19:37:00+00:00","article_modified_time":"2024-09-08T19:45:04+00:00","og_image":[{"width":2400,"height":1800,"url":"https:\/\/news.canadamotorjobs.com\/wp-content\/uploads\/2024\/09\/Toyota-Kanreki-Jour-9-01.jpg","type":"image\/jpeg"}],"author":"Benoit Charette","twitter_card":"summary_large_image","twitter_creator":"@canadamotorjobs","twitter_site":"@canadamotorjobs","twitter_misc":{"\u00c9crit par":"Benoit Charette","Estimation du temps de lecture":"3 minutes"},"schema":{"@context":"https:\/\/schema.org","@graph":[{"@type":"Article","@id":"https:\/\/news.canadamotorjobs.com\/fr\/les-60-ans-de-toyota-a-travers-le-canada-jour-9-de-waterloo-a-north-bay-en-ontario\/#article","isPartOf":{"@id":"https:\/\/news.canadamotorjobs.com\/fr\/les-60-ans-de-toyota-a-travers-le-canada-jour-9-de-waterloo-a-north-bay-en-ontario\/"},"author":{"name":"Benoit Charette","@id":"https:\/\/news.canadamotorjobs.com\/#\/schema\/person\/51793d1f87d44011d7bcc2ed99269a90"},"headline":"Les 60\u00a0ans de Toyota \u00e0 travers le Canada, Jour\u00a09\u00a0: de Waterloo \u00e0 North Bay, en Ontario","datePublished":"2024-09-08T19:37:00+00:00","dateModified":"2024-09-08T19:45:04+00:00","mainEntityOfPage":{"@id":"https:\/\/news.canadamotorjobs.com\/fr\/les-60-ans-de-toyota-a-travers-le-canada-jour-9-de-waterloo-a-north-bay-en-ontario\/"},"wordCount":649,"publisher":{"@id":"https:\/\/news.canadamotorjobs.com\/#organization"},"image":{"@id":"https:\/\/news.canadamotorjobs.com\/fr\/les-60-ans-de-toyota-a-travers-le-canada-jour-9-de-waterloo-a-north-bay-en-ontario\/#primaryimage"},"thumbnailUrl":"https:\/\/news.canadamotorjobs.com\/wp-content\/uploads\/2024\/09\/Toyota-Kanreki-Jour-9-01.jpg","articleSection":["Annuel automobile"],"inLanguage":"fr-CA"},{"@type":"WebPage","@id":"https:\/\/news.canadamotorjobs.com\/fr\/les-60-ans-de-toyota-a-travers-le-canada-jour-9-de-waterloo-a-north-bay-en-ontario\/","url":"https:\/\/news.canadamotorjobs.com\/fr\/les-60-ans-de-toyota-a-travers-le-canada-jour-9-de-waterloo-a-north-bay-en-ontario\/","name":"Les 60\u00a0ans de Toyota \u00e0 travers le Canada, Jour\u00a09\u00a0: de Waterloo \u00e0 North Bay, en Ontario - CanadaMotorJobs.com","isPartOf":{"@id":"https:\/\/news.canadamotorjobs.com\/#website"},"primaryImageOfPage":{"@id":"https:\/\/news.canadamotorjobs.com\/fr\/les-60-ans-de-toyota-a-travers-le-canada-jour-9-de-waterloo-a-north-bay-en-ontario\/#primaryimage"},"image":{"@id":"https:\/\/news.canadamotorjobs.com\/fr\/les-60-ans-de-toyota-a-travers-le-canada-jour-9-de-waterloo-a-north-bay-en-ontario\/#primaryimage"},"thumbnailUrl":"https:\/\/news.canadamotorjobs.com\/wp-content\/uploads\/2024\/09\/Toyota-Kanreki-Jour-9-01.jpg","datePublished":"2024-09-08T19:37:00+00:00","dateModified":"2024-09-08T19:45:04+00:00","description":"Les 60\u00a0ans de Toyota \u00e0 travers le Canada, Jour\u00a09\u00a0: de Waterloo \u00e0 North Bay, en Ontario - Benoit Charette - Annuel automobile - CanadaMotorJobs.com.","breadcrumb":{"@id":"https:\/\/news.canadamotorjobs.com\/fr\/les-60-ans-de-toyota-a-travers-le-canada-jour-9-de-waterloo-a-north-bay-en-ontario\/#breadcrumb"},"inLanguage":"fr-CA","potentialAction":[{"@type":"ReadAction","target":["https:\/\/news.canadamotorjobs.com\/fr\/les-60-ans-de-toyota-a-travers-le-canada-jour-9-de-waterloo-a-north-bay-en-ontario\/"]}]},{"@type":"ImageObject","inLanguage":"fr-CA","@id":"https:\/\/news.canadamotorjobs.com\/fr\/les-60-ans-de-toyota-a-travers-le-canada-jour-9-de-waterloo-a-north-bay-en-ontario\/#primaryimage","url":"https:\/\/news.canadamotorjobs.com\/wp-content\/uploads\/2024\/09\/Toyota-Kanreki-Jour-9-01.jpg","contentUrl":"https:\/\/news.canadamotorjobs.com\/wp-content\/uploads\/2024\/09\/Toyota-Kanreki-Jour-9-01.jpg","width":2400,"height":1800},{"@type":"BreadcrumbList","@id":"https:\/\/news.canadamotorjobs.com\/fr\/les-60-ans-de-toyota-a-travers-le-canada-jour-9-de-waterloo-a-north-bay-en-ontario\/#breadcrumb","itemListElement":[{"@type":"ListItem","position":1,"name":"Home","item":"https:\/\/news.canadamotorjobs.com\/fr\/blog\/"},{"@type":"ListItem","position":2,"name":"Les 60\u00a0ans de Toyota \u00e0 travers le Canada, Jour\u00a09\u00a0: de Waterloo \u00e0 North Bay, en Ontario"}]},{"@type":"WebSite","@id":"https:\/\/news.canadamotorjobs.com\/#website","url":"https:\/\/news.canadamotorjobs.com\/","name":"CanadaMotorJobs.com","description":"Automotive Jobs","publisher":{"@id":"https:\/\/news.canadamotorjobs.com\/#organization"},"potentialAction":[{"@type":"SearchAction","target":{"@type":"EntryPoint","urlTemplate":"https:\/\/news.canadamotorjobs.com\/?s={search_term_string}"},"query-input":"required name=search_term_string"}],"inLanguage":"fr-CA"},{"@type":"Organization","@id":"https:\/\/news.canadamotorjobs.com\/#organization","name":"Canada Motor Jobs","url":"https:\/\/news.canadamotorjobs.com\/","logo":{"@type":"ImageObject","inLanguage":"fr-CA","@id":"https:\/\/news.canadamotorjobs.com\/#\/schema\/logo\/image\/","url":"https:\/\/news.canadamotorjobs.com\/wp-content\/uploads\/2022\/10\/logo-canada-motor-jobs-1.png","contentUrl":"https:\/\/news.canadamotorjobs.com\/wp-content\/uploads\/2022\/10\/logo-canada-motor-jobs-1.png","width":800,"height":400,"caption":"Canada Motor Jobs"},"image":{"@id":"https:\/\/news.canadamotorjobs.com\/#\/schema\/logo\/image\/"},"sameAs":["https:\/\/www.facebook.com\/canadamotorjobs\/","https:\/\/x.com\/canadamotorjobs","https:\/\/www.instagram.com\/canadamotorjobs\/","https:\/\/www.linkedin.com\/company\/canadamotorjobs"]},{"@type":"Person","@id":"https:\/\/news.canadamotorjobs.com\/#\/schema\/person\/51793d1f87d44011d7bcc2ed99269a90","name":"Benoit Charette","image":{"@type":"ImageObject","inLanguage":"fr-CA","@id":"https:\/\/news.canadamotorjobs.com\/#\/schema\/person\/image\/","url":"https:\/\/secure.gravatar.com\/avatar\/45f3d2eebcccd909668d7ce7ea7267b6?s=96&d=mm&r=g","contentUrl":"https:\/\/secure.gravatar.com\/avatar\/45f3d2eebcccd909668d7ce7ea7267b6?s=96&d=mm&r=g","caption":"Benoit Charette"},"description":"Benoit Charette \/ Propri\u00e9taire et r\u00e9dacteur en chef Benoit Charette pratique le journalisme automobile depuis bient\u00f4t 30 ans. Il a fait ses classes au c\u00f4t\u00e9 de Daniel H\u00e9raud et au Carnet de route de 1992 \u00e0 2001. Il est fondateur, copropri\u00e9taire et r\u00e9dacteur en chef de L\u2019Annuel de l\u2019automobile, qu\u2019il publie depuis 2001. Il a anim\u00e9 les \u00e9missions RPM et RPM+ sur V et les L\u00e9gendes de la route sur Historia. \u00c0 la radio depuis 1986, il reprend l\u2019antenne cette ann\u00e9e sur les ondes de Cogeco et participe pour la deuxi\u00e8me ann\u00e9e \u00e0 l\u2019\u00e9mission Passion Auto sur RDS en plus de mettre en ligne le site Web officiel de L\u2019Annuel de l\u2019automobile sur annuelauto.ca.","sameAs":["https:\/\/annuelauto.ca\/"],"url":"https:\/\/news.canadamotorjobs.com\/fr\/author\/benoit-charette\/"}]}},"_links":{"self":[{"href":"https:\/\/news.canadamotorjobs.com\/fr\/wp-json\/wp\/v2\/posts\/172153"}],"collection":[{"href":"https:\/\/news.canadamotorjobs.com\/fr\/wp-json\/wp\/v2\/posts"}],"about":[{"href":"https:\/\/news.canadamotorjobs.com\/fr\/wp-json\/wp\/v2\/types\/post"}],"author":[{"embeddable":true,"href":"https:\/\/news.canadamotorjobs.com\/fr\/wp-json\/wp\/v2\/users\/8"}],"replies":[{"embeddable":true,"href":"https:\/\/news.canadamotorjobs.com\/fr\/wp-json\/wp\/v2\/comments?post=172153"}],"version-history":[{"count":2,"href":"https:\/\/news.canadamotorjobs.com\/fr\/wp-json\/wp\/v2\/posts\/172153\/revisions"}],"predecessor-version":[{"id":172157,"href":"https:\/\/news.canadamotorjobs.com\/fr\/wp-json\/wp\/v2\/posts\/172153\/revisions\/172157"}],"wp:featuredmedia":[{"embeddable":true,"href":"https:\/\/news.canadamotorjobs.com\/fr\/wp-json\/wp\/v2\/media\/172155"}],"wp:attachment":[{"href":"https:\/\/news.canadamotorjobs.com\/fr\/wp-json\/wp\/v2\/media?parent=172153"}],"wp:term":[{"taxonomy":"category","embeddable":true,"href":"https:\/\/news.canadamotorjobs.com\/fr\/wp-json\/wp\/v2\/categories?post=172153"},{"taxonomy":"post_tag","embeddable":true,"href":"https:\/\/news.canadamotorjobs.com\/fr\/wp-json\/wp\/v2\/tags?post=172153"}],"curies":[{"name":"wp","href":"https:\/\/api.w.org\/{rel}","templated":true}]}}