{"id":172134,"date":"2024-09-07T09:39:33","date_gmt":"2024-09-07T13:39:33","guid":{"rendered":"https:\/\/news.canadamotorjobs.com\/?p=172134"},"modified":"2024-09-07T09:43:55","modified_gmt":"2024-09-07T13:43:55","slug":"toyota-reduit-sa-production-mondiale-de-vehicules-electriques-dun-tiers-pour-2026","status":"publish","type":"post","link":"https:\/\/news.canadamotorjobs.com\/fr\/toyota-reduit-sa-production-mondiale-de-vehicules-electriques-dun-tiers-pour-2026\/","title":{"rendered":"Toyota r\u00e9duit sa production mondiale de v\u00e9hicules \u00e9lectriques d\u2019un tiers pour 2026"},"content":{"rendered":"<\/p>\n<h3><strong>Toyota revoit \u00e0 la baisse ses objectifs pour 2026<\/strong><\/h3>\n<p>\nToyota Motor (7203.T) a annonc\u00e9 une r\u00e9duction de ses plans de production de v\u00e9hicules \u00e9lectriques (VE) pour 2026, les abaissant d&#8217;un tiers, selon le quotidien \u00e9conomique Nikkei. Le constructeur japonais, qui pr\u00e9voyait initialement de produire 1,5 million de VE en 2026, a d\u00e9sormais fix\u00e9 un objectif de 1 million d&#8217;unit\u00e9s, marquant ainsi un recul par rapport \u00e0 ses pr\u00e9visions initiales. Cette d\u00e9cision intervient alors que l&#8217;engouement mondial pour les v\u00e9hicules \u00e9lectriques semble s&#8217;essouffler.<\/p>\n<h3><strong>Une ambition inchang\u00e9e malgr\u00e9 une r\u00e9vision temporaire<\/strong><\/h3>\n<p>\nMalgr\u00e9 cette r\u00e9duction, Toyota affirme maintenir son objectif \u00e0 long terme de produire 1,5 million de VE par an d&#8217;ici 2026, avec une mont\u00e9e \u00e0 3,5 millions d&#8217;ici 2030. Le constructeur pr\u00e9cise cependant que ces chiffres doivent \u00eatre consid\u00e9r\u00e9s comme des &#8220;rep\u00e8res&#8221; pour les actionnaires, et non comme des cibles strictes.<\/p>\n<h3><strong>Toyota face \u00e0 un d\u00e9fi de taille<\/strong><\/h3>\n<p>\nProduire 1 million de VE par an constitue un d\u00e9fi consid\u00e9rable pour Toyota, qui a jusqu&#8217;\u00e0 pr\u00e9sent mis l&#8217;accent sur les v\u00e9hicules hybrides. En 2023, l&#8217;entreprise n&#8217;a vendu qu&#8217;environ 104 000 VE, ce qui ne repr\u00e9sente qu&#8217;environ 1% de ses ventes mondiales. Toyota, souvent per\u00e7u comme un leader dans le domaine des hybrides, se trouve donc dans une position d\u00e9licate alors que l&#8217;industrie automobile fait la transition vers l\u2019\u00e9lectrique.<\/p>\n<h3><strong>Le recul de l&#8217;\u00e9lectrification dans l&#8217;industrie automobile<\/strong><\/h3>\n<p>\nToyota n&#8217;est pas seul dans cette tendance. Cette m\u00eame semaine, le constructeur su\u00e9dois Volvo a annonc\u00e9 l\u2019abandon de son objectif de devenir enti\u00e8rement \u00e9lectrique d&#8217;ici 2030, optant plut\u00f4t pour une gamme comprenant encore des mod\u00e8les hybrides. Aux \u00c9tats-Unis, Ford et General Motors ont \u00e9galement retard\u00e9 ou annul\u00e9 le lancement de nouveaux mod\u00e8les \u00e9lectriques, craignant de trop investir dans des v\u00e9hicules que les consommateurs n&#8217;ach\u00e8tent pas aussi rapidement que pr\u00e9vu.<\/p>\n<p>Avec des renseignements de Reuters<\/p>\n<p>Le texte <a rel=\"nofollow\" href=\"https:\/\/annuelauto.ca\/toyota-reduit-sa-production-mondiale-de-vehicules-electriques-dun-tiers-pour-2026\/\">Toyota r\u00e9duit sa production mondiale de v\u00e9hicules \u00e9lectriques d\u2019un tiers pour 2026<\/a> provient de <a rel=\"nofollow\" href=\"https:\/\/annuelauto.ca\">L&#8217;annuel de l&#8217;automobile &#8211; Actualit\u00e9 automobile<\/a><\/p>\n<p><\/p>\n","protected":false},"excerpt":{"rendered":"<p>Toyota revoit \u00e0 la baisse ses objectifs pour 2026 Toyota Motor (7203.T) a annonc\u00e9 une r\u00e9duction de ses plans de production de v\u00e9hicules \u00e9lectriques (VE) pour 2026, les abaissant d&#8217;un tiers, selon le quotidien \u00e9conomique Nikkei. Le constructeur japonais, qui pr\u00e9voyait initialement de produire 1,5 million de VE en 2026, a d\u00e9sormais fix\u00e9 un objectif [&hellip;]<\/p>\n","protected":false},"author":8,"featured_media":172136,"comment_status":"close","ping_status":"closed","sticky":false,"template":"","format":"standard","meta":{"_monsterinsights_skip_tracking":false,"_monsterinsights_sitenote_active":false,"_monsterinsights_sitenote_note":"","_monsterinsights_sitenote_category":0,"footnotes":""},"categories":[101],"tags":[],"yoast_head":"<!-- This site is optimized with the Yoast SEO plugin v23.2 - https:\/\/yoast.com\/wordpress\/plugins\/seo\/ -->\n<title>Toyota r\u00e9duit sa production mondiale de v\u00e9hicules \u00e9lectriques d\u2019un tiers pour 2026 - CanadaMotorJobs.com<\/title>\n<meta name=\"description\" content=\"Toyota r\u00e9duit sa production mondiale de v\u00e9hicules \u00e9lectriques d\u2019un tiers pour 2026 - Benoit Charette - Annuel automobile - CanadaMotorJobs.com.\" \/>\n<meta name=\"robots\" content=\"index, follow, max-snippet:-1, max-image-preview:large, max-video-preview:-1\" \/>\n<meta property=\"og:locale\" content=\"fr_CA\" \/>\n<meta property=\"og:type\" content=\"article\" \/>\n<meta property=\"og:title\" content=\"Toyota r\u00e9duit sa production mondiale de v\u00e9hicules \u00e9lectriques d\u2019un tiers pour 2026 - CanadaMotorJobs.com\" \/>\n<meta property=\"og:description\" content=\"Toyota r\u00e9duit sa production mondiale de v\u00e9hicules \u00e9lectriques d\u2019un tiers pour 2026 - Benoit Charette - Annuel automobile - CanadaMotorJobs.com.\" \/>\n<meta property=\"og:url\" content=\"https:\/\/news.canadamotorjobs.com\/fr\/toyota-reduit-sa-production-mondiale-de-vehicules-electriques-dun-tiers-pour-2026\/\" \/>\n<meta property=\"og:site_name\" content=\"CanadaMotorJobs.com\" \/>\n<meta property=\"article:publisher\" content=\"https:\/\/www.facebook.com\/canadamotorjobs\/\" \/>\n<meta property=\"article:published_time\" content=\"2024-09-07T13:39:33+00:00\" \/>\n<meta property=\"article:modified_time\" content=\"2024-09-07T13:43:55+00:00\" \/>\n<meta property=\"og:image\" content=\"https:\/\/news.canadamotorjobs.com\/wp-content\/uploads\/2024\/09\/2023_bZ4X_Limited_AWD_SupersonicRed_008-1-1024x683-1.jpg\" \/>\n\t<meta property=\"og:image:width\" content=\"1024\" \/>\n\t<meta property=\"og:image:height\" content=\"683\" \/>\n\t<meta property=\"og:image:type\" content=\"image\/jpeg\" \/>\n<meta name=\"author\" content=\"Benoit Charette\" \/>\n<meta name=\"twitter:card\" content=\"summary_large_image\" \/>\n<meta name=\"twitter:creator\" content=\"@canadamotorjobs\" \/>\n<meta name=\"twitter:site\" content=\"@canadamotorjobs\" \/>\n<meta name=\"twitter:label1\" content=\"\u00c9crit par\" \/>\n\t<meta name=\"twitter:data1\" content=\"Benoit Charette\" \/>\n\t<meta name=\"twitter:label2\" content=\"Estimation du temps de lecture\" \/>\n\t<meta name=\"twitter:data2\" content=\"2 minutes\" \/>\n<!-- \/ Yoast SEO plugin. -->","yoast_head_json":{"title":"Toyota r\u00e9duit sa production mondiale de v\u00e9hicules \u00e9lectriques d\u2019un tiers pour 2026 - CanadaMotorJobs.com","description":"Toyota r\u00e9duit sa production mondiale de v\u00e9hicules \u00e9lectriques d\u2019un tiers pour 2026 - Benoit Charette - Annuel automobile - CanadaMotorJobs.com.","robots":{"index":"index","follow":"follow","max-snippet":"max-snippet:-1","max-image-preview":"max-image-preview:large","max-video-preview":"max-video-preview:-1"},"og_locale":"fr_CA","og_type":"article","og_title":"Toyota r\u00e9duit sa production mondiale de v\u00e9hicules \u00e9lectriques d\u2019un tiers pour 2026 - CanadaMotorJobs.com","og_description":"Toyota r\u00e9duit sa production mondiale de v\u00e9hicules \u00e9lectriques d\u2019un tiers pour 2026 - Benoit Charette - Annuel automobile - CanadaMotorJobs.com.","og_url":"https:\/\/news.canadamotorjobs.com\/fr\/toyota-reduit-sa-production-mondiale-de-vehicules-electriques-dun-tiers-pour-2026\/","og_site_name":"CanadaMotorJobs.com","article_publisher":"https:\/\/www.facebook.com\/canadamotorjobs\/","article_published_time":"2024-09-07T13:39:33+00:00","article_modified_time":"2024-09-07T13:43:55+00:00","og_image":[{"width":1024,"height":683,"url":"https:\/\/news.canadamotorjobs.com\/wp-content\/uploads\/2024\/09\/2023_bZ4X_Limited_AWD_SupersonicRed_008-1-1024x683-1.jpg","type":"image\/jpeg"}],"author":"Benoit Charette","twitter_card":"summary_large_image","twitter_creator":"@canadamotorjobs","twitter_site":"@canadamotorjobs","twitter_misc":{"\u00c9crit par":"Benoit Charette","Estimation du temps de lecture":"2 minutes"},"schema":{"@context":"https:\/\/schema.org","@graph":[{"@type":"Article","@id":"https:\/\/news.canadamotorjobs.com\/fr\/toyota-reduit-sa-production-mondiale-de-vehicules-electriques-dun-tiers-pour-2026\/#article","isPartOf":{"@id":"https:\/\/news.canadamotorjobs.com\/fr\/toyota-reduit-sa-production-mondiale-de-vehicules-electriques-dun-tiers-pour-2026\/"},"author":{"name":"Benoit Charette","@id":"https:\/\/news.canadamotorjobs.com\/#\/schema\/person\/51793d1f87d44011d7bcc2ed99269a90"},"headline":"Toyota r\u00e9duit sa production mondiale de v\u00e9hicules \u00e9lectriques d\u2019un tiers pour 2026","datePublished":"2024-09-07T13:39:33+00:00","dateModified":"2024-09-07T13:43:55+00:00","mainEntityOfPage":{"@id":"https:\/\/news.canadamotorjobs.com\/fr\/toyota-reduit-sa-production-mondiale-de-vehicules-electriques-dun-tiers-pour-2026\/"},"wordCount":368,"publisher":{"@id":"https:\/\/news.canadamotorjobs.com\/#organization"},"image":{"@id":"https:\/\/news.canadamotorjobs.com\/fr\/toyota-reduit-sa-production-mondiale-de-vehicules-electriques-dun-tiers-pour-2026\/#primaryimage"},"thumbnailUrl":"https:\/\/news.canadamotorjobs.com\/wp-content\/uploads\/2024\/09\/2023_bZ4X_Limited_AWD_SupersonicRed_008-1-1024x683-1.jpg","articleSection":["Annuel automobile"],"inLanguage":"fr-CA"},{"@type":"WebPage","@id":"https:\/\/news.canadamotorjobs.com\/fr\/toyota-reduit-sa-production-mondiale-de-vehicules-electriques-dun-tiers-pour-2026\/","url":"https:\/\/news.canadamotorjobs.com\/fr\/toyota-reduit-sa-production-mondiale-de-vehicules-electriques-dun-tiers-pour-2026\/","name":"Toyota r\u00e9duit sa production mondiale de v\u00e9hicules \u00e9lectriques d\u2019un tiers pour 2026 - CanadaMotorJobs.com","isPartOf":{"@id":"https:\/\/news.canadamotorjobs.com\/#website"},"primaryImageOfPage":{"@id":"https:\/\/news.canadamotorjobs.com\/fr\/toyota-reduit-sa-production-mondiale-de-vehicules-electriques-dun-tiers-pour-2026\/#primaryimage"},"image":{"@id":"https:\/\/news.canadamotorjobs.com\/fr\/toyota-reduit-sa-production-mondiale-de-vehicules-electriques-dun-tiers-pour-2026\/#primaryimage"},"thumbnailUrl":"https:\/\/news.canadamotorjobs.com\/wp-content\/uploads\/2024\/09\/2023_bZ4X_Limited_AWD_SupersonicRed_008-1-1024x683-1.jpg","datePublished":"2024-09-07T13:39:33+00:00","dateModified":"2024-09-07T13:43:55+00:00","description":"Toyota r\u00e9duit sa production mondiale de v\u00e9hicules \u00e9lectriques d\u2019un tiers pour 2026 - Benoit Charette - Annuel automobile - CanadaMotorJobs.com.","breadcrumb":{"@id":"https:\/\/news.canadamotorjobs.com\/fr\/toyota-reduit-sa-production-mondiale-de-vehicules-electriques-dun-tiers-pour-2026\/#breadcrumb"},"inLanguage":"fr-CA","potentialAction":[{"@type":"ReadAction","target":["https:\/\/news.canadamotorjobs.com\/fr\/toyota-reduit-sa-production-mondiale-de-vehicules-electriques-dun-tiers-pour-2026\/"]}]},{"@type":"ImageObject","inLanguage":"fr-CA","@id":"https:\/\/news.canadamotorjobs.com\/fr\/toyota-reduit-sa-production-mondiale-de-vehicules-electriques-dun-tiers-pour-2026\/#primaryimage","url":"https:\/\/news.canadamotorjobs.com\/wp-content\/uploads\/2024\/09\/2023_bZ4X_Limited_AWD_SupersonicRed_008-1-1024x683-1.jpg","contentUrl":"https:\/\/news.canadamotorjobs.com\/wp-content\/uploads\/2024\/09\/2023_bZ4X_Limited_AWD_SupersonicRed_008-1-1024x683-1.jpg","width":1024,"height":683},{"@type":"BreadcrumbList","@id":"https:\/\/news.canadamotorjobs.com\/fr\/toyota-reduit-sa-production-mondiale-de-vehicules-electriques-dun-tiers-pour-2026\/#breadcrumb","itemListElement":[{"@type":"ListItem","position":1,"name":"Home","item":"https:\/\/news.canadamotorjobs.com\/fr\/blog\/"},{"@type":"ListItem","position":2,"name":"Toyota r\u00e9duit sa production mondiale de v\u00e9hicules \u00e9lectriques d\u2019un tiers pour 2026"}]},{"@type":"WebSite","@id":"https:\/\/news.canadamotorjobs.com\/#website","url":"https:\/\/news.canadamotorjobs.com\/","name":"CanadaMotorJobs.com","description":"Automotive Jobs","publisher":{"@id":"https:\/\/news.canadamotorjobs.com\/#organization"},"potentialAction":[{"@type":"SearchAction","target":{"@type":"EntryPoint","urlTemplate":"https:\/\/news.canadamotorjobs.com\/?s={search_term_string}"},"query-input":"required name=search_term_string"}],"inLanguage":"fr-CA"},{"@type":"Organization","@id":"https:\/\/news.canadamotorjobs.com\/#organization","name":"Canada Motor Jobs","url":"https:\/\/news.canadamotorjobs.com\/","logo":{"@type":"ImageObject","inLanguage":"fr-CA","@id":"https:\/\/news.canadamotorjobs.com\/#\/schema\/logo\/image\/","url":"https:\/\/news.canadamotorjobs.com\/wp-content\/uploads\/2022\/10\/logo-canada-motor-jobs-1.png","contentUrl":"https:\/\/news.canadamotorjobs.com\/wp-content\/uploads\/2022\/10\/logo-canada-motor-jobs-1.png","width":800,"height":400,"caption":"Canada Motor Jobs"},"image":{"@id":"https:\/\/news.canadamotorjobs.com\/#\/schema\/logo\/image\/"},"sameAs":["https:\/\/www.facebook.com\/canadamotorjobs\/","https:\/\/x.com\/canadamotorjobs","https:\/\/www.instagram.com\/canadamotorjobs\/","https:\/\/www.linkedin.com\/company\/canadamotorjobs"]},{"@type":"Person","@id":"https:\/\/news.canadamotorjobs.com\/#\/schema\/person\/51793d1f87d44011d7bcc2ed99269a90","name":"Benoit Charette","image":{"@type":"ImageObject","inLanguage":"fr-CA","@id":"https:\/\/news.canadamotorjobs.com\/#\/schema\/person\/image\/","url":"https:\/\/secure.gravatar.com\/avatar\/45f3d2eebcccd909668d7ce7ea7267b6?s=96&d=mm&r=g","contentUrl":"https:\/\/secure.gravatar.com\/avatar\/45f3d2eebcccd909668d7ce7ea7267b6?s=96&d=mm&r=g","caption":"Benoit Charette"},"description":"Benoit Charette \/ Propri\u00e9taire et r\u00e9dacteur en chef Benoit Charette pratique le journalisme automobile depuis bient\u00f4t 30 ans. Il a fait ses classes au c\u00f4t\u00e9 de Daniel H\u00e9raud et au Carnet de route de 1992 \u00e0 2001. Il est fondateur, copropri\u00e9taire et r\u00e9dacteur en chef de L\u2019Annuel de l\u2019automobile, qu\u2019il publie depuis 2001. Il a anim\u00e9 les \u00e9missions RPM et RPM+ sur V et les L\u00e9gendes de la route sur Historia. \u00c0 la radio depuis 1986, il reprend l\u2019antenne cette ann\u00e9e sur les ondes de Cogeco et participe pour la deuxi\u00e8me ann\u00e9e \u00e0 l\u2019\u00e9mission Passion Auto sur RDS en plus de mettre en ligne le site Web officiel de L\u2019Annuel de l\u2019automobile sur annuelauto.ca.","sameAs":["https:\/\/annuelauto.ca\/"],"url":"https:\/\/news.canadamotorjobs.com\/fr\/author\/benoit-charette\/"}]}},"_links":{"self":[{"href":"https:\/\/news.canadamotorjobs.com\/fr\/wp-json\/wp\/v2\/posts\/172134"}],"collection":[{"href":"https:\/\/news.canadamotorjobs.com\/fr\/wp-json\/wp\/v2\/posts"}],"about":[{"href":"https:\/\/news.canadamotorjobs.com\/fr\/wp-json\/wp\/v2\/types\/post"}],"author":[{"embeddable":true,"href":"https:\/\/news.canadamotorjobs.com\/fr\/wp-json\/wp\/v2\/users\/8"}],"replies":[{"embeddable":true,"href":"https:\/\/news.canadamotorjobs.com\/fr\/wp-json\/wp\/v2\/comments?post=172134"}],"version-history":[{"count":2,"href":"https:\/\/news.canadamotorjobs.com\/fr\/wp-json\/wp\/v2\/posts\/172134\/revisions"}],"predecessor-version":[{"id":172138,"href":"https:\/\/news.canadamotorjobs.com\/fr\/wp-json\/wp\/v2\/posts\/172134\/revisions\/172138"}],"wp:featuredmedia":[{"embeddable":true,"href":"https:\/\/news.canadamotorjobs.com\/fr\/wp-json\/wp\/v2\/media\/172136"}],"wp:attachment":[{"href":"https:\/\/news.canadamotorjobs.com\/fr\/wp-json\/wp\/v2\/media?parent=172134"}],"wp:term":[{"taxonomy":"category","embeddable":true,"href":"https:\/\/news.canadamotorjobs.com\/fr\/wp-json\/wp\/v2\/categories?post=172134"},{"taxonomy":"post_tag","embeddable":true,"href":"https:\/\/news.canadamotorjobs.com\/fr\/wp-json\/wp\/v2\/tags?post=172134"}],"curies":[{"name":"wp","href":"https:\/\/api.w.org\/{rel}","templated":true}]}}