{"id":172107,"date":"2024-09-07T09:28:01","date_gmt":"2024-09-07T13:28:01","guid":{"rendered":"https:\/\/news.canadamotorjobs.com\/?p=172107"},"modified":"2024-09-07T09:29:05","modified_gmt":"2024-09-07T13:29:05","slug":"un-rappel-de-146-million-de-vehicules-chez-stellantis","status":"publish","type":"post","link":"https:\/\/news.canadamotorjobs.com\/fr\/un-rappel-de-146-million-de-vehicules-chez-stellantis\/","title":{"rendered":"Un rappel de 1,46 million de v\u00e9hicules chez Stellantis"},"content":{"rendered":"<\/p>\n<p>Le groupe Stellantis, maison m\u00e8re de Chrysler, a annonc\u00e9 ce samedi un rappel de 1,46 million de v\u00e9hicules \u00e0 travers le monde en raison d\u2019un dysfonctionnement logiciel dans le syst\u00e8me de freinage antiblocage (ABS), pouvant entra\u00eener une augmentation du risque d&#8217;accidents. Aux \u00c9tats-Unis, ce rappel concerne environ 1,23 million de camions Ram 1500, des mod\u00e8les produits entre 2019 et 2024, ainsi que 159 000 v\u00e9hicules au Canada, 13 000 au Mexique, et 61 000 hors Am\u00e9rique du Nord.<\/p>\n<h3>Un non-Respect des Normes de S\u00e9curit\u00e9<\/h3>\n<p>\nSelon la <strong>National Highway Traffic Safety Administration (NHTSA)<\/strong>, ce dysfonctionnement du logiciel pourrait d\u00e9sactiver le syst\u00e8me de contr\u00f4le \u00e9lectronique de la stabilit\u00e9 (ESC), rendant ainsi les v\u00e9hicules non conformes aux normes f\u00e9d\u00e9rales de s\u00e9curit\u00e9 sur les syst\u00e8mes de contr\u00f4le de la stabilit\u00e9 \u00e9lectronique.<\/p>\n<h3>Quels Sont les Sympt\u00f4mes ?<\/h3>\n<p>\nStellantis a pr\u00e9cis\u00e9 que si le probl\u00e8me survenait, les voyants de l&#8217;ABS, de l&#8217;ESC, du r\u00e9gulateur de vitesse adaptatif et de l&#8217;alerte de collision avant s&#8217;allumeraient au d\u00e9marrage du v\u00e9hicule, indiquant que ces syst\u00e8mes ne fonctionnent pas. Cependant, <strong>le freinage de base<\/strong> continuerait de fonctionner correctement, a ajout\u00e9 la compagnie.<\/p>\n<h3>Aucune Blessure Signal\u00e9e<\/h3>\n<p>\n\u00c0 ce jour, Stellantis a assur\u00e9 n\u2019avoir recens\u00e9 <strong>aucun accident ni blessure<\/strong> li\u00e9s \u00e0 ce probl\u00e8me.<\/p>\n<h3>Un Deuxi\u00e8me Rappel Concerne Les Jeep Gladiator et Wrangler<\/h3>\n<p>\nEn parall\u00e8le, Stellantis a \u00e9galement annonc\u00e9 le rappel d&#8217;environ 33 000 mod\u00e8les Jeep Gladiator (2020-2024) et Jeep Wrangler (2018-2024), en raison d&#8217;un risque de court-circuit interne dans le tableau de bord.<\/p>\n<h3>Conclusion<\/h3>\n<p>\nAvec ces rappels massifs, Stellantis prend des mesures pr\u00e9ventives pour assurer la s\u00e9curit\u00e9 des conducteurs et se conformer aux r\u00e9glementations en vigueur. Si vous poss\u00e9dez un mod\u00e8le concern\u00e9, il est fortement recommand\u00e9 de contacter votre concessionnaire pour une mise \u00e0 jour ou une inspection gratuite.<\/p>\n<p>Avec des renseignements de Reuters<\/p>\n<p>Le texte <a rel=\"nofollow\" href=\"https:\/\/annuelauto.ca\/un-rappel-de-146-million-de-vehicules-chez-stellantis\/\">Un rappel de 1,46 million de v\u00e9hicules chez Stellantis<\/a> provient de <a rel=\"nofollow\" href=\"https:\/\/annuelauto.ca\">L&#8217;annuel de l&#8217;automobile &#8211; Actualit\u00e9 automobile<\/a><\/p>\n<p><\/p>\n","protected":false},"excerpt":{"rendered":"<p>Le groupe Stellantis, maison m\u00e8re de Chrysler, a annonc\u00e9 ce samedi un rappel de 1,46 million de v\u00e9hicules \u00e0 travers le monde en raison d\u2019un dysfonctionnement logiciel dans le syst\u00e8me de freinage antiblocage (ABS), pouvant entra\u00eener une augmentation du risque d&#8217;accidents. Aux \u00c9tats-Unis, ce rappel concerne environ 1,23 million de camions Ram 1500, des mod\u00e8les [&hellip;]<\/p>\n","protected":false},"author":8,"featured_media":172109,"comment_status":"close","ping_status":"closed","sticky":false,"template":"","format":"standard","meta":{"_monsterinsights_skip_tracking":false,"_monsterinsights_sitenote_active":false,"_monsterinsights_sitenote_note":"","_monsterinsights_sitenote_category":0,"footnotes":""},"categories":[101],"tags":[],"yoast_head":"<!-- This site is optimized with the Yoast SEO plugin v23.2 - https:\/\/yoast.com\/wordpress\/plugins\/seo\/ -->\n<title>Un rappel de 1,46 million de v\u00e9hicules chez Stellantis - CanadaMotorJobs.com<\/title>\n<meta name=\"description\" content=\"Un rappel de 1,46 million de v\u00e9hicules chez Stellantis - Benoit Charette - Annuel automobile - CanadaMotorJobs.com.\" \/>\n<meta name=\"robots\" content=\"index, follow, max-snippet:-1, max-image-preview:large, max-video-preview:-1\" \/>\n<meta property=\"og:locale\" content=\"fr_CA\" \/>\n<meta property=\"og:type\" content=\"article\" \/>\n<meta property=\"og:title\" content=\"Un rappel de 1,46 million de v\u00e9hicules chez Stellantis - CanadaMotorJobs.com\" \/>\n<meta property=\"og:description\" content=\"Un rappel de 1,46 million de v\u00e9hicules chez Stellantis - Benoit Charette - Annuel automobile - CanadaMotorJobs.com.\" \/>\n<meta property=\"og:url\" content=\"https:\/\/news.canadamotorjobs.com\/fr\/un-rappel-de-146-million-de-vehicules-chez-stellantis\/\" \/>\n<meta property=\"og:site_name\" content=\"CanadaMotorJobs.com\" \/>\n<meta property=\"article:publisher\" content=\"https:\/\/www.facebook.com\/canadamotorjobs\/\" \/>\n<meta property=\"article:published_time\" content=\"2024-09-07T13:28:01+00:00\" \/>\n<meta property=\"article:modified_time\" content=\"2024-09-07T13:29:05+00:00\" \/>\n<meta property=\"og:image\" content=\"https:\/\/news.canadamotorjobs.com\/wp-content\/uploads\/2024\/09\/secondaire-1.jpg\" \/>\n\t<meta property=\"og:image:width\" content=\"1920\" \/>\n\t<meta property=\"og:image:height\" content=\"1200\" \/>\n\t<meta property=\"og:image:type\" content=\"image\/jpeg\" \/>\n<meta name=\"author\" content=\"Benoit Charette\" \/>\n<meta name=\"twitter:card\" content=\"summary_large_image\" \/>\n<meta name=\"twitter:creator\" content=\"@canadamotorjobs\" \/>\n<meta name=\"twitter:site\" content=\"@canadamotorjobs\" \/>\n<meta name=\"twitter:label1\" content=\"\u00c9crit par\" \/>\n\t<meta name=\"twitter:data1\" content=\"Benoit Charette\" \/>\n\t<meta name=\"twitter:label2\" content=\"Estimation du temps de lecture\" \/>\n\t<meta name=\"twitter:data2\" content=\"2 minutes\" \/>\n<!-- \/ Yoast SEO plugin. -->","yoast_head_json":{"title":"Un rappel de 1,46 million de v\u00e9hicules chez Stellantis - CanadaMotorJobs.com","description":"Un rappel de 1,46 million de v\u00e9hicules chez Stellantis - Benoit Charette - Annuel automobile - CanadaMotorJobs.com.","robots":{"index":"index","follow":"follow","max-snippet":"max-snippet:-1","max-image-preview":"max-image-preview:large","max-video-preview":"max-video-preview:-1"},"og_locale":"fr_CA","og_type":"article","og_title":"Un rappel de 1,46 million de v\u00e9hicules chez Stellantis - CanadaMotorJobs.com","og_description":"Un rappel de 1,46 million de v\u00e9hicules chez Stellantis - Benoit Charette - Annuel automobile - CanadaMotorJobs.com.","og_url":"https:\/\/news.canadamotorjobs.com\/fr\/un-rappel-de-146-million-de-vehicules-chez-stellantis\/","og_site_name":"CanadaMotorJobs.com","article_publisher":"https:\/\/www.facebook.com\/canadamotorjobs\/","article_published_time":"2024-09-07T13:28:01+00:00","article_modified_time":"2024-09-07T13:29:05+00:00","og_image":[{"width":1920,"height":1200,"url":"https:\/\/news.canadamotorjobs.com\/wp-content\/uploads\/2024\/09\/secondaire-1.jpg","type":"image\/jpeg"}],"author":"Benoit Charette","twitter_card":"summary_large_image","twitter_creator":"@canadamotorjobs","twitter_site":"@canadamotorjobs","twitter_misc":{"\u00c9crit par":"Benoit Charette","Estimation du temps de lecture":"2 minutes"},"schema":{"@context":"https:\/\/schema.org","@graph":[{"@type":"Article","@id":"https:\/\/news.canadamotorjobs.com\/fr\/un-rappel-de-146-million-de-vehicules-chez-stellantis\/#article","isPartOf":{"@id":"https:\/\/news.canadamotorjobs.com\/fr\/un-rappel-de-146-million-de-vehicules-chez-stellantis\/"},"author":{"name":"Benoit Charette","@id":"https:\/\/news.canadamotorjobs.com\/#\/schema\/person\/51793d1f87d44011d7bcc2ed99269a90"},"headline":"Un rappel de 1,46 million de v\u00e9hicules chez Stellantis","datePublished":"2024-09-07T13:28:01+00:00","dateModified":"2024-09-07T13:29:05+00:00","mainEntityOfPage":{"@id":"https:\/\/news.canadamotorjobs.com\/fr\/un-rappel-de-146-million-de-vehicules-chez-stellantis\/"},"wordCount":347,"publisher":{"@id":"https:\/\/news.canadamotorjobs.com\/#organization"},"image":{"@id":"https:\/\/news.canadamotorjobs.com\/fr\/un-rappel-de-146-million-de-vehicules-chez-stellantis\/#primaryimage"},"thumbnailUrl":"https:\/\/news.canadamotorjobs.com\/wp-content\/uploads\/2024\/09\/secondaire-1.jpg","articleSection":["Annuel automobile"],"inLanguage":"fr-CA"},{"@type":"WebPage","@id":"https:\/\/news.canadamotorjobs.com\/fr\/un-rappel-de-146-million-de-vehicules-chez-stellantis\/","url":"https:\/\/news.canadamotorjobs.com\/fr\/un-rappel-de-146-million-de-vehicules-chez-stellantis\/","name":"Un rappel de 1,46 million de v\u00e9hicules chez Stellantis - CanadaMotorJobs.com","isPartOf":{"@id":"https:\/\/news.canadamotorjobs.com\/#website"},"primaryImageOfPage":{"@id":"https:\/\/news.canadamotorjobs.com\/fr\/un-rappel-de-146-million-de-vehicules-chez-stellantis\/#primaryimage"},"image":{"@id":"https:\/\/news.canadamotorjobs.com\/fr\/un-rappel-de-146-million-de-vehicules-chez-stellantis\/#primaryimage"},"thumbnailUrl":"https:\/\/news.canadamotorjobs.com\/wp-content\/uploads\/2024\/09\/secondaire-1.jpg","datePublished":"2024-09-07T13:28:01+00:00","dateModified":"2024-09-07T13:29:05+00:00","description":"Un rappel de 1,46 million de v\u00e9hicules chez Stellantis - Benoit Charette - Annuel automobile - CanadaMotorJobs.com.","breadcrumb":{"@id":"https:\/\/news.canadamotorjobs.com\/fr\/un-rappel-de-146-million-de-vehicules-chez-stellantis\/#breadcrumb"},"inLanguage":"fr-CA","potentialAction":[{"@type":"ReadAction","target":["https:\/\/news.canadamotorjobs.com\/fr\/un-rappel-de-146-million-de-vehicules-chez-stellantis\/"]}]},{"@type":"ImageObject","inLanguage":"fr-CA","@id":"https:\/\/news.canadamotorjobs.com\/fr\/un-rappel-de-146-million-de-vehicules-chez-stellantis\/#primaryimage","url":"https:\/\/news.canadamotorjobs.com\/wp-content\/uploads\/2024\/09\/secondaire-1.jpg","contentUrl":"https:\/\/news.canadamotorjobs.com\/wp-content\/uploads\/2024\/09\/secondaire-1.jpg","width":1920,"height":1200},{"@type":"BreadcrumbList","@id":"https:\/\/news.canadamotorjobs.com\/fr\/un-rappel-de-146-million-de-vehicules-chez-stellantis\/#breadcrumb","itemListElement":[{"@type":"ListItem","position":1,"name":"Home","item":"https:\/\/news.canadamotorjobs.com\/fr\/blog\/"},{"@type":"ListItem","position":2,"name":"Un rappel de 1,46 million de v\u00e9hicules chez Stellantis"}]},{"@type":"WebSite","@id":"https:\/\/news.canadamotorjobs.com\/#website","url":"https:\/\/news.canadamotorjobs.com\/","name":"CanadaMotorJobs.com","description":"Automotive Jobs","publisher":{"@id":"https:\/\/news.canadamotorjobs.com\/#organization"},"potentialAction":[{"@type":"SearchAction","target":{"@type":"EntryPoint","urlTemplate":"https:\/\/news.canadamotorjobs.com\/?s={search_term_string}"},"query-input":"required name=search_term_string"}],"inLanguage":"fr-CA"},{"@type":"Organization","@id":"https:\/\/news.canadamotorjobs.com\/#organization","name":"Canada Motor Jobs","url":"https:\/\/news.canadamotorjobs.com\/","logo":{"@type":"ImageObject","inLanguage":"fr-CA","@id":"https:\/\/news.canadamotorjobs.com\/#\/schema\/logo\/image\/","url":"https:\/\/news.canadamotorjobs.com\/wp-content\/uploads\/2022\/10\/logo-canada-motor-jobs-1.png","contentUrl":"https:\/\/news.canadamotorjobs.com\/wp-content\/uploads\/2022\/10\/logo-canada-motor-jobs-1.png","width":800,"height":400,"caption":"Canada Motor Jobs"},"image":{"@id":"https:\/\/news.canadamotorjobs.com\/#\/schema\/logo\/image\/"},"sameAs":["https:\/\/www.facebook.com\/canadamotorjobs\/","https:\/\/x.com\/canadamotorjobs","https:\/\/www.instagram.com\/canadamotorjobs\/","https:\/\/www.linkedin.com\/company\/canadamotorjobs"]},{"@type":"Person","@id":"https:\/\/news.canadamotorjobs.com\/#\/schema\/person\/51793d1f87d44011d7bcc2ed99269a90","name":"Benoit Charette","image":{"@type":"ImageObject","inLanguage":"fr-CA","@id":"https:\/\/news.canadamotorjobs.com\/#\/schema\/person\/image\/","url":"https:\/\/secure.gravatar.com\/avatar\/45f3d2eebcccd909668d7ce7ea7267b6?s=96&d=mm&r=g","contentUrl":"https:\/\/secure.gravatar.com\/avatar\/45f3d2eebcccd909668d7ce7ea7267b6?s=96&d=mm&r=g","caption":"Benoit Charette"},"description":"Benoit Charette \/ Propri\u00e9taire et r\u00e9dacteur en chef Benoit Charette pratique le journalisme automobile depuis bient\u00f4t 30 ans. Il a fait ses classes au c\u00f4t\u00e9 de Daniel H\u00e9raud et au Carnet de route de 1992 \u00e0 2001. Il est fondateur, copropri\u00e9taire et r\u00e9dacteur en chef de L\u2019Annuel de l\u2019automobile, qu\u2019il publie depuis 2001. Il a anim\u00e9 les \u00e9missions RPM et RPM+ sur V et les L\u00e9gendes de la route sur Historia. \u00c0 la radio depuis 1986, il reprend l\u2019antenne cette ann\u00e9e sur les ondes de Cogeco et participe pour la deuxi\u00e8me ann\u00e9e \u00e0 l\u2019\u00e9mission Passion Auto sur RDS en plus de mettre en ligne le site Web officiel de L\u2019Annuel de l\u2019automobile sur annuelauto.ca.","sameAs":["https:\/\/annuelauto.ca\/"],"url":"https:\/\/news.canadamotorjobs.com\/fr\/author\/benoit-charette\/"}]}},"_links":{"self":[{"href":"https:\/\/news.canadamotorjobs.com\/fr\/wp-json\/wp\/v2\/posts\/172107"}],"collection":[{"href":"https:\/\/news.canadamotorjobs.com\/fr\/wp-json\/wp\/v2\/posts"}],"about":[{"href":"https:\/\/news.canadamotorjobs.com\/fr\/wp-json\/wp\/v2\/types\/post"}],"author":[{"embeddable":true,"href":"https:\/\/news.canadamotorjobs.com\/fr\/wp-json\/wp\/v2\/users\/8"}],"replies":[{"embeddable":true,"href":"https:\/\/news.canadamotorjobs.com\/fr\/wp-json\/wp\/v2\/comments?post=172107"}],"version-history":[{"count":2,"href":"https:\/\/news.canadamotorjobs.com\/fr\/wp-json\/wp\/v2\/posts\/172107\/revisions"}],"predecessor-version":[{"id":172111,"href":"https:\/\/news.canadamotorjobs.com\/fr\/wp-json\/wp\/v2\/posts\/172107\/revisions\/172111"}],"wp:featuredmedia":[{"embeddable":true,"href":"https:\/\/news.canadamotorjobs.com\/fr\/wp-json\/wp\/v2\/media\/172109"}],"wp:attachment":[{"href":"https:\/\/news.canadamotorjobs.com\/fr\/wp-json\/wp\/v2\/media?parent=172107"}],"wp:term":[{"taxonomy":"category","embeddable":true,"href":"https:\/\/news.canadamotorjobs.com\/fr\/wp-json\/wp\/v2\/categories?post=172107"},{"taxonomy":"post_tag","embeddable":true,"href":"https:\/\/news.canadamotorjobs.com\/fr\/wp-json\/wp\/v2\/tags?post=172107"}],"curies":[{"name":"wp","href":"https:\/\/api.w.org\/{rel}","templated":true}]}}