{"id":172031,"date":"2024-09-06T09:12:04","date_gmt":"2024-09-06T13:12:04","guid":{"rendered":"https:\/\/news.canadamotorjobs.com\/?p=172031"},"modified":"2024-09-06T09:13:58","modified_gmt":"2024-09-06T13:13:58","slug":"et-si-elon-musk-se-lancait-en-politique","status":"publish","type":"post","link":"https:\/\/news.canadamotorjobs.com\/fr\/et-si-elon-musk-se-lancait-en-politique\/","title":{"rendered":"Et si Elon Musk se lan\u00e7ait en politique"},"content":{"rendered":"<\/p>\n<p>Le milliardaire Elon Musk pourrait diriger une commission gouvernementale d&#8217;efficacit\u00e9 si Donald Trump est \u00e9lu pr\u00e9sident des \u00c9tats-Unis. Cette commission, aux pouvoirs \u00e9tendus, pourrait permettre \u00e0 Musk de modifier les r\u00e8gles pour les entreprises am\u00e9ricaines, y compris celles dans lesquelles ses propres entreprises sont engag\u00e9es.<\/p>\n<h3><strong>Un projet ambitieux annonc\u00e9 par Trump<\/strong><\/h3>\n<p>\nJeudi, Trump a d\u00e9voil\u00e9 son plan incluant le r\u00f4le de Musk, pr\u00e9cisant qu&#8217;il attend des recommandations pour des &#8220;r\u00e9formes drastiques&#8221;. Il souhaite traquer la fraude et les paiements irr\u00e9guliers dans tout le gouvernement f\u00e9d\u00e9ral. Cette initiative offrirait \u00e0 Musk, dirigeant de SpaceX, Tesla, et d&#8217;autres entreprises technologiques, l&#8217;opportunit\u00e9 de concevoir un gouvernement plus all\u00e9g\u00e9, un objectif souvent d\u00e9fendu par les R\u00e9publicains.<\/p>\n<h3><strong>Un projet propos\u00e9 par Musk lui-m\u00eame<\/strong><\/h3>\n<p>\nEn ao\u00fbt, lors d&#8217;une discussion publique sur X (anciennement Twitter), Musk avait sugg\u00e9r\u00e9 la cr\u00e9ation d&#8217;une telle commission, affirmant que les d\u00e9penses gouvernementales devaient \u00eatre r\u00e9duites. Trump avait alors r\u00e9pondu en le qualifiant de &#8220;meilleur pourvoyeur de suppressions d&#8217;emplois&#8221;.<\/p>\n<h3><strong>Des conflits d&#8217;int\u00e9r\u00eats potentiels<\/strong><\/h3>\n<p>\nSelon Nikolas Guggenberger, professeur de droit \u00e0 l&#8217;Universit\u00e9 de Houston, les relations \u00e9troites de Musk avec le gouvernement, qui lui ont rapport\u00e9 des milliards, pourraient poser des probl\u00e8mes d&#8217;\u00e9thique. Musk poss\u00e8de des entreprises dans plusieurs secteurs cl\u00e9s, ce qui pourrait affecter son objectivit\u00e9 dans la prise de d\u00e9cisions concernant les industries dans lesquelles il est personnellement impliqu\u00e9.<\/p>\n<h3><strong>Un d\u00e9fi pour l&#8217;efficacit\u00e9 gouvernementale<\/strong><\/h3>\n<p>\nBien que Trump n&#8217;ait pas d\u00e9taill\u00e9 le fonctionnement de la commission, Cristina Chaplain, ancienne directrice au Government Accountability Office, a rappel\u00e9 que de nombreux audits ont d\u00e9j\u00e0 \u00e9t\u00e9 r\u00e9alis\u00e9s pour am\u00e9liorer l&#8217;efficacit\u00e9 du gouvernement. Toutefois, changer les lois et r\u00e9glementations reste complexe, et les perspectives apport\u00e9es par les hommes d&#8217;affaires pourraient ne pas toujours s&#8217;aligner avec la r\u00e9alit\u00e9 des op\u00e9rations gouvernementales.<\/p>\n<h3><strong>Musk et les r\u00e9gulations gouvernementales<\/strong><\/h3>\n<p>\nMusk est depuis longtemps critique \u00e0 l&#8217;\u00e9gard de l&#8217;inefficacit\u00e9 gouvernementale, tandis que ses propres entreprises sont soumises \u00e0 une r\u00e9gulation stricte. SpaceX doit obtenir des autorisations pour les lancements, Tesla fait face \u00e0 des enqu\u00eates sur la s\u00e9curit\u00e9 de sa technologie de conduite autonome, et Neuralink attend des approbations pour ses recherches en neurotechnologie.<\/p>\n<h3><strong>Des r\u00e9actions mitig\u00e9es chez les investisseurs<\/strong><\/h3>\n<p>\nCertains investisseurs, comme Dennis Dick, analyste chez Triple D Trading, voient en Musk un potentiel pour r\u00e9duire les d\u00e9penses gouvernementales, rappelant les vastes suppressions d&#8217;emplois chez Twitter sous sa direction. Cependant, d&#8217;autres, comme Sam Fiorani d&#8217;AutoForecast Solutions, s&#8217;inqui\u00e8tent que Musk ne se disperse trop en voulant g\u00e9rer trop de projets simultan\u00e9ment.<\/p>\n<h3><strong>Conclusion : un avenir incertain pour Musk et la commission<\/strong><\/h3>\n<p>\nSi la commission voyait le jour, elle pourrait transformer la gestion du gouvernement f\u00e9d\u00e9ral, mais soul\u00e8ve aussi des questions quant \u00e0 l&#8217;impact sur les int\u00e9r\u00eats de Musk et sur l&#8217;\u00e9quilibre des pouvoirs \u00e9conomiques.<\/p>\n<p>Avec des renseignements de Reuters<\/p>\n<p>\u00a0<\/p>\n<p>Le texte <a rel=\"nofollow\" href=\"https:\/\/annuelauto.ca\/et-si-elon-musk-se-lancait-en-politique\/\">Et si Elon Musk se lan\u00e7ait en politique<\/a> provient de <a rel=\"nofollow\" href=\"https:\/\/annuelauto.ca\">L&#8217;annuel de l&#8217;automobile &#8211; Actualit\u00e9 automobile<\/a><\/p>\n<p><\/p>\n","protected":false},"excerpt":{"rendered":"<p>Le milliardaire Elon Musk pourrait diriger une commission gouvernementale d&#8217;efficacit\u00e9 si Donald Trump est \u00e9lu pr\u00e9sident des \u00c9tats-Unis. Cette commission, aux pouvoirs \u00e9tendus, pourrait permettre \u00e0 Musk de modifier les r\u00e8gles pour les entreprises am\u00e9ricaines, y compris celles dans lesquelles ses propres entreprises sont engag\u00e9es. Un projet ambitieux annonc\u00e9 par Trump Jeudi, Trump a d\u00e9voil\u00e9 [&hellip;]<\/p>\n","protected":false},"author":8,"featured_media":172033,"comment_status":"close","ping_status":"closed","sticky":false,"template":"","format":"standard","meta":{"_monsterinsights_skip_tracking":false,"_monsterinsights_sitenote_active":false,"_monsterinsights_sitenote_note":"","_monsterinsights_sitenote_category":0,"footnotes":""},"categories":[101],"tags":[],"yoast_head":"<!-- This site is optimized with the Yoast SEO plugin v23.2 - https:\/\/yoast.com\/wordpress\/plugins\/seo\/ -->\n<title>Et si Elon Musk se lan\u00e7ait en politique - CanadaMotorJobs.com<\/title>\n<meta name=\"description\" content=\"Et si Elon Musk se lan\u00e7ait en politique - Benoit Charette - Annuel automobile - CanadaMotorJobs.com.\" \/>\n<meta name=\"robots\" content=\"index, follow, max-snippet:-1, max-image-preview:large, max-video-preview:-1\" \/>\n<meta property=\"og:locale\" content=\"fr_CA\" \/>\n<meta property=\"og:type\" content=\"article\" \/>\n<meta property=\"og:title\" content=\"Et si Elon Musk se lan\u00e7ait en politique - CanadaMotorJobs.com\" \/>\n<meta property=\"og:description\" content=\"Et si Elon Musk se lan\u00e7ait en politique - Benoit Charette - Annuel automobile - CanadaMotorJobs.com.\" \/>\n<meta property=\"og:url\" content=\"https:\/\/news.canadamotorjobs.com\/fr\/et-si-elon-musk-se-lancait-en-politique\/\" \/>\n<meta property=\"og:site_name\" content=\"CanadaMotorJobs.com\" \/>\n<meta property=\"article:publisher\" content=\"https:\/\/www.facebook.com\/canadamotorjobs\/\" \/>\n<meta property=\"article:published_time\" content=\"2024-09-06T13:12:04+00:00\" \/>\n<meta property=\"article:modified_time\" content=\"2024-09-06T13:13:58+00:00\" \/>\n<meta property=\"og:image\" content=\"https:\/\/news.canadamotorjobs.com\/wp-content\/uploads\/2024\/09\/cbsn-fusion-trump-x-interview-with-elon-musk-expected-as-iran-hack-claims-surface-thumbnail.jpg\" \/>\n\t<meta property=\"og:image:width\" content=\"1280\" \/>\n\t<meta property=\"og:image:height\" content=\"720\" \/>\n\t<meta property=\"og:image:type\" content=\"image\/jpeg\" \/>\n<meta name=\"author\" content=\"Benoit Charette\" \/>\n<meta name=\"twitter:card\" content=\"summary_large_image\" \/>\n<meta name=\"twitter:creator\" content=\"@canadamotorjobs\" \/>\n<meta name=\"twitter:site\" content=\"@canadamotorjobs\" \/>\n<meta name=\"twitter:label1\" content=\"\u00c9crit par\" \/>\n\t<meta name=\"twitter:data1\" content=\"Benoit Charette\" \/>\n\t<meta name=\"twitter:label2\" content=\"Estimation du temps de lecture\" \/>\n\t<meta name=\"twitter:data2\" content=\"3 minutes\" \/>\n<!-- \/ Yoast SEO plugin. -->","yoast_head_json":{"title":"Et si Elon Musk se lan\u00e7ait en politique - CanadaMotorJobs.com","description":"Et si Elon Musk se lan\u00e7ait en politique - Benoit Charette - Annuel automobile - CanadaMotorJobs.com.","robots":{"index":"index","follow":"follow","max-snippet":"max-snippet:-1","max-image-preview":"max-image-preview:large","max-video-preview":"max-video-preview:-1"},"og_locale":"fr_CA","og_type":"article","og_title":"Et si Elon Musk se lan\u00e7ait en politique - CanadaMotorJobs.com","og_description":"Et si Elon Musk se lan\u00e7ait en politique - Benoit Charette - Annuel automobile - CanadaMotorJobs.com.","og_url":"https:\/\/news.canadamotorjobs.com\/fr\/et-si-elon-musk-se-lancait-en-politique\/","og_site_name":"CanadaMotorJobs.com","article_publisher":"https:\/\/www.facebook.com\/canadamotorjobs\/","article_published_time":"2024-09-06T13:12:04+00:00","article_modified_time":"2024-09-06T13:13:58+00:00","og_image":[{"width":1280,"height":720,"url":"https:\/\/news.canadamotorjobs.com\/wp-content\/uploads\/2024\/09\/cbsn-fusion-trump-x-interview-with-elon-musk-expected-as-iran-hack-claims-surface-thumbnail.jpg","type":"image\/jpeg"}],"author":"Benoit Charette","twitter_card":"summary_large_image","twitter_creator":"@canadamotorjobs","twitter_site":"@canadamotorjobs","twitter_misc":{"\u00c9crit par":"Benoit Charette","Estimation du temps de lecture":"3 minutes"},"schema":{"@context":"https:\/\/schema.org","@graph":[{"@type":"Article","@id":"https:\/\/news.canadamotorjobs.com\/fr\/et-si-elon-musk-se-lancait-en-politique\/#article","isPartOf":{"@id":"https:\/\/news.canadamotorjobs.com\/fr\/et-si-elon-musk-se-lancait-en-politique\/"},"author":{"name":"Benoit Charette","@id":"https:\/\/news.canadamotorjobs.com\/#\/schema\/person\/51793d1f87d44011d7bcc2ed99269a90"},"headline":"Et si Elon Musk se lan\u00e7ait en politique","datePublished":"2024-09-06T13:12:04+00:00","dateModified":"2024-09-06T13:13:58+00:00","mainEntityOfPage":{"@id":"https:\/\/news.canadamotorjobs.com\/fr\/et-si-elon-musk-se-lancait-en-politique\/"},"wordCount":546,"publisher":{"@id":"https:\/\/news.canadamotorjobs.com\/#organization"},"image":{"@id":"https:\/\/news.canadamotorjobs.com\/fr\/et-si-elon-musk-se-lancait-en-politique\/#primaryimage"},"thumbnailUrl":"https:\/\/news.canadamotorjobs.com\/wp-content\/uploads\/2024\/09\/cbsn-fusion-trump-x-interview-with-elon-musk-expected-as-iran-hack-claims-surface-thumbnail.jpg","articleSection":["Annuel automobile"],"inLanguage":"fr-CA"},{"@type":"WebPage","@id":"https:\/\/news.canadamotorjobs.com\/fr\/et-si-elon-musk-se-lancait-en-politique\/","url":"https:\/\/news.canadamotorjobs.com\/fr\/et-si-elon-musk-se-lancait-en-politique\/","name":"Et si Elon Musk se lan\u00e7ait en politique - CanadaMotorJobs.com","isPartOf":{"@id":"https:\/\/news.canadamotorjobs.com\/#website"},"primaryImageOfPage":{"@id":"https:\/\/news.canadamotorjobs.com\/fr\/et-si-elon-musk-se-lancait-en-politique\/#primaryimage"},"image":{"@id":"https:\/\/news.canadamotorjobs.com\/fr\/et-si-elon-musk-se-lancait-en-politique\/#primaryimage"},"thumbnailUrl":"https:\/\/news.canadamotorjobs.com\/wp-content\/uploads\/2024\/09\/cbsn-fusion-trump-x-interview-with-elon-musk-expected-as-iran-hack-claims-surface-thumbnail.jpg","datePublished":"2024-09-06T13:12:04+00:00","dateModified":"2024-09-06T13:13:58+00:00","description":"Et si Elon Musk se lan\u00e7ait en politique - Benoit Charette - Annuel automobile - CanadaMotorJobs.com.","breadcrumb":{"@id":"https:\/\/news.canadamotorjobs.com\/fr\/et-si-elon-musk-se-lancait-en-politique\/#breadcrumb"},"inLanguage":"fr-CA","potentialAction":[{"@type":"ReadAction","target":["https:\/\/news.canadamotorjobs.com\/fr\/et-si-elon-musk-se-lancait-en-politique\/"]}]},{"@type":"ImageObject","inLanguage":"fr-CA","@id":"https:\/\/news.canadamotorjobs.com\/fr\/et-si-elon-musk-se-lancait-en-politique\/#primaryimage","url":"https:\/\/news.canadamotorjobs.com\/wp-content\/uploads\/2024\/09\/cbsn-fusion-trump-x-interview-with-elon-musk-expected-as-iran-hack-claims-surface-thumbnail.jpg","contentUrl":"https:\/\/news.canadamotorjobs.com\/wp-content\/uploads\/2024\/09\/cbsn-fusion-trump-x-interview-with-elon-musk-expected-as-iran-hack-claims-surface-thumbnail.jpg","width":1280,"height":720},{"@type":"BreadcrumbList","@id":"https:\/\/news.canadamotorjobs.com\/fr\/et-si-elon-musk-se-lancait-en-politique\/#breadcrumb","itemListElement":[{"@type":"ListItem","position":1,"name":"Home","item":"https:\/\/news.canadamotorjobs.com\/fr\/blog\/"},{"@type":"ListItem","position":2,"name":"Et si Elon Musk se lan\u00e7ait en politique"}]},{"@type":"WebSite","@id":"https:\/\/news.canadamotorjobs.com\/#website","url":"https:\/\/news.canadamotorjobs.com\/","name":"CanadaMotorJobs.com","description":"Automotive Jobs","publisher":{"@id":"https:\/\/news.canadamotorjobs.com\/#organization"},"potentialAction":[{"@type":"SearchAction","target":{"@type":"EntryPoint","urlTemplate":"https:\/\/news.canadamotorjobs.com\/?s={search_term_string}"},"query-input":"required name=search_term_string"}],"inLanguage":"fr-CA"},{"@type":"Organization","@id":"https:\/\/news.canadamotorjobs.com\/#organization","name":"Canada Motor Jobs","url":"https:\/\/news.canadamotorjobs.com\/","logo":{"@type":"ImageObject","inLanguage":"fr-CA","@id":"https:\/\/news.canadamotorjobs.com\/#\/schema\/logo\/image\/","url":"https:\/\/news.canadamotorjobs.com\/wp-content\/uploads\/2022\/10\/logo-canada-motor-jobs-1.png","contentUrl":"https:\/\/news.canadamotorjobs.com\/wp-content\/uploads\/2022\/10\/logo-canada-motor-jobs-1.png","width":800,"height":400,"caption":"Canada Motor Jobs"},"image":{"@id":"https:\/\/news.canadamotorjobs.com\/#\/schema\/logo\/image\/"},"sameAs":["https:\/\/www.facebook.com\/canadamotorjobs\/","https:\/\/x.com\/canadamotorjobs","https:\/\/www.instagram.com\/canadamotorjobs\/","https:\/\/www.linkedin.com\/company\/canadamotorjobs"]},{"@type":"Person","@id":"https:\/\/news.canadamotorjobs.com\/#\/schema\/person\/51793d1f87d44011d7bcc2ed99269a90","name":"Benoit Charette","image":{"@type":"ImageObject","inLanguage":"fr-CA","@id":"https:\/\/news.canadamotorjobs.com\/#\/schema\/person\/image\/","url":"https:\/\/secure.gravatar.com\/avatar\/45f3d2eebcccd909668d7ce7ea7267b6?s=96&d=mm&r=g","contentUrl":"https:\/\/secure.gravatar.com\/avatar\/45f3d2eebcccd909668d7ce7ea7267b6?s=96&d=mm&r=g","caption":"Benoit Charette"},"description":"Benoit Charette \/ Propri\u00e9taire et r\u00e9dacteur en chef Benoit Charette pratique le journalisme automobile depuis bient\u00f4t 30 ans. Il a fait ses classes au c\u00f4t\u00e9 de Daniel H\u00e9raud et au Carnet de route de 1992 \u00e0 2001. Il est fondateur, copropri\u00e9taire et r\u00e9dacteur en chef de L\u2019Annuel de l\u2019automobile, qu\u2019il publie depuis 2001. Il a anim\u00e9 les \u00e9missions RPM et RPM+ sur V et les L\u00e9gendes de la route sur Historia. \u00c0 la radio depuis 1986, il reprend l\u2019antenne cette ann\u00e9e sur les ondes de Cogeco et participe pour la deuxi\u00e8me ann\u00e9e \u00e0 l\u2019\u00e9mission Passion Auto sur RDS en plus de mettre en ligne le site Web officiel de L\u2019Annuel de l\u2019automobile sur annuelauto.ca.","sameAs":["https:\/\/annuelauto.ca\/"],"url":"https:\/\/news.canadamotorjobs.com\/fr\/author\/benoit-charette\/"}]}},"_links":{"self":[{"href":"https:\/\/news.canadamotorjobs.com\/fr\/wp-json\/wp\/v2\/posts\/172031"}],"collection":[{"href":"https:\/\/news.canadamotorjobs.com\/fr\/wp-json\/wp\/v2\/posts"}],"about":[{"href":"https:\/\/news.canadamotorjobs.com\/fr\/wp-json\/wp\/v2\/types\/post"}],"author":[{"embeddable":true,"href":"https:\/\/news.canadamotorjobs.com\/fr\/wp-json\/wp\/v2\/users\/8"}],"replies":[{"embeddable":true,"href":"https:\/\/news.canadamotorjobs.com\/fr\/wp-json\/wp\/v2\/comments?post=172031"}],"version-history":[{"count":2,"href":"https:\/\/news.canadamotorjobs.com\/fr\/wp-json\/wp\/v2\/posts\/172031\/revisions"}],"predecessor-version":[{"id":172035,"href":"https:\/\/news.canadamotorjobs.com\/fr\/wp-json\/wp\/v2\/posts\/172031\/revisions\/172035"}],"wp:featuredmedia":[{"embeddable":true,"href":"https:\/\/news.canadamotorjobs.com\/fr\/wp-json\/wp\/v2\/media\/172033"}],"wp:attachment":[{"href":"https:\/\/news.canadamotorjobs.com\/fr\/wp-json\/wp\/v2\/media?parent=172031"}],"wp:term":[{"taxonomy":"category","embeddable":true,"href":"https:\/\/news.canadamotorjobs.com\/fr\/wp-json\/wp\/v2\/categories?post=172031"},{"taxonomy":"post_tag","embeddable":true,"href":"https:\/\/news.canadamotorjobs.com\/fr\/wp-json\/wp\/v2\/tags?post=172031"}],"curies":[{"name":"wp","href":"https:\/\/api.w.org\/{rel}","templated":true}]}}