{"id":172008,"date":"2024-09-06T08:52:46","date_gmt":"2024-09-06T12:52:46","guid":{"rendered":"https:\/\/news.canadamotorjobs.com\/?p=172008"},"modified":"2024-09-06T08:59:32","modified_gmt":"2024-09-06T12:59:32","slug":"mercedes-maybach-s680-2024","status":"publish","type":"post","link":"https:\/\/news.canadamotorjobs.com\/fr\/mercedes-maybach-s680-2024\/","title":{"rendered":"Mercedes Maybach S680 2024"},"content":{"rendered":"<\/p>\n<p>Sur la c\u00e9l\u00e8bre Route 1 de Californie, nous avons eu l&#8217;occasion d&#8217;essayer la Mercedes Maybach S680, un v\u00e9ritable joyau de luxe automobile. Voici tout ce que vous devez savoir sur ce mod\u00e8le embl\u00e9matique.<\/p>\n<h3><strong>Un V\u00e9ritable Sanctuaire Automobile<\/strong><\/h3>\n<p>\nLe logo Maybach \u00e9voque instantan\u00e9ment l&#8217;excellence, et la S680 va bien au-del\u00e0 d&#8217;une simple Classe S am\u00e9lior\u00e9e. Chaque d\u00e9tail est con\u00e7u pour surpasser la S-Class, que ce soit par l&#8217;insonorisation remarquable ou la technologie embarqu\u00e9e. La S680, avec son puissant V12, se positionne directement face \u00e0 des rivales comme la Bentley Flying Spur et la Rolls-Royce Ghost.<\/p>\n<h3><strong>\u00c9dition Limit\u00e9e Nordic Glow<\/strong><\/h3>\n<p>\nD\u00e8s fin 2024, les \u00c9tats-Unis (non ce mod\u00e8le ne sera pas vendu au Canada) accueilleront la Mercedes-Maybach S680 Edition Nordic Glow 2025, limit\u00e9e \u00e0 seulement 50 exemplaires. Cette \u00e9dition exclusive, au prix de d\u00e9part de 339 000 USD, propose une peinture bicolore unique inspir\u00e9e des aurores bor\u00e9ales, ainsi que des finitions haut de gamme \u00e0 l&#8217;int\u00e9rieur, notamment en cuir Nappa et bois de noyer fonc\u00e9.<\/p>\n<h3><strong>Un Style Raffin\u00e9 et Imposant<\/strong><\/h3>\n<p>\nBien qu&#8217;elle soit clairement bas\u00e9e sur la Classe S, la Maybach S680 s&#8217;\u00e9tend sur 7 pouces suppl\u00e9mentaires pour offrir un espace arri\u00e8re impressionnant, v\u00e9ritable domaine des propri\u00e9taires. La calandre et les jantes sp\u00e9cifiques accentuent son aura majestueuse. \u00c0 l&#8217;int\u00e9rieur, c&#8217;est le summum du luxe. L&#8217;insonorisation est quasi totale gr\u00e2ce \u00e0 un vitrage double et une suppression active du bruit. Le syst\u00e8me audio Burmester 4D brille dans ce silence parfait, tandis que les si\u00e8ges ultra-confortables (chauffants, ventil\u00e9s, et ajustables) rivalisent avec le confort des jets priv\u00e9s. Que vous soyez conducteur ou passager, chaque centim\u00e8tre est recouvert de mat\u00e9riaux haut de gamme.<\/p>\n<h3><strong>Technologie de Pointe au Service du Confort<\/strong><\/h3>\n<p>\nL&#8217;\u00e9cran OLED tactile de 12,8 pouces offre une interface intuitive pour acc\u00e9der \u00e0 toutes les fonctionnalit\u00e9s du v\u00e9hicule. Le syst\u00e8me de navigation Mercedes, combin\u00e9 \u00e0 l\u2019affichage t\u00eate haute, surpasse m\u00eame l&#8217;Apple CarPlay sans fil. La suite compl\u00e8te d&#8217;aides \u00e0 la conduite garantit une exp\u00e9rience de conduite sans effort.<\/p>\n<h3><strong>Un V12 Puissant et Raffin\u00e9<\/strong><\/h3>\n<p>\nLe moteur V12 biturbo de 6,0 litres d\u00e9livre 621 chevaux et un couple massif de 664 lb-pi, propulsant cette imposante berline de plus de 2 500 kg de 0 \u00e0 100 km\/h en seulement 4,3 secondes. Le tout se fait avec une fluidit\u00e9 et un calme impressionnants, typiques de la Maybach. Malgr\u00e9 son gabarit imposant, la Maybach S680 surprend par son agilit\u00e9, surtout sur des routes sinueuses comme la Route 1. La direction des roues arri\u00e8re et la suspension Airmatic autonivelante offrent une exp\u00e9rience de conduite d&#8217;une finesse remarquable, transformant chaque trajet en un v\u00e9ritable tapis volant.<\/p>\n<h3><strong>Consommation \u00e9lev\u00e9e, \u00e9videmment<\/strong><\/h3>\n<p>\nAvec une consommation moyenne de 16,6 L\/100 km, la Maybach S680 n&#8217;est clairement pas un mod\u00e8le d&#8217;\u00e9conomie de carburant. Toutefois, pour les acheteurs de ce calibre, la performance prime sur l&#8217;efficacit\u00e9.<\/p>\n<h3><strong>Conclusion <\/strong><\/h3>\n<p>\n\u00c0 pr\u00e8s de 400 000 $, la Mercedes Maybach S680 est une option plus abordable que la Bentley Flying Spur ou la Rolls-Royce Ghost, tout en offrant un niveau de confort et de prestige sup\u00e9rieur. C&#8217;est une exp\u00e9rience in\u00e9dite, que peu auront la chance de vivre.<\/p>\n<h3><strong>Forces<\/strong><\/h3>\n<p><\/p>\n<ul><\/p>\n<li>Moteur V12 exceptionnel<\/li>\n<p><\/p>\n<li>Int\u00e9rieur somptueux et silencieux<\/li>\n<p><\/p>\n<li>Prestance visuelle discr\u00e8te mais imposante<\/li>\n<p>\n<\/ul>\n<p><\/p>\n<h3><strong>Faiblesses<\/strong><\/h3>\n<p><\/p>\n<ul><\/p>\n<li>Consommation \u00e9lev\u00e9e<\/li>\n<p><\/p>\n<li>Prix extr\u00eamement \u00e9lev\u00e9<\/li>\n<p><\/p>\n<li>Difficile de r\u00e9sister une fois que vous l\u2019avez conduite<\/li>\n<p>\n<\/ul>\n<p>Le texte <a rel=\"nofollow\" href=\"https:\/\/annuelauto.ca\/mercedes-maybach-s680-2024\/\">Mercedes Maybach S680 2024<\/a> provient de <a rel=\"nofollow\" href=\"https:\/\/annuelauto.ca\">L&#8217;annuel de l&#8217;automobile &#8211; Actualit\u00e9 automobile<\/a><\/p>\n<p><\/p>\n","protected":false},"excerpt":{"rendered":"<p>Sur la c\u00e9l\u00e8bre Route 1 de Californie, nous avons eu l&#8217;occasion d&#8217;essayer la Mercedes Maybach S680, un v\u00e9ritable joyau de luxe automobile. Voici tout ce que vous devez savoir sur ce mod\u00e8le embl\u00e9matique. Un V\u00e9ritable Sanctuaire Automobile Le logo Maybach \u00e9voque instantan\u00e9ment l&#8217;excellence, et la S680 va bien au-del\u00e0 d&#8217;une simple Classe S am\u00e9lior\u00e9e. Chaque [&hellip;]<\/p>\n","protected":false},"author":8,"featured_media":172010,"comment_status":"close","ping_status":"closed","sticky":false,"template":"","format":"standard","meta":{"_monsterinsights_skip_tracking":false,"_monsterinsights_sitenote_active":false,"_monsterinsights_sitenote_note":"","_monsterinsights_sitenote_category":0,"footnotes":""},"categories":[101],"tags":[],"yoast_head":"<!-- This site is optimized with the Yoast SEO plugin v23.2 - https:\/\/yoast.com\/wordpress\/plugins\/seo\/ -->\n<title>Mercedes Maybach S680 2024 - CanadaMotorJobs.com<\/title>\n<meta name=\"description\" content=\"Mercedes Maybach S680 2024 - Benoit Charette - Annuel automobile - CanadaMotorJobs.com.\" \/>\n<meta name=\"robots\" content=\"index, follow, max-snippet:-1, max-image-preview:large, max-video-preview:-1\" \/>\n<meta property=\"og:locale\" content=\"fr_CA\" \/>\n<meta property=\"og:type\" content=\"article\" \/>\n<meta property=\"og:title\" content=\"Mercedes Maybach S680 2024 - CanadaMotorJobs.com\" \/>\n<meta property=\"og:description\" content=\"Mercedes Maybach S680 2024 - Benoit Charette - Annuel automobile - CanadaMotorJobs.com.\" \/>\n<meta property=\"og:url\" content=\"https:\/\/news.canadamotorjobs.com\/fr\/mercedes-maybach-s680-2024\/\" \/>\n<meta property=\"og:site_name\" content=\"CanadaMotorJobs.com\" \/>\n<meta property=\"article:publisher\" content=\"https:\/\/www.facebook.com\/canadamotorjobs\/\" \/>\n<meta property=\"article:published_time\" content=\"2024-09-06T12:52:46+00:00\" \/>\n<meta property=\"article:modified_time\" content=\"2024-09-06T12:59:32+00:00\" \/>\n<meta property=\"og:image\" content=\"https:\/\/news.canadamotorjobs.com\/wp-content\/uploads\/2024\/09\/IMG_6022.jpg\" \/>\n\t<meta property=\"og:image:width\" content=\"1200\" \/>\n\t<meta property=\"og:image:height\" content=\"800\" \/>\n\t<meta property=\"og:image:type\" content=\"image\/jpeg\" \/>\n<meta name=\"author\" content=\"Benoit Charette\" \/>\n<meta name=\"twitter:card\" content=\"summary_large_image\" \/>\n<meta name=\"twitter:creator\" content=\"@canadamotorjobs\" \/>\n<meta name=\"twitter:site\" content=\"@canadamotorjobs\" \/>\n<meta name=\"twitter:label1\" content=\"\u00c9crit par\" \/>\n\t<meta name=\"twitter:data1\" content=\"Benoit Charette\" \/>\n\t<meta name=\"twitter:label2\" content=\"Estimation du temps de lecture\" \/>\n\t<meta name=\"twitter:data2\" content=\"3 minutes\" \/>\n<!-- \/ Yoast SEO plugin. -->","yoast_head_json":{"title":"Mercedes Maybach S680 2024 - CanadaMotorJobs.com","description":"Mercedes Maybach S680 2024 - Benoit Charette - Annuel automobile - CanadaMotorJobs.com.","robots":{"index":"index","follow":"follow","max-snippet":"max-snippet:-1","max-image-preview":"max-image-preview:large","max-video-preview":"max-video-preview:-1"},"og_locale":"fr_CA","og_type":"article","og_title":"Mercedes Maybach S680 2024 - CanadaMotorJobs.com","og_description":"Mercedes Maybach S680 2024 - Benoit Charette - Annuel automobile - CanadaMotorJobs.com.","og_url":"https:\/\/news.canadamotorjobs.com\/fr\/mercedes-maybach-s680-2024\/","og_site_name":"CanadaMotorJobs.com","article_publisher":"https:\/\/www.facebook.com\/canadamotorjobs\/","article_published_time":"2024-09-06T12:52:46+00:00","article_modified_time":"2024-09-06T12:59:32+00:00","og_image":[{"width":1200,"height":800,"url":"https:\/\/news.canadamotorjobs.com\/wp-content\/uploads\/2024\/09\/IMG_6022.jpg","type":"image\/jpeg"}],"author":"Benoit Charette","twitter_card":"summary_large_image","twitter_creator":"@canadamotorjobs","twitter_site":"@canadamotorjobs","twitter_misc":{"\u00c9crit par":"Benoit Charette","Estimation du temps de lecture":"3 minutes"},"schema":{"@context":"https:\/\/schema.org","@graph":[{"@type":"Article","@id":"https:\/\/news.canadamotorjobs.com\/fr\/mercedes-maybach-s680-2024\/#article","isPartOf":{"@id":"https:\/\/news.canadamotorjobs.com\/fr\/mercedes-maybach-s680-2024\/"},"author":{"name":"Benoit Charette","@id":"https:\/\/news.canadamotorjobs.com\/#\/schema\/person\/51793d1f87d44011d7bcc2ed99269a90"},"headline":"Mercedes Maybach S680 2024","datePublished":"2024-09-06T12:52:46+00:00","dateModified":"2024-09-06T12:59:32+00:00","mainEntityOfPage":{"@id":"https:\/\/news.canadamotorjobs.com\/fr\/mercedes-maybach-s680-2024\/"},"wordCount":600,"publisher":{"@id":"https:\/\/news.canadamotorjobs.com\/#organization"},"image":{"@id":"https:\/\/news.canadamotorjobs.com\/fr\/mercedes-maybach-s680-2024\/#primaryimage"},"thumbnailUrl":"https:\/\/news.canadamotorjobs.com\/wp-content\/uploads\/2024\/09\/IMG_6022.jpg","articleSection":["Annuel automobile"],"inLanguage":"fr-CA"},{"@type":"WebPage","@id":"https:\/\/news.canadamotorjobs.com\/fr\/mercedes-maybach-s680-2024\/","url":"https:\/\/news.canadamotorjobs.com\/fr\/mercedes-maybach-s680-2024\/","name":"Mercedes Maybach S680 2024 - CanadaMotorJobs.com","isPartOf":{"@id":"https:\/\/news.canadamotorjobs.com\/#website"},"primaryImageOfPage":{"@id":"https:\/\/news.canadamotorjobs.com\/fr\/mercedes-maybach-s680-2024\/#primaryimage"},"image":{"@id":"https:\/\/news.canadamotorjobs.com\/fr\/mercedes-maybach-s680-2024\/#primaryimage"},"thumbnailUrl":"https:\/\/news.canadamotorjobs.com\/wp-content\/uploads\/2024\/09\/IMG_6022.jpg","datePublished":"2024-09-06T12:52:46+00:00","dateModified":"2024-09-06T12:59:32+00:00","description":"Mercedes Maybach S680 2024 - Benoit Charette - Annuel automobile - CanadaMotorJobs.com.","breadcrumb":{"@id":"https:\/\/news.canadamotorjobs.com\/fr\/mercedes-maybach-s680-2024\/#breadcrumb"},"inLanguage":"fr-CA","potentialAction":[{"@type":"ReadAction","target":["https:\/\/news.canadamotorjobs.com\/fr\/mercedes-maybach-s680-2024\/"]}]},{"@type":"ImageObject","inLanguage":"fr-CA","@id":"https:\/\/news.canadamotorjobs.com\/fr\/mercedes-maybach-s680-2024\/#primaryimage","url":"https:\/\/news.canadamotorjobs.com\/wp-content\/uploads\/2024\/09\/IMG_6022.jpg","contentUrl":"https:\/\/news.canadamotorjobs.com\/wp-content\/uploads\/2024\/09\/IMG_6022.jpg","width":1200,"height":800},{"@type":"BreadcrumbList","@id":"https:\/\/news.canadamotorjobs.com\/fr\/mercedes-maybach-s680-2024\/#breadcrumb","itemListElement":[{"@type":"ListItem","position":1,"name":"Home","item":"https:\/\/news.canadamotorjobs.com\/fr\/blog\/"},{"@type":"ListItem","position":2,"name":"Mercedes Maybach S680 2024"}]},{"@type":"WebSite","@id":"https:\/\/news.canadamotorjobs.com\/#website","url":"https:\/\/news.canadamotorjobs.com\/","name":"CanadaMotorJobs.com","description":"Automotive Jobs","publisher":{"@id":"https:\/\/news.canadamotorjobs.com\/#organization"},"potentialAction":[{"@type":"SearchAction","target":{"@type":"EntryPoint","urlTemplate":"https:\/\/news.canadamotorjobs.com\/?s={search_term_string}"},"query-input":"required name=search_term_string"}],"inLanguage":"fr-CA"},{"@type":"Organization","@id":"https:\/\/news.canadamotorjobs.com\/#organization","name":"Canada Motor Jobs","url":"https:\/\/news.canadamotorjobs.com\/","logo":{"@type":"ImageObject","inLanguage":"fr-CA","@id":"https:\/\/news.canadamotorjobs.com\/#\/schema\/logo\/image\/","url":"https:\/\/news.canadamotorjobs.com\/wp-content\/uploads\/2022\/10\/logo-canada-motor-jobs-1.png","contentUrl":"https:\/\/news.canadamotorjobs.com\/wp-content\/uploads\/2022\/10\/logo-canada-motor-jobs-1.png","width":800,"height":400,"caption":"Canada Motor Jobs"},"image":{"@id":"https:\/\/news.canadamotorjobs.com\/#\/schema\/logo\/image\/"},"sameAs":["https:\/\/www.facebook.com\/canadamotorjobs\/","https:\/\/x.com\/canadamotorjobs","https:\/\/www.instagram.com\/canadamotorjobs\/","https:\/\/www.linkedin.com\/company\/canadamotorjobs"]},{"@type":"Person","@id":"https:\/\/news.canadamotorjobs.com\/#\/schema\/person\/51793d1f87d44011d7bcc2ed99269a90","name":"Benoit Charette","image":{"@type":"ImageObject","inLanguage":"fr-CA","@id":"https:\/\/news.canadamotorjobs.com\/#\/schema\/person\/image\/","url":"https:\/\/secure.gravatar.com\/avatar\/45f3d2eebcccd909668d7ce7ea7267b6?s=96&d=mm&r=g","contentUrl":"https:\/\/secure.gravatar.com\/avatar\/45f3d2eebcccd909668d7ce7ea7267b6?s=96&d=mm&r=g","caption":"Benoit Charette"},"description":"Benoit Charette \/ Propri\u00e9taire et r\u00e9dacteur en chef Benoit Charette pratique le journalisme automobile depuis bient\u00f4t 30 ans. Il a fait ses classes au c\u00f4t\u00e9 de Daniel H\u00e9raud et au Carnet de route de 1992 \u00e0 2001. Il est fondateur, copropri\u00e9taire et r\u00e9dacteur en chef de L\u2019Annuel de l\u2019automobile, qu\u2019il publie depuis 2001. Il a anim\u00e9 les \u00e9missions RPM et RPM+ sur V et les L\u00e9gendes de la route sur Historia. \u00c0 la radio depuis 1986, il reprend l\u2019antenne cette ann\u00e9e sur les ondes de Cogeco et participe pour la deuxi\u00e8me ann\u00e9e \u00e0 l\u2019\u00e9mission Passion Auto sur RDS en plus de mettre en ligne le site Web officiel de L\u2019Annuel de l\u2019automobile sur annuelauto.ca.","sameAs":["https:\/\/annuelauto.ca\/"],"url":"https:\/\/news.canadamotorjobs.com\/fr\/author\/benoit-charette\/"}]}},"_links":{"self":[{"href":"https:\/\/news.canadamotorjobs.com\/fr\/wp-json\/wp\/v2\/posts\/172008"}],"collection":[{"href":"https:\/\/news.canadamotorjobs.com\/fr\/wp-json\/wp\/v2\/posts"}],"about":[{"href":"https:\/\/news.canadamotorjobs.com\/fr\/wp-json\/wp\/v2\/types\/post"}],"author":[{"embeddable":true,"href":"https:\/\/news.canadamotorjobs.com\/fr\/wp-json\/wp\/v2\/users\/8"}],"replies":[{"embeddable":true,"href":"https:\/\/news.canadamotorjobs.com\/fr\/wp-json\/wp\/v2\/comments?post=172008"}],"version-history":[{"count":2,"href":"https:\/\/news.canadamotorjobs.com\/fr\/wp-json\/wp\/v2\/posts\/172008\/revisions"}],"predecessor-version":[{"id":172012,"href":"https:\/\/news.canadamotorjobs.com\/fr\/wp-json\/wp\/v2\/posts\/172008\/revisions\/172012"}],"wp:featuredmedia":[{"embeddable":true,"href":"https:\/\/news.canadamotorjobs.com\/fr\/wp-json\/wp\/v2\/media\/172010"}],"wp:attachment":[{"href":"https:\/\/news.canadamotorjobs.com\/fr\/wp-json\/wp\/v2\/media?parent=172008"}],"wp:term":[{"taxonomy":"category","embeddable":true,"href":"https:\/\/news.canadamotorjobs.com\/fr\/wp-json\/wp\/v2\/categories?post=172008"},{"taxonomy":"post_tag","embeddable":true,"href":"https:\/\/news.canadamotorjobs.com\/fr\/wp-json\/wp\/v2\/tags?post=172008"}],"curies":[{"name":"wp","href":"https:\/\/api.w.org\/{rel}","templated":true}]}}