{"id":171950,"date":"2024-09-05T06:51:49","date_gmt":"2024-09-05T10:51:49","guid":{"rendered":"https:\/\/news.canadamotorjobs.com\/?p=171950"},"modified":"2024-09-05T06:59:23","modified_gmt":"2024-09-05T10:59:23","slug":"bmw-prevoit-de-lancer-sa-premiere-voiture-a-hydrogene-en-2028","status":"publish","type":"post","link":"https:\/\/news.canadamotorjobs.com\/fr\/bmw-prevoit-de-lancer-sa-premiere-voiture-a-hydrogene-en-2028\/","title":{"rendered":"BMW pr\u00e9voit de lancer sa premi\u00e8re voiture \u00e0 hydrog\u00e8ne en 2028"},"content":{"rendered":"<\/p>\n<p>BMW a annonc\u00e9 ce jeudi son intention de commercialiser son premier v\u00e9hicule \u00e0 hydrog\u00e8ne d\u00e8s 2028, en s&#8217;appuyant sur une technologie de pile \u00e0 combustible d\u00e9velopp\u00e9e en collaboration avec Toyota Motor Corp.<\/p>\n<h3><strong>Un mod\u00e8le existant avec option hydrog\u00e8ne<\/strong><\/h3>\n<p>\nBien que BMW n&#8217;ait pas encore r\u00e9v\u00e9l\u00e9 quel mod\u00e8le serait propos\u00e9 avec cette motorisation \u00e0 hydrog\u00e8ne, ni fourni de d\u00e9tails sur le prix ou le volume de production, Oliver Zipse, PDG de la marque, a soulign\u00e9 que ce v\u00e9hicule d\u00e9montrera &#8220;comment les progr\u00e8s technologiques fa\u00e7onnent la mobilit\u00e9 du futur&#8221;.<\/p>\n<h3><strong>Partenariat strat\u00e9gique avec Toyota<\/strong><\/h3>\n<p>\nGr\u00e2ce \u00e0 ce partenariat avec Toyota, BMW esp\u00e8re r\u00e9duire les co\u00fbts de d\u00e9veloppement et cr\u00e9er un groupe motopropulseur hydrog\u00e8ne qui pourra \u00eatre utilis\u00e9 tant dans les v\u00e9hicules particuliers que commerciaux.<\/p>\n<h3><strong>BMW, leader allemand de la technologie hydrog\u00e8ne<\/strong><\/h3>\n<p>\nBMW est l&#8217;un des rares constructeurs allemands \u00e0 fortement miser sur la technologie hydrog\u00e8ne. Le constructeur teste actuellement son mod\u00e8le iX5 Hydrogen, un SUV dot\u00e9 d&#8217;une autonomie de 500 km et d&#8217;une capacit\u00e9 de ravitaillement en hydrog\u00e8ne en seulement trois \u00e0 quatre minutes.<\/p>\n<h3><strong>Hydrog\u00e8ne et batterie : une double approche<\/strong><\/h3>\n<p>\nEn parall\u00e8le du d\u00e9veloppement de v\u00e9hicules \u00e0 hydrog\u00e8ne, BMW continue de d\u00e9velopper des prototypes de voitures \u00e9lectriques \u00e0 batterie, afin de se pr\u00e9parer \u00e0 diff\u00e9rents sc\u00e9narios selon la technologie verte qui s&#8217;imposera sur le march\u00e9.<\/p>\n<h3><strong>L&#8217;infrastructure de ravitaillement, un d\u00e9fi \u00e0 relever d&#8217;ici 2028<\/strong><\/h3>\n<p>\nBMW pr\u00e9voit que l&#8217;infrastructure de recharge pour l&#8217;hydrog\u00e8ne sera suffisamment d\u00e9velopp\u00e9e d&#8217;ici 2028 pour soutenir ses ambitions dans ce domaine.<\/p>\n<p>Avec des renseignements de Reuters<\/p>\n<p>Le texte <a rel=\"nofollow\" href=\"https:\/\/annuelauto.ca\/bmw-prevoit-de-lancer-sa-premiere-voiture-a-hydrogene-en-2028\/\">BMW pr\u00e9voit de lancer sa premi\u00e8re voiture \u00e0 hydrog\u00e8ne en 2028<\/a> provient de <a rel=\"nofollow\" href=\"https:\/\/annuelauto.ca\">L&#8217;annuel de l&#8217;automobile &#8211; Actualit\u00e9 automobile<\/a><\/p>\n<p><\/p>\n","protected":false},"excerpt":{"rendered":"<p>BMW a annonc\u00e9 ce jeudi son intention de commercialiser son premier v\u00e9hicule \u00e0 hydrog\u00e8ne d\u00e8s 2028, en s&#8217;appuyant sur une technologie de pile \u00e0 combustible d\u00e9velopp\u00e9e en collaboration avec Toyota Motor Corp. Un mod\u00e8le existant avec option hydrog\u00e8ne Bien que BMW n&#8217;ait pas encore r\u00e9v\u00e9l\u00e9 quel mod\u00e8le serait propos\u00e9 avec cette motorisation \u00e0 hydrog\u00e8ne, ni [&hellip;]<\/p>\n","protected":false},"author":8,"featured_media":171952,"comment_status":"close","ping_status":"closed","sticky":false,"template":"","format":"standard","meta":{"_monsterinsights_skip_tracking":false,"_monsterinsights_sitenote_active":false,"_monsterinsights_sitenote_note":"","_monsterinsights_sitenote_category":0,"footnotes":""},"categories":[101],"tags":[],"yoast_head":"<!-- This site is optimized with the Yoast SEO plugin v23.2 - https:\/\/yoast.com\/wordpress\/plugins\/seo\/ -->\n<title>BMW pr\u00e9voit de lancer sa premi\u00e8re voiture \u00e0 hydrog\u00e8ne en 2028 - CanadaMotorJobs.com<\/title>\n<meta name=\"description\" content=\"BMW pr\u00e9voit de lancer sa premi\u00e8re voiture \u00e0 hydrog\u00e8ne en 2028 - Benoit Charette - Annuel automobile - CanadaMotorJobs.com.\" \/>\n<meta name=\"robots\" content=\"index, follow, max-snippet:-1, max-image-preview:large, max-video-preview:-1\" \/>\n<meta property=\"og:locale\" content=\"fr_CA\" \/>\n<meta property=\"og:type\" content=\"article\" \/>\n<meta property=\"og:title\" content=\"BMW pr\u00e9voit de lancer sa premi\u00e8re voiture \u00e0 hydrog\u00e8ne en 2028 - CanadaMotorJobs.com\" \/>\n<meta property=\"og:description\" content=\"BMW pr\u00e9voit de lancer sa premi\u00e8re voiture \u00e0 hydrog\u00e8ne en 2028 - Benoit Charette - Annuel automobile - CanadaMotorJobs.com.\" \/>\n<meta property=\"og:url\" content=\"https:\/\/news.canadamotorjobs.com\/fr\/bmw-prevoit-de-lancer-sa-premiere-voiture-a-hydrogene-en-2028\/\" \/>\n<meta property=\"og:site_name\" content=\"CanadaMotorJobs.com\" \/>\n<meta property=\"article:publisher\" content=\"https:\/\/www.facebook.com\/canadamotorjobs\/\" \/>\n<meta property=\"article:published_time\" content=\"2024-09-05T10:51:49+00:00\" \/>\n<meta property=\"article:modified_time\" content=\"2024-09-05T10:59:23+00:00\" \/>\n<meta property=\"og:image\" content=\"https:\/\/news.canadamotorjobs.com\/wp-content\/uploads\/2024\/09\/1x-1.jpg\" \/>\n\t<meta property=\"og:image:width\" content=\"2000\" \/>\n\t<meta property=\"og:image:height\" content=\"1500\" \/>\n\t<meta property=\"og:image:type\" content=\"image\/jpeg\" \/>\n<meta name=\"author\" content=\"Benoit Charette\" \/>\n<meta name=\"twitter:card\" content=\"summary_large_image\" \/>\n<meta name=\"twitter:creator\" content=\"@canadamotorjobs\" \/>\n<meta name=\"twitter:site\" content=\"@canadamotorjobs\" \/>\n<meta name=\"twitter:label1\" content=\"\u00c9crit par\" \/>\n\t<meta name=\"twitter:data1\" content=\"Benoit Charette\" \/>\n\t<meta name=\"twitter:label2\" content=\"Estimation du temps de lecture\" \/>\n\t<meta name=\"twitter:data2\" content=\"1 minute\" \/>\n<!-- \/ Yoast SEO plugin. -->","yoast_head_json":{"title":"BMW pr\u00e9voit de lancer sa premi\u00e8re voiture \u00e0 hydrog\u00e8ne en 2028 - CanadaMotorJobs.com","description":"BMW pr\u00e9voit de lancer sa premi\u00e8re voiture \u00e0 hydrog\u00e8ne en 2028 - Benoit Charette - Annuel automobile - CanadaMotorJobs.com.","robots":{"index":"index","follow":"follow","max-snippet":"max-snippet:-1","max-image-preview":"max-image-preview:large","max-video-preview":"max-video-preview:-1"},"og_locale":"fr_CA","og_type":"article","og_title":"BMW pr\u00e9voit de lancer sa premi\u00e8re voiture \u00e0 hydrog\u00e8ne en 2028 - CanadaMotorJobs.com","og_description":"BMW pr\u00e9voit de lancer sa premi\u00e8re voiture \u00e0 hydrog\u00e8ne en 2028 - Benoit Charette - Annuel automobile - CanadaMotorJobs.com.","og_url":"https:\/\/news.canadamotorjobs.com\/fr\/bmw-prevoit-de-lancer-sa-premiere-voiture-a-hydrogene-en-2028\/","og_site_name":"CanadaMotorJobs.com","article_publisher":"https:\/\/www.facebook.com\/canadamotorjobs\/","article_published_time":"2024-09-05T10:51:49+00:00","article_modified_time":"2024-09-05T10:59:23+00:00","og_image":[{"width":2000,"height":1500,"url":"https:\/\/news.canadamotorjobs.com\/wp-content\/uploads\/2024\/09\/1x-1.jpg","type":"image\/jpeg"}],"author":"Benoit Charette","twitter_card":"summary_large_image","twitter_creator":"@canadamotorjobs","twitter_site":"@canadamotorjobs","twitter_misc":{"\u00c9crit par":"Benoit Charette","Estimation du temps de lecture":"1 minute"},"schema":{"@context":"https:\/\/schema.org","@graph":[{"@type":"Article","@id":"https:\/\/news.canadamotorjobs.com\/fr\/bmw-prevoit-de-lancer-sa-premiere-voiture-a-hydrogene-en-2028\/#article","isPartOf":{"@id":"https:\/\/news.canadamotorjobs.com\/fr\/bmw-prevoit-de-lancer-sa-premiere-voiture-a-hydrogene-en-2028\/"},"author":{"name":"Benoit Charette","@id":"https:\/\/news.canadamotorjobs.com\/#\/schema\/person\/51793d1f87d44011d7bcc2ed99269a90"},"headline":"BMW pr\u00e9voit de lancer sa premi\u00e8re voiture \u00e0 hydrog\u00e8ne en 2028","datePublished":"2024-09-05T10:51:49+00:00","dateModified":"2024-09-05T10:59:23+00:00","mainEntityOfPage":{"@id":"https:\/\/news.canadamotorjobs.com\/fr\/bmw-prevoit-de-lancer-sa-premiere-voiture-a-hydrogene-en-2028\/"},"wordCount":321,"publisher":{"@id":"https:\/\/news.canadamotorjobs.com\/#organization"},"image":{"@id":"https:\/\/news.canadamotorjobs.com\/fr\/bmw-prevoit-de-lancer-sa-premiere-voiture-a-hydrogene-en-2028\/#primaryimage"},"thumbnailUrl":"https:\/\/news.canadamotorjobs.com\/wp-content\/uploads\/2024\/09\/1x-1.jpg","articleSection":["Annuel automobile"],"inLanguage":"fr-CA"},{"@type":"WebPage","@id":"https:\/\/news.canadamotorjobs.com\/fr\/bmw-prevoit-de-lancer-sa-premiere-voiture-a-hydrogene-en-2028\/","url":"https:\/\/news.canadamotorjobs.com\/fr\/bmw-prevoit-de-lancer-sa-premiere-voiture-a-hydrogene-en-2028\/","name":"BMW pr\u00e9voit de lancer sa premi\u00e8re voiture \u00e0 hydrog\u00e8ne en 2028 - CanadaMotorJobs.com","isPartOf":{"@id":"https:\/\/news.canadamotorjobs.com\/#website"},"primaryImageOfPage":{"@id":"https:\/\/news.canadamotorjobs.com\/fr\/bmw-prevoit-de-lancer-sa-premiere-voiture-a-hydrogene-en-2028\/#primaryimage"},"image":{"@id":"https:\/\/news.canadamotorjobs.com\/fr\/bmw-prevoit-de-lancer-sa-premiere-voiture-a-hydrogene-en-2028\/#primaryimage"},"thumbnailUrl":"https:\/\/news.canadamotorjobs.com\/wp-content\/uploads\/2024\/09\/1x-1.jpg","datePublished":"2024-09-05T10:51:49+00:00","dateModified":"2024-09-05T10:59:23+00:00","description":"BMW pr\u00e9voit de lancer sa premi\u00e8re voiture \u00e0 hydrog\u00e8ne en 2028 - Benoit Charette - Annuel automobile - CanadaMotorJobs.com.","breadcrumb":{"@id":"https:\/\/news.canadamotorjobs.com\/fr\/bmw-prevoit-de-lancer-sa-premiere-voiture-a-hydrogene-en-2028\/#breadcrumb"},"inLanguage":"fr-CA","potentialAction":[{"@type":"ReadAction","target":["https:\/\/news.canadamotorjobs.com\/fr\/bmw-prevoit-de-lancer-sa-premiere-voiture-a-hydrogene-en-2028\/"]}]},{"@type":"ImageObject","inLanguage":"fr-CA","@id":"https:\/\/news.canadamotorjobs.com\/fr\/bmw-prevoit-de-lancer-sa-premiere-voiture-a-hydrogene-en-2028\/#primaryimage","url":"https:\/\/news.canadamotorjobs.com\/wp-content\/uploads\/2024\/09\/1x-1.jpg","contentUrl":"https:\/\/news.canadamotorjobs.com\/wp-content\/uploads\/2024\/09\/1x-1.jpg","width":2000,"height":1500},{"@type":"BreadcrumbList","@id":"https:\/\/news.canadamotorjobs.com\/fr\/bmw-prevoit-de-lancer-sa-premiere-voiture-a-hydrogene-en-2028\/#breadcrumb","itemListElement":[{"@type":"ListItem","position":1,"name":"Home","item":"https:\/\/news.canadamotorjobs.com\/fr\/blog\/"},{"@type":"ListItem","position":2,"name":"BMW pr\u00e9voit de lancer sa premi\u00e8re voiture \u00e0 hydrog\u00e8ne en 2028"}]},{"@type":"WebSite","@id":"https:\/\/news.canadamotorjobs.com\/#website","url":"https:\/\/news.canadamotorjobs.com\/","name":"CanadaMotorJobs.com","description":"Automotive Jobs","publisher":{"@id":"https:\/\/news.canadamotorjobs.com\/#organization"},"potentialAction":[{"@type":"SearchAction","target":{"@type":"EntryPoint","urlTemplate":"https:\/\/news.canadamotorjobs.com\/?s={search_term_string}"},"query-input":"required name=search_term_string"}],"inLanguage":"fr-CA"},{"@type":"Organization","@id":"https:\/\/news.canadamotorjobs.com\/#organization","name":"Canada Motor Jobs","url":"https:\/\/news.canadamotorjobs.com\/","logo":{"@type":"ImageObject","inLanguage":"fr-CA","@id":"https:\/\/news.canadamotorjobs.com\/#\/schema\/logo\/image\/","url":"https:\/\/news.canadamotorjobs.com\/wp-content\/uploads\/2022\/10\/logo-canada-motor-jobs-1.png","contentUrl":"https:\/\/news.canadamotorjobs.com\/wp-content\/uploads\/2022\/10\/logo-canada-motor-jobs-1.png","width":800,"height":400,"caption":"Canada Motor Jobs"},"image":{"@id":"https:\/\/news.canadamotorjobs.com\/#\/schema\/logo\/image\/"},"sameAs":["https:\/\/www.facebook.com\/canadamotorjobs\/","https:\/\/x.com\/canadamotorjobs","https:\/\/www.instagram.com\/canadamotorjobs\/","https:\/\/www.linkedin.com\/company\/canadamotorjobs"]},{"@type":"Person","@id":"https:\/\/news.canadamotorjobs.com\/#\/schema\/person\/51793d1f87d44011d7bcc2ed99269a90","name":"Benoit Charette","image":{"@type":"ImageObject","inLanguage":"fr-CA","@id":"https:\/\/news.canadamotorjobs.com\/#\/schema\/person\/image\/","url":"https:\/\/secure.gravatar.com\/avatar\/45f3d2eebcccd909668d7ce7ea7267b6?s=96&d=mm&r=g","contentUrl":"https:\/\/secure.gravatar.com\/avatar\/45f3d2eebcccd909668d7ce7ea7267b6?s=96&d=mm&r=g","caption":"Benoit Charette"},"description":"Benoit Charette \/ Propri\u00e9taire et r\u00e9dacteur en chef Benoit Charette pratique le journalisme automobile depuis bient\u00f4t 30 ans. Il a fait ses classes au c\u00f4t\u00e9 de Daniel H\u00e9raud et au Carnet de route de 1992 \u00e0 2001. Il est fondateur, copropri\u00e9taire et r\u00e9dacteur en chef de L\u2019Annuel de l\u2019automobile, qu\u2019il publie depuis 2001. Il a anim\u00e9 les \u00e9missions RPM et RPM+ sur V et les L\u00e9gendes de la route sur Historia. \u00c0 la radio depuis 1986, il reprend l\u2019antenne cette ann\u00e9e sur les ondes de Cogeco et participe pour la deuxi\u00e8me ann\u00e9e \u00e0 l\u2019\u00e9mission Passion Auto sur RDS en plus de mettre en ligne le site Web officiel de L\u2019Annuel de l\u2019automobile sur annuelauto.ca.","sameAs":["https:\/\/annuelauto.ca\/"],"url":"https:\/\/news.canadamotorjobs.com\/fr\/author\/benoit-charette\/"}]}},"_links":{"self":[{"href":"https:\/\/news.canadamotorjobs.com\/fr\/wp-json\/wp\/v2\/posts\/171950"}],"collection":[{"href":"https:\/\/news.canadamotorjobs.com\/fr\/wp-json\/wp\/v2\/posts"}],"about":[{"href":"https:\/\/news.canadamotorjobs.com\/fr\/wp-json\/wp\/v2\/types\/post"}],"author":[{"embeddable":true,"href":"https:\/\/news.canadamotorjobs.com\/fr\/wp-json\/wp\/v2\/users\/8"}],"replies":[{"embeddable":true,"href":"https:\/\/news.canadamotorjobs.com\/fr\/wp-json\/wp\/v2\/comments?post=171950"}],"version-history":[{"count":2,"href":"https:\/\/news.canadamotorjobs.com\/fr\/wp-json\/wp\/v2\/posts\/171950\/revisions"}],"predecessor-version":[{"id":171954,"href":"https:\/\/news.canadamotorjobs.com\/fr\/wp-json\/wp\/v2\/posts\/171950\/revisions\/171954"}],"wp:featuredmedia":[{"embeddable":true,"href":"https:\/\/news.canadamotorjobs.com\/fr\/wp-json\/wp\/v2\/media\/171952"}],"wp:attachment":[{"href":"https:\/\/news.canadamotorjobs.com\/fr\/wp-json\/wp\/v2\/media?parent=171950"}],"wp:term":[{"taxonomy":"category","embeddable":true,"href":"https:\/\/news.canadamotorjobs.com\/fr\/wp-json\/wp\/v2\/categories?post=171950"},{"taxonomy":"post_tag","embeddable":true,"href":"https:\/\/news.canadamotorjobs.com\/fr\/wp-json\/wp\/v2\/tags?post=171950"}],"curies":[{"name":"wp","href":"https:\/\/api.w.org\/{rel}","templated":true}]}}