{"id":171885,"date":"2024-09-04T07:39:43","date_gmt":"2024-09-04T11:39:43","guid":{"rendered":"https:\/\/news.canadamotorjobs.com\/?p=171885"},"modified":"2024-09-04T07:44:48","modified_gmt":"2024-09-04T11:44:48","slug":"nissan-devoile-le-prix-de-sa-gamme-frontier-2025","status":"publish","type":"post","link":"https:\/\/news.canadamotorjobs.com\/fr\/nissan-devoile-le-prix-de-sa-gamme-frontier-2025\/","title":{"rendered":"Nissan d\u00e9voile le prix de sa gamme Frontier 2025"},"content":{"rendered":"<\/p>\n<p>Am\u00e9lior\u00e9 par une conception actualis\u00e9e, des capacit\u00e9s de remorquage plus \u00e9lev\u00e9es et une technologie actualis\u00e9e, le <a href=\"https:\/\/canada.nissannews.com\/en-CA\/releases\/2025-nissan-frontier-press-kit?selectedTabId=%23release-d2ef8f737379f3e9c7e4d9d26b1e5e09\">Nissan Frontier 2025<\/a> est maintenant offert avec un prix de d\u00e9tail sugg\u00e9r\u00e9 par le fabricant (PDSF)<sup>1<\/sup> de 47\u00a0998\u00a0$.<\/p>\n<p>Toutes les cat\u00e9gories Frontier 2025 portent un nouveau car\u00e9nage avant, une nouvelle calandre et un nouveau pare-chocs, et ajoutent un volant t\u00e9lescopique pour mieux s&#8217;adapter aux conducteurs de diff\u00e9rents gabarits. La configuration utile de l&#8217;empattement long et de la caisse de 6 pieds est d\u00e9sormais propos\u00e9e sur les mod\u00e8les PRO-4X. Les capacit\u00e9s de remorquage augmentent d&#8217;environ 540 livres sur l&#8217;ensemble de la gamme, jusqu&#8217;\u00e0 un impressionnant maximum de 6 760 livres<sup>2<\/sup>.<\/p>\n<p>Les autres changements cette ann\u00e9e comprennent un \u00e9cran tactile de 12,3\u00a0po de s\u00e9rie plus grand, une option de peinture Afterburn Orange qui attire l&#8217;attention (PRO-4X\/PRO-4X Luxe seulement) et une nouvelle conception de jantes de 17\u00a0po.<\/p>\n<p>Le Frontier 2025 poursuit son engagement envers la tranquillit\u00e9 d&#8217;esprit en maintenant ses technologies de s\u00e9curit\u00e9 et d&#8217;assistance \u00e0 la conduite de s\u00e9rie, y compris le syst\u00e8me de d\u00e9tection de sortie de voie, l&#8217;avertissement sur l&#8217;angle mort, l&#8217;alerte de circulation transversale arri\u00e8re, les capteurs de stationnement arri\u00e8re, l&#8217;assistance aux feux de route et le r\u00e9gulateur de vitesse intelligent.<\/p>\n<p>Prix de d\u00e9tail sugg\u00e9r\u00e9s par le fabricant<sup>1<\/sup> pour le Nissan Frontier \u00e0 cabine allong\u00e9e\u00a02025\u00a0:<\/p>\n<table class=\"table\" border=\"1\"><\/p>\n<tbody><\/p>\n<tr><\/p>\n<th scope=\"row\" valign=\"top\" width=\"312\"><strong>Frontier\u00a0PRO-4X \u00e0 cabine allong\u00e9e<\/strong><\/th>\n<p><\/p>\n<td width=\"204\"><\/p>\n<p align=\"center\">\u00a049\u00a0898\u00a0$<\/p>\n<p>\n<\/td>\n<p>\n<\/tr>\n<p>\n<\/tbody>\n<p>\n<\/table>\n<p>\nPrix de d\u00e9tail sugg\u00e9r\u00e9s par le fabricant<sup>1<\/sup> pour le Nissan Frontier \u00e0 cabine double\u00a02025\u00a0:<\/p>\n<table class=\"table\" border=\"1\"><\/p>\n<tbody><\/p>\n<tr><\/p>\n<th scope=\"row\" valign=\"top\" width=\"306\"><strong>Frontier SV \u00e0 cabine double<\/strong><\/th>\n<p><\/p>\n<td width=\"210\"><\/p>\n<p align=\"center\">\u00a047\u00a0998\u00a0$<\/p>\n<p>\n<\/td>\n<p>\n<\/tr>\n<p><\/p>\n<tr><\/p>\n<th scope=\"row\" valign=\"top\" width=\"306\"><strong>Frontier SL \u00e0 cabine double<\/strong><\/th>\n<p><\/p>\n<td width=\"210\"><\/p>\n<p align=\"center\">\u00a050\u00a0498\u00a0$<\/p>\n<p>\n<\/td>\n<p>\n<\/tr>\n<p><\/p>\n<tr><\/p>\n<th scope=\"row\" valign=\"top\" width=\"306\"><strong>Frontier PRO-X \u00e0 cabine double (caisse de 5\u00a0pieds)<\/strong><\/th>\n<p><\/p>\n<td width=\"210\"><\/p>\n<p align=\"center\">\u00a053\u00a0498\u00a0$<\/p>\n<p>\n<\/td>\n<p>\n<\/tr>\n<p><\/p>\n<tr><\/p>\n<th scope=\"row\" valign=\"top\" width=\"306\"><strong>Frontier PRO-X \u00e0 cabine double (caisse de 6\u00a0pieds)<\/strong><\/th>\n<p><\/p>\n<td width=\"210\"><\/p>\n<p align=\"center\">\u00a054\u00a0098\u00a0$<\/p>\n<p>\n<\/td>\n<p>\n<\/tr>\n<p><\/p>\n<tr><\/p>\n<th scope=\"row\" valign=\"top\" width=\"306\"><strong>Frontier De luxe PRO-X \u00e0 cabine double (caisse de 5\u00a0pieds)<\/strong><\/th>\n<p><\/p>\n<td width=\"210\"><\/p>\n<p align=\"center\">\u00a056\u00a0498\u00a0$<\/p>\n<p>\n<\/td>\n<p>\n<\/tr>\n<p><\/p>\n<tr><\/p>\n<th scope=\"row\" valign=\"top\" width=\"306\"><strong>Frontier De luxe PRO-X \u00e0 cabine double (caisse de 6\u00a0pieds)<\/strong><\/th>\n<p><\/p>\n<td width=\"210\"><\/p>\n<p align=\"center\">\u00a057\u00a0098\u00a0$<\/p>\n<p>\n<\/td>\n<p>\n<\/tr>\n<p>\n<\/tbody>\n<p>\n<\/table>\n<p>Le texte <a rel=\"nofollow\" href=\"https:\/\/annuelauto.ca\/nissan-devoile-le-prix-de-sa-gamme-frontier-2025\/\">Nissan d\u00e9voile le prix de sa gamme Frontier 2025<\/a> provient de <a rel=\"nofollow\" href=\"https:\/\/annuelauto.ca\">L&#8217;annuel de l&#8217;automobile &#8211; Actualit\u00e9 automobile<\/a><\/p>\n<p><\/p>\n","protected":false},"excerpt":{"rendered":"<p>Am\u00e9lior\u00e9 par une conception actualis\u00e9e, des capacit\u00e9s de remorquage plus \u00e9lev\u00e9es et une technologie actualis\u00e9e, le Nissan Frontier 2025 est maintenant offert avec un prix de d\u00e9tail sugg\u00e9r\u00e9 par le fabricant (PDSF)1 de 47\u00a0998\u00a0$. Toutes les cat\u00e9gories Frontier 2025 portent un nouveau car\u00e9nage avant, une nouvelle calandre et un nouveau pare-chocs, et ajoutent un volant [&hellip;]<\/p>\n","protected":false},"author":8,"featured_media":171887,"comment_status":"close","ping_status":"closed","sticky":false,"template":"","format":"standard","meta":{"_monsterinsights_skip_tracking":false,"_monsterinsights_sitenote_active":false,"_monsterinsights_sitenote_note":"","_monsterinsights_sitenote_category":0,"footnotes":""},"categories":[101],"tags":[],"yoast_head":"<!-- This site is optimized with the Yoast SEO plugin v23.2 - https:\/\/yoast.com\/wordpress\/plugins\/seo\/ -->\n<title>Nissan d\u00e9voile le prix de sa gamme Frontier 2025 - CanadaMotorJobs.com<\/title>\n<meta name=\"description\" content=\"Nissan d\u00e9voile le prix de sa gamme Frontier 2025 - Benoit Charette - Annuel automobile - CanadaMotorJobs.com.\" \/>\n<meta name=\"robots\" content=\"index, follow, max-snippet:-1, max-image-preview:large, max-video-preview:-1\" \/>\n<meta property=\"og:locale\" content=\"fr_CA\" \/>\n<meta property=\"og:type\" content=\"article\" \/>\n<meta property=\"og:title\" content=\"Nissan d\u00e9voile le prix de sa gamme Frontier 2025 - CanadaMotorJobs.com\" \/>\n<meta property=\"og:description\" content=\"Nissan d\u00e9voile le prix de sa gamme Frontier 2025 - Benoit Charette - Annuel automobile - CanadaMotorJobs.com.\" \/>\n<meta property=\"og:url\" content=\"https:\/\/news.canadamotorjobs.com\/fr\/nissan-devoile-le-prix-de-sa-gamme-frontier-2025\/\" \/>\n<meta property=\"og:site_name\" content=\"CanadaMotorJobs.com\" \/>\n<meta property=\"article:publisher\" content=\"https:\/\/www.facebook.com\/canadamotorjobs\/\" \/>\n<meta property=\"article:published_time\" content=\"2024-09-04T11:39:43+00:00\" \/>\n<meta property=\"article:modified_time\" content=\"2024-09-04T11:44:48+00:00\" \/>\n<meta property=\"og:image\" content=\"https:\/\/news.canadamotorjobs.com\/wp-content\/uploads\/2024\/09\/2025-Nissan-Frontier-2.jpg\" \/>\n\t<meta property=\"og:image:width\" content=\"1200\" \/>\n\t<meta property=\"og:image:height\" content=\"812\" \/>\n\t<meta property=\"og:image:type\" content=\"image\/jpeg\" \/>\n<meta name=\"author\" content=\"Benoit Charette\" \/>\n<meta name=\"twitter:card\" content=\"summary_large_image\" \/>\n<meta name=\"twitter:creator\" content=\"@canadamotorjobs\" \/>\n<meta name=\"twitter:site\" content=\"@canadamotorjobs\" \/>\n<meta name=\"twitter:label1\" content=\"\u00c9crit par\" \/>\n\t<meta name=\"twitter:data1\" content=\"Benoit Charette\" \/>\n\t<meta name=\"twitter:label2\" content=\"Estimation du temps de lecture\" \/>\n\t<meta name=\"twitter:data2\" content=\"2 minutes\" \/>\n<!-- \/ Yoast SEO plugin. -->","yoast_head_json":{"title":"Nissan d\u00e9voile le prix de sa gamme Frontier 2025 - CanadaMotorJobs.com","description":"Nissan d\u00e9voile le prix de sa gamme Frontier 2025 - Benoit Charette - Annuel automobile - CanadaMotorJobs.com.","robots":{"index":"index","follow":"follow","max-snippet":"max-snippet:-1","max-image-preview":"max-image-preview:large","max-video-preview":"max-video-preview:-1"},"og_locale":"fr_CA","og_type":"article","og_title":"Nissan d\u00e9voile le prix de sa gamme Frontier 2025 - CanadaMotorJobs.com","og_description":"Nissan d\u00e9voile le prix de sa gamme Frontier 2025 - Benoit Charette - Annuel automobile - CanadaMotorJobs.com.","og_url":"https:\/\/news.canadamotorjobs.com\/fr\/nissan-devoile-le-prix-de-sa-gamme-frontier-2025\/","og_site_name":"CanadaMotorJobs.com","article_publisher":"https:\/\/www.facebook.com\/canadamotorjobs\/","article_published_time":"2024-09-04T11:39:43+00:00","article_modified_time":"2024-09-04T11:44:48+00:00","og_image":[{"width":1200,"height":812,"url":"https:\/\/news.canadamotorjobs.com\/wp-content\/uploads\/2024\/09\/2025-Nissan-Frontier-2.jpg","type":"image\/jpeg"}],"author":"Benoit Charette","twitter_card":"summary_large_image","twitter_creator":"@canadamotorjobs","twitter_site":"@canadamotorjobs","twitter_misc":{"\u00c9crit par":"Benoit Charette","Estimation du temps de lecture":"2 minutes"},"schema":{"@context":"https:\/\/schema.org","@graph":[{"@type":"Article","@id":"https:\/\/news.canadamotorjobs.com\/fr\/nissan-devoile-le-prix-de-sa-gamme-frontier-2025\/#article","isPartOf":{"@id":"https:\/\/news.canadamotorjobs.com\/fr\/nissan-devoile-le-prix-de-sa-gamme-frontier-2025\/"},"author":{"name":"Benoit Charette","@id":"https:\/\/news.canadamotorjobs.com\/#\/schema\/person\/51793d1f87d44011d7bcc2ed99269a90"},"headline":"Nissan d\u00e9voile le prix de sa gamme Frontier 2025","datePublished":"2024-09-04T11:39:43+00:00","dateModified":"2024-09-04T11:44:48+00:00","mainEntityOfPage":{"@id":"https:\/\/news.canadamotorjobs.com\/fr\/nissan-devoile-le-prix-de-sa-gamme-frontier-2025\/"},"wordCount":337,"publisher":{"@id":"https:\/\/news.canadamotorjobs.com\/#organization"},"image":{"@id":"https:\/\/news.canadamotorjobs.com\/fr\/nissan-devoile-le-prix-de-sa-gamme-frontier-2025\/#primaryimage"},"thumbnailUrl":"https:\/\/news.canadamotorjobs.com\/wp-content\/uploads\/2024\/09\/2025-Nissan-Frontier-2.jpg","articleSection":["Annuel automobile"],"inLanguage":"fr-CA"},{"@type":"WebPage","@id":"https:\/\/news.canadamotorjobs.com\/fr\/nissan-devoile-le-prix-de-sa-gamme-frontier-2025\/","url":"https:\/\/news.canadamotorjobs.com\/fr\/nissan-devoile-le-prix-de-sa-gamme-frontier-2025\/","name":"Nissan d\u00e9voile le prix de sa gamme Frontier 2025 - CanadaMotorJobs.com","isPartOf":{"@id":"https:\/\/news.canadamotorjobs.com\/#website"},"primaryImageOfPage":{"@id":"https:\/\/news.canadamotorjobs.com\/fr\/nissan-devoile-le-prix-de-sa-gamme-frontier-2025\/#primaryimage"},"image":{"@id":"https:\/\/news.canadamotorjobs.com\/fr\/nissan-devoile-le-prix-de-sa-gamme-frontier-2025\/#primaryimage"},"thumbnailUrl":"https:\/\/news.canadamotorjobs.com\/wp-content\/uploads\/2024\/09\/2025-Nissan-Frontier-2.jpg","datePublished":"2024-09-04T11:39:43+00:00","dateModified":"2024-09-04T11:44:48+00:00","description":"Nissan d\u00e9voile le prix de sa gamme Frontier 2025 - Benoit Charette - Annuel automobile - CanadaMotorJobs.com.","breadcrumb":{"@id":"https:\/\/news.canadamotorjobs.com\/fr\/nissan-devoile-le-prix-de-sa-gamme-frontier-2025\/#breadcrumb"},"inLanguage":"fr-CA","potentialAction":[{"@type":"ReadAction","target":["https:\/\/news.canadamotorjobs.com\/fr\/nissan-devoile-le-prix-de-sa-gamme-frontier-2025\/"]}]},{"@type":"ImageObject","inLanguage":"fr-CA","@id":"https:\/\/news.canadamotorjobs.com\/fr\/nissan-devoile-le-prix-de-sa-gamme-frontier-2025\/#primaryimage","url":"https:\/\/news.canadamotorjobs.com\/wp-content\/uploads\/2024\/09\/2025-Nissan-Frontier-2.jpg","contentUrl":"https:\/\/news.canadamotorjobs.com\/wp-content\/uploads\/2024\/09\/2025-Nissan-Frontier-2.jpg","width":1200,"height":812},{"@type":"BreadcrumbList","@id":"https:\/\/news.canadamotorjobs.com\/fr\/nissan-devoile-le-prix-de-sa-gamme-frontier-2025\/#breadcrumb","itemListElement":[{"@type":"ListItem","position":1,"name":"Home","item":"https:\/\/news.canadamotorjobs.com\/fr\/blog\/"},{"@type":"ListItem","position":2,"name":"Nissan d\u00e9voile le prix de sa gamme Frontier 2025"}]},{"@type":"WebSite","@id":"https:\/\/news.canadamotorjobs.com\/#website","url":"https:\/\/news.canadamotorjobs.com\/","name":"CanadaMotorJobs.com","description":"Automotive Jobs","publisher":{"@id":"https:\/\/news.canadamotorjobs.com\/#organization"},"potentialAction":[{"@type":"SearchAction","target":{"@type":"EntryPoint","urlTemplate":"https:\/\/news.canadamotorjobs.com\/?s={search_term_string}"},"query-input":"required name=search_term_string"}],"inLanguage":"fr-CA"},{"@type":"Organization","@id":"https:\/\/news.canadamotorjobs.com\/#organization","name":"Canada Motor Jobs","url":"https:\/\/news.canadamotorjobs.com\/","logo":{"@type":"ImageObject","inLanguage":"fr-CA","@id":"https:\/\/news.canadamotorjobs.com\/#\/schema\/logo\/image\/","url":"https:\/\/news.canadamotorjobs.com\/wp-content\/uploads\/2022\/10\/logo-canada-motor-jobs-1.png","contentUrl":"https:\/\/news.canadamotorjobs.com\/wp-content\/uploads\/2022\/10\/logo-canada-motor-jobs-1.png","width":800,"height":400,"caption":"Canada Motor Jobs"},"image":{"@id":"https:\/\/news.canadamotorjobs.com\/#\/schema\/logo\/image\/"},"sameAs":["https:\/\/www.facebook.com\/canadamotorjobs\/","https:\/\/x.com\/canadamotorjobs","https:\/\/www.instagram.com\/canadamotorjobs\/","https:\/\/www.linkedin.com\/company\/canadamotorjobs"]},{"@type":"Person","@id":"https:\/\/news.canadamotorjobs.com\/#\/schema\/person\/51793d1f87d44011d7bcc2ed99269a90","name":"Benoit Charette","image":{"@type":"ImageObject","inLanguage":"fr-CA","@id":"https:\/\/news.canadamotorjobs.com\/#\/schema\/person\/image\/","url":"https:\/\/secure.gravatar.com\/avatar\/45f3d2eebcccd909668d7ce7ea7267b6?s=96&d=mm&r=g","contentUrl":"https:\/\/secure.gravatar.com\/avatar\/45f3d2eebcccd909668d7ce7ea7267b6?s=96&d=mm&r=g","caption":"Benoit Charette"},"description":"Benoit Charette \/ Propri\u00e9taire et r\u00e9dacteur en chef Benoit Charette pratique le journalisme automobile depuis bient\u00f4t 30 ans. Il a fait ses classes au c\u00f4t\u00e9 de Daniel H\u00e9raud et au Carnet de route de 1992 \u00e0 2001. Il est fondateur, copropri\u00e9taire et r\u00e9dacteur en chef de L\u2019Annuel de l\u2019automobile, qu\u2019il publie depuis 2001. Il a anim\u00e9 les \u00e9missions RPM et RPM+ sur V et les L\u00e9gendes de la route sur Historia. \u00c0 la radio depuis 1986, il reprend l\u2019antenne cette ann\u00e9e sur les ondes de Cogeco et participe pour la deuxi\u00e8me ann\u00e9e \u00e0 l\u2019\u00e9mission Passion Auto sur RDS en plus de mettre en ligne le site Web officiel de L\u2019Annuel de l\u2019automobile sur annuelauto.ca.","sameAs":["https:\/\/annuelauto.ca\/"],"url":"https:\/\/news.canadamotorjobs.com\/fr\/author\/benoit-charette\/"}]}},"_links":{"self":[{"href":"https:\/\/news.canadamotorjobs.com\/fr\/wp-json\/wp\/v2\/posts\/171885"}],"collection":[{"href":"https:\/\/news.canadamotorjobs.com\/fr\/wp-json\/wp\/v2\/posts"}],"about":[{"href":"https:\/\/news.canadamotorjobs.com\/fr\/wp-json\/wp\/v2\/types\/post"}],"author":[{"embeddable":true,"href":"https:\/\/news.canadamotorjobs.com\/fr\/wp-json\/wp\/v2\/users\/8"}],"replies":[{"embeddable":true,"href":"https:\/\/news.canadamotorjobs.com\/fr\/wp-json\/wp\/v2\/comments?post=171885"}],"version-history":[{"count":2,"href":"https:\/\/news.canadamotorjobs.com\/fr\/wp-json\/wp\/v2\/posts\/171885\/revisions"}],"predecessor-version":[{"id":171889,"href":"https:\/\/news.canadamotorjobs.com\/fr\/wp-json\/wp\/v2\/posts\/171885\/revisions\/171889"}],"wp:featuredmedia":[{"embeddable":true,"href":"https:\/\/news.canadamotorjobs.com\/fr\/wp-json\/wp\/v2\/media\/171887"}],"wp:attachment":[{"href":"https:\/\/news.canadamotorjobs.com\/fr\/wp-json\/wp\/v2\/media?parent=171885"}],"wp:term":[{"taxonomy":"category","embeddable":true,"href":"https:\/\/news.canadamotorjobs.com\/fr\/wp-json\/wp\/v2\/categories?post=171885"},{"taxonomy":"post_tag","embeddable":true,"href":"https:\/\/news.canadamotorjobs.com\/fr\/wp-json\/wp\/v2\/tags?post=171885"}],"curies":[{"name":"wp","href":"https:\/\/api.w.org\/{rel}","templated":true}]}}