{"id":171866,"date":"2024-09-04T07:21:54","date_gmt":"2024-09-04T11:21:54","guid":{"rendered":"https:\/\/news.canadamotorjobs.com\/?p=171866"},"modified":"2024-09-04T07:29:24","modified_gmt":"2024-09-04T11:29:24","slug":"la-production-de-lacura-tlx-pourrait-sarreter-fin-2025","status":"publish","type":"post","link":"https:\/\/news.canadamotorjobs.com\/fr\/la-production-de-lacura-tlx-pourrait-sarreter-fin-2025\/","title":{"rendered":"La production de l\u2019Acura TLX pourrait s\u2019arr\u00eater fin 2025"},"content":{"rendered":"<\/p>\n<p>L&#8217;Acura TLX, r\u00e9cemment mise \u00e0 jour pour l&#8217;ann\u00e9e mod\u00e8le 2024 avec un avant redessin\u00e9 et des technologies am\u00e9lior\u00e9es, pourrait voir sa production arr\u00eat\u00e9e d&#8217;ici la fin de l&#8217;ann\u00e9e 2025. Selon un rapport d&#8217;Automotive News, la marque n&#8217;a pas encore confirm\u00e9 de rempla\u00e7ant pour cette g\u00e9n\u00e9ration, ce qui laisse planer des doutes sur l&#8217;avenir de ce mod\u00e8le.<\/p>\n<h3><strong>Des ventes en baisse significative<\/strong><\/h3>\n<p>\nL&#8217;annonce de l&#8217;arr\u00eat possible de la TLX n&#8217;est pas une surprise, compte tenu de la baisse marqu\u00e9e de ses ventes. Acura a signal\u00e9 une diminution de 56 % de ses ventes sur l&#8217;ann\u00e9e jusqu&#8217;\u00e0 juin aux \u00c9tats-Unis, compar\u00e9 \u00e0 l&#8217;ann\u00e9e pr\u00e9c\u00e9dente. En juillet, seules 4 211 TLX avaient \u00e9t\u00e9 vendues au deuxi\u00e8me trimestre 2024, contre 17 429 unit\u00e9s pour la Mercedes-Benz Classe C durant la m\u00eame p\u00e9riode au sud de la fronti\u00e8re. Au Canada, les ventes sont pass\u00e9es de 1 422 en 2022 \u00e0 977 en 2023. La production de la TLX a \u00e9galement \u00e9t\u00e9 retard\u00e9e en 2024 en raison de travaux dans l&#8217;usine de l&#8217;Ohio, visant \u00e0 augmenter la production de v\u00e9hicules \u00e9lectriques, ce qui pourrait avoir cr\u00e9\u00e9 un goulot d&#8217;\u00e9tranglement dans l&#8217;approvisionnement.<\/p>\n<h3><strong>Vers un avenir \u00e9lectrique ?<\/strong><\/h3>\n<p>\nIl est possible que la fin de la production de la TLX co\u00efncide avec le lancement du nouveau centre de production de v\u00e9hicules \u00e9lectriques et de batteries de Honda en Ohio, pr\u00e9vu pour 2025, avec des livraisons d\u00e9butant en 2026. Cela laisse entrevoir la possibilit\u00e9 que la prochaine TLX soit un v\u00e9hicule \u00e9lectrique, si toutefois un successeur direct est envisag\u00e9.<\/p>\n<h3><strong>Un adieu difficile pour une berline sportive appr\u00e9ci\u00e9e<\/strong><\/h3>\n<p>\nSi la disparition de la TLX peut sembler logique compte tenu de ses ventes r\u00e9duites dans un march\u00e9 des berlines en d\u00e9clin, cela reste regrettable pour les amateurs de ce mod\u00e8le. La TLX, notamment dans sa version Type S, est reconnue comme une excellente berline sportive. Cependant, l&#8217;impact de cet arr\u00eat pourrait \u00eatre att\u00e9nu\u00e9 par l&#8217;arriv\u00e9e prochaine d&#8217;une nouvelle sportive \u00e9lectrique de type NSX, confirm\u00e9e par Honda lors de la Monterey Car Week.<\/p>\n<p>Avec des renseignements de : The Drive<\/p>\n<p>Le texte <a rel=\"nofollow\" href=\"https:\/\/annuelauto.ca\/la-production-de-lacura-tlx-pourrait-sarreter-fin-2025\/\">La production de l\u2019Acura TLX pourrait s\u2019arr\u00eater fin 2025<\/a> provient de <a rel=\"nofollow\" href=\"https:\/\/annuelauto.ca\">L&#8217;annuel de l&#8217;automobile &#8211; Actualit\u00e9 automobile<\/a><\/p>\n<p><\/p>\n","protected":false},"excerpt":{"rendered":"<p>L&#8217;Acura TLX, r\u00e9cemment mise \u00e0 jour pour l&#8217;ann\u00e9e mod\u00e8le 2024 avec un avant redessin\u00e9 et des technologies am\u00e9lior\u00e9es, pourrait voir sa production arr\u00eat\u00e9e d&#8217;ici la fin de l&#8217;ann\u00e9e 2025. Selon un rapport d&#8217;Automotive News, la marque n&#8217;a pas encore confirm\u00e9 de rempla\u00e7ant pour cette g\u00e9n\u00e9ration, ce qui laisse planer des doutes sur l&#8217;avenir de ce [&hellip;]<\/p>\n","protected":false},"author":8,"featured_media":171868,"comment_status":"close","ping_status":"closed","sticky":false,"template":"","format":"standard","meta":{"_monsterinsights_skip_tracking":false,"_monsterinsights_sitenote_active":false,"_monsterinsights_sitenote_note":"","_monsterinsights_sitenote_category":0,"footnotes":""},"categories":[101],"tags":[],"yoast_head":"<!-- This site is optimized with the Yoast SEO plugin v23.2 - https:\/\/yoast.com\/wordpress\/plugins\/seo\/ -->\n<title>La production de l\u2019Acura TLX pourrait s\u2019arr\u00eater fin 2025 - CanadaMotorJobs.com<\/title>\n<meta name=\"description\" content=\"La production de l\u2019Acura TLX pourrait s\u2019arr\u00eater fin 2025 - Benoit Charette - Annuel automobile - CanadaMotorJobs.com.\" \/>\n<meta name=\"robots\" content=\"index, follow, max-snippet:-1, max-image-preview:large, max-video-preview:-1\" \/>\n<meta property=\"og:locale\" content=\"fr_CA\" \/>\n<meta property=\"og:type\" content=\"article\" \/>\n<meta property=\"og:title\" content=\"La production de l\u2019Acura TLX pourrait s\u2019arr\u00eater fin 2025 - CanadaMotorJobs.com\" \/>\n<meta property=\"og:description\" content=\"La production de l\u2019Acura TLX pourrait s\u2019arr\u00eater fin 2025 - Benoit Charette - Annuel automobile - CanadaMotorJobs.com.\" \/>\n<meta property=\"og:url\" content=\"https:\/\/news.canadamotorjobs.com\/fr\/la-production-de-lacura-tlx-pourrait-sarreter-fin-2025\/\" \/>\n<meta property=\"og:site_name\" content=\"CanadaMotorJobs.com\" \/>\n<meta property=\"article:publisher\" content=\"https:\/\/www.facebook.com\/canadamotorjobs\/\" \/>\n<meta property=\"article:published_time\" content=\"2024-09-04T11:21:54+00:00\" \/>\n<meta property=\"article:modified_time\" content=\"2024-09-04T11:29:24+00:00\" \/>\n<meta property=\"og:image\" content=\"https:\/\/news.canadamotorjobs.com\/wp-content\/uploads\/2024\/09\/Acura-TLX.jpg\" \/>\n\t<meta property=\"og:image:width\" content=\"1024\" \/>\n\t<meta property=\"og:image:height\" content=\"684\" \/>\n\t<meta property=\"og:image:type\" content=\"image\/jpeg\" \/>\n<meta name=\"author\" content=\"Benoit Charette\" \/>\n<meta name=\"twitter:card\" content=\"summary_large_image\" \/>\n<meta name=\"twitter:creator\" content=\"@canadamotorjobs\" \/>\n<meta name=\"twitter:site\" content=\"@canadamotorjobs\" \/>\n<meta name=\"twitter:label1\" content=\"\u00c9crit par\" \/>\n\t<meta name=\"twitter:data1\" content=\"Benoit Charette\" \/>\n\t<meta name=\"twitter:label2\" content=\"Estimation du temps de lecture\" \/>\n\t<meta name=\"twitter:data2\" content=\"2 minutes\" \/>\n<!-- \/ Yoast SEO plugin. -->","yoast_head_json":{"title":"La production de l\u2019Acura TLX pourrait s\u2019arr\u00eater fin 2025 - CanadaMotorJobs.com","description":"La production de l\u2019Acura TLX pourrait s\u2019arr\u00eater fin 2025 - Benoit Charette - Annuel automobile - CanadaMotorJobs.com.","robots":{"index":"index","follow":"follow","max-snippet":"max-snippet:-1","max-image-preview":"max-image-preview:large","max-video-preview":"max-video-preview:-1"},"og_locale":"fr_CA","og_type":"article","og_title":"La production de l\u2019Acura TLX pourrait s\u2019arr\u00eater fin 2025 - CanadaMotorJobs.com","og_description":"La production de l\u2019Acura TLX pourrait s\u2019arr\u00eater fin 2025 - Benoit Charette - Annuel automobile - CanadaMotorJobs.com.","og_url":"https:\/\/news.canadamotorjobs.com\/fr\/la-production-de-lacura-tlx-pourrait-sarreter-fin-2025\/","og_site_name":"CanadaMotorJobs.com","article_publisher":"https:\/\/www.facebook.com\/canadamotorjobs\/","article_published_time":"2024-09-04T11:21:54+00:00","article_modified_time":"2024-09-04T11:29:24+00:00","og_image":[{"width":1024,"height":684,"url":"https:\/\/news.canadamotorjobs.com\/wp-content\/uploads\/2024\/09\/Acura-TLX.jpg","type":"image\/jpeg"}],"author":"Benoit Charette","twitter_card":"summary_large_image","twitter_creator":"@canadamotorjobs","twitter_site":"@canadamotorjobs","twitter_misc":{"\u00c9crit par":"Benoit Charette","Estimation du temps de lecture":"2 minutes"},"schema":{"@context":"https:\/\/schema.org","@graph":[{"@type":"Article","@id":"https:\/\/news.canadamotorjobs.com\/fr\/la-production-de-lacura-tlx-pourrait-sarreter-fin-2025\/#article","isPartOf":{"@id":"https:\/\/news.canadamotorjobs.com\/fr\/la-production-de-lacura-tlx-pourrait-sarreter-fin-2025\/"},"author":{"name":"Benoit Charette","@id":"https:\/\/news.canadamotorjobs.com\/#\/schema\/person\/51793d1f87d44011d7bcc2ed99269a90"},"headline":"La production de l\u2019Acura TLX pourrait s\u2019arr\u00eater fin 2025","datePublished":"2024-09-04T11:21:54+00:00","dateModified":"2024-09-04T11:29:24+00:00","mainEntityOfPage":{"@id":"https:\/\/news.canadamotorjobs.com\/fr\/la-production-de-lacura-tlx-pourrait-sarreter-fin-2025\/"},"wordCount":407,"publisher":{"@id":"https:\/\/news.canadamotorjobs.com\/#organization"},"image":{"@id":"https:\/\/news.canadamotorjobs.com\/fr\/la-production-de-lacura-tlx-pourrait-sarreter-fin-2025\/#primaryimage"},"thumbnailUrl":"https:\/\/news.canadamotorjobs.com\/wp-content\/uploads\/2024\/09\/Acura-TLX.jpg","articleSection":["Annuel automobile"],"inLanguage":"fr-CA"},{"@type":"WebPage","@id":"https:\/\/news.canadamotorjobs.com\/fr\/la-production-de-lacura-tlx-pourrait-sarreter-fin-2025\/","url":"https:\/\/news.canadamotorjobs.com\/fr\/la-production-de-lacura-tlx-pourrait-sarreter-fin-2025\/","name":"La production de l\u2019Acura TLX pourrait s\u2019arr\u00eater fin 2025 - CanadaMotorJobs.com","isPartOf":{"@id":"https:\/\/news.canadamotorjobs.com\/#website"},"primaryImageOfPage":{"@id":"https:\/\/news.canadamotorjobs.com\/fr\/la-production-de-lacura-tlx-pourrait-sarreter-fin-2025\/#primaryimage"},"image":{"@id":"https:\/\/news.canadamotorjobs.com\/fr\/la-production-de-lacura-tlx-pourrait-sarreter-fin-2025\/#primaryimage"},"thumbnailUrl":"https:\/\/news.canadamotorjobs.com\/wp-content\/uploads\/2024\/09\/Acura-TLX.jpg","datePublished":"2024-09-04T11:21:54+00:00","dateModified":"2024-09-04T11:29:24+00:00","description":"La production de l\u2019Acura TLX pourrait s\u2019arr\u00eater fin 2025 - Benoit Charette - Annuel automobile - CanadaMotorJobs.com.","breadcrumb":{"@id":"https:\/\/news.canadamotorjobs.com\/fr\/la-production-de-lacura-tlx-pourrait-sarreter-fin-2025\/#breadcrumb"},"inLanguage":"fr-CA","potentialAction":[{"@type":"ReadAction","target":["https:\/\/news.canadamotorjobs.com\/fr\/la-production-de-lacura-tlx-pourrait-sarreter-fin-2025\/"]}]},{"@type":"ImageObject","inLanguage":"fr-CA","@id":"https:\/\/news.canadamotorjobs.com\/fr\/la-production-de-lacura-tlx-pourrait-sarreter-fin-2025\/#primaryimage","url":"https:\/\/news.canadamotorjobs.com\/wp-content\/uploads\/2024\/09\/Acura-TLX.jpg","contentUrl":"https:\/\/news.canadamotorjobs.com\/wp-content\/uploads\/2024\/09\/Acura-TLX.jpg","width":1024,"height":684},{"@type":"BreadcrumbList","@id":"https:\/\/news.canadamotorjobs.com\/fr\/la-production-de-lacura-tlx-pourrait-sarreter-fin-2025\/#breadcrumb","itemListElement":[{"@type":"ListItem","position":1,"name":"Home","item":"https:\/\/news.canadamotorjobs.com\/fr\/blog\/"},{"@type":"ListItem","position":2,"name":"La production de l\u2019Acura TLX pourrait s\u2019arr\u00eater fin 2025"}]},{"@type":"WebSite","@id":"https:\/\/news.canadamotorjobs.com\/#website","url":"https:\/\/news.canadamotorjobs.com\/","name":"CanadaMotorJobs.com","description":"Automotive Jobs","publisher":{"@id":"https:\/\/news.canadamotorjobs.com\/#organization"},"potentialAction":[{"@type":"SearchAction","target":{"@type":"EntryPoint","urlTemplate":"https:\/\/news.canadamotorjobs.com\/?s={search_term_string}"},"query-input":"required name=search_term_string"}],"inLanguage":"fr-CA"},{"@type":"Organization","@id":"https:\/\/news.canadamotorjobs.com\/#organization","name":"Canada Motor Jobs","url":"https:\/\/news.canadamotorjobs.com\/","logo":{"@type":"ImageObject","inLanguage":"fr-CA","@id":"https:\/\/news.canadamotorjobs.com\/#\/schema\/logo\/image\/","url":"https:\/\/news.canadamotorjobs.com\/wp-content\/uploads\/2022\/10\/logo-canada-motor-jobs-1.png","contentUrl":"https:\/\/news.canadamotorjobs.com\/wp-content\/uploads\/2022\/10\/logo-canada-motor-jobs-1.png","width":800,"height":400,"caption":"Canada Motor Jobs"},"image":{"@id":"https:\/\/news.canadamotorjobs.com\/#\/schema\/logo\/image\/"},"sameAs":["https:\/\/www.facebook.com\/canadamotorjobs\/","https:\/\/x.com\/canadamotorjobs","https:\/\/www.instagram.com\/canadamotorjobs\/","https:\/\/www.linkedin.com\/company\/canadamotorjobs"]},{"@type":"Person","@id":"https:\/\/news.canadamotorjobs.com\/#\/schema\/person\/51793d1f87d44011d7bcc2ed99269a90","name":"Benoit Charette","image":{"@type":"ImageObject","inLanguage":"fr-CA","@id":"https:\/\/news.canadamotorjobs.com\/#\/schema\/person\/image\/","url":"https:\/\/secure.gravatar.com\/avatar\/45f3d2eebcccd909668d7ce7ea7267b6?s=96&d=mm&r=g","contentUrl":"https:\/\/secure.gravatar.com\/avatar\/45f3d2eebcccd909668d7ce7ea7267b6?s=96&d=mm&r=g","caption":"Benoit Charette"},"description":"Benoit Charette \/ Propri\u00e9taire et r\u00e9dacteur en chef Benoit Charette pratique le journalisme automobile depuis bient\u00f4t 30 ans. Il a fait ses classes au c\u00f4t\u00e9 de Daniel H\u00e9raud et au Carnet de route de 1992 \u00e0 2001. Il est fondateur, copropri\u00e9taire et r\u00e9dacteur en chef de L\u2019Annuel de l\u2019automobile, qu\u2019il publie depuis 2001. Il a anim\u00e9 les \u00e9missions RPM et RPM+ sur V et les L\u00e9gendes de la route sur Historia. \u00c0 la radio depuis 1986, il reprend l\u2019antenne cette ann\u00e9e sur les ondes de Cogeco et participe pour la deuxi\u00e8me ann\u00e9e \u00e0 l\u2019\u00e9mission Passion Auto sur RDS en plus de mettre en ligne le site Web officiel de L\u2019Annuel de l\u2019automobile sur annuelauto.ca.","sameAs":["https:\/\/annuelauto.ca\/"],"url":"https:\/\/news.canadamotorjobs.com\/fr\/author\/benoit-charette\/"}]}},"_links":{"self":[{"href":"https:\/\/news.canadamotorjobs.com\/fr\/wp-json\/wp\/v2\/posts\/171866"}],"collection":[{"href":"https:\/\/news.canadamotorjobs.com\/fr\/wp-json\/wp\/v2\/posts"}],"about":[{"href":"https:\/\/news.canadamotorjobs.com\/fr\/wp-json\/wp\/v2\/types\/post"}],"author":[{"embeddable":true,"href":"https:\/\/news.canadamotorjobs.com\/fr\/wp-json\/wp\/v2\/users\/8"}],"replies":[{"embeddable":true,"href":"https:\/\/news.canadamotorjobs.com\/fr\/wp-json\/wp\/v2\/comments?post=171866"}],"version-history":[{"count":2,"href":"https:\/\/news.canadamotorjobs.com\/fr\/wp-json\/wp\/v2\/posts\/171866\/revisions"}],"predecessor-version":[{"id":171870,"href":"https:\/\/news.canadamotorjobs.com\/fr\/wp-json\/wp\/v2\/posts\/171866\/revisions\/171870"}],"wp:featuredmedia":[{"embeddable":true,"href":"https:\/\/news.canadamotorjobs.com\/fr\/wp-json\/wp\/v2\/media\/171868"}],"wp:attachment":[{"href":"https:\/\/news.canadamotorjobs.com\/fr\/wp-json\/wp\/v2\/media?parent=171866"}],"wp:term":[{"taxonomy":"category","embeddable":true,"href":"https:\/\/news.canadamotorjobs.com\/fr\/wp-json\/wp\/v2\/categories?post=171866"},{"taxonomy":"post_tag","embeddable":true,"href":"https:\/\/news.canadamotorjobs.com\/fr\/wp-json\/wp\/v2\/tags?post=171866"}],"curies":[{"name":"wp","href":"https:\/\/api.w.org\/{rel}","templated":true}]}}