{"id":171793,"date":"2024-09-03T07:14:46","date_gmt":"2024-09-03T11:14:46","guid":{"rendered":"https:\/\/news.canadamotorjobs.com\/?p=171793"},"modified":"2024-09-03T07:31:46","modified_gmt":"2024-09-03T11:31:46","slug":"volkswagen-envisage-des-fermetures-dusines-en-allemagne","status":"publish","type":"post","link":"https:\/\/news.canadamotorjobs.com\/fr\/volkswagen-envisage-des-fermetures-dusines-en-allemagne\/","title":{"rendered":"Volkswagen envisage des fermetures d\u2019usines en Allemagne"},"content":{"rendered":"<\/p>\n<p>Volkswagen a r\u00e9cemment lanc\u00e9 un avertissement qui fait trembler l&#8217;industrie automobile : des fermetures d&#8217;usines en Allemagne pourraient \u00eatre \u00e0 l&#8217;horizon, marquant une premi\u00e8re dans l&#8217;histoire de l&#8217;entreprise. La comp\u00e9titivit\u00e9 de l&#8217;Allemagne en tant que lieu de production est en d\u00e9clin, rendant la situation particuli\u00e8rement pr\u00e9occupante pour le constructeur.<\/p>\n<h3><strong>Des d\u00e9fis \u00e9conomiques majeurs pour Volkswagen<\/strong><\/h3>\n<p>\nLe g\u00e9ant automobile allemand traverse une p\u00e9riode difficile, avec des vents contraires qui ne peuvent \u00eatre surmont\u00e9s par de simples r\u00e9ductions de co\u00fbts. Le b\u00e9n\u00e9fice d&#8217;exploitation de Volkswagen a chut\u00e9 de 11 % par rapport \u00e0 l&#8217;ann\u00e9e pr\u00e9c\u00e9dente, ce qui a conduit \u00e0 des r\u00e9flexions sur l&#8217;avenir de certaines usines en Allemagne. Oliver Blume, le PDG du groupe Volkswagen, a soulign\u00e9 que &#8220;l&#8217;industrie automobile europ\u00e9enne se trouve dans une situation tr\u00e8s exigeante et s\u00e9rieuse.&#8221; Il a ajout\u00e9 que &#8220;de nouveaux concurrents entrent sur le march\u00e9 europ\u00e9en&#8221; et a pr\u00e9cis\u00e9 que &#8220;l&#8217;Allemagne, en particulier, en tant que lieu de production, perd de plus en plus en comp\u00e9titivit\u00e9.&#8221;<\/p>\n<h3><strong>Un risque de fermetures d&#8217;usines<\/strong><\/h3>\n<p>\nThomas Sch\u00e4fer, le responsable de la marque Volkswagen, a \u00e9galement exprim\u00e9 son inqui\u00e9tude en d\u00e9clarant que &#8220;la situation est extr\u00eamement tendue et ne peut \u00eatre r\u00e9solue par de simples mesures de r\u00e9duction des co\u00fbts.&#8221; Cela signifie que les diff\u00e9rentes marques du groupe Volkswagen devront subir une &#8220;restructuration compl\u00e8te&#8221; et que la fermeture d&#8217;usines en Allemagne est une possibilit\u00e9.<\/p>\n<h3><strong>Les syndicats s&#8217;inqui\u00e8tent pour l&#8217;avenir<\/strong><\/h3>\n<p>\nLes syndicats ont imm\u00e9diatement r\u00e9agi \u00e0 cette annonce, d\u00e9non\u00e7ant les plans de la direction. Un gestionnaire de district d&#8217;IG Metall, cit\u00e9 par CNBC, a d\u00e9clar\u00e9 : &#8220;Le conseil d&#8217;administration a pr\u00e9sent\u00e9 aujourd&#8217;hui un plan irresponsable qui \u00e9branle les fondations de Volkswagen et repr\u00e9sente une menace massive pour les emplois et les sites de production.&#8221; Il a ajout\u00e9 que &#8220;ce cours d&#8217;action n&#8217;est pas seulement \u00e0 courte vue, mais aussi extr\u00eamement dangereux \u2013 il risque de d\u00e9truire le c\u0153ur de Volkswagen.&#8221;<\/p>\n<h3><strong>Un contexte \u00e9conomique difficile pour Volkswagen<\/strong><\/h3>\n<p>\nCet avertissement intervient environ un mois apr\u00e8s que Volkswagen a annonc\u00e9 un b\u00e9n\u00e9fice d&#8217;exploitation de 10,1 milliards d&#8217;euros pour le premier semestre de l&#8217;ann\u00e9e, en baisse de 11 % par rapport \u00e0 2023, malgr\u00e9 une l\u00e9g\u00e8re augmentation des revenus de ventes. La division automobile du groupe a \u00e9galement enregistr\u00e9 un flux de tr\u00e9sorerie net n\u00e9gatif et une baisse de 2 % des ventes. Ce n&#8217;est pas la premi\u00e8re fois que l&#8217;entreprise envisage de fermer des usines. En juillet, Audi avait d\u00e9j\u00e0 annonc\u00e9 son intention de mettre fin \u00e0 la production des mod\u00e8les Q8 e-tron et Q8 Sportback e-tron plus t\u00f4t que pr\u00e9vu, en raison d&#8217;une &#8220;baisse de la demande de plus en plus marqu\u00e9e.&#8221; Les probl\u00e8mes \u00e9taient aggrav\u00e9s par &#8220;des d\u00e9fis structurels de longue date sur le site de Bruxelles,&#8221; laissant la porte ouverte \u00e0 une \u00e9ventuelle fermeture de l&#8217;usine.<\/p>\n<p>Avec des renseignements de Carscoops<\/p>\n<p>Le texte <a rel=\"nofollow\" href=\"https:\/\/annuelauto.ca\/volkswagen-envisage-des-fermetures-dusines-en-allemagne\/\">Volkswagen envisage des fermetures d\u2019usines en Allemagne<\/a> provient de <a rel=\"nofollow\" href=\"https:\/\/annuelauto.ca\">L&#8217;annuel de l&#8217;automobile &#8211; Actualit\u00e9 automobile<\/a><\/p>\n<p><\/p>\n","protected":false},"excerpt":{"rendered":"<p>Volkswagen a r\u00e9cemment lanc\u00e9 un avertissement qui fait trembler l&#8217;industrie automobile : des fermetures d&#8217;usines en Allemagne pourraient \u00eatre \u00e0 l&#8217;horizon, marquant une premi\u00e8re dans l&#8217;histoire de l&#8217;entreprise. La comp\u00e9titivit\u00e9 de l&#8217;Allemagne en tant que lieu de production est en d\u00e9clin, rendant la situation particuli\u00e8rement pr\u00e9occupante pour le constructeur. Des d\u00e9fis \u00e9conomiques majeurs pour Volkswagen [&hellip;]<\/p>\n","protected":false},"author":8,"featured_media":171795,"comment_status":"close","ping_status":"closed","sticky":false,"template":"","format":"standard","meta":{"_monsterinsights_skip_tracking":false,"_monsterinsights_sitenote_active":false,"_monsterinsights_sitenote_note":"","_monsterinsights_sitenote_category":0,"footnotes":""},"categories":[101],"tags":[],"yoast_head":"<!-- This site is optimized with the Yoast SEO plugin v23.2 - https:\/\/yoast.com\/wordpress\/plugins\/seo\/ -->\n<title>Volkswagen envisage des fermetures d\u2019usines en Allemagne - CanadaMotorJobs.com<\/title>\n<meta name=\"description\" content=\"Volkswagen envisage des fermetures d\u2019usines en Allemagne - Benoit Charette - Annuel automobile - CanadaMotorJobs.com.\" \/>\n<meta name=\"robots\" content=\"index, follow, max-snippet:-1, max-image-preview:large, max-video-preview:-1\" \/>\n<meta property=\"og:locale\" content=\"fr_CA\" \/>\n<meta property=\"og:type\" content=\"article\" \/>\n<meta property=\"og:title\" content=\"Volkswagen envisage des fermetures d\u2019usines en Allemagne - CanadaMotorJobs.com\" \/>\n<meta property=\"og:description\" content=\"Volkswagen envisage des fermetures d\u2019usines en Allemagne - Benoit Charette - Annuel automobile - CanadaMotorJobs.com.\" \/>\n<meta property=\"og:url\" content=\"https:\/\/news.canadamotorjobs.com\/fr\/volkswagen-envisage-des-fermetures-dusines-en-allemagne\/\" \/>\n<meta property=\"og:site_name\" content=\"CanadaMotorJobs.com\" \/>\n<meta property=\"article:publisher\" content=\"https:\/\/www.facebook.com\/canadamotorjobs\/\" \/>\n<meta property=\"article:published_time\" content=\"2024-09-03T11:14:46+00:00\" \/>\n<meta property=\"article:modified_time\" content=\"2024-09-03T11:31:46+00:00\" \/>\n<meta property=\"og:image\" content=\"https:\/\/news.canadamotorjobs.com\/wp-content\/uploads\/2024\/09\/Wolfsburg_VWHochhaus-1030x727.jpg\" \/>\n\t<meta property=\"og:image:width\" content=\"1030\" \/>\n\t<meta property=\"og:image:height\" content=\"727\" \/>\n\t<meta property=\"og:image:type\" content=\"image\/jpeg\" \/>\n<meta name=\"author\" content=\"Benoit Charette\" \/>\n<meta name=\"twitter:card\" content=\"summary_large_image\" \/>\n<meta name=\"twitter:creator\" content=\"@canadamotorjobs\" \/>\n<meta name=\"twitter:site\" content=\"@canadamotorjobs\" \/>\n<meta name=\"twitter:label1\" content=\"\u00c9crit par\" \/>\n\t<meta name=\"twitter:data1\" content=\"Benoit Charette\" \/>\n\t<meta name=\"twitter:label2\" content=\"Estimation du temps de lecture\" \/>\n\t<meta name=\"twitter:data2\" content=\"3 minutes\" \/>\n<!-- \/ Yoast SEO plugin. -->","yoast_head_json":{"title":"Volkswagen envisage des fermetures d\u2019usines en Allemagne - CanadaMotorJobs.com","description":"Volkswagen envisage des fermetures d\u2019usines en Allemagne - Benoit Charette - Annuel automobile - CanadaMotorJobs.com.","robots":{"index":"index","follow":"follow","max-snippet":"max-snippet:-1","max-image-preview":"max-image-preview:large","max-video-preview":"max-video-preview:-1"},"og_locale":"fr_CA","og_type":"article","og_title":"Volkswagen envisage des fermetures d\u2019usines en Allemagne - CanadaMotorJobs.com","og_description":"Volkswagen envisage des fermetures d\u2019usines en Allemagne - Benoit Charette - Annuel automobile - CanadaMotorJobs.com.","og_url":"https:\/\/news.canadamotorjobs.com\/fr\/volkswagen-envisage-des-fermetures-dusines-en-allemagne\/","og_site_name":"CanadaMotorJobs.com","article_publisher":"https:\/\/www.facebook.com\/canadamotorjobs\/","article_published_time":"2024-09-03T11:14:46+00:00","article_modified_time":"2024-09-03T11:31:46+00:00","og_image":[{"width":1030,"height":727,"url":"https:\/\/news.canadamotorjobs.com\/wp-content\/uploads\/2024\/09\/Wolfsburg_VWHochhaus-1030x727.jpg","type":"image\/jpeg"}],"author":"Benoit Charette","twitter_card":"summary_large_image","twitter_creator":"@canadamotorjobs","twitter_site":"@canadamotorjobs","twitter_misc":{"\u00c9crit par":"Benoit Charette","Estimation du temps de lecture":"3 minutes"},"schema":{"@context":"https:\/\/schema.org","@graph":[{"@type":"Article","@id":"https:\/\/news.canadamotorjobs.com\/fr\/volkswagen-envisage-des-fermetures-dusines-en-allemagne\/#article","isPartOf":{"@id":"https:\/\/news.canadamotorjobs.com\/fr\/volkswagen-envisage-des-fermetures-dusines-en-allemagne\/"},"author":{"name":"Benoit Charette","@id":"https:\/\/news.canadamotorjobs.com\/#\/schema\/person\/51793d1f87d44011d7bcc2ed99269a90"},"headline":"Volkswagen envisage des fermetures d\u2019usines en Allemagne","datePublished":"2024-09-03T11:14:46+00:00","dateModified":"2024-09-03T11:31:46+00:00","mainEntityOfPage":{"@id":"https:\/\/news.canadamotorjobs.com\/fr\/volkswagen-envisage-des-fermetures-dusines-en-allemagne\/"},"wordCount":556,"publisher":{"@id":"https:\/\/news.canadamotorjobs.com\/#organization"},"image":{"@id":"https:\/\/news.canadamotorjobs.com\/fr\/volkswagen-envisage-des-fermetures-dusines-en-allemagne\/#primaryimage"},"thumbnailUrl":"https:\/\/news.canadamotorjobs.com\/wp-content\/uploads\/2024\/09\/Wolfsburg_VWHochhaus.jpg","articleSection":["Annuel automobile"],"inLanguage":"fr-CA"},{"@type":"WebPage","@id":"https:\/\/news.canadamotorjobs.com\/fr\/volkswagen-envisage-des-fermetures-dusines-en-allemagne\/","url":"https:\/\/news.canadamotorjobs.com\/fr\/volkswagen-envisage-des-fermetures-dusines-en-allemagne\/","name":"Volkswagen envisage des fermetures d\u2019usines en Allemagne - CanadaMotorJobs.com","isPartOf":{"@id":"https:\/\/news.canadamotorjobs.com\/#website"},"primaryImageOfPage":{"@id":"https:\/\/news.canadamotorjobs.com\/fr\/volkswagen-envisage-des-fermetures-dusines-en-allemagne\/#primaryimage"},"image":{"@id":"https:\/\/news.canadamotorjobs.com\/fr\/volkswagen-envisage-des-fermetures-dusines-en-allemagne\/#primaryimage"},"thumbnailUrl":"https:\/\/news.canadamotorjobs.com\/wp-content\/uploads\/2024\/09\/Wolfsburg_VWHochhaus.jpg","datePublished":"2024-09-03T11:14:46+00:00","dateModified":"2024-09-03T11:31:46+00:00","description":"Volkswagen envisage des fermetures d\u2019usines en Allemagne - Benoit Charette - Annuel automobile - CanadaMotorJobs.com.","breadcrumb":{"@id":"https:\/\/news.canadamotorjobs.com\/fr\/volkswagen-envisage-des-fermetures-dusines-en-allemagne\/#breadcrumb"},"inLanguage":"fr-CA","potentialAction":[{"@type":"ReadAction","target":["https:\/\/news.canadamotorjobs.com\/fr\/volkswagen-envisage-des-fermetures-dusines-en-allemagne\/"]}]},{"@type":"ImageObject","inLanguage":"fr-CA","@id":"https:\/\/news.canadamotorjobs.com\/fr\/volkswagen-envisage-des-fermetures-dusines-en-allemagne\/#primaryimage","url":"https:\/\/news.canadamotorjobs.com\/wp-content\/uploads\/2024\/09\/Wolfsburg_VWHochhaus.jpg","contentUrl":"https:\/\/news.canadamotorjobs.com\/wp-content\/uploads\/2024\/09\/Wolfsburg_VWHochhaus.jpg","width":2202,"height":1554},{"@type":"BreadcrumbList","@id":"https:\/\/news.canadamotorjobs.com\/fr\/volkswagen-envisage-des-fermetures-dusines-en-allemagne\/#breadcrumb","itemListElement":[{"@type":"ListItem","position":1,"name":"Home","item":"https:\/\/news.canadamotorjobs.com\/fr\/blog\/"},{"@type":"ListItem","position":2,"name":"Volkswagen envisage des fermetures d\u2019usines en Allemagne"}]},{"@type":"WebSite","@id":"https:\/\/news.canadamotorjobs.com\/#website","url":"https:\/\/news.canadamotorjobs.com\/","name":"CanadaMotorJobs.com","description":"Automotive Jobs","publisher":{"@id":"https:\/\/news.canadamotorjobs.com\/#organization"},"potentialAction":[{"@type":"SearchAction","target":{"@type":"EntryPoint","urlTemplate":"https:\/\/news.canadamotorjobs.com\/?s={search_term_string}"},"query-input":"required name=search_term_string"}],"inLanguage":"fr-CA"},{"@type":"Organization","@id":"https:\/\/news.canadamotorjobs.com\/#organization","name":"Canada Motor Jobs","url":"https:\/\/news.canadamotorjobs.com\/","logo":{"@type":"ImageObject","inLanguage":"fr-CA","@id":"https:\/\/news.canadamotorjobs.com\/#\/schema\/logo\/image\/","url":"https:\/\/news.canadamotorjobs.com\/wp-content\/uploads\/2022\/10\/logo-canada-motor-jobs-1.png","contentUrl":"https:\/\/news.canadamotorjobs.com\/wp-content\/uploads\/2022\/10\/logo-canada-motor-jobs-1.png","width":800,"height":400,"caption":"Canada Motor Jobs"},"image":{"@id":"https:\/\/news.canadamotorjobs.com\/#\/schema\/logo\/image\/"},"sameAs":["https:\/\/www.facebook.com\/canadamotorjobs\/","https:\/\/x.com\/canadamotorjobs","https:\/\/www.instagram.com\/canadamotorjobs\/","https:\/\/www.linkedin.com\/company\/canadamotorjobs"]},{"@type":"Person","@id":"https:\/\/news.canadamotorjobs.com\/#\/schema\/person\/51793d1f87d44011d7bcc2ed99269a90","name":"Benoit Charette","image":{"@type":"ImageObject","inLanguage":"fr-CA","@id":"https:\/\/news.canadamotorjobs.com\/#\/schema\/person\/image\/","url":"https:\/\/secure.gravatar.com\/avatar\/45f3d2eebcccd909668d7ce7ea7267b6?s=96&d=mm&r=g","contentUrl":"https:\/\/secure.gravatar.com\/avatar\/45f3d2eebcccd909668d7ce7ea7267b6?s=96&d=mm&r=g","caption":"Benoit Charette"},"description":"Benoit Charette \/ Propri\u00e9taire et r\u00e9dacteur en chef Benoit Charette pratique le journalisme automobile depuis bient\u00f4t 30 ans. Il a fait ses classes au c\u00f4t\u00e9 de Daniel H\u00e9raud et au Carnet de route de 1992 \u00e0 2001. Il est fondateur, copropri\u00e9taire et r\u00e9dacteur en chef de L\u2019Annuel de l\u2019automobile, qu\u2019il publie depuis 2001. Il a anim\u00e9 les \u00e9missions RPM et RPM+ sur V et les L\u00e9gendes de la route sur Historia. \u00c0 la radio depuis 1986, il reprend l\u2019antenne cette ann\u00e9e sur les ondes de Cogeco et participe pour la deuxi\u00e8me ann\u00e9e \u00e0 l\u2019\u00e9mission Passion Auto sur RDS en plus de mettre en ligne le site Web officiel de L\u2019Annuel de l\u2019automobile sur annuelauto.ca.","sameAs":["https:\/\/annuelauto.ca\/"],"url":"https:\/\/news.canadamotorjobs.com\/fr\/author\/benoit-charette\/"}]}},"_links":{"self":[{"href":"https:\/\/news.canadamotorjobs.com\/fr\/wp-json\/wp\/v2\/posts\/171793"}],"collection":[{"href":"https:\/\/news.canadamotorjobs.com\/fr\/wp-json\/wp\/v2\/posts"}],"about":[{"href":"https:\/\/news.canadamotorjobs.com\/fr\/wp-json\/wp\/v2\/types\/post"}],"author":[{"embeddable":true,"href":"https:\/\/news.canadamotorjobs.com\/fr\/wp-json\/wp\/v2\/users\/8"}],"replies":[{"embeddable":true,"href":"https:\/\/news.canadamotorjobs.com\/fr\/wp-json\/wp\/v2\/comments?post=171793"}],"version-history":[{"count":2,"href":"https:\/\/news.canadamotorjobs.com\/fr\/wp-json\/wp\/v2\/posts\/171793\/revisions"}],"predecessor-version":[{"id":171797,"href":"https:\/\/news.canadamotorjobs.com\/fr\/wp-json\/wp\/v2\/posts\/171793\/revisions\/171797"}],"wp:featuredmedia":[{"embeddable":true,"href":"https:\/\/news.canadamotorjobs.com\/fr\/wp-json\/wp\/v2\/media\/171795"}],"wp:attachment":[{"href":"https:\/\/news.canadamotorjobs.com\/fr\/wp-json\/wp\/v2\/media?parent=171793"}],"wp:term":[{"taxonomy":"category","embeddable":true,"href":"https:\/\/news.canadamotorjobs.com\/fr\/wp-json\/wp\/v2\/categories?post=171793"},{"taxonomy":"post_tag","embeddable":true,"href":"https:\/\/news.canadamotorjobs.com\/fr\/wp-json\/wp\/v2\/tags?post=171793"}],"curies":[{"name":"wp","href":"https:\/\/api.w.org\/{rel}","templated":true}]}}