{"id":171774,"date":"2024-09-03T07:01:55","date_gmt":"2024-09-03T11:01:55","guid":{"rendered":"https:\/\/news.canadamotorjobs.com\/?p=171774"},"modified":"2024-09-03T07:02:16","modified_gmt":"2024-09-03T11:02:16","slug":"tesla-prevoit-lancer-un-modele-y-a-trois-rangees-en-chine-dici-la-fin-2025","status":"publish","type":"post","link":"https:\/\/news.canadamotorjobs.com\/fr\/tesla-prevoit-lancer-un-modele-y-a-trois-rangees-en-chine-dici-la-fin-2025\/","title":{"rendered":"Tesla pr\u00e9voit lancer un mod\u00e8le Y \u00e0 trois rang\u00e9es en Chine d\u2019ici la fin 2025"},"content":{"rendered":"<\/p>\n<p>Tesla Inc. envisage de produire une version \u00e0 six places de son mod\u00e8le phare, la Model Y, en Chine \u00e0 partir de la fin de 2025, selon deux sources proches du dossier. Cette initiative vise \u00e0 renforcer l&#8217;attrait de ce v\u00e9hicule \u00e9lectrique best-seller, mais vieillissant.<\/p>\n<h3><strong>Pr\u00e9paratifs pour une production accrue \u00e0 Shanghai<\/strong><\/h3>\n<p>\nTesla a demand\u00e9 \u00e0 ses fournisseurs de se pr\u00e9parer \u00e0 une augmentation \u00e0 deux chiffres de la production de la Model Y dans son usine de Shanghai, a indiqu\u00e9 l&#8217;une des sources, sous couvert d&#8217;anonymat, car ce projet n&#8217;a pas encore \u00e9t\u00e9 rendu public. Interrog\u00e9e \u00e0 ce sujet, Tesla n&#8217;a pas imm\u00e9diatement r\u00e9pondu. Il reste incertain comment Tesla compte augmenter la production de cette usine, qui attend toujours l&#8217;autorisation d&#8217;agrandir son site sur 70 hectares d&#8217;anciennes terres agricoles.<\/p>\n<h3><strong>Un mod\u00e8le toujours en \u00e9volution<\/strong><\/h3>\n<p>\nLa Model Y, lanc\u00e9e en 2020, est en cours de r\u00e9novation dans le cadre d&#8217;un projet appel\u00e9 &#8220;Juniper&#8221;, selon des informations rapport\u00e9es pr\u00e9c\u00e9demment par Reuters. La nouvelle version de cinq places sera lanc\u00e9e d\u00e9but 2025, et non cette ann\u00e9e comme pr\u00e9vu initialement, a pr\u00e9cis\u00e9 la seconde source.<\/p>\n<h3><strong>Pression accrue de la concurrence en Chine<\/strong><\/h3>\n<p>\nL&#8217;ajout d&#8217;une version six places de la Model Y refl\u00e8te la pression exerc\u00e9e en Chine par des concurrents nationaux, tandis qu&#8217;aux \u00c9tats-Unis, Tesla met l&#8217;accent sur le d\u00e9veloppement de technologies de conduite autonome et de robotaxis. Cette ann\u00e9e, au moins quatre concurrents de la Model Y ont \u00e9t\u00e9 lanc\u00e9s en Chine, notamment la Onvo L60 de Nio et la 7X de Zeekr, offrant des int\u00e9rieurs plus spacieux et des prix inf\u00e9rieurs \u00e0 ceux des mod\u00e8les phares.<\/p>\n<h3><strong>Un mod\u00e8le toujours populaire malgr\u00e9 la concurrence<\/strong><\/h3>\n<p>\nLa Model Y reste le v\u00e9hicule le plus vendu en Chine, toutes motorisations confondues, avec 207 800 ventes au premier semestre. Cependant, la berline Seagull de BYD commence \u00e0 se rapprocher en termes de ventes. Tesla pr\u00e9voit une augmentation de ses ventes en Chine au troisi\u00e8me trimestre, en raison d&#8217;une forte croissance dans les villes de taille moyenne, malgr\u00e9 une r\u00e9duction de ses effectifs commerciaux dans le cadre des licenciements mondiaux en mai, signe d&#8217;une rentabilit\u00e9 am\u00e9lior\u00e9e. L&#8217;introduction de la fonctionnalit\u00e9 Full Self-Driving en Chine, pr\u00e9vue d&#8217;ici la fin de l&#8217;ann\u00e9e, pourrait \u00e9galement stimuler les ventes.<\/p>\n<h3><strong>Une adaptation au march\u00e9 chinois<\/strong><\/h3>\n<p>\nBien que Tesla vend une version sept places de la Model Y aux \u00c9tats-Unis, une troisi\u00e8me rang\u00e9e exigu\u00eb rend cette configuration impopulaire en Chine. &#8220;Elle n&#8217;est m\u00eame pas assez grande pour un gros chien&#8221;, a comment\u00e9 l&#8217;une des sources.<\/p>\n<p>Avec des renseignements d&#8217;Automotive News<\/p>\n<p>Le texte <a rel=\"nofollow\" href=\"https:\/\/annuelauto.ca\/tesla-prevoit-lancer-un-modele-y-a-trois-rangees-en-chine-dici-la-fin-2025\/\">Tesla pr\u00e9voit lancer un mod\u00e8le Y \u00e0 trois rang\u00e9es en Chine d\u2019ici la fin 2025<\/a> provient de <a rel=\"nofollow\" href=\"https:\/\/annuelauto.ca\">L&#8217;annuel de l&#8217;automobile &#8211; Actualit\u00e9 automobile<\/a><\/p>\n<p><\/p>\n","protected":false},"excerpt":{"rendered":"<p>Tesla Inc. envisage de produire une version \u00e0 six places de son mod\u00e8le phare, la Model Y, en Chine \u00e0 partir de la fin de 2025, selon deux sources proches du dossier. Cette initiative vise \u00e0 renforcer l&#8217;attrait de ce v\u00e9hicule \u00e9lectrique best-seller, mais vieillissant. Pr\u00e9paratifs pour une production accrue \u00e0 Shanghai Tesla a demand\u00e9 [&hellip;]<\/p>\n","protected":false},"author":8,"featured_media":171776,"comment_status":"close","ping_status":"closed","sticky":false,"template":"","format":"standard","meta":{"_monsterinsights_skip_tracking":false,"_monsterinsights_sitenote_active":false,"_monsterinsights_sitenote_note":"","_monsterinsights_sitenote_category":0,"footnotes":""},"categories":[101],"tags":[],"yoast_head":"<!-- This site is optimized with the Yoast SEO plugin v23.2 - https:\/\/yoast.com\/wordpress\/plugins\/seo\/ -->\n<title>Tesla pr\u00e9voit lancer un mod\u00e8le Y \u00e0 trois rang\u00e9es en Chine d\u2019ici la fin 2025 - CanadaMotorJobs.com<\/title>\n<meta name=\"description\" content=\"Tesla pr\u00e9voit lancer un mod\u00e8le Y \u00e0 trois rang\u00e9es en Chine d\u2019ici la fin 2025 - Benoit Charette - Annuel automobile - CanadaMotorJobs.com.\" \/>\n<meta name=\"robots\" content=\"index, follow, max-snippet:-1, max-image-preview:large, max-video-preview:-1\" \/>\n<meta property=\"og:locale\" content=\"fr_CA\" \/>\n<meta property=\"og:type\" content=\"article\" \/>\n<meta property=\"og:title\" content=\"Tesla pr\u00e9voit lancer un mod\u00e8le Y \u00e0 trois rang\u00e9es en Chine d\u2019ici la fin 2025 - CanadaMotorJobs.com\" \/>\n<meta property=\"og:description\" content=\"Tesla pr\u00e9voit lancer un mod\u00e8le Y \u00e0 trois rang\u00e9es en Chine d\u2019ici la fin 2025 - Benoit Charette - Annuel automobile - CanadaMotorJobs.com.\" \/>\n<meta property=\"og:url\" content=\"https:\/\/news.canadamotorjobs.com\/fr\/tesla-prevoit-lancer-un-modele-y-a-trois-rangees-en-chine-dici-la-fin-2025\/\" \/>\n<meta property=\"og:site_name\" content=\"CanadaMotorJobs.com\" \/>\n<meta property=\"article:publisher\" content=\"https:\/\/www.facebook.com\/canadamotorjobs\/\" \/>\n<meta property=\"article:published_time\" content=\"2024-09-03T11:01:55+00:00\" \/>\n<meta property=\"article:modified_time\" content=\"2024-09-03T11:02:16+00:00\" \/>\n<meta property=\"og:image\" content=\"https:\/\/news.canadamotorjobs.com\/wp-content\/uploads\/2024\/09\/tesla-model-y-1024x576-1.jpg\" \/>\n\t<meta property=\"og:image:width\" content=\"1024\" \/>\n\t<meta property=\"og:image:height\" content=\"576\" \/>\n\t<meta property=\"og:image:type\" content=\"image\/jpeg\" \/>\n<meta name=\"author\" content=\"Benoit Charette\" \/>\n<meta name=\"twitter:card\" content=\"summary_large_image\" \/>\n<meta name=\"twitter:creator\" content=\"@canadamotorjobs\" \/>\n<meta name=\"twitter:site\" content=\"@canadamotorjobs\" \/>\n<meta name=\"twitter:label1\" content=\"\u00c9crit par\" \/>\n\t<meta name=\"twitter:data1\" content=\"Benoit Charette\" \/>\n\t<meta name=\"twitter:label2\" content=\"Estimation du temps de lecture\" \/>\n\t<meta name=\"twitter:data2\" content=\"2 minutes\" \/>\n<!-- \/ Yoast SEO plugin. -->","yoast_head_json":{"title":"Tesla pr\u00e9voit lancer un mod\u00e8le Y \u00e0 trois rang\u00e9es en Chine d\u2019ici la fin 2025 - CanadaMotorJobs.com","description":"Tesla pr\u00e9voit lancer un mod\u00e8le Y \u00e0 trois rang\u00e9es en Chine d\u2019ici la fin 2025 - Benoit Charette - Annuel automobile - CanadaMotorJobs.com.","robots":{"index":"index","follow":"follow","max-snippet":"max-snippet:-1","max-image-preview":"max-image-preview:large","max-video-preview":"max-video-preview:-1"},"og_locale":"fr_CA","og_type":"article","og_title":"Tesla pr\u00e9voit lancer un mod\u00e8le Y \u00e0 trois rang\u00e9es en Chine d\u2019ici la fin 2025 - CanadaMotorJobs.com","og_description":"Tesla pr\u00e9voit lancer un mod\u00e8le Y \u00e0 trois rang\u00e9es en Chine d\u2019ici la fin 2025 - Benoit Charette - Annuel automobile - CanadaMotorJobs.com.","og_url":"https:\/\/news.canadamotorjobs.com\/fr\/tesla-prevoit-lancer-un-modele-y-a-trois-rangees-en-chine-dici-la-fin-2025\/","og_site_name":"CanadaMotorJobs.com","article_publisher":"https:\/\/www.facebook.com\/canadamotorjobs\/","article_published_time":"2024-09-03T11:01:55+00:00","article_modified_time":"2024-09-03T11:02:16+00:00","og_image":[{"width":1024,"height":576,"url":"https:\/\/news.canadamotorjobs.com\/wp-content\/uploads\/2024\/09\/tesla-model-y-1024x576-1.jpg","type":"image\/jpeg"}],"author":"Benoit Charette","twitter_card":"summary_large_image","twitter_creator":"@canadamotorjobs","twitter_site":"@canadamotorjobs","twitter_misc":{"\u00c9crit par":"Benoit Charette","Estimation du temps de lecture":"2 minutes"},"schema":{"@context":"https:\/\/schema.org","@graph":[{"@type":"Article","@id":"https:\/\/news.canadamotorjobs.com\/fr\/tesla-prevoit-lancer-un-modele-y-a-trois-rangees-en-chine-dici-la-fin-2025\/#article","isPartOf":{"@id":"https:\/\/news.canadamotorjobs.com\/fr\/tesla-prevoit-lancer-un-modele-y-a-trois-rangees-en-chine-dici-la-fin-2025\/"},"author":{"name":"Benoit Charette","@id":"https:\/\/news.canadamotorjobs.com\/#\/schema\/person\/51793d1f87d44011d7bcc2ed99269a90"},"headline":"Tesla pr\u00e9voit lancer un mod\u00e8le Y \u00e0 trois rang\u00e9es en Chine d\u2019ici la fin 2025","datePublished":"2024-09-03T11:01:55+00:00","dateModified":"2024-09-03T11:02:16+00:00","mainEntityOfPage":{"@id":"https:\/\/news.canadamotorjobs.com\/fr\/tesla-prevoit-lancer-un-modele-y-a-trois-rangees-en-chine-dici-la-fin-2025\/"},"wordCount":505,"publisher":{"@id":"https:\/\/news.canadamotorjobs.com\/#organization"},"image":{"@id":"https:\/\/news.canadamotorjobs.com\/fr\/tesla-prevoit-lancer-un-modele-y-a-trois-rangees-en-chine-dici-la-fin-2025\/#primaryimage"},"thumbnailUrl":"https:\/\/news.canadamotorjobs.com\/wp-content\/uploads\/2024\/09\/tesla-model-y-1024x576-1.jpg","articleSection":["Annuel automobile"],"inLanguage":"fr-CA"},{"@type":"WebPage","@id":"https:\/\/news.canadamotorjobs.com\/fr\/tesla-prevoit-lancer-un-modele-y-a-trois-rangees-en-chine-dici-la-fin-2025\/","url":"https:\/\/news.canadamotorjobs.com\/fr\/tesla-prevoit-lancer-un-modele-y-a-trois-rangees-en-chine-dici-la-fin-2025\/","name":"Tesla pr\u00e9voit lancer un mod\u00e8le Y \u00e0 trois rang\u00e9es en Chine d\u2019ici la fin 2025 - CanadaMotorJobs.com","isPartOf":{"@id":"https:\/\/news.canadamotorjobs.com\/#website"},"primaryImageOfPage":{"@id":"https:\/\/news.canadamotorjobs.com\/fr\/tesla-prevoit-lancer-un-modele-y-a-trois-rangees-en-chine-dici-la-fin-2025\/#primaryimage"},"image":{"@id":"https:\/\/news.canadamotorjobs.com\/fr\/tesla-prevoit-lancer-un-modele-y-a-trois-rangees-en-chine-dici-la-fin-2025\/#primaryimage"},"thumbnailUrl":"https:\/\/news.canadamotorjobs.com\/wp-content\/uploads\/2024\/09\/tesla-model-y-1024x576-1.jpg","datePublished":"2024-09-03T11:01:55+00:00","dateModified":"2024-09-03T11:02:16+00:00","description":"Tesla pr\u00e9voit lancer un mod\u00e8le Y \u00e0 trois rang\u00e9es en Chine d\u2019ici la fin 2025 - Benoit Charette - Annuel automobile - CanadaMotorJobs.com.","breadcrumb":{"@id":"https:\/\/news.canadamotorjobs.com\/fr\/tesla-prevoit-lancer-un-modele-y-a-trois-rangees-en-chine-dici-la-fin-2025\/#breadcrumb"},"inLanguage":"fr-CA","potentialAction":[{"@type":"ReadAction","target":["https:\/\/news.canadamotorjobs.com\/fr\/tesla-prevoit-lancer-un-modele-y-a-trois-rangees-en-chine-dici-la-fin-2025\/"]}]},{"@type":"ImageObject","inLanguage":"fr-CA","@id":"https:\/\/news.canadamotorjobs.com\/fr\/tesla-prevoit-lancer-un-modele-y-a-trois-rangees-en-chine-dici-la-fin-2025\/#primaryimage","url":"https:\/\/news.canadamotorjobs.com\/wp-content\/uploads\/2024\/09\/tesla-model-y-1024x576-1.jpg","contentUrl":"https:\/\/news.canadamotorjobs.com\/wp-content\/uploads\/2024\/09\/tesla-model-y-1024x576-1.jpg","width":1024,"height":576},{"@type":"BreadcrumbList","@id":"https:\/\/news.canadamotorjobs.com\/fr\/tesla-prevoit-lancer-un-modele-y-a-trois-rangees-en-chine-dici-la-fin-2025\/#breadcrumb","itemListElement":[{"@type":"ListItem","position":1,"name":"Home","item":"https:\/\/news.canadamotorjobs.com\/fr\/blog\/"},{"@type":"ListItem","position":2,"name":"Tesla pr\u00e9voit lancer un mod\u00e8le Y \u00e0 trois rang\u00e9es en Chine d\u2019ici la fin 2025"}]},{"@type":"WebSite","@id":"https:\/\/news.canadamotorjobs.com\/#website","url":"https:\/\/news.canadamotorjobs.com\/","name":"CanadaMotorJobs.com","description":"Automotive Jobs","publisher":{"@id":"https:\/\/news.canadamotorjobs.com\/#organization"},"potentialAction":[{"@type":"SearchAction","target":{"@type":"EntryPoint","urlTemplate":"https:\/\/news.canadamotorjobs.com\/?s={search_term_string}"},"query-input":"required name=search_term_string"}],"inLanguage":"fr-CA"},{"@type":"Organization","@id":"https:\/\/news.canadamotorjobs.com\/#organization","name":"Canada Motor Jobs","url":"https:\/\/news.canadamotorjobs.com\/","logo":{"@type":"ImageObject","inLanguage":"fr-CA","@id":"https:\/\/news.canadamotorjobs.com\/#\/schema\/logo\/image\/","url":"https:\/\/news.canadamotorjobs.com\/wp-content\/uploads\/2022\/10\/logo-canada-motor-jobs-1.png","contentUrl":"https:\/\/news.canadamotorjobs.com\/wp-content\/uploads\/2022\/10\/logo-canada-motor-jobs-1.png","width":800,"height":400,"caption":"Canada Motor Jobs"},"image":{"@id":"https:\/\/news.canadamotorjobs.com\/#\/schema\/logo\/image\/"},"sameAs":["https:\/\/www.facebook.com\/canadamotorjobs\/","https:\/\/x.com\/canadamotorjobs","https:\/\/www.instagram.com\/canadamotorjobs\/","https:\/\/www.linkedin.com\/company\/canadamotorjobs"]},{"@type":"Person","@id":"https:\/\/news.canadamotorjobs.com\/#\/schema\/person\/51793d1f87d44011d7bcc2ed99269a90","name":"Benoit Charette","image":{"@type":"ImageObject","inLanguage":"fr-CA","@id":"https:\/\/news.canadamotorjobs.com\/#\/schema\/person\/image\/","url":"https:\/\/secure.gravatar.com\/avatar\/45f3d2eebcccd909668d7ce7ea7267b6?s=96&d=mm&r=g","contentUrl":"https:\/\/secure.gravatar.com\/avatar\/45f3d2eebcccd909668d7ce7ea7267b6?s=96&d=mm&r=g","caption":"Benoit Charette"},"description":"Benoit Charette \/ Propri\u00e9taire et r\u00e9dacteur en chef Benoit Charette pratique le journalisme automobile depuis bient\u00f4t 30 ans. Il a fait ses classes au c\u00f4t\u00e9 de Daniel H\u00e9raud et au Carnet de route de 1992 \u00e0 2001. Il est fondateur, copropri\u00e9taire et r\u00e9dacteur en chef de L\u2019Annuel de l\u2019automobile, qu\u2019il publie depuis 2001. Il a anim\u00e9 les \u00e9missions RPM et RPM+ sur V et les L\u00e9gendes de la route sur Historia. \u00c0 la radio depuis 1986, il reprend l\u2019antenne cette ann\u00e9e sur les ondes de Cogeco et participe pour la deuxi\u00e8me ann\u00e9e \u00e0 l\u2019\u00e9mission Passion Auto sur RDS en plus de mettre en ligne le site Web officiel de L\u2019Annuel de l\u2019automobile sur annuelauto.ca.","sameAs":["https:\/\/annuelauto.ca\/"],"url":"https:\/\/news.canadamotorjobs.com\/fr\/author\/benoit-charette\/"}]}},"_links":{"self":[{"href":"https:\/\/news.canadamotorjobs.com\/fr\/wp-json\/wp\/v2\/posts\/171774"}],"collection":[{"href":"https:\/\/news.canadamotorjobs.com\/fr\/wp-json\/wp\/v2\/posts"}],"about":[{"href":"https:\/\/news.canadamotorjobs.com\/fr\/wp-json\/wp\/v2\/types\/post"}],"author":[{"embeddable":true,"href":"https:\/\/news.canadamotorjobs.com\/fr\/wp-json\/wp\/v2\/users\/8"}],"replies":[{"embeddable":true,"href":"https:\/\/news.canadamotorjobs.com\/fr\/wp-json\/wp\/v2\/comments?post=171774"}],"version-history":[{"count":2,"href":"https:\/\/news.canadamotorjobs.com\/fr\/wp-json\/wp\/v2\/posts\/171774\/revisions"}],"predecessor-version":[{"id":171778,"href":"https:\/\/news.canadamotorjobs.com\/fr\/wp-json\/wp\/v2\/posts\/171774\/revisions\/171778"}],"wp:featuredmedia":[{"embeddable":true,"href":"https:\/\/news.canadamotorjobs.com\/fr\/wp-json\/wp\/v2\/media\/171776"}],"wp:attachment":[{"href":"https:\/\/news.canadamotorjobs.com\/fr\/wp-json\/wp\/v2\/media?parent=171774"}],"wp:term":[{"taxonomy":"category","embeddable":true,"href":"https:\/\/news.canadamotorjobs.com\/fr\/wp-json\/wp\/v2\/categories?post=171774"},{"taxonomy":"post_tag","embeddable":true,"href":"https:\/\/news.canadamotorjobs.com\/fr\/wp-json\/wp\/v2\/tags?post=171774"}],"curies":[{"name":"wp","href":"https:\/\/api.w.org\/{rel}","templated":true}]}}