{"id":171751,"date":"2024-09-02T20:41:08","date_gmt":"2024-09-03T00:41:08","guid":{"rendered":"https:\/\/news.canadamotorjobs.com\/?p=171751"},"modified":"2024-09-02T20:44:07","modified_gmt":"2024-09-03T00:44:07","slug":"gm-pense-a-un-auvent-encastre-au-toit-de-ses-camionnettes","status":"publish","type":"post","link":"https:\/\/news.canadamotorjobs.com\/fr\/gm-pense-a-un-auvent-encastre-au-toit-de-ses-camionnettes\/","title":{"rendered":"GM pense \u00e0 un auvent encastr\u00e9 au toit de ses camionnettes"},"content":{"rendered":"<\/p>\n<p style=\"font-weight: 400\">General Motors semble avoir aim\u00e9 l\u2019id\u00e9e initialement avanc\u00e9e par la marque de camions \u00e9lectriques Rivian d\u2019int\u00e9grer un auvent au toit de ses v\u00e9hicules. C\u2019est un moyen ing\u00e9nieux de prot\u00e9ger les occupants de la pluie ou de la neige quand ils entrent ou ils sortent de l\u2019habitacle. Et si Rivian propose un auvent qui se d\u00e9pose sur le porte-bagages, GM pense qu\u2019il serait possible de l\u2019encastrer directement dans le toit de ses camionnettes.<\/p>\n<p><\/p>\n<p style=\"font-weight: 400\">C\u2019est en tout cas le concept pour lequel le constructeur am\u00e9ricain a fait une demande de brevet aupr\u00e8s du bureau am\u00e9ricain des brevets. La demande a \u00e9t\u00e9 faite en 2023, mais l\u2019USPTO a publi\u00e9 la demande seulement dans les derniers jours. Les constructeurs raffolent <a href=\"https:\/\/annuelauto.ca\/ford-depose-un-brevet-pour-une-remorque-qui-sert-aussi-de-recharge\/\">de ces inventions<\/a>, qui ne voient pas souvent le jour, cela dit.<\/p>\n<p><\/p>\n<p style=\"font-weight: 400\">Sur les esquisses soumises \u00e0 l\u2019agence am\u00e9ricaine, on voit un auvent qui couvrirait les deux porti\u00e8res du c\u00f4t\u00e9 conducteur, d\u2019une camionnette comme le Silverado, de Chevrolet.<\/p>\n<p><\/p>\n<p style=\"font-weight: 400\">Dans sa demande, General Motors illustre un auvent \u00e0 d\u00e9ploiement automatis\u00e9 qui ferait environ 3 m\u00e8tres x 3 m\u00e8tres et qui pourrait donc se d\u00e9rouler (ou pas) en fonction de diff\u00e9rents facteurs pris en compte par l\u2019ordinateur de bord. Par exemple, le v\u00e9hicule l\u2019\u00e9tendrait \u00e0 l\u2019approche du conducteur, si la m\u00e9t\u00e9o est incl\u00e9mente, et si les donn\u00e9es tir\u00e9es des cam\u00e9ras indiquent qu\u2019il y a suffisamment d\u2019espace pour le faire.<\/p>\n<p><\/p>\n<p style=\"font-weight: 400\">Ce que GM propose, donc, est un accessoire qui serait plus utile que l\u2019auvent des camions de Rivian, qui semblent plus ax\u00e9s sur le camping ou les fameux partys de tailgate d\u2019avant-match, dans le stationnement du stade de football de leur \u00e9quipe favorite, et dont les Am\u00e9ricains raffolent.<\/p>\n<p><\/p>\n<p style=\"font-weight: 400\">C\u2019est certainement ing\u00e9nieux comme proposition. Et l\u2019auvent, un accessoire qu\u2019on trouve g\u00e9n\u00e9ralement sur le c\u00f4t\u00e9 passager de v\u00e9hicules r\u00e9cr\u00e9atifs, est vraiment plaisant \u00e0 avoir quand, justement, on sort de son VR et qu\u2019on veut \u00eatre \u00e0 l\u2019abri de la m\u00e9t\u00e9o.<\/p>\n<p>\n<span style=\"font-weight: 400\">De l\u00e0 \u00e0 voir \u00e7a de s\u00e9rie sur une camionnette Chevrolet? On se garde une petite g\u00eane\u2026<\/span><\/p>\n<p>Le texte <a rel=\"nofollow\" href=\"https:\/\/annuelauto.ca\/gm-pense-a-un-auvent-encastre-au-toit-de-ses-camionnettes\/\">GM pense \u00e0 un auvent encastr\u00e9 au toit de ses camionnettes<\/a> provient de <a rel=\"nofollow\" href=\"https:\/\/annuelauto.ca\">L&#8217;annuel de l&#8217;automobile &#8211; Actualit\u00e9 automobile<\/a><\/p>\n<p><\/p>\n","protected":false},"excerpt":{"rendered":"<p>General Motors semble avoir aim\u00e9 l\u2019id\u00e9e initialement avanc\u00e9e par la marque de camions \u00e9lectriques Rivian d\u2019int\u00e9grer un auvent au toit de ses v\u00e9hicules. C\u2019est un moyen ing\u00e9nieux de prot\u00e9ger les occupants de la pluie ou de la neige quand ils entrent ou ils sortent de l\u2019habitacle. Et si Rivian propose un auvent qui se d\u00e9pose [&hellip;]<\/p>\n","protected":false},"author":8,"featured_media":171753,"comment_status":"close","ping_status":"closed","sticky":false,"template":"","format":"standard","meta":{"_monsterinsights_skip_tracking":false,"_monsterinsights_sitenote_active":false,"_monsterinsights_sitenote_note":"","_monsterinsights_sitenote_category":0,"footnotes":""},"categories":[101],"tags":[],"yoast_head":"<!-- This site is optimized with the Yoast SEO plugin v23.2 - https:\/\/yoast.com\/wordpress\/plugins\/seo\/ -->\n<title>GM pense \u00e0 un auvent encastr\u00e9 au toit de ses camionnettes - CanadaMotorJobs.com<\/title>\n<meta name=\"description\" content=\"GM pense \u00e0 un auvent encastr\u00e9 au toit de ses camionnettes - Benoit Charette - Annuel automobile - CanadaMotorJobs.com.\" \/>\n<meta name=\"robots\" content=\"index, follow, max-snippet:-1, max-image-preview:large, max-video-preview:-1\" \/>\n<meta property=\"og:locale\" content=\"fr_CA\" \/>\n<meta property=\"og:type\" content=\"article\" \/>\n<meta property=\"og:title\" content=\"GM pense \u00e0 un auvent encastr\u00e9 au toit de ses camionnettes - CanadaMotorJobs.com\" \/>\n<meta property=\"og:description\" content=\"GM pense \u00e0 un auvent encastr\u00e9 au toit de ses camionnettes - Benoit Charette - Annuel automobile - CanadaMotorJobs.com.\" \/>\n<meta property=\"og:url\" content=\"https:\/\/news.canadamotorjobs.com\/fr\/gm-pense-a-un-auvent-encastre-au-toit-de-ses-camionnettes\/\" \/>\n<meta property=\"og:site_name\" content=\"CanadaMotorJobs.com\" \/>\n<meta property=\"article:publisher\" content=\"https:\/\/www.facebook.com\/canadamotorjobs\/\" \/>\n<meta property=\"article:published_time\" content=\"2024-09-03T00:41:08+00:00\" \/>\n<meta property=\"article:modified_time\" content=\"2024-09-03T00:44:07+00:00\" \/>\n<meta property=\"og:image\" content=\"https:\/\/news.canadamotorjobs.com\/wp-content\/uploads\/2024\/09\/general-motors-deployable-awning-patent-image_100940702_h.jpg\" \/>\n\t<meta property=\"og:image:width\" content=\"1501\" \/>\n\t<meta property=\"og:image:height\" content=\"1001\" \/>\n\t<meta property=\"og:image:type\" content=\"image\/jpeg\" \/>\n<meta name=\"author\" content=\"Benoit Charette\" \/>\n<meta name=\"twitter:card\" content=\"summary_large_image\" \/>\n<meta name=\"twitter:creator\" content=\"@canadamotorjobs\" \/>\n<meta name=\"twitter:site\" content=\"@canadamotorjobs\" \/>\n<meta name=\"twitter:label1\" content=\"\u00c9crit par\" \/>\n\t<meta name=\"twitter:data1\" content=\"Benoit Charette\" \/>\n\t<meta name=\"twitter:label2\" content=\"Estimation du temps de lecture\" \/>\n\t<meta name=\"twitter:data2\" content=\"2 minutes\" \/>\n<!-- \/ Yoast SEO plugin. -->","yoast_head_json":{"title":"GM pense \u00e0 un auvent encastr\u00e9 au toit de ses camionnettes - CanadaMotorJobs.com","description":"GM pense \u00e0 un auvent encastr\u00e9 au toit de ses camionnettes - Benoit Charette - Annuel automobile - CanadaMotorJobs.com.","robots":{"index":"index","follow":"follow","max-snippet":"max-snippet:-1","max-image-preview":"max-image-preview:large","max-video-preview":"max-video-preview:-1"},"og_locale":"fr_CA","og_type":"article","og_title":"GM pense \u00e0 un auvent encastr\u00e9 au toit de ses camionnettes - CanadaMotorJobs.com","og_description":"GM pense \u00e0 un auvent encastr\u00e9 au toit de ses camionnettes - Benoit Charette - Annuel automobile - CanadaMotorJobs.com.","og_url":"https:\/\/news.canadamotorjobs.com\/fr\/gm-pense-a-un-auvent-encastre-au-toit-de-ses-camionnettes\/","og_site_name":"CanadaMotorJobs.com","article_publisher":"https:\/\/www.facebook.com\/canadamotorjobs\/","article_published_time":"2024-09-03T00:41:08+00:00","article_modified_time":"2024-09-03T00:44:07+00:00","og_image":[{"width":1501,"height":1001,"url":"https:\/\/news.canadamotorjobs.com\/wp-content\/uploads\/2024\/09\/general-motors-deployable-awning-patent-image_100940702_h.jpg","type":"image\/jpeg"}],"author":"Benoit Charette","twitter_card":"summary_large_image","twitter_creator":"@canadamotorjobs","twitter_site":"@canadamotorjobs","twitter_misc":{"\u00c9crit par":"Benoit Charette","Estimation du temps de lecture":"2 minutes"},"schema":{"@context":"https:\/\/schema.org","@graph":[{"@type":"Article","@id":"https:\/\/news.canadamotorjobs.com\/fr\/gm-pense-a-un-auvent-encastre-au-toit-de-ses-camionnettes\/#article","isPartOf":{"@id":"https:\/\/news.canadamotorjobs.com\/fr\/gm-pense-a-un-auvent-encastre-au-toit-de-ses-camionnettes\/"},"author":{"name":"Benoit Charette","@id":"https:\/\/news.canadamotorjobs.com\/#\/schema\/person\/51793d1f87d44011d7bcc2ed99269a90"},"headline":"GM pense \u00e0 un auvent encastr\u00e9 au toit de ses camionnettes","datePublished":"2024-09-03T00:41:08+00:00","dateModified":"2024-09-03T00:44:07+00:00","mainEntityOfPage":{"@id":"https:\/\/news.canadamotorjobs.com\/fr\/gm-pense-a-un-auvent-encastre-au-toit-de-ses-camionnettes\/"},"wordCount":411,"publisher":{"@id":"https:\/\/news.canadamotorjobs.com\/#organization"},"image":{"@id":"https:\/\/news.canadamotorjobs.com\/fr\/gm-pense-a-un-auvent-encastre-au-toit-de-ses-camionnettes\/#primaryimage"},"thumbnailUrl":"https:\/\/news.canadamotorjobs.com\/wp-content\/uploads\/2024\/09\/general-motors-deployable-awning-patent-image_100940702_h.jpg","articleSection":["Annuel automobile"],"inLanguage":"fr-CA"},{"@type":"WebPage","@id":"https:\/\/news.canadamotorjobs.com\/fr\/gm-pense-a-un-auvent-encastre-au-toit-de-ses-camionnettes\/","url":"https:\/\/news.canadamotorjobs.com\/fr\/gm-pense-a-un-auvent-encastre-au-toit-de-ses-camionnettes\/","name":"GM pense \u00e0 un auvent encastr\u00e9 au toit de ses camionnettes - CanadaMotorJobs.com","isPartOf":{"@id":"https:\/\/news.canadamotorjobs.com\/#website"},"primaryImageOfPage":{"@id":"https:\/\/news.canadamotorjobs.com\/fr\/gm-pense-a-un-auvent-encastre-au-toit-de-ses-camionnettes\/#primaryimage"},"image":{"@id":"https:\/\/news.canadamotorjobs.com\/fr\/gm-pense-a-un-auvent-encastre-au-toit-de-ses-camionnettes\/#primaryimage"},"thumbnailUrl":"https:\/\/news.canadamotorjobs.com\/wp-content\/uploads\/2024\/09\/general-motors-deployable-awning-patent-image_100940702_h.jpg","datePublished":"2024-09-03T00:41:08+00:00","dateModified":"2024-09-03T00:44:07+00:00","description":"GM pense \u00e0 un auvent encastr\u00e9 au toit de ses camionnettes - Benoit Charette - Annuel automobile - CanadaMotorJobs.com.","breadcrumb":{"@id":"https:\/\/news.canadamotorjobs.com\/fr\/gm-pense-a-un-auvent-encastre-au-toit-de-ses-camionnettes\/#breadcrumb"},"inLanguage":"fr-CA","potentialAction":[{"@type":"ReadAction","target":["https:\/\/news.canadamotorjobs.com\/fr\/gm-pense-a-un-auvent-encastre-au-toit-de-ses-camionnettes\/"]}]},{"@type":"ImageObject","inLanguage":"fr-CA","@id":"https:\/\/news.canadamotorjobs.com\/fr\/gm-pense-a-un-auvent-encastre-au-toit-de-ses-camionnettes\/#primaryimage","url":"https:\/\/news.canadamotorjobs.com\/wp-content\/uploads\/2024\/09\/general-motors-deployable-awning-patent-image_100940702_h.jpg","contentUrl":"https:\/\/news.canadamotorjobs.com\/wp-content\/uploads\/2024\/09\/general-motors-deployable-awning-patent-image_100940702_h.jpg","width":1501,"height":1001},{"@type":"BreadcrumbList","@id":"https:\/\/news.canadamotorjobs.com\/fr\/gm-pense-a-un-auvent-encastre-au-toit-de-ses-camionnettes\/#breadcrumb","itemListElement":[{"@type":"ListItem","position":1,"name":"Home","item":"https:\/\/news.canadamotorjobs.com\/fr\/blog\/"},{"@type":"ListItem","position":2,"name":"GM pense \u00e0 un auvent encastr\u00e9 au toit de ses camionnettes"}]},{"@type":"WebSite","@id":"https:\/\/news.canadamotorjobs.com\/#website","url":"https:\/\/news.canadamotorjobs.com\/","name":"CanadaMotorJobs.com","description":"Automotive Jobs","publisher":{"@id":"https:\/\/news.canadamotorjobs.com\/#organization"},"potentialAction":[{"@type":"SearchAction","target":{"@type":"EntryPoint","urlTemplate":"https:\/\/news.canadamotorjobs.com\/?s={search_term_string}"},"query-input":"required name=search_term_string"}],"inLanguage":"fr-CA"},{"@type":"Organization","@id":"https:\/\/news.canadamotorjobs.com\/#organization","name":"Canada Motor Jobs","url":"https:\/\/news.canadamotorjobs.com\/","logo":{"@type":"ImageObject","inLanguage":"fr-CA","@id":"https:\/\/news.canadamotorjobs.com\/#\/schema\/logo\/image\/","url":"https:\/\/news.canadamotorjobs.com\/wp-content\/uploads\/2022\/10\/logo-canada-motor-jobs-1.png","contentUrl":"https:\/\/news.canadamotorjobs.com\/wp-content\/uploads\/2022\/10\/logo-canada-motor-jobs-1.png","width":800,"height":400,"caption":"Canada Motor Jobs"},"image":{"@id":"https:\/\/news.canadamotorjobs.com\/#\/schema\/logo\/image\/"},"sameAs":["https:\/\/www.facebook.com\/canadamotorjobs\/","https:\/\/x.com\/canadamotorjobs","https:\/\/www.instagram.com\/canadamotorjobs\/","https:\/\/www.linkedin.com\/company\/canadamotorjobs"]},{"@type":"Person","@id":"https:\/\/news.canadamotorjobs.com\/#\/schema\/person\/51793d1f87d44011d7bcc2ed99269a90","name":"Benoit Charette","image":{"@type":"ImageObject","inLanguage":"fr-CA","@id":"https:\/\/news.canadamotorjobs.com\/#\/schema\/person\/image\/","url":"https:\/\/secure.gravatar.com\/avatar\/45f3d2eebcccd909668d7ce7ea7267b6?s=96&d=mm&r=g","contentUrl":"https:\/\/secure.gravatar.com\/avatar\/45f3d2eebcccd909668d7ce7ea7267b6?s=96&d=mm&r=g","caption":"Benoit Charette"},"description":"Benoit Charette \/ Propri\u00e9taire et r\u00e9dacteur en chef Benoit Charette pratique le journalisme automobile depuis bient\u00f4t 30 ans. Il a fait ses classes au c\u00f4t\u00e9 de Daniel H\u00e9raud et au Carnet de route de 1992 \u00e0 2001. Il est fondateur, copropri\u00e9taire et r\u00e9dacteur en chef de L\u2019Annuel de l\u2019automobile, qu\u2019il publie depuis 2001. Il a anim\u00e9 les \u00e9missions RPM et RPM+ sur V et les L\u00e9gendes de la route sur Historia. \u00c0 la radio depuis 1986, il reprend l\u2019antenne cette ann\u00e9e sur les ondes de Cogeco et participe pour la deuxi\u00e8me ann\u00e9e \u00e0 l\u2019\u00e9mission Passion Auto sur RDS en plus de mettre en ligne le site Web officiel de L\u2019Annuel de l\u2019automobile sur annuelauto.ca.","sameAs":["https:\/\/annuelauto.ca\/"],"url":"https:\/\/news.canadamotorjobs.com\/fr\/author\/benoit-charette\/"}]}},"_links":{"self":[{"href":"https:\/\/news.canadamotorjobs.com\/fr\/wp-json\/wp\/v2\/posts\/171751"}],"collection":[{"href":"https:\/\/news.canadamotorjobs.com\/fr\/wp-json\/wp\/v2\/posts"}],"about":[{"href":"https:\/\/news.canadamotorjobs.com\/fr\/wp-json\/wp\/v2\/types\/post"}],"author":[{"embeddable":true,"href":"https:\/\/news.canadamotorjobs.com\/fr\/wp-json\/wp\/v2\/users\/8"}],"replies":[{"embeddable":true,"href":"https:\/\/news.canadamotorjobs.com\/fr\/wp-json\/wp\/v2\/comments?post=171751"}],"version-history":[{"count":2,"href":"https:\/\/news.canadamotorjobs.com\/fr\/wp-json\/wp\/v2\/posts\/171751\/revisions"}],"predecessor-version":[{"id":171755,"href":"https:\/\/news.canadamotorjobs.com\/fr\/wp-json\/wp\/v2\/posts\/171751\/revisions\/171755"}],"wp:featuredmedia":[{"embeddable":true,"href":"https:\/\/news.canadamotorjobs.com\/fr\/wp-json\/wp\/v2\/media\/171753"}],"wp:attachment":[{"href":"https:\/\/news.canadamotorjobs.com\/fr\/wp-json\/wp\/v2\/media?parent=171751"}],"wp:term":[{"taxonomy":"category","embeddable":true,"href":"https:\/\/news.canadamotorjobs.com\/fr\/wp-json\/wp\/v2\/categories?post=171751"},{"taxonomy":"post_tag","embeddable":true,"href":"https:\/\/news.canadamotorjobs.com\/fr\/wp-json\/wp\/v2\/tags?post=171751"}],"curies":[{"name":"wp","href":"https:\/\/api.w.org\/{rel}","templated":true}]}}