{"id":171678,"date":"2024-09-02T08:23:45","date_gmt":"2024-09-02T12:23:45","guid":{"rendered":"https:\/\/news.canadamotorjobs.com\/?p=171678"},"modified":"2024-09-02T08:29:25","modified_gmt":"2024-09-02T12:29:25","slug":"audi-devoile-la-3e-generation-de-son-q5","status":"publish","type":"post","link":"https:\/\/news.canadamotorjobs.com\/fr\/audi-devoile-la-3e-generation-de-son-q5\/","title":{"rendered":"Audi d\u00e9voile la 3e g\u00e9n\u00e9ration de son Q5"},"content":{"rendered":"<\/p>\n<p>Ingolstadt, Allemagne &#8211; Depuis plus de 15 ans, l&#8217;Audi Q5 domine le segment des VUS en Am\u00e9rique du Nord, repr\u00e9sentant 44 % des ventes mondiales du mod\u00e8le. La premi\u00e8re g\u00e9n\u00e9ration, lanc\u00e9e en 2008, s&#8217;est vendue \u00e0 1,6 million d&#8217;unit\u00e9s, tandis que la deuxi\u00e8me, produite au Mexique de 2016 \u00e0 2024, a atteint 1,1 million d&#8217;unit\u00e9s. Pour sa troisi\u00e8me g\u00e9n\u00e9ration, Audi continue de produire le Q5 au Mexique, en le basant sur la nouvelle plateforme Premium Platform Combustion (PPC). Cette derni\u00e8re, partag\u00e9e avec la future Audi A5, promet une meilleure \u00e9conomie de carburant gr\u00e2ce \u00e0 la technologie MHEV+.<\/p>\n<h3>Un Design Plus Moderne et Dynamique<\/h3>\n<p>\nLe nouveau Q5 rafra\u00eechit son design en adoptant un syst\u00e8me d&#8217;infodivertissement dernier cri, des signatures lumineuses personnalisables et des syst\u00e8mes d&#8217;assistance \u00e0 la conduite innovants. Le sportif SQ5 fait \u00e9galement son retour, avec des phares affin\u00e9s et un caract\u00e8re visuel renforc\u00e9. La version S-Line se distingue par ses \u00e9l\u00e9ments de carrosserie dynamiques, tandis que le SQ5 arbore les embl\u00e9matiques quatre sorties d&#8217;\u00e9chappement rondes. Les jantes de 19 pouces sont de s\u00e9rie sur les mod\u00e8les S line et S, avec des options allant jusqu&#8217;\u00e0 21 pouces.<\/p>\n<h3>Un Habitacle Reconfigur\u00e9 pour le Confort et la Polyvalence<\/h3>\n<p>\nL&#8217;int\u00e9rieur du Q5 a \u00e9t\u00e9 repens\u00e9 pour offrir davantage de confort et de flexibilit\u00e9. La banquette arri\u00e8re ajustable permet d&#8217;augmenter le volume du coffre jusqu&#8217;\u00e0 1 473 litres, selon la configuration. Le v\u00e9hicule propose aussi des options haut de gamme comme les si\u00e8ges en cuir Nappa, les \u00e9l\u00e9ments d\u00e9coratifs en bois de ch\u00eane ou de noyer, et un \u00e9clairage d&#8217;ambiance personnalisable. Les ports USB-C avant et arri\u00e8re permettent une recharge rapide de vos appareils, avec une capacit\u00e9 allant jusqu&#8217;\u00e0 100 watts pour les ordinateurs portables.<\/p>\n<h3>Une Technologie Avanc\u00e9e pour une Exp\u00e9rience Connect\u00e9e<\/h3>\n<p>\nLe c\u0153ur technologique du Q5 repose sur son \u00ab cockpit virtuel \u00bb, compos\u00e9 de plusieurs \u00e9crans MMI \u00e0 technologie OLED. Le conducteur et le passager avant b\u00e9n\u00e9ficient d&#8217;une interface num\u00e9rique de 11,9 pouces et de 14,5 pouces, respectivement, tandis qu&#8217;un \u00e9cran passager de 10,6 pouces est disponible en option. L&#8217;int\u00e9gration de l&#8217;Assistant Google permet un contr\u00f4le vocal intuitif, tandis que le syst\u00e8me de son 3D avanc\u00e9 Bang &amp; Olufsen, avec ses 23 haut-parleurs, offre une exp\u00e9rience sonore immersive.<\/p>\n<h3>Moteurs et Ch\u00e2ssis<\/h3>\n<p>\nAu Canada, le Q5 sera propos\u00e9 avec deux motorisations : un 4 cylindres turbo de 204 chevaux, et une version am\u00e9lior\u00e9e du SQ5, offrant 367 chevaux gr\u00e2ce \u00e0 une hybridation douce. Les moteurs \u00e0 essence int\u00e8grent la technologie de d\u00e9sactivation des cylindres pour am\u00e9liorer l&#8217;efficacit\u00e9 \u00e9nerg\u00e9tique. Le ch\u00e2ssis est \u00e9quip\u00e9 d&#8217;amortisseurs adaptatifs avec contr\u00f4le de la suspension Audi drive select, permettant de choisir entre les modes \u00ab Confort \u00bb et \u00ab Dynamique \u00bb. Des options d&#8217;assistance \u00e0 la conduite semi-autonome sont \u00e9galement disponibles, comme l&#8217;assistant de conduite adaptatif et le syst\u00e8me de cam\u00e9ra \u00e0 360 degr\u00e9s.<\/p>\n<h3>Production et Disponibilit\u00e9<\/h3>\n<p>\nLa production du Q5 se poursuit \u00e0 l&#8217;usine Audi de San Jos\u00e9 Chiapa, au Mexique, renfor\u00e7ant ainsi la proximit\u00e9 avec le march\u00e9 nord-am\u00e9ricain. Les premiers mod\u00e8les 2025 arriveront en Allemagne cet automne, suivis des versions canadiennes \u00e0 l&#8217;\u00e9t\u00e9 2025. Le SQ5 et une version hybride rechargeable sont attendus pour 2027.<\/p>\n<h3>Conclusion<\/h3>\n<p>\nLe nouveau Q5 s&#8217;annonce comme un mod\u00e8le cl\u00e9 pour Audi, avec un prix de base estim\u00e9 \u00e0 un peu plus de 50 000 euros en Allemagne. Ce SUV de nouvelle g\u00e9n\u00e9ration allie design dynamique, technologie avanc\u00e9e et options de motorisation diversifi\u00e9es, r\u00e9pondant aux attentes des consommateurs nord-am\u00e9ricains.<\/p>\n<p>Le texte <a rel=\"nofollow\" href=\"https:\/\/annuelauto.ca\/audi-devoile-la-3e-generation-de-son-q5\/\">Audi d\u00e9voile la 3e g\u00e9n\u00e9ration de son Q5<\/a> provient de <a rel=\"nofollow\" href=\"https:\/\/annuelauto.ca\">L&#8217;annuel de l&#8217;automobile &#8211; Actualit\u00e9 automobile<\/a><\/p>\n<p><\/p>\n","protected":false},"excerpt":{"rendered":"<p>Ingolstadt, Allemagne &#8211; Depuis plus de 15 ans, l&#8217;Audi Q5 domine le segment des VUS en Am\u00e9rique du Nord, repr\u00e9sentant 44 % des ventes mondiales du mod\u00e8le. La premi\u00e8re g\u00e9n\u00e9ration, lanc\u00e9e en 2008, s&#8217;est vendue \u00e0 1,6 million d&#8217;unit\u00e9s, tandis que la deuxi\u00e8me, produite au Mexique de 2016 \u00e0 2024, a atteint 1,1 million d&#8217;unit\u00e9s. [&hellip;]<\/p>\n","protected":false},"author":8,"featured_media":171680,"comment_status":"close","ping_status":"closed","sticky":false,"template":"","format":"standard","meta":{"_monsterinsights_skip_tracking":false,"_monsterinsights_sitenote_active":false,"_monsterinsights_sitenote_note":"","_monsterinsights_sitenote_category":0,"footnotes":""},"categories":[101],"tags":[],"yoast_head":"<!-- This site is optimized with the Yoast SEO plugin v23.2 - https:\/\/yoast.com\/wordpress\/plugins\/seo\/ -->\n<title>Audi d\u00e9voile la 3e g\u00e9n\u00e9ration de son Q5 - CanadaMotorJobs.com<\/title>\n<meta name=\"description\" content=\"Audi d\u00e9voile la 3e g\u00e9n\u00e9ration de son Q5 - Benoit Charette - Annuel automobile - CanadaMotorJobs.com.\" \/>\n<meta name=\"robots\" content=\"index, follow, max-snippet:-1, max-image-preview:large, max-video-preview:-1\" \/>\n<meta property=\"og:locale\" content=\"fr_CA\" \/>\n<meta property=\"og:type\" content=\"article\" \/>\n<meta property=\"og:title\" content=\"Audi d\u00e9voile la 3e g\u00e9n\u00e9ration de son Q5 - CanadaMotorJobs.com\" \/>\n<meta property=\"og:description\" content=\"Audi d\u00e9voile la 3e g\u00e9n\u00e9ration de son Q5 - Benoit Charette - Annuel automobile - CanadaMotorJobs.com.\" \/>\n<meta property=\"og:url\" content=\"https:\/\/news.canadamotorjobs.com\/fr\/audi-devoile-la-3e-generation-de-son-q5\/\" \/>\n<meta property=\"og:site_name\" content=\"CanadaMotorJobs.com\" \/>\n<meta property=\"article:publisher\" content=\"https:\/\/www.facebook.com\/canadamotorjobs\/\" \/>\n<meta property=\"article:published_time\" content=\"2024-09-02T12:23:45+00:00\" \/>\n<meta property=\"article:modified_time\" content=\"2024-09-02T12:29:25+00:00\" \/>\n<meta property=\"og:image\" content=\"https:\/\/news.canadamotorjobs.com\/wp-content\/uploads\/2024\/09\/A243991_large.jpg\" \/>\n\t<meta property=\"og:image:width\" content=\"1067\" \/>\n\t<meta property=\"og:image:height\" content=\"800\" \/>\n\t<meta property=\"og:image:type\" content=\"image\/jpeg\" \/>\n<meta name=\"author\" content=\"Benoit Charette\" \/>\n<meta name=\"twitter:card\" content=\"summary_large_image\" \/>\n<meta name=\"twitter:creator\" content=\"@canadamotorjobs\" \/>\n<meta name=\"twitter:site\" content=\"@canadamotorjobs\" \/>\n<meta name=\"twitter:label1\" content=\"\u00c9crit par\" \/>\n\t<meta name=\"twitter:data1\" content=\"Benoit Charette\" \/>\n\t<meta name=\"twitter:label2\" content=\"Estimation du temps de lecture\" \/>\n\t<meta name=\"twitter:data2\" content=\"3 minutes\" \/>\n<!-- \/ Yoast SEO plugin. -->","yoast_head_json":{"title":"Audi d\u00e9voile la 3e g\u00e9n\u00e9ration de son Q5 - CanadaMotorJobs.com","description":"Audi d\u00e9voile la 3e g\u00e9n\u00e9ration de son Q5 - Benoit Charette - Annuel automobile - CanadaMotorJobs.com.","robots":{"index":"index","follow":"follow","max-snippet":"max-snippet:-1","max-image-preview":"max-image-preview:large","max-video-preview":"max-video-preview:-1"},"og_locale":"fr_CA","og_type":"article","og_title":"Audi d\u00e9voile la 3e g\u00e9n\u00e9ration de son Q5 - CanadaMotorJobs.com","og_description":"Audi d\u00e9voile la 3e g\u00e9n\u00e9ration de son Q5 - Benoit Charette - Annuel automobile - CanadaMotorJobs.com.","og_url":"https:\/\/news.canadamotorjobs.com\/fr\/audi-devoile-la-3e-generation-de-son-q5\/","og_site_name":"CanadaMotorJobs.com","article_publisher":"https:\/\/www.facebook.com\/canadamotorjobs\/","article_published_time":"2024-09-02T12:23:45+00:00","article_modified_time":"2024-09-02T12:29:25+00:00","og_image":[{"width":1067,"height":800,"url":"https:\/\/news.canadamotorjobs.com\/wp-content\/uploads\/2024\/09\/A243991_large.jpg","type":"image\/jpeg"}],"author":"Benoit Charette","twitter_card":"summary_large_image","twitter_creator":"@canadamotorjobs","twitter_site":"@canadamotorjobs","twitter_misc":{"\u00c9crit par":"Benoit Charette","Estimation du temps de lecture":"3 minutes"},"schema":{"@context":"https:\/\/schema.org","@graph":[{"@type":"Article","@id":"https:\/\/news.canadamotorjobs.com\/fr\/audi-devoile-la-3e-generation-de-son-q5\/#article","isPartOf":{"@id":"https:\/\/news.canadamotorjobs.com\/fr\/audi-devoile-la-3e-generation-de-son-q5\/"},"author":{"name":"Benoit Charette","@id":"https:\/\/news.canadamotorjobs.com\/#\/schema\/person\/51793d1f87d44011d7bcc2ed99269a90"},"headline":"Audi d\u00e9voile la 3e g\u00e9n\u00e9ration de son Q5","datePublished":"2024-09-02T12:23:45+00:00","dateModified":"2024-09-02T12:29:25+00:00","mainEntityOfPage":{"@id":"https:\/\/news.canadamotorjobs.com\/fr\/audi-devoile-la-3e-generation-de-son-q5\/"},"wordCount":644,"publisher":{"@id":"https:\/\/news.canadamotorjobs.com\/#organization"},"image":{"@id":"https:\/\/news.canadamotorjobs.com\/fr\/audi-devoile-la-3e-generation-de-son-q5\/#primaryimage"},"thumbnailUrl":"https:\/\/news.canadamotorjobs.com\/wp-content\/uploads\/2024\/09\/A243991_large.jpg","articleSection":["Annuel automobile"],"inLanguage":"fr-CA"},{"@type":"WebPage","@id":"https:\/\/news.canadamotorjobs.com\/fr\/audi-devoile-la-3e-generation-de-son-q5\/","url":"https:\/\/news.canadamotorjobs.com\/fr\/audi-devoile-la-3e-generation-de-son-q5\/","name":"Audi d\u00e9voile la 3e g\u00e9n\u00e9ration de son Q5 - CanadaMotorJobs.com","isPartOf":{"@id":"https:\/\/news.canadamotorjobs.com\/#website"},"primaryImageOfPage":{"@id":"https:\/\/news.canadamotorjobs.com\/fr\/audi-devoile-la-3e-generation-de-son-q5\/#primaryimage"},"image":{"@id":"https:\/\/news.canadamotorjobs.com\/fr\/audi-devoile-la-3e-generation-de-son-q5\/#primaryimage"},"thumbnailUrl":"https:\/\/news.canadamotorjobs.com\/wp-content\/uploads\/2024\/09\/A243991_large.jpg","datePublished":"2024-09-02T12:23:45+00:00","dateModified":"2024-09-02T12:29:25+00:00","description":"Audi d\u00e9voile la 3e g\u00e9n\u00e9ration de son Q5 - Benoit Charette - Annuel automobile - CanadaMotorJobs.com.","breadcrumb":{"@id":"https:\/\/news.canadamotorjobs.com\/fr\/audi-devoile-la-3e-generation-de-son-q5\/#breadcrumb"},"inLanguage":"fr-CA","potentialAction":[{"@type":"ReadAction","target":["https:\/\/news.canadamotorjobs.com\/fr\/audi-devoile-la-3e-generation-de-son-q5\/"]}]},{"@type":"ImageObject","inLanguage":"fr-CA","@id":"https:\/\/news.canadamotorjobs.com\/fr\/audi-devoile-la-3e-generation-de-son-q5\/#primaryimage","url":"https:\/\/news.canadamotorjobs.com\/wp-content\/uploads\/2024\/09\/A243991_large.jpg","contentUrl":"https:\/\/news.canadamotorjobs.com\/wp-content\/uploads\/2024\/09\/A243991_large.jpg","width":1067,"height":800},{"@type":"BreadcrumbList","@id":"https:\/\/news.canadamotorjobs.com\/fr\/audi-devoile-la-3e-generation-de-son-q5\/#breadcrumb","itemListElement":[{"@type":"ListItem","position":1,"name":"Home","item":"https:\/\/news.canadamotorjobs.com\/fr\/blog\/"},{"@type":"ListItem","position":2,"name":"Audi d\u00e9voile la 3e g\u00e9n\u00e9ration de son Q5"}]},{"@type":"WebSite","@id":"https:\/\/news.canadamotorjobs.com\/#website","url":"https:\/\/news.canadamotorjobs.com\/","name":"CanadaMotorJobs.com","description":"Automotive Jobs","publisher":{"@id":"https:\/\/news.canadamotorjobs.com\/#organization"},"potentialAction":[{"@type":"SearchAction","target":{"@type":"EntryPoint","urlTemplate":"https:\/\/news.canadamotorjobs.com\/?s={search_term_string}"},"query-input":"required name=search_term_string"}],"inLanguage":"fr-CA"},{"@type":"Organization","@id":"https:\/\/news.canadamotorjobs.com\/#organization","name":"Canada Motor Jobs","url":"https:\/\/news.canadamotorjobs.com\/","logo":{"@type":"ImageObject","inLanguage":"fr-CA","@id":"https:\/\/news.canadamotorjobs.com\/#\/schema\/logo\/image\/","url":"https:\/\/news.canadamotorjobs.com\/wp-content\/uploads\/2022\/10\/logo-canada-motor-jobs-1.png","contentUrl":"https:\/\/news.canadamotorjobs.com\/wp-content\/uploads\/2022\/10\/logo-canada-motor-jobs-1.png","width":800,"height":400,"caption":"Canada Motor Jobs"},"image":{"@id":"https:\/\/news.canadamotorjobs.com\/#\/schema\/logo\/image\/"},"sameAs":["https:\/\/www.facebook.com\/canadamotorjobs\/","https:\/\/x.com\/canadamotorjobs","https:\/\/www.instagram.com\/canadamotorjobs\/","https:\/\/www.linkedin.com\/company\/canadamotorjobs"]},{"@type":"Person","@id":"https:\/\/news.canadamotorjobs.com\/#\/schema\/person\/51793d1f87d44011d7bcc2ed99269a90","name":"Benoit Charette","image":{"@type":"ImageObject","inLanguage":"fr-CA","@id":"https:\/\/news.canadamotorjobs.com\/#\/schema\/person\/image\/","url":"https:\/\/secure.gravatar.com\/avatar\/45f3d2eebcccd909668d7ce7ea7267b6?s=96&d=mm&r=g","contentUrl":"https:\/\/secure.gravatar.com\/avatar\/45f3d2eebcccd909668d7ce7ea7267b6?s=96&d=mm&r=g","caption":"Benoit Charette"},"description":"Benoit Charette \/ Propri\u00e9taire et r\u00e9dacteur en chef Benoit Charette pratique le journalisme automobile depuis bient\u00f4t 30 ans. Il a fait ses classes au c\u00f4t\u00e9 de Daniel H\u00e9raud et au Carnet de route de 1992 \u00e0 2001. Il est fondateur, copropri\u00e9taire et r\u00e9dacteur en chef de L\u2019Annuel de l\u2019automobile, qu\u2019il publie depuis 2001. Il a anim\u00e9 les \u00e9missions RPM et RPM+ sur V et les L\u00e9gendes de la route sur Historia. \u00c0 la radio depuis 1986, il reprend l\u2019antenne cette ann\u00e9e sur les ondes de Cogeco et participe pour la deuxi\u00e8me ann\u00e9e \u00e0 l\u2019\u00e9mission Passion Auto sur RDS en plus de mettre en ligne le site Web officiel de L\u2019Annuel de l\u2019automobile sur annuelauto.ca.","sameAs":["https:\/\/annuelauto.ca\/"],"url":"https:\/\/news.canadamotorjobs.com\/fr\/author\/benoit-charette\/"}]}},"_links":{"self":[{"href":"https:\/\/news.canadamotorjobs.com\/fr\/wp-json\/wp\/v2\/posts\/171678"}],"collection":[{"href":"https:\/\/news.canadamotorjobs.com\/fr\/wp-json\/wp\/v2\/posts"}],"about":[{"href":"https:\/\/news.canadamotorjobs.com\/fr\/wp-json\/wp\/v2\/types\/post"}],"author":[{"embeddable":true,"href":"https:\/\/news.canadamotorjobs.com\/fr\/wp-json\/wp\/v2\/users\/8"}],"replies":[{"embeddable":true,"href":"https:\/\/news.canadamotorjobs.com\/fr\/wp-json\/wp\/v2\/comments?post=171678"}],"version-history":[{"count":2,"href":"https:\/\/news.canadamotorjobs.com\/fr\/wp-json\/wp\/v2\/posts\/171678\/revisions"}],"predecessor-version":[{"id":171682,"href":"https:\/\/news.canadamotorjobs.com\/fr\/wp-json\/wp\/v2\/posts\/171678\/revisions\/171682"}],"wp:featuredmedia":[{"embeddable":true,"href":"https:\/\/news.canadamotorjobs.com\/fr\/wp-json\/wp\/v2\/media\/171680"}],"wp:attachment":[{"href":"https:\/\/news.canadamotorjobs.com\/fr\/wp-json\/wp\/v2\/media?parent=171678"}],"wp:term":[{"taxonomy":"category","embeddable":true,"href":"https:\/\/news.canadamotorjobs.com\/fr\/wp-json\/wp\/v2\/categories?post=171678"},{"taxonomy":"post_tag","embeddable":true,"href":"https:\/\/news.canadamotorjobs.com\/fr\/wp-json\/wp\/v2\/tags?post=171678"}],"curies":[{"name":"wp","href":"https:\/\/api.w.org\/{rel}","templated":true}]}}