{"id":171640,"date":"2024-08-31T10:27:21","date_gmt":"2024-08-31T14:27:21","guid":{"rendered":"https:\/\/news.canadamotorjobs.com\/?p=171640"},"modified":"2024-08-31T10:31:22","modified_gmt":"2024-08-31T14:31:22","slug":"il-faudra-baisser-le-cout-des-vehicules-electrique-si-le-gouvernement-canadien-veut-atteindre-ses-objectifs","status":"publish","type":"post","link":"https:\/\/news.canadamotorjobs.com\/fr\/il-faudra-baisser-le-cout-des-vehicules-electrique-si-le-gouvernement-canadien-veut-atteindre-ses-objectifs\/","title":{"rendered":"Il faudra baisser le co\u00fbt des v\u00e9hicules \u00e9lectrique si le gouvernement canadien veut atteindre ses objectifs"},"content":{"rendered":"<\/p>\n<p>Il est d\u00e9j\u00e0 plus rentable \u00e0 long terme d\u2019acheter un v\u00e9hicule \u00e9lectrique (VE) qu\u2019un mod\u00e8le \u00e0 essence. Cependant, pour que le Canada puisse atteindre ses objectifs de vente de V\u00c9S, le prix devra baisser, selon une nouvelle analyse du Bureau du directeur parlementaire du budget (DPB).<\/p>\n<h4>Des objectifs ambitieux pour les ventes de v\u00e9hicules \u00e9lectriques<\/h4>\n<p>\nLe rapport du DPB, publi\u00e9 le 29 ao\u00fbt, survient huit mois apr\u00e8s que les lib\u00e9raux f\u00e9d\u00e9raux ont impos\u00e9 que les voitures de tourisme \u00e0 batterie repr\u00e9sentent 20 % des ventes de v\u00e9hicules neufs d&#8217;ici 2026. Ce pourcentage devra augmenter chaque ann\u00e9e pour atteindre 60 % d\u2019ici 2030, puis 100 % d\u2019ici 2035.<\/p>\n<p>Les derni\u00e8res statistiques montrent qu&#8217;en 2023, les v\u00e9hicules \u00e9lectriques ont constitu\u00e9 \u00e0 l&#8217;\u00e9chelle canadienne pr\u00e8s de 11 % des immatriculations de v\u00e9hicules neufs, marquant la premi\u00e8re fois que ce chiffre d\u00e9passe 10 % au niveau national.<\/p>\n<h4>Co\u00fbts compar\u00e9s : v\u00e9hicules \u00e9lectriques vs. thermiques<\/h4>\n<p>\nLe rapport compare le prix d\u2019achat d\u2019un v\u00e9hicule neuf, les rabais f\u00e9d\u00e9raux et provinciaux pour les V\u00c9S, ainsi que les co\u00fbts d\u2019exploitation et d\u2019entretien sur huit ans. Pour les voitures de tourisme, le co\u00fbt total sur huit ans d\u2019un mod\u00e8le \u00e9lectrique en 2022 repr\u00e9sentait 88 % de celui d\u2019un mod\u00e8le \u00e0 essence similaire. Pour les VUS et les camions, ce chiffre s\u2019\u00e9l\u00e8ve \u00e0 environ 92 %.<\/p>\n<p>Bien que l\u2019achat d\u2019un VE soit environ 6 % plus co\u00fbteux que celui d\u2019un mod\u00e8le \u00e0 essence comparable, les co\u00fbts d\u2019exploitation et d\u2019entretien peuvent \u00eatre jusqu\u2019\u00e0 2,5 fois inf\u00e9rieurs par an.<\/p>\n<h4>Des \u00e9conomies insuffisantes pour encourager la transition<\/h4>\n<p>\nMalgr\u00e9 ces avantages, le DPB estime que les \u00e9conomies ne sont pas encore suffisantes pour inciter les consommateurs \u00e0 se tourner vers les voitures \u00e9lectriques aussi rapidement que le souhaitent les gouvernements. Selon le rapport, les \u00e9conomies doivent cro\u00eetre de 31 % pour atteindre les objectifs de 2030. Cela signifie que si le co\u00fbt actuel d\u2019un V\u00c9 repr\u00e9sente 95 % de celui d\u2019un mod\u00e8le \u00e0 essence, il devra tomber \u00e0 environ 65 % pour rendre les V\u00c9S plus attractifs.<\/p>\n<h4>Le r\u00f4le crucial du prix dans l&#8217;adoption des V\u00c9S<\/h4>\n<p>\nJoanna Kyriazis, directrice des affaires publiques chez Clean Energy Canada, souligne que, bien que les VE soient moins co\u00fbteux \u00e0 l\u2019usage, cela ne suffit pas pour convaincre une majorit\u00e9 de consommateurs de passer \u00e0 l\u2019\u00e9lectrique. &#8220;Les co\u00fbts initiaux \u00e9lev\u00e9s sont un obstacle pour de nombreuses familles \u00e0 budget limit\u00e9, m\u00eame si elles reconnaissent qu&#8217;un VE leur ferait \u00e9conomiser de l&#8217;argent \u00e0 long terme&#8221;, a-t-elle d\u00e9clar\u00e9.<\/p>\n<p>Elle met \u00e9galement en avant l\u2019importance du prix en Europe, o\u00f9 les VE repr\u00e9sentaient un quart des ventes de v\u00e9hicules neufs en 2023. L\u2019Europe offre 11 mod\u00e8les de VE co\u00fbtant moins de 45 000 $, tandis qu\u2019au Canada, seuls deux mod\u00e8les r\u00e9pondent \u00e0 ce crit\u00e8re. Les ventes de VE au Canada \u00e9taient de 10,8 % l&#8217;ann\u00e9e derni\u00e8re.<\/p>\n<h4>Les perspectives pour les ann\u00e9es \u00e0 venir<\/h4>\n<p>\nLe ministre de l\u2019Environnement, Steven Guilbeault, a salu\u00e9 le rapport du DPB, notant que celui-ci confirme la baisse continue des prix des VE par rapport aux mod\u00e8les \u00e0 essence. Il a \u00e9galement mentionn\u00e9 que la r\u00e9glementation du gouvernement, qui impose des quotas de vente, contribue \u00e0 cette baisse. Une \u00e9tude pr\u00e9voit que les v\u00e9hicules \u00e0 essence co\u00fbteront 6,1 % de plus d\u2019ici 2035, tandis que les VE devraient voir leurs prix diminuer de 22 %.<\/p>\n<p>Le ministre a toutefois soulign\u00e9 que le rapport ne prend pas en compte les v\u00e9hicules hybrides rechargeables, qui repr\u00e9sentent pour certains consommateurs une \u00e9tape interm\u00e9diaire entre un v\u00e9hicule enti\u00e8rement \u00e9lectrique et un mod\u00e8le \u00e0 essence. En 2023, les hybrides rechargeables ont constitu\u00e9 3 % des ventes totales de v\u00e9hicules et 24 % de l\u2019ensemble des VE vendus.<\/p>\n<h3>Conclusion : Un long chemin \u00e0 parcourir<\/h3>\n<p>\nBien que les v\u00e9hicules \u00e9lectriques offrent d\u00e9j\u00e0 des avantages financiers, le Canada devra encore abaisser leurs co\u00fbts pour atteindre ses ambitieux objectifs de ventes de V\u00c9S d\u2019ici 2030 et 2035. Le d\u00e9fi consiste \u00e0 rendre ces v\u00e9hicules suffisamment abordables pour inciter un plus grand nombre de consommateurs \u00e0 franchir le pas vers l\u2019\u00e9lectrique.<\/p>\n<p>Avec des renseignements d&#8217;Automotive News Canada<\/p>\n<p>Le texte <a rel=\"nofollow\" href=\"https:\/\/annuelauto.ca\/il-faudra-baisser-le-cout-des-vehicules-electrique-si-le-gouvernement-canadien-veut-atteindre-ses-objectifs\/\">Il faudra baisser le co\u00fbt des v\u00e9hicules \u00e9lectrique si le gouvernement canadien veut atteindre ses objectifs<\/a> provient de <a rel=\"nofollow\" href=\"https:\/\/annuelauto.ca\">L&#8217;annuel de l&#8217;automobile &#8211; Actualit\u00e9 automobile<\/a><\/p>\n<p><\/p>\n","protected":false},"excerpt":{"rendered":"<p>Il est d\u00e9j\u00e0 plus rentable \u00e0 long terme d\u2019acheter un v\u00e9hicule \u00e9lectrique (VE) qu\u2019un mod\u00e8le \u00e0 essence. Cependant, pour que le Canada puisse atteindre ses objectifs de vente de V\u00c9S, le prix devra baisser, selon une nouvelle analyse du Bureau du directeur parlementaire du budget (DPB). Des objectifs ambitieux pour les ventes de v\u00e9hicules \u00e9lectriques [&hellip;]<\/p>\n","protected":false},"author":8,"featured_media":171642,"comment_status":"close","ping_status":"closed","sticky":false,"template":"","format":"standard","meta":{"_monsterinsights_skip_tracking":false,"_monsterinsights_sitenote_active":false,"_monsterinsights_sitenote_note":"","_monsterinsights_sitenote_category":0,"footnotes":""},"categories":[101],"tags":[],"yoast_head":"<!-- This site is optimized with the Yoast SEO plugin v23.2 - https:\/\/yoast.com\/wordpress\/plugins\/seo\/ -->\n<title>Il faudra baisser le co\u00fbt des v\u00e9hicules \u00e9lectrique si le gouvernement canadien veut atteindre ses objectifs - CanadaMotorJobs.com<\/title>\n<meta name=\"description\" content=\"Il faudra baisser le co\u00fbt des v\u00e9hicules \u00e9lectrique si le gouvernement canadien veut atteindre ses objectifs - Benoit Charette - Annuel automobile - CanadaMotorJobs.com.\" \/>\n<meta name=\"robots\" content=\"index, follow, max-snippet:-1, max-image-preview:large, max-video-preview:-1\" \/>\n<meta property=\"og:locale\" content=\"fr_CA\" \/>\n<meta property=\"og:type\" content=\"article\" \/>\n<meta property=\"og:title\" content=\"Il faudra baisser le co\u00fbt des v\u00e9hicules \u00e9lectrique si le gouvernement canadien veut atteindre ses objectifs - CanadaMotorJobs.com\" \/>\n<meta property=\"og:description\" content=\"Il faudra baisser le co\u00fbt des v\u00e9hicules \u00e9lectrique si le gouvernement canadien veut atteindre ses objectifs - Benoit Charette - Annuel automobile - CanadaMotorJobs.com.\" \/>\n<meta property=\"og:url\" content=\"https:\/\/news.canadamotorjobs.com\/fr\/il-faudra-baisser-le-cout-des-vehicules-electrique-si-le-gouvernement-canadien-veut-atteindre-ses-objectifs\/\" \/>\n<meta property=\"og:site_name\" content=\"CanadaMotorJobs.com\" \/>\n<meta property=\"article:publisher\" content=\"https:\/\/www.facebook.com\/canadamotorjobs\/\" \/>\n<meta property=\"article:published_time\" content=\"2024-08-31T14:27:21+00:00\" \/>\n<meta property=\"article:modified_time\" content=\"2024-08-31T14:31:22+00:00\" \/>\n<meta property=\"og:image\" content=\"https:\/\/news.canadamotorjobs.com\/wp-content\/uploads\/2024\/08\/IMG_4895-1024x768-1.jpg\" \/>\n\t<meta property=\"og:image:width\" content=\"1024\" \/>\n\t<meta property=\"og:image:height\" content=\"768\" \/>\n\t<meta property=\"og:image:type\" content=\"image\/jpeg\" \/>\n<meta name=\"author\" content=\"Benoit Charette\" \/>\n<meta name=\"twitter:card\" content=\"summary_large_image\" \/>\n<meta name=\"twitter:creator\" content=\"@canadamotorjobs\" \/>\n<meta name=\"twitter:site\" content=\"@canadamotorjobs\" \/>\n<meta name=\"twitter:label1\" content=\"\u00c9crit par\" \/>\n\t<meta name=\"twitter:data1\" content=\"Benoit Charette\" \/>\n\t<meta name=\"twitter:label2\" content=\"Estimation du temps de lecture\" \/>\n\t<meta name=\"twitter:data2\" content=\"4 minutes\" \/>\n<!-- \/ Yoast SEO plugin. -->","yoast_head_json":{"title":"Il faudra baisser le co\u00fbt des v\u00e9hicules \u00e9lectrique si le gouvernement canadien veut atteindre ses objectifs - CanadaMotorJobs.com","description":"Il faudra baisser le co\u00fbt des v\u00e9hicules \u00e9lectrique si le gouvernement canadien veut atteindre ses objectifs - Benoit Charette - Annuel automobile - CanadaMotorJobs.com.","robots":{"index":"index","follow":"follow","max-snippet":"max-snippet:-1","max-image-preview":"max-image-preview:large","max-video-preview":"max-video-preview:-1"},"og_locale":"fr_CA","og_type":"article","og_title":"Il faudra baisser le co\u00fbt des v\u00e9hicules \u00e9lectrique si le gouvernement canadien veut atteindre ses objectifs - CanadaMotorJobs.com","og_description":"Il faudra baisser le co\u00fbt des v\u00e9hicules \u00e9lectrique si le gouvernement canadien veut atteindre ses objectifs - Benoit Charette - Annuel automobile - CanadaMotorJobs.com.","og_url":"https:\/\/news.canadamotorjobs.com\/fr\/il-faudra-baisser-le-cout-des-vehicules-electrique-si-le-gouvernement-canadien-veut-atteindre-ses-objectifs\/","og_site_name":"CanadaMotorJobs.com","article_publisher":"https:\/\/www.facebook.com\/canadamotorjobs\/","article_published_time":"2024-08-31T14:27:21+00:00","article_modified_time":"2024-08-31T14:31:22+00:00","og_image":[{"width":1024,"height":768,"url":"https:\/\/news.canadamotorjobs.com\/wp-content\/uploads\/2024\/08\/IMG_4895-1024x768-1.jpg","type":"image\/jpeg"}],"author":"Benoit Charette","twitter_card":"summary_large_image","twitter_creator":"@canadamotorjobs","twitter_site":"@canadamotorjobs","twitter_misc":{"\u00c9crit par":"Benoit Charette","Estimation du temps de lecture":"4 minutes"},"schema":{"@context":"https:\/\/schema.org","@graph":[{"@type":"Article","@id":"https:\/\/news.canadamotorjobs.com\/fr\/il-faudra-baisser-le-cout-des-vehicules-electrique-si-le-gouvernement-canadien-veut-atteindre-ses-objectifs\/#article","isPartOf":{"@id":"https:\/\/news.canadamotorjobs.com\/fr\/il-faudra-baisser-le-cout-des-vehicules-electrique-si-le-gouvernement-canadien-veut-atteindre-ses-objectifs\/"},"author":{"name":"Benoit Charette","@id":"https:\/\/news.canadamotorjobs.com\/#\/schema\/person\/51793d1f87d44011d7bcc2ed99269a90"},"headline":"Il faudra baisser le co\u00fbt des v\u00e9hicules \u00e9lectrique si le gouvernement canadien veut atteindre ses objectifs","datePublished":"2024-08-31T14:27:21+00:00","dateModified":"2024-08-31T14:31:22+00:00","mainEntityOfPage":{"@id":"https:\/\/news.canadamotorjobs.com\/fr\/il-faudra-baisser-le-cout-des-vehicules-electrique-si-le-gouvernement-canadien-veut-atteindre-ses-objectifs\/"},"wordCount":754,"publisher":{"@id":"https:\/\/news.canadamotorjobs.com\/#organization"},"image":{"@id":"https:\/\/news.canadamotorjobs.com\/fr\/il-faudra-baisser-le-cout-des-vehicules-electrique-si-le-gouvernement-canadien-veut-atteindre-ses-objectifs\/#primaryimage"},"thumbnailUrl":"https:\/\/news.canadamotorjobs.com\/wp-content\/uploads\/2024\/08\/IMG_4895-1024x768-1.jpg","articleSection":["Annuel automobile"],"inLanguage":"fr-CA"},{"@type":"WebPage","@id":"https:\/\/news.canadamotorjobs.com\/fr\/il-faudra-baisser-le-cout-des-vehicules-electrique-si-le-gouvernement-canadien-veut-atteindre-ses-objectifs\/","url":"https:\/\/news.canadamotorjobs.com\/fr\/il-faudra-baisser-le-cout-des-vehicules-electrique-si-le-gouvernement-canadien-veut-atteindre-ses-objectifs\/","name":"Il faudra baisser le co\u00fbt des v\u00e9hicules \u00e9lectrique si le gouvernement canadien veut atteindre ses objectifs - CanadaMotorJobs.com","isPartOf":{"@id":"https:\/\/news.canadamotorjobs.com\/#website"},"primaryImageOfPage":{"@id":"https:\/\/news.canadamotorjobs.com\/fr\/il-faudra-baisser-le-cout-des-vehicules-electrique-si-le-gouvernement-canadien-veut-atteindre-ses-objectifs\/#primaryimage"},"image":{"@id":"https:\/\/news.canadamotorjobs.com\/fr\/il-faudra-baisser-le-cout-des-vehicules-electrique-si-le-gouvernement-canadien-veut-atteindre-ses-objectifs\/#primaryimage"},"thumbnailUrl":"https:\/\/news.canadamotorjobs.com\/wp-content\/uploads\/2024\/08\/IMG_4895-1024x768-1.jpg","datePublished":"2024-08-31T14:27:21+00:00","dateModified":"2024-08-31T14:31:22+00:00","description":"Il faudra baisser le co\u00fbt des v\u00e9hicules \u00e9lectrique si le gouvernement canadien veut atteindre ses objectifs - Benoit Charette - Annuel automobile - CanadaMotorJobs.com.","breadcrumb":{"@id":"https:\/\/news.canadamotorjobs.com\/fr\/il-faudra-baisser-le-cout-des-vehicules-electrique-si-le-gouvernement-canadien-veut-atteindre-ses-objectifs\/#breadcrumb"},"inLanguage":"fr-CA","potentialAction":[{"@type":"ReadAction","target":["https:\/\/news.canadamotorjobs.com\/fr\/il-faudra-baisser-le-cout-des-vehicules-electrique-si-le-gouvernement-canadien-veut-atteindre-ses-objectifs\/"]}]},{"@type":"ImageObject","inLanguage":"fr-CA","@id":"https:\/\/news.canadamotorjobs.com\/fr\/il-faudra-baisser-le-cout-des-vehicules-electrique-si-le-gouvernement-canadien-veut-atteindre-ses-objectifs\/#primaryimage","url":"https:\/\/news.canadamotorjobs.com\/wp-content\/uploads\/2024\/08\/IMG_4895-1024x768-1.jpg","contentUrl":"https:\/\/news.canadamotorjobs.com\/wp-content\/uploads\/2024\/08\/IMG_4895-1024x768-1.jpg","width":1024,"height":768},{"@type":"BreadcrumbList","@id":"https:\/\/news.canadamotorjobs.com\/fr\/il-faudra-baisser-le-cout-des-vehicules-electrique-si-le-gouvernement-canadien-veut-atteindre-ses-objectifs\/#breadcrumb","itemListElement":[{"@type":"ListItem","position":1,"name":"Home","item":"https:\/\/news.canadamotorjobs.com\/fr\/blog\/"},{"@type":"ListItem","position":2,"name":"Il faudra baisser le co\u00fbt des v\u00e9hicules \u00e9lectrique si le gouvernement canadien veut atteindre ses objectifs"}]},{"@type":"WebSite","@id":"https:\/\/news.canadamotorjobs.com\/#website","url":"https:\/\/news.canadamotorjobs.com\/","name":"CanadaMotorJobs.com","description":"Automotive Jobs","publisher":{"@id":"https:\/\/news.canadamotorjobs.com\/#organization"},"potentialAction":[{"@type":"SearchAction","target":{"@type":"EntryPoint","urlTemplate":"https:\/\/news.canadamotorjobs.com\/?s={search_term_string}"},"query-input":"required name=search_term_string"}],"inLanguage":"fr-CA"},{"@type":"Organization","@id":"https:\/\/news.canadamotorjobs.com\/#organization","name":"Canada Motor Jobs","url":"https:\/\/news.canadamotorjobs.com\/","logo":{"@type":"ImageObject","inLanguage":"fr-CA","@id":"https:\/\/news.canadamotorjobs.com\/#\/schema\/logo\/image\/","url":"https:\/\/news.canadamotorjobs.com\/wp-content\/uploads\/2022\/10\/logo-canada-motor-jobs-1.png","contentUrl":"https:\/\/news.canadamotorjobs.com\/wp-content\/uploads\/2022\/10\/logo-canada-motor-jobs-1.png","width":800,"height":400,"caption":"Canada Motor Jobs"},"image":{"@id":"https:\/\/news.canadamotorjobs.com\/#\/schema\/logo\/image\/"},"sameAs":["https:\/\/www.facebook.com\/canadamotorjobs\/","https:\/\/x.com\/canadamotorjobs","https:\/\/www.instagram.com\/canadamotorjobs\/","https:\/\/www.linkedin.com\/company\/canadamotorjobs"]},{"@type":"Person","@id":"https:\/\/news.canadamotorjobs.com\/#\/schema\/person\/51793d1f87d44011d7bcc2ed99269a90","name":"Benoit Charette","image":{"@type":"ImageObject","inLanguage":"fr-CA","@id":"https:\/\/news.canadamotorjobs.com\/#\/schema\/person\/image\/","url":"https:\/\/secure.gravatar.com\/avatar\/45f3d2eebcccd909668d7ce7ea7267b6?s=96&d=mm&r=g","contentUrl":"https:\/\/secure.gravatar.com\/avatar\/45f3d2eebcccd909668d7ce7ea7267b6?s=96&d=mm&r=g","caption":"Benoit Charette"},"description":"Benoit Charette \/ Propri\u00e9taire et r\u00e9dacteur en chef Benoit Charette pratique le journalisme automobile depuis bient\u00f4t 30 ans. Il a fait ses classes au c\u00f4t\u00e9 de Daniel H\u00e9raud et au Carnet de route de 1992 \u00e0 2001. Il est fondateur, copropri\u00e9taire et r\u00e9dacteur en chef de L\u2019Annuel de l\u2019automobile, qu\u2019il publie depuis 2001. Il a anim\u00e9 les \u00e9missions RPM et RPM+ sur V et les L\u00e9gendes de la route sur Historia. \u00c0 la radio depuis 1986, il reprend l\u2019antenne cette ann\u00e9e sur les ondes de Cogeco et participe pour la deuxi\u00e8me ann\u00e9e \u00e0 l\u2019\u00e9mission Passion Auto sur RDS en plus de mettre en ligne le site Web officiel de L\u2019Annuel de l\u2019automobile sur annuelauto.ca.","sameAs":["https:\/\/annuelauto.ca\/"],"url":"https:\/\/news.canadamotorjobs.com\/fr\/author\/benoit-charette\/"}]}},"_links":{"self":[{"href":"https:\/\/news.canadamotorjobs.com\/fr\/wp-json\/wp\/v2\/posts\/171640"}],"collection":[{"href":"https:\/\/news.canadamotorjobs.com\/fr\/wp-json\/wp\/v2\/posts"}],"about":[{"href":"https:\/\/news.canadamotorjobs.com\/fr\/wp-json\/wp\/v2\/types\/post"}],"author":[{"embeddable":true,"href":"https:\/\/news.canadamotorjobs.com\/fr\/wp-json\/wp\/v2\/users\/8"}],"replies":[{"embeddable":true,"href":"https:\/\/news.canadamotorjobs.com\/fr\/wp-json\/wp\/v2\/comments?post=171640"}],"version-history":[{"count":2,"href":"https:\/\/news.canadamotorjobs.com\/fr\/wp-json\/wp\/v2\/posts\/171640\/revisions"}],"predecessor-version":[{"id":171644,"href":"https:\/\/news.canadamotorjobs.com\/fr\/wp-json\/wp\/v2\/posts\/171640\/revisions\/171644"}],"wp:featuredmedia":[{"embeddable":true,"href":"https:\/\/news.canadamotorjobs.com\/fr\/wp-json\/wp\/v2\/media\/171642"}],"wp:attachment":[{"href":"https:\/\/news.canadamotorjobs.com\/fr\/wp-json\/wp\/v2\/media?parent=171640"}],"wp:term":[{"taxonomy":"category","embeddable":true,"href":"https:\/\/news.canadamotorjobs.com\/fr\/wp-json\/wp\/v2\/categories?post=171640"},{"taxonomy":"post_tag","embeddable":true,"href":"https:\/\/news.canadamotorjobs.com\/fr\/wp-json\/wp\/v2\/tags?post=171640"}],"curies":[{"name":"wp","href":"https:\/\/api.w.org\/{rel}","templated":true}]}}