{"id":171598,"date":"2024-08-30T08:10:33","date_gmt":"2024-08-30T12:10:33","guid":{"rendered":"https:\/\/news.canadamotorjobs.com\/?p=171598"},"modified":"2024-08-30T08:15:18","modified_gmt":"2024-08-30T12:15:18","slug":"general-motors-accuse-de-vendre-des-vehicules-avec-des-transmissions-defectueuse","status":"publish","type":"post","link":"https:\/\/news.canadamotorjobs.com\/fr\/general-motors-accuse-de-vendre-des-vehicules-avec-des-transmissions-defectueuse\/","title":{"rendered":"General Motors accus\u00e9 de vendre des v\u00e9hicules avec des transmissions d\u00e9fectueuse"},"content":{"rendered":"<\/p>\n<p>Un tribunal d&#8217;appel f\u00e9d\u00e9ral am\u00e9ricain a ordonn\u00e9 \u00e0 General Motors de faire face \u00e0 un recours collectif affirmant que le constructeur automobile a viol\u00e9 les lois de 26 \u00c9tats am\u00e9ricains en vendant d\u00e9lib\u00e9r\u00e9ment plusieurs centaines de milliers de voitures, camions et VUS \u00e9quip\u00e9s de transmissions d\u00e9fectueuses.<\/p>\n<h3><strong>Des probl\u00e8mes r\u00e9currents signal\u00e9s sur des v\u00e9hicules de 2015 \u00e0 2019<\/strong><\/h3>\n<p>\nLa Cour d&#8217;appel du 6e circuit des \u00c9tats-Unis a statu\u00e9 qu&#8217;un juge de premi\u00e8re instance avait la discr\u00e9tion de permettre aux conducteurs de poursuivre en groupe pour des v\u00e9hicules Cadillac, Chevrolet et GMC \u00e9quip\u00e9s de transmissions automatiques 8L45 ou 8L90 \u00e0 huit vitesses, vendus entre 2015 et 2019.<\/p>\n<h3><strong>Les conducteurs d\u00e9noncent des performances de transmission inad\u00e9quates<\/strong><\/h3>\n<p>\nLes conducteurs ont signal\u00e9 que les v\u00e9hicules tremblent et vibrent dans les vitesses sup\u00e9rieures, et h\u00e9sitent et secouent dans les vitesses inf\u00e9rieures, m\u00eame apr\u00e8s des tentatives de r\u00e9paration. Ils ont \u00e9galement accus\u00e9 GM d&#8217;avoir conseill\u00e9 aux concessionnaires de rassurer les clients en affirmant que les changements de vitesse brutaux \u00e9taient \u00ab normaux \u00bb.<\/p>\n<h3><strong>GM silencieuse face aux accusations<\/strong><\/h3>\n<p>\nGM n&#8217;a pas imm\u00e9diatement r\u00e9pondu aux demandes de commentaires ce jeudi. La d\u00e9cision a \u00e9t\u00e9 rendue mercredi par un panel de trois juges de la cour d&#8217;appel bas\u00e9e \u00e0 Cincinnati.<\/p>\n<h3><strong>Impact potentiel des actions collectives<\/strong><\/h3>\n<p>\nLes recours collectifs permettent souvent d&#8217;obtenir des compensations plus importantes \u00e0 moindre co\u00fbt par rapport \u00e0 des poursuites individuelles. Le litige contre GM concerne environ 800 000 v\u00e9hicules, dont 514 000 dans les classes certifi\u00e9es. Parmi les v\u00e9hicules concern\u00e9s figurent les Cadillac CTS, CT6 et Escalade, les Chevrolet Camaro, Colorado, Corvette et Silverado, ainsi que les GMC Canyon, Sierra et Yukon, entre autres.<\/p>\n<h3><strong>Les arguments de GM rejet\u00e9s par la cour<\/strong><\/h3>\n<p>\nEn s&#8217;opposant \u00e0 la certification des classes, GM a soutenu que la plupart des membres de la classe n&#8217;ont jamais rencontr\u00e9 de probl\u00e8mes et n&#8217;avaient donc pas le droit de poursuivre. Le constructeur a \u00e9galement fait valoir qu&#8217;il y avait trop de diff\u00e9rences entre les membres de la classe pour justifier des poursuites en groupe. Cependant, la juge du circuit Karen Nelson Moore a d\u00e9clar\u00e9 que payer trop cher pour des v\u00e9hicules pr\u00e9tendument d\u00e9fectueux \u00e9tait suffisant pour \u00e9tablir un int\u00e9r\u00eat \u00e0 agir. Elle a \u00e9galement affirm\u00e9 que \u00ab la fa\u00e7on exacte, et dans quelle mesure, chaque plaignant a ressenti un probl\u00e8me de qualit\u00e9 de transmission est sans importance \u00bb pour d\u00e9terminer si GM a dissimul\u00e9 des d\u00e9fauts connus et si les conducteurs auraient jug\u00e9 ces informations pertinentes. La cour a \u00e9galement rejet\u00e9 l&#8217;argument de GM selon lequel de nombreuses r\u00e9clamations potentielles relevaient de l&#8217;arbitrage.<\/p>\n<p>L&#8217;affaire a \u00e9t\u00e9 renvoy\u00e9e au juge f\u00e9d\u00e9ral David Lawson \u00e0 Detroit, qui avait certifi\u00e9 les classes en mars 2023.<\/p>\n<p>\u00a0<\/p>\n<p>Avec des renseignements de Reuters<\/p>\n<p>Le texte <a rel=\"nofollow\" href=\"https:\/\/annuelauto.ca\/general-motors-accuse-de-vendre-des-vehicules-avec-des-transmissions-defectueuse\/\">General Motors accus\u00e9 de vendre des v\u00e9hicules avec des transmissions d\u00e9fectueuse<\/a> provient de <a rel=\"nofollow\" href=\"https:\/\/annuelauto.ca\">L&#8217;annuel de l&#8217;automobile &#8211; Actualit\u00e9 automobile<\/a><\/p>\n<p><\/p>\n","protected":false},"excerpt":{"rendered":"<p>Un tribunal d&#8217;appel f\u00e9d\u00e9ral am\u00e9ricain a ordonn\u00e9 \u00e0 General Motors de faire face \u00e0 un recours collectif affirmant que le constructeur automobile a viol\u00e9 les lois de 26 \u00c9tats am\u00e9ricains en vendant d\u00e9lib\u00e9r\u00e9ment plusieurs centaines de milliers de voitures, camions et VUS \u00e9quip\u00e9s de transmissions d\u00e9fectueuses. Des probl\u00e8mes r\u00e9currents signal\u00e9s sur des v\u00e9hicules de 2015 [&hellip;]<\/p>\n","protected":false},"author":8,"featured_media":171600,"comment_status":"close","ping_status":"closed","sticky":false,"template":"","format":"standard","meta":{"_monsterinsights_skip_tracking":false,"_monsterinsights_sitenote_active":false,"_monsterinsights_sitenote_note":"","_monsterinsights_sitenote_category":0,"footnotes":""},"categories":[101],"tags":[],"yoast_head":"<!-- This site is optimized with the Yoast SEO plugin v23.2 - https:\/\/yoast.com\/wordpress\/plugins\/seo\/ -->\n<title>General Motors accus\u00e9 de vendre des v\u00e9hicules avec des transmissions d\u00e9fectueuse - CanadaMotorJobs.com<\/title>\n<meta name=\"description\" content=\"General Motors accus\u00e9 de vendre des v\u00e9hicules avec des transmissions d\u00e9fectueuse - Benoit Charette - Annuel automobile - CanadaMotorJobs.com.\" \/>\n<meta name=\"robots\" content=\"index, follow, max-snippet:-1, max-image-preview:large, max-video-preview:-1\" \/>\n<meta property=\"og:locale\" content=\"fr_CA\" \/>\n<meta property=\"og:type\" content=\"article\" \/>\n<meta property=\"og:title\" content=\"General Motors accus\u00e9 de vendre des v\u00e9hicules avec des transmissions d\u00e9fectueuse - CanadaMotorJobs.com\" \/>\n<meta property=\"og:description\" content=\"General Motors accus\u00e9 de vendre des v\u00e9hicules avec des transmissions d\u00e9fectueuse - Benoit Charette - Annuel automobile - CanadaMotorJobs.com.\" \/>\n<meta property=\"og:url\" content=\"https:\/\/news.canadamotorjobs.com\/fr\/general-motors-accuse-de-vendre-des-vehicules-avec-des-transmissions-defectueuse\/\" \/>\n<meta property=\"og:site_name\" content=\"CanadaMotorJobs.com\" \/>\n<meta property=\"article:publisher\" content=\"https:\/\/www.facebook.com\/canadamotorjobs\/\" \/>\n<meta property=\"article:published_time\" content=\"2024-08-30T12:10:33+00:00\" \/>\n<meta property=\"article:modified_time\" content=\"2024-08-30T12:15:18+00:00\" \/>\n<meta property=\"og:image\" content=\"https:\/\/news.canadamotorjobs.com\/wp-content\/uploads\/2024\/08\/585461-cadillac-escalade-2015-2020-quoi-savoir-avant-d-acheter.jpeg\" \/>\n\t<meta property=\"og:image:width\" content=\"1024\" \/>\n\t<meta property=\"og:image:height\" content=\"639\" \/>\n\t<meta property=\"og:image:type\" content=\"image\/jpeg\" \/>\n<meta name=\"author\" content=\"Benoit Charette\" \/>\n<meta name=\"twitter:card\" content=\"summary_large_image\" \/>\n<meta name=\"twitter:creator\" content=\"@canadamotorjobs\" \/>\n<meta name=\"twitter:site\" content=\"@canadamotorjobs\" \/>\n<meta name=\"twitter:label1\" content=\"\u00c9crit par\" \/>\n\t<meta name=\"twitter:data1\" content=\"Benoit Charette\" \/>\n\t<meta name=\"twitter:label2\" content=\"Estimation du temps de lecture\" \/>\n\t<meta name=\"twitter:data2\" content=\"2 minutes\" \/>\n<!-- \/ Yoast SEO plugin. -->","yoast_head_json":{"title":"General Motors accus\u00e9 de vendre des v\u00e9hicules avec des transmissions d\u00e9fectueuse - CanadaMotorJobs.com","description":"General Motors accus\u00e9 de vendre des v\u00e9hicules avec des transmissions d\u00e9fectueuse - Benoit Charette - Annuel automobile - CanadaMotorJobs.com.","robots":{"index":"index","follow":"follow","max-snippet":"max-snippet:-1","max-image-preview":"max-image-preview:large","max-video-preview":"max-video-preview:-1"},"og_locale":"fr_CA","og_type":"article","og_title":"General Motors accus\u00e9 de vendre des v\u00e9hicules avec des transmissions d\u00e9fectueuse - CanadaMotorJobs.com","og_description":"General Motors accus\u00e9 de vendre des v\u00e9hicules avec des transmissions d\u00e9fectueuse - Benoit Charette - Annuel automobile - CanadaMotorJobs.com.","og_url":"https:\/\/news.canadamotorjobs.com\/fr\/general-motors-accuse-de-vendre-des-vehicules-avec-des-transmissions-defectueuse\/","og_site_name":"CanadaMotorJobs.com","article_publisher":"https:\/\/www.facebook.com\/canadamotorjobs\/","article_published_time":"2024-08-30T12:10:33+00:00","article_modified_time":"2024-08-30T12:15:18+00:00","og_image":[{"width":1024,"height":639,"url":"https:\/\/news.canadamotorjobs.com\/wp-content\/uploads\/2024\/08\/585461-cadillac-escalade-2015-2020-quoi-savoir-avant-d-acheter.jpeg","type":"image\/jpeg"}],"author":"Benoit Charette","twitter_card":"summary_large_image","twitter_creator":"@canadamotorjobs","twitter_site":"@canadamotorjobs","twitter_misc":{"\u00c9crit par":"Benoit Charette","Estimation du temps de lecture":"2 minutes"},"schema":{"@context":"https:\/\/schema.org","@graph":[{"@type":"Article","@id":"https:\/\/news.canadamotorjobs.com\/fr\/general-motors-accuse-de-vendre-des-vehicules-avec-des-transmissions-defectueuse\/#article","isPartOf":{"@id":"https:\/\/news.canadamotorjobs.com\/fr\/general-motors-accuse-de-vendre-des-vehicules-avec-des-transmissions-defectueuse\/"},"author":{"name":"Benoit Charette","@id":"https:\/\/news.canadamotorjobs.com\/#\/schema\/person\/51793d1f87d44011d7bcc2ed99269a90"},"headline":"General Motors accus\u00e9 de vendre des v\u00e9hicules avec des transmissions d\u00e9fectueuse","datePublished":"2024-08-30T12:10:33+00:00","dateModified":"2024-08-30T12:15:18+00:00","mainEntityOfPage":{"@id":"https:\/\/news.canadamotorjobs.com\/fr\/general-motors-accuse-de-vendre-des-vehicules-avec-des-transmissions-defectueuse\/"},"wordCount":524,"publisher":{"@id":"https:\/\/news.canadamotorjobs.com\/#organization"},"image":{"@id":"https:\/\/news.canadamotorjobs.com\/fr\/general-motors-accuse-de-vendre-des-vehicules-avec-des-transmissions-defectueuse\/#primaryimage"},"thumbnailUrl":"https:\/\/news.canadamotorjobs.com\/wp-content\/uploads\/2024\/08\/585461-cadillac-escalade-2015-2020-quoi-savoir-avant-d-acheter.jpeg","articleSection":["Annuel automobile"],"inLanguage":"fr-CA"},{"@type":"WebPage","@id":"https:\/\/news.canadamotorjobs.com\/fr\/general-motors-accuse-de-vendre-des-vehicules-avec-des-transmissions-defectueuse\/","url":"https:\/\/news.canadamotorjobs.com\/fr\/general-motors-accuse-de-vendre-des-vehicules-avec-des-transmissions-defectueuse\/","name":"General Motors accus\u00e9 de vendre des v\u00e9hicules avec des transmissions d\u00e9fectueuse - CanadaMotorJobs.com","isPartOf":{"@id":"https:\/\/news.canadamotorjobs.com\/#website"},"primaryImageOfPage":{"@id":"https:\/\/news.canadamotorjobs.com\/fr\/general-motors-accuse-de-vendre-des-vehicules-avec-des-transmissions-defectueuse\/#primaryimage"},"image":{"@id":"https:\/\/news.canadamotorjobs.com\/fr\/general-motors-accuse-de-vendre-des-vehicules-avec-des-transmissions-defectueuse\/#primaryimage"},"thumbnailUrl":"https:\/\/news.canadamotorjobs.com\/wp-content\/uploads\/2024\/08\/585461-cadillac-escalade-2015-2020-quoi-savoir-avant-d-acheter.jpeg","datePublished":"2024-08-30T12:10:33+00:00","dateModified":"2024-08-30T12:15:18+00:00","description":"General Motors accus\u00e9 de vendre des v\u00e9hicules avec des transmissions d\u00e9fectueuse - Benoit Charette - Annuel automobile - CanadaMotorJobs.com.","breadcrumb":{"@id":"https:\/\/news.canadamotorjobs.com\/fr\/general-motors-accuse-de-vendre-des-vehicules-avec-des-transmissions-defectueuse\/#breadcrumb"},"inLanguage":"fr-CA","potentialAction":[{"@type":"ReadAction","target":["https:\/\/news.canadamotorjobs.com\/fr\/general-motors-accuse-de-vendre-des-vehicules-avec-des-transmissions-defectueuse\/"]}]},{"@type":"ImageObject","inLanguage":"fr-CA","@id":"https:\/\/news.canadamotorjobs.com\/fr\/general-motors-accuse-de-vendre-des-vehicules-avec-des-transmissions-defectueuse\/#primaryimage","url":"https:\/\/news.canadamotorjobs.com\/wp-content\/uploads\/2024\/08\/585461-cadillac-escalade-2015-2020-quoi-savoir-avant-d-acheter.jpeg","contentUrl":"https:\/\/news.canadamotorjobs.com\/wp-content\/uploads\/2024\/08\/585461-cadillac-escalade-2015-2020-quoi-savoir-avant-d-acheter.jpeg","width":1024,"height":639},{"@type":"BreadcrumbList","@id":"https:\/\/news.canadamotorjobs.com\/fr\/general-motors-accuse-de-vendre-des-vehicules-avec-des-transmissions-defectueuse\/#breadcrumb","itemListElement":[{"@type":"ListItem","position":1,"name":"Home","item":"https:\/\/news.canadamotorjobs.com\/fr\/blog\/"},{"@type":"ListItem","position":2,"name":"General Motors accus\u00e9 de vendre des v\u00e9hicules avec des transmissions d\u00e9fectueuse"}]},{"@type":"WebSite","@id":"https:\/\/news.canadamotorjobs.com\/#website","url":"https:\/\/news.canadamotorjobs.com\/","name":"CanadaMotorJobs.com","description":"Automotive Jobs","publisher":{"@id":"https:\/\/news.canadamotorjobs.com\/#organization"},"potentialAction":[{"@type":"SearchAction","target":{"@type":"EntryPoint","urlTemplate":"https:\/\/news.canadamotorjobs.com\/?s={search_term_string}"},"query-input":"required name=search_term_string"}],"inLanguage":"fr-CA"},{"@type":"Organization","@id":"https:\/\/news.canadamotorjobs.com\/#organization","name":"Canada Motor Jobs","url":"https:\/\/news.canadamotorjobs.com\/","logo":{"@type":"ImageObject","inLanguage":"fr-CA","@id":"https:\/\/news.canadamotorjobs.com\/#\/schema\/logo\/image\/","url":"https:\/\/news.canadamotorjobs.com\/wp-content\/uploads\/2022\/10\/logo-canada-motor-jobs-1.png","contentUrl":"https:\/\/news.canadamotorjobs.com\/wp-content\/uploads\/2022\/10\/logo-canada-motor-jobs-1.png","width":800,"height":400,"caption":"Canada Motor Jobs"},"image":{"@id":"https:\/\/news.canadamotorjobs.com\/#\/schema\/logo\/image\/"},"sameAs":["https:\/\/www.facebook.com\/canadamotorjobs\/","https:\/\/x.com\/canadamotorjobs","https:\/\/www.instagram.com\/canadamotorjobs\/","https:\/\/www.linkedin.com\/company\/canadamotorjobs"]},{"@type":"Person","@id":"https:\/\/news.canadamotorjobs.com\/#\/schema\/person\/51793d1f87d44011d7bcc2ed99269a90","name":"Benoit Charette","image":{"@type":"ImageObject","inLanguage":"fr-CA","@id":"https:\/\/news.canadamotorjobs.com\/#\/schema\/person\/image\/","url":"https:\/\/secure.gravatar.com\/avatar\/45f3d2eebcccd909668d7ce7ea7267b6?s=96&d=mm&r=g","contentUrl":"https:\/\/secure.gravatar.com\/avatar\/45f3d2eebcccd909668d7ce7ea7267b6?s=96&d=mm&r=g","caption":"Benoit Charette"},"description":"Benoit Charette \/ Propri\u00e9taire et r\u00e9dacteur en chef Benoit Charette pratique le journalisme automobile depuis bient\u00f4t 30 ans. Il a fait ses classes au c\u00f4t\u00e9 de Daniel H\u00e9raud et au Carnet de route de 1992 \u00e0 2001. Il est fondateur, copropri\u00e9taire et r\u00e9dacteur en chef de L\u2019Annuel de l\u2019automobile, qu\u2019il publie depuis 2001. Il a anim\u00e9 les \u00e9missions RPM et RPM+ sur V et les L\u00e9gendes de la route sur Historia. \u00c0 la radio depuis 1986, il reprend l\u2019antenne cette ann\u00e9e sur les ondes de Cogeco et participe pour la deuxi\u00e8me ann\u00e9e \u00e0 l\u2019\u00e9mission Passion Auto sur RDS en plus de mettre en ligne le site Web officiel de L\u2019Annuel de l\u2019automobile sur annuelauto.ca.","sameAs":["https:\/\/annuelauto.ca\/"],"url":"https:\/\/news.canadamotorjobs.com\/fr\/author\/benoit-charette\/"}]}},"_links":{"self":[{"href":"https:\/\/news.canadamotorjobs.com\/fr\/wp-json\/wp\/v2\/posts\/171598"}],"collection":[{"href":"https:\/\/news.canadamotorjobs.com\/fr\/wp-json\/wp\/v2\/posts"}],"about":[{"href":"https:\/\/news.canadamotorjobs.com\/fr\/wp-json\/wp\/v2\/types\/post"}],"author":[{"embeddable":true,"href":"https:\/\/news.canadamotorjobs.com\/fr\/wp-json\/wp\/v2\/users\/8"}],"replies":[{"embeddable":true,"href":"https:\/\/news.canadamotorjobs.com\/fr\/wp-json\/wp\/v2\/comments?post=171598"}],"version-history":[{"count":2,"href":"https:\/\/news.canadamotorjobs.com\/fr\/wp-json\/wp\/v2\/posts\/171598\/revisions"}],"predecessor-version":[{"id":171602,"href":"https:\/\/news.canadamotorjobs.com\/fr\/wp-json\/wp\/v2\/posts\/171598\/revisions\/171602"}],"wp:featuredmedia":[{"embeddable":true,"href":"https:\/\/news.canadamotorjobs.com\/fr\/wp-json\/wp\/v2\/media\/171600"}],"wp:attachment":[{"href":"https:\/\/news.canadamotorjobs.com\/fr\/wp-json\/wp\/v2\/media?parent=171598"}],"wp:term":[{"taxonomy":"category","embeddable":true,"href":"https:\/\/news.canadamotorjobs.com\/fr\/wp-json\/wp\/v2\/categories?post=171598"},{"taxonomy":"post_tag","embeddable":true,"href":"https:\/\/news.canadamotorjobs.com\/fr\/wp-json\/wp\/v2\/tags?post=171598"}],"curies":[{"name":"wp","href":"https:\/\/api.w.org\/{rel}","templated":true}]}}