{"id":171533,"date":"2024-08-29T07:26:18","date_gmt":"2024-08-29T11:26:18","guid":{"rendered":"https:\/\/news.canadamotorjobs.com\/?p=171533"},"modified":"2024-08-29T07:30:27","modified_gmt":"2024-08-29T11:30:27","slug":"un-hyundai-ioniq-9-fabrique-aux-etats-unis-et-plus-dhybrides-rechargeables","status":"publish","type":"post","link":"https:\/\/news.canadamotorjobs.com\/fr\/un-hyundai-ioniq-9-fabrique-aux-etats-unis-et-plus-dhybrides-rechargeables\/","title":{"rendered":"Un Hyundai Ioniq 9 fabriqu\u00e9 aux \u00c9tats-Unis et plus d\u2019hybrides rechargeables"},"content":{"rendered":"<\/p>\n<p>Alors que d&#8217;autres constructeurs automobiles ralentissent leur production de v\u00e9hicules \u00e9lectriques, le groupe cor\u00e9en Hyundai Motor continue d&#8217;acc\u00e9l\u00e9rer. Lors de l&#8217;\u00e9v\u00e9nement annuel CEO Investor Day \u00e0 S\u00e9oul, les dirigeants ont pr\u00e9sent\u00e9 leur strat\u00e9gie pour les ann\u00e9es \u00e0 venir. L&#8217;objectif reste de vendre 2 millions de v\u00e9hicules \u00e9lectriques par an dans le monde d&#8217;ici 2030, tout en ajoutant davantage de mod\u00e8les hybrides, incluant un nouveau type de v\u00e9hicule qui pourrait \u00eatre la solution id\u00e9ale pour faire le pont entre le moteur \u00e0 combustion interne et l&#8217;\u00e9lectrique.<\/p>\n<h3>Grands Projets pour l&#8217;Am\u00e9rique du Nord<\/h3>\n<p>\nLe pr\u00e9sident et CEO de Hyundai Motor, Jae Hoon Chang, a \u00e9galement annonc\u00e9 des projets majeurs pour le march\u00e9 am\u00e9ricain, ainsi que pour les emplois aux \u00c9tats-Unis. Le nouveau VUS \u00e9lectrique \u00e0 trois rang\u00e9es, le Hyundai Ioniq 9, sera fabriqu\u00e9 dans la nouvelle usine Metaplant en G\u00e9orgie, rejoignant le c\u00e9l\u00e8bre Ioniq 5 dont la production commencera plus tard cette ann\u00e9e. Cette annonce confirme le nom du nouveau SUV, qui \u00e9tait auparavant appel\u00e9 Hyundai Ioniq 7. Le concept Hyundai Seven, d\u00e9voil\u00e9 en 2021, prendra ainsi forme sous le nom de Ioniq 9, attendu lors du prochain salon de l&#8217;automobile de Los Angeles.<\/p>\n<h3>Une Usine qui Bouge les Lignes<\/h3>\n<p>\nLa production en G\u00e9orgie de l&#8217;Ioniq 9 \u00e9tait attendue, surtout apr\u00e8s le succ\u00e8s du Kia EV9, un autre crossover \u00e0 trois rang\u00e9es, fabriqu\u00e9 \u00e9galement aux \u00c9tats-Unis. L&#8217;usine Metaplant, situ\u00e9e dans le comt\u00e9 de Bryan pr\u00e8s de Savannah, devrait produire jusqu&#8217;\u00e0 300 000 v\u00e9hicules par an, cr\u00e9ant ainsi des milliers d&#8217;emplois dans la r\u00e9gion. La production du Ioniq 9 sur place devrait \u00e9galement permettre \u00e0 ce mod\u00e8le de b\u00e9n\u00e9ficier de cr\u00e9dits d&#8217;imp\u00f4t pour les v\u00e9hicules \u00e9lectriques aux \u00c9tats-Unis.<\/p>\n<h3>Le D\u00e9fi de l&#8217;\u00c9lectrique : Les V\u00e9hicules \u00e0 Autonomie \u00c9tendue<\/h3>\n<p>\nBien que Hyundai maintienne son objectif ambitieux de ventes mondiales de v\u00e9hicules \u00e9lectriques, les dirigeants ont admis que la transition vers un futur enti\u00e8rement \u00e9lectrique s&#8217;av\u00e8re plus lente que pr\u00e9vu. En r\u00e9ponse, Jae Hoon Chang a confirm\u00e9 que le constructeur se lancerait dans les EREV, ou &#8220;V\u00e9hicules \u00c9lectriques \u00e0 Autonomie \u00c9tendue&#8221;. Ce concept moderne, inspir\u00e9 par des mod\u00e8les comme la BMW i3 et la Chevrolet Volt, repose sur un v\u00e9hicule \u00e9lectrique \u00e0 batterie \u00e9quip\u00e9 d&#8217;un moteur \u00e0 essence, utilis\u00e9 uniquement comme g\u00e9n\u00e9rateur pour recharger la batterie, sans entra\u00eener directement les roues.Des rapports ant\u00e9rieurs sugg\u00e9raient que le prochain Hyundai Santa Fe et de futurs camions pourraient adopter cette technologie EREV, bien que cela n&#8217;ait pas \u00e9t\u00e9 confirm\u00e9 lors de l&#8217;annonce. Hyundai n&#8217;est pas le seul constructeur \u00e0 explorer cette voie, avec Stellantis et son tr\u00e8s attendu camion Ramcharger, bas\u00e9 sur une plateforme \u00e9lectrique, mais \u00e9quip\u00e9 d&#8217;un moteur V6 pour la recharge. Mercedes-Benz envisagerait \u00e9galement d&#8217;offrir cette configuration sur la prochaine CLA. En d\u00e9veloppant des voitures sur une plateforme \u00e9lectrique tout en ajoutant un moteur \u00e0 essence uniquement pour la recharge, les constructeurs\u00a0 peuvent se pr\u00e9parer pour l&#8217;avenir tout en laissant le temps aux r\u00e9seaux de recharge de se d\u00e9velopper, avec l&#8217;objectif ultime de passer un jour \u00e0 l&#8217;\u00e9lectrique pur.<\/p>\n<h3>Expansion des Mod\u00e8les Hybrides<\/h3>\n<p>\nEn attendant, Hyundai a \u00e9galement annonc\u00e9 une expansion majeure de son offre de v\u00e9hicules hybrides. Ayant connu un succ\u00e8s consid\u00e9rable aux \u00c9tats-Unis avec des mod\u00e8les comme le Santa Fe Hybrid et la Sonata Hybrid, le constructeur pr\u00e9voit d&#8217;introduire d&#8217;autres mod\u00e8les hybrides, y compris pour sa marque de luxe Genesis. Ces v\u00e9hicules seront \u00e9galement fabriqu\u00e9s en G\u00e9orgie. &#8220;Cette strat\u00e9gie permettra \u00e0 l&#8217;entreprise de r\u00e9pondre rapidement au march\u00e9 nord-am\u00e9ricain, qui fait actuellement face \u00e0 une p\u00e9nurie d&#8217;hybrides, tout en am\u00e9liorant l&#8217;efficacit\u00e9 op\u00e9rationnelle de l&#8217;usine&#8221;, a d\u00e9clar\u00e9 Chang.<\/p>\n<h3>L&#8217;Avenir : Rentabilit\u00e9 et Diversit\u00e9<\/h3>\n<p>\nHyundai vise un objectif crucial pour tous ces v\u00e9hicules \u00e9lectrifi\u00e9s qui a souvent \u00e9chapp\u00e9 \u00e0 d&#8217;autres constructeurs : des b\u00e9n\u00e9fices r\u00e9els sur toute la gamme. &#8220;L&#8217;entreprise pr\u00e9voit d&#8217;atteindre une rentabilit\u00e9 \u00e9quivalente sur toute sa gamme de motorisations, y compris les moteurs \u00e0 combustion interne, les hybrides, les EREV et les v\u00e9hicules \u00e9lectriques d&#8217;ici 2030&#8221;, a conclu Chang.<\/p>\n<p>\u00a0<\/p>\n<p>Avec des renseignements de Carscoops<\/p>\n<p>Le texte <a rel=\"nofollow\" href=\"https:\/\/annuelauto.ca\/un-hyundai-ioniq-9-fabrique-aux-etats-unis-et-plus-dhybrides-rechargeables\/\">Un Hyundai Ioniq 9 fabriqu\u00e9 aux \u00c9tats-Unis et plus d\u2019hybrides rechargeables<\/a> provient de <a rel=\"nofollow\" href=\"https:\/\/annuelauto.ca\">L&#8217;annuel de l&#8217;automobile &#8211; Actualit\u00e9 automobile<\/a><\/p>\n<p><\/p>\n","protected":false},"excerpt":{"rendered":"<p>Alors que d&#8217;autres constructeurs automobiles ralentissent leur production de v\u00e9hicules \u00e9lectriques, le groupe cor\u00e9en Hyundai Motor continue d&#8217;acc\u00e9l\u00e9rer. Lors de l&#8217;\u00e9v\u00e9nement annuel CEO Investor Day \u00e0 S\u00e9oul, les dirigeants ont pr\u00e9sent\u00e9 leur strat\u00e9gie pour les ann\u00e9es \u00e0 venir. L&#8217;objectif reste de vendre 2 millions de v\u00e9hicules \u00e9lectriques par an dans le monde d&#8217;ici 2030, tout [&hellip;]<\/p>\n","protected":false},"author":8,"featured_media":171535,"comment_status":"close","ping_status":"closed","sticky":false,"template":"","format":"standard","meta":{"_monsterinsights_skip_tracking":false,"_monsterinsights_sitenote_active":false,"_monsterinsights_sitenote_note":"","_monsterinsights_sitenote_category":0,"footnotes":""},"categories":[101],"tags":[],"yoast_head":"<!-- This site is optimized with the Yoast SEO plugin v23.2 - https:\/\/yoast.com\/wordpress\/plugins\/seo\/ -->\n<title>Un Hyundai Ioniq 9 fabriqu\u00e9 aux \u00c9tats-Unis et plus d\u2019hybrides rechargeables - CanadaMotorJobs.com<\/title>\n<meta name=\"description\" content=\"Un Hyundai Ioniq 9 fabriqu\u00e9 aux \u00c9tats-Unis et plus d\u2019hybrides rechargeables - Benoit Charette - Annuel automobile - CanadaMotorJobs.com.\" \/>\n<meta name=\"robots\" content=\"index, follow, max-snippet:-1, max-image-preview:large, max-video-preview:-1\" \/>\n<meta property=\"og:locale\" content=\"fr_CA\" \/>\n<meta property=\"og:type\" content=\"article\" \/>\n<meta property=\"og:title\" content=\"Un Hyundai Ioniq 9 fabriqu\u00e9 aux \u00c9tats-Unis et plus d\u2019hybrides rechargeables - CanadaMotorJobs.com\" \/>\n<meta property=\"og:description\" content=\"Un Hyundai Ioniq 9 fabriqu\u00e9 aux \u00c9tats-Unis et plus d\u2019hybrides rechargeables - Benoit Charette - Annuel automobile - CanadaMotorJobs.com.\" \/>\n<meta property=\"og:url\" content=\"https:\/\/news.canadamotorjobs.com\/fr\/un-hyundai-ioniq-9-fabrique-aux-etats-unis-et-plus-dhybrides-rechargeables\/\" \/>\n<meta property=\"og:site_name\" content=\"CanadaMotorJobs.com\" \/>\n<meta property=\"article:publisher\" content=\"https:\/\/www.facebook.com\/canadamotorjobs\/\" \/>\n<meta property=\"article:published_time\" content=\"2024-08-29T11:26:18+00:00\" \/>\n<meta property=\"article:modified_time\" content=\"2024-08-29T11:30:27+00:00\" \/>\n<meta property=\"og:image\" content=\"https:\/\/news.canadamotorjobs.com\/wp-content\/uploads\/2024\/08\/hyundai-ioniq-9-rendering-kksstudio.jpg\" \/>\n\t<meta property=\"og:image:width\" content=\"1268\" \/>\n\t<meta property=\"og:image:height\" content=\"745\" \/>\n\t<meta property=\"og:image:type\" content=\"image\/jpeg\" \/>\n<meta name=\"author\" content=\"Benoit Charette\" \/>\n<meta name=\"twitter:card\" content=\"summary_large_image\" \/>\n<meta name=\"twitter:creator\" content=\"@canadamotorjobs\" \/>\n<meta name=\"twitter:site\" content=\"@canadamotorjobs\" \/>\n<meta name=\"twitter:label1\" content=\"\u00c9crit par\" \/>\n\t<meta name=\"twitter:data1\" content=\"Benoit Charette\" \/>\n\t<meta name=\"twitter:label2\" content=\"Estimation du temps de lecture\" \/>\n\t<meta name=\"twitter:data2\" content=\"4 minutes\" \/>\n<!-- \/ Yoast SEO plugin. -->","yoast_head_json":{"title":"Un Hyundai Ioniq 9 fabriqu\u00e9 aux \u00c9tats-Unis et plus d\u2019hybrides rechargeables - CanadaMotorJobs.com","description":"Un Hyundai Ioniq 9 fabriqu\u00e9 aux \u00c9tats-Unis et plus d\u2019hybrides rechargeables - Benoit Charette - Annuel automobile - CanadaMotorJobs.com.","robots":{"index":"index","follow":"follow","max-snippet":"max-snippet:-1","max-image-preview":"max-image-preview:large","max-video-preview":"max-video-preview:-1"},"og_locale":"fr_CA","og_type":"article","og_title":"Un Hyundai Ioniq 9 fabriqu\u00e9 aux \u00c9tats-Unis et plus d\u2019hybrides rechargeables - CanadaMotorJobs.com","og_description":"Un Hyundai Ioniq 9 fabriqu\u00e9 aux \u00c9tats-Unis et plus d\u2019hybrides rechargeables - Benoit Charette - Annuel automobile - CanadaMotorJobs.com.","og_url":"https:\/\/news.canadamotorjobs.com\/fr\/un-hyundai-ioniq-9-fabrique-aux-etats-unis-et-plus-dhybrides-rechargeables\/","og_site_name":"CanadaMotorJobs.com","article_publisher":"https:\/\/www.facebook.com\/canadamotorjobs\/","article_published_time":"2024-08-29T11:26:18+00:00","article_modified_time":"2024-08-29T11:30:27+00:00","og_image":[{"width":1268,"height":745,"url":"https:\/\/news.canadamotorjobs.com\/wp-content\/uploads\/2024\/08\/hyundai-ioniq-9-rendering-kksstudio.jpg","type":"image\/jpeg"}],"author":"Benoit Charette","twitter_card":"summary_large_image","twitter_creator":"@canadamotorjobs","twitter_site":"@canadamotorjobs","twitter_misc":{"\u00c9crit par":"Benoit Charette","Estimation du temps de lecture":"4 minutes"},"schema":{"@context":"https:\/\/schema.org","@graph":[{"@type":"Article","@id":"https:\/\/news.canadamotorjobs.com\/fr\/un-hyundai-ioniq-9-fabrique-aux-etats-unis-et-plus-dhybrides-rechargeables\/#article","isPartOf":{"@id":"https:\/\/news.canadamotorjobs.com\/fr\/un-hyundai-ioniq-9-fabrique-aux-etats-unis-et-plus-dhybrides-rechargeables\/"},"author":{"name":"Benoit Charette","@id":"https:\/\/news.canadamotorjobs.com\/#\/schema\/person\/51793d1f87d44011d7bcc2ed99269a90"},"headline":"Un Hyundai Ioniq 9 fabriqu\u00e9 aux \u00c9tats-Unis et plus d\u2019hybrides rechargeables","datePublished":"2024-08-29T11:26:18+00:00","dateModified":"2024-08-29T11:30:27+00:00","mainEntityOfPage":{"@id":"https:\/\/news.canadamotorjobs.com\/fr\/un-hyundai-ioniq-9-fabrique-aux-etats-unis-et-plus-dhybrides-rechargeables\/"},"wordCount":766,"publisher":{"@id":"https:\/\/news.canadamotorjobs.com\/#organization"},"image":{"@id":"https:\/\/news.canadamotorjobs.com\/fr\/un-hyundai-ioniq-9-fabrique-aux-etats-unis-et-plus-dhybrides-rechargeables\/#primaryimage"},"thumbnailUrl":"https:\/\/news.canadamotorjobs.com\/wp-content\/uploads\/2024\/08\/hyundai-ioniq-9-rendering-kksstudio.jpg","articleSection":["Annuel automobile"],"inLanguage":"fr-CA"},{"@type":"WebPage","@id":"https:\/\/news.canadamotorjobs.com\/fr\/un-hyundai-ioniq-9-fabrique-aux-etats-unis-et-plus-dhybrides-rechargeables\/","url":"https:\/\/news.canadamotorjobs.com\/fr\/un-hyundai-ioniq-9-fabrique-aux-etats-unis-et-plus-dhybrides-rechargeables\/","name":"Un Hyundai Ioniq 9 fabriqu\u00e9 aux \u00c9tats-Unis et plus d\u2019hybrides rechargeables - CanadaMotorJobs.com","isPartOf":{"@id":"https:\/\/news.canadamotorjobs.com\/#website"},"primaryImageOfPage":{"@id":"https:\/\/news.canadamotorjobs.com\/fr\/un-hyundai-ioniq-9-fabrique-aux-etats-unis-et-plus-dhybrides-rechargeables\/#primaryimage"},"image":{"@id":"https:\/\/news.canadamotorjobs.com\/fr\/un-hyundai-ioniq-9-fabrique-aux-etats-unis-et-plus-dhybrides-rechargeables\/#primaryimage"},"thumbnailUrl":"https:\/\/news.canadamotorjobs.com\/wp-content\/uploads\/2024\/08\/hyundai-ioniq-9-rendering-kksstudio.jpg","datePublished":"2024-08-29T11:26:18+00:00","dateModified":"2024-08-29T11:30:27+00:00","description":"Un Hyundai Ioniq 9 fabriqu\u00e9 aux \u00c9tats-Unis et plus d\u2019hybrides rechargeables - Benoit Charette - Annuel automobile - CanadaMotorJobs.com.","breadcrumb":{"@id":"https:\/\/news.canadamotorjobs.com\/fr\/un-hyundai-ioniq-9-fabrique-aux-etats-unis-et-plus-dhybrides-rechargeables\/#breadcrumb"},"inLanguage":"fr-CA","potentialAction":[{"@type":"ReadAction","target":["https:\/\/news.canadamotorjobs.com\/fr\/un-hyundai-ioniq-9-fabrique-aux-etats-unis-et-plus-dhybrides-rechargeables\/"]}]},{"@type":"ImageObject","inLanguage":"fr-CA","@id":"https:\/\/news.canadamotorjobs.com\/fr\/un-hyundai-ioniq-9-fabrique-aux-etats-unis-et-plus-dhybrides-rechargeables\/#primaryimage","url":"https:\/\/news.canadamotorjobs.com\/wp-content\/uploads\/2024\/08\/hyundai-ioniq-9-rendering-kksstudio.jpg","contentUrl":"https:\/\/news.canadamotorjobs.com\/wp-content\/uploads\/2024\/08\/hyundai-ioniq-9-rendering-kksstudio.jpg","width":1268,"height":745},{"@type":"BreadcrumbList","@id":"https:\/\/news.canadamotorjobs.com\/fr\/un-hyundai-ioniq-9-fabrique-aux-etats-unis-et-plus-dhybrides-rechargeables\/#breadcrumb","itemListElement":[{"@type":"ListItem","position":1,"name":"Home","item":"https:\/\/news.canadamotorjobs.com\/fr\/blog\/"},{"@type":"ListItem","position":2,"name":"Un Hyundai Ioniq 9 fabriqu\u00e9 aux \u00c9tats-Unis et plus d\u2019hybrides rechargeables"}]},{"@type":"WebSite","@id":"https:\/\/news.canadamotorjobs.com\/#website","url":"https:\/\/news.canadamotorjobs.com\/","name":"CanadaMotorJobs.com","description":"Automotive Jobs","publisher":{"@id":"https:\/\/news.canadamotorjobs.com\/#organization"},"potentialAction":[{"@type":"SearchAction","target":{"@type":"EntryPoint","urlTemplate":"https:\/\/news.canadamotorjobs.com\/?s={search_term_string}"},"query-input":"required name=search_term_string"}],"inLanguage":"fr-CA"},{"@type":"Organization","@id":"https:\/\/news.canadamotorjobs.com\/#organization","name":"Canada Motor Jobs","url":"https:\/\/news.canadamotorjobs.com\/","logo":{"@type":"ImageObject","inLanguage":"fr-CA","@id":"https:\/\/news.canadamotorjobs.com\/#\/schema\/logo\/image\/","url":"https:\/\/news.canadamotorjobs.com\/wp-content\/uploads\/2022\/10\/logo-canada-motor-jobs-1.png","contentUrl":"https:\/\/news.canadamotorjobs.com\/wp-content\/uploads\/2022\/10\/logo-canada-motor-jobs-1.png","width":800,"height":400,"caption":"Canada Motor Jobs"},"image":{"@id":"https:\/\/news.canadamotorjobs.com\/#\/schema\/logo\/image\/"},"sameAs":["https:\/\/www.facebook.com\/canadamotorjobs\/","https:\/\/x.com\/canadamotorjobs","https:\/\/www.instagram.com\/canadamotorjobs\/","https:\/\/www.linkedin.com\/company\/canadamotorjobs"]},{"@type":"Person","@id":"https:\/\/news.canadamotorjobs.com\/#\/schema\/person\/51793d1f87d44011d7bcc2ed99269a90","name":"Benoit Charette","image":{"@type":"ImageObject","inLanguage":"fr-CA","@id":"https:\/\/news.canadamotorjobs.com\/#\/schema\/person\/image\/","url":"https:\/\/secure.gravatar.com\/avatar\/45f3d2eebcccd909668d7ce7ea7267b6?s=96&d=mm&r=g","contentUrl":"https:\/\/secure.gravatar.com\/avatar\/45f3d2eebcccd909668d7ce7ea7267b6?s=96&d=mm&r=g","caption":"Benoit Charette"},"description":"Benoit Charette \/ Propri\u00e9taire et r\u00e9dacteur en chef Benoit Charette pratique le journalisme automobile depuis bient\u00f4t 30 ans. Il a fait ses classes au c\u00f4t\u00e9 de Daniel H\u00e9raud et au Carnet de route de 1992 \u00e0 2001. Il est fondateur, copropri\u00e9taire et r\u00e9dacteur en chef de L\u2019Annuel de l\u2019automobile, qu\u2019il publie depuis 2001. Il a anim\u00e9 les \u00e9missions RPM et RPM+ sur V et les L\u00e9gendes de la route sur Historia. \u00c0 la radio depuis 1986, il reprend l\u2019antenne cette ann\u00e9e sur les ondes de Cogeco et participe pour la deuxi\u00e8me ann\u00e9e \u00e0 l\u2019\u00e9mission Passion Auto sur RDS en plus de mettre en ligne le site Web officiel de L\u2019Annuel de l\u2019automobile sur annuelauto.ca.","sameAs":["https:\/\/annuelauto.ca\/"],"url":"https:\/\/news.canadamotorjobs.com\/fr\/author\/benoit-charette\/"}]}},"_links":{"self":[{"href":"https:\/\/news.canadamotorjobs.com\/fr\/wp-json\/wp\/v2\/posts\/171533"}],"collection":[{"href":"https:\/\/news.canadamotorjobs.com\/fr\/wp-json\/wp\/v2\/posts"}],"about":[{"href":"https:\/\/news.canadamotorjobs.com\/fr\/wp-json\/wp\/v2\/types\/post"}],"author":[{"embeddable":true,"href":"https:\/\/news.canadamotorjobs.com\/fr\/wp-json\/wp\/v2\/users\/8"}],"replies":[{"embeddable":true,"href":"https:\/\/news.canadamotorjobs.com\/fr\/wp-json\/wp\/v2\/comments?post=171533"}],"version-history":[{"count":2,"href":"https:\/\/news.canadamotorjobs.com\/fr\/wp-json\/wp\/v2\/posts\/171533\/revisions"}],"predecessor-version":[{"id":171537,"href":"https:\/\/news.canadamotorjobs.com\/fr\/wp-json\/wp\/v2\/posts\/171533\/revisions\/171537"}],"wp:featuredmedia":[{"embeddable":true,"href":"https:\/\/news.canadamotorjobs.com\/fr\/wp-json\/wp\/v2\/media\/171535"}],"wp:attachment":[{"href":"https:\/\/news.canadamotorjobs.com\/fr\/wp-json\/wp\/v2\/media?parent=171533"}],"wp:term":[{"taxonomy":"category","embeddable":true,"href":"https:\/\/news.canadamotorjobs.com\/fr\/wp-json\/wp\/v2\/categories?post=171533"},{"taxonomy":"post_tag","embeddable":true,"href":"https:\/\/news.canadamotorjobs.com\/fr\/wp-json\/wp\/v2\/tags?post=171533"}],"curies":[{"name":"wp","href":"https:\/\/api.w.org\/{rel}","templated":true}]}}