{"id":171458,"date":"2024-08-28T13:19:21","date_gmt":"2024-08-28T17:19:21","guid":{"rendered":"https:\/\/news.canadamotorjobs.com\/?p=171458"},"modified":"2024-08-28T13:44:36","modified_gmt":"2024-08-28T17:44:36","slug":"la-deora-et-la-beatnik-bandit-figurent-desormais-au-registre-national-des-vehicules-historiques","status":"publish","type":"post","link":"https:\/\/news.canadamotorjobs.com\/fr\/la-deora-et-la-beatnik-bandit-figurent-desormais-au-registre-national-des-vehicules-historiques\/","title":{"rendered":"La Deora et la Beatnik Bandit figurent d\u00e9sormais au Registre national des v\u00e9hicules historiques"},"content":{"rendered":"<\/p>\n<p>Deux nouvelles ic\u00f4nes de l\u2019histoire de l\u2019automobile am\u00e9ricaine font leur entr\u00e9e au Registre national des v\u00e9hicules historiques des \u00c9tats-Unis (<em>National Historic Vehicle Register<\/em>). Il s\u2019agit de la Beatnik Bandit d\u2019Ed Roth (alias <em>Big Daddy<\/em>) et de la Deora de <a href=\"https:\/\/annuelauto.ca\/la-wienermobile-devient-la-frankmobile\/\" target=\"_blank\" rel=\"noopener noreferrer\">Harry Bentley Bradley<\/a>. La fondation Hagerty Drivers en a fait l\u2019annonce par voie de communiqu\u00e9 hier en ajoutant qu\u2019elles seront les vedettes de l\u2019exposition <em>Cars at the Capital<\/em> \u00e0 Washington, DC, en septembre.<\/p>\n<p>Cr\u00e9\u00e9e en 2021 par la soci\u00e9t\u00e9 <a href=\"https:\/\/annuelauto.ca\/vous-pouvez-gagner-une-buick-riviera-1971-identique-a-celle-de-guy-lafleur\/\" target=\"_blank\" rel=\"noopener noreferrer\">Hagerty<\/a>, une sp\u00e9cialiste de l\u2019assurance pour v\u00e9hicules de collection qui est active aux \u00c9tats-Unis, au Canada et au Royaume-Uni, cette fondation se consacre \u00e0 la pr\u00e9servation de la culture et de l&#8217;histoire de l\u2019automobile. Chaque ann\u00e9e, elle ajoute des v\u00e9hicules \u00e0 ce registre, une sorte de temple de la renomm\u00e9e, et les pr\u00e9sente dans le cadre de cette exposition organis\u00e9e dans le National Mall, un parc voisin du Capitole dans la capitale \u00e9tatsunienne.<\/p>\n<p>Cette ann\u00e9e, l\u2019\u00e9v\u00e9nement aura lieu du 19 au 24\u00a0septembre et il permettra aux visiteurs de ce parc de d\u00e9couvrir les 35e et 36e v\u00e9hicules inscrits au registre. Ils seront expos\u00e9s \u00e0 tour de r\u00f4le dans une cage de verre brillamment \u00e9clair\u00e9e la nuit pos\u00e9e sur l\u2019all\u00e9e centrale du parc, entre le Smithsonian, le mus\u00e9e national d&#8217;histoire am\u00e9ricaine, et l\u2019\u00e9difice de l\u2019United States Department of Agriculture. La Beatnik Bandit sera expos\u00e9e du 19 au 22 septembre. Elle sera suivie par la Deora du 22 au 24 septembre. L\u2019acc\u00e8s au parc est gratuit.<\/p>\n<h3><strong>Ic\u00f4nes de l\u2019histoire am\u00e9ricaine<\/strong><\/h3>\n<p>\nCes deux v\u00e9hicules ont \u00e9t\u00e9 ajout\u00e9s au registre national pour souligner leur importance dans l\u2019histoire et la culture automobile am\u00e9ricaine, explique la fondation dans un communiqu\u00e9. Du coup, l\u2019Historic American Engineering Record (HAER) du minist\u00e8re am\u00e9ricain de l\u2019Int\u00e9rieur, qui est partenaire de la fondation dans ce projet, archivera \u00e0 la Biblioth\u00e8que du Congr\u00e8s un lot de documents li\u00e9 \u00e0 leurs histoires respectives.<\/p>\n<p>Construite par Ed Roth, la Beatnik Bandit a \u00e9t\u00e9 d\u00e9voil\u00e9e en 1961. Ce 35e v\u00e9hicule inscrit au registre national a une carrosserie dessin\u00e9e par Joe Henning. Fabriqu\u00e9e \u00e0 la main, cette carrosserie en fibre de verre habille le ch\u00e2ssis raccourci d\u2019une Oldsmobile 1950. Son imposante bulle transparente en Plexiglas qui fait office de toit se soul\u00e8ve de l\u2019arri\u00e8re vers l\u2019avant pour donner acc\u00e8s \u00e0 un habitacle plut\u00f4t d\u00e9nud\u00e9. On y trouve que deux si\u00e8ges baquets et un levier servant \u00e0 l\u2019acc\u00e9l\u00e9rateur, la direction et la bo\u00eete de vitesses tout \u00e0 la fois. Le maniement sans doute complexe de ce levier explique sans doute pourquoi Roth affirmait qu\u2019il avait construit le premier <em>hot rod<\/em> transport\u00e9 sur remorque 100\u00a0% du temps\u00a0! La Beatnik Bandit fait aujourd\u2019hui partie de la collection du National Automobile Museum de Reno au Nevada.<\/p>\n<p>La camionnette Deora, pour sa part, devient la 36e inscription au registre national. Sa silhouette inusit\u00e9e a \u00e9t\u00e9 esquiss\u00e9e par Harry Bentley Bradley, un jeune designer embauch\u00e9 par General Motors en 1962. C\u2019est \u00e0 l\u2019invitation des fr\u00e8res Mike et Larry Alexander, deux carrossiers bien connus de Detroit, qu\u2019il dessine sa carrosserie \u00e0 habitacle biplace deux ans plus tard. Puis, apr\u00e8s avoir convaincu l\u2019administration de Chrysler de participer \u00e0 sa construction, en fournissant une camionnette Dodge A100 et une contribution mon\u00e9taire d\u2019environ 10 000 $US, ceux qu\u2019on surnommait les Fr\u00e8res A (<em>A Brothers<\/em>) vont r\u00e9alis\u00e9 ce v\u00e9hicule \u00e0 l\u2019allure aussi radicale qu\u2019extravagante avec acc\u00e8s frontal \u00e0 deux hayons \u2014 le hayon vitr\u00e9 \u00e9tant emprunt\u00e9 \u00e0 une familiale Ford ! Rebaptis\u00e9e Dodge Deora, elle est d\u00e9voil\u00e9e \u00e0 l\u2019Autorama 1967, un rendez-vous annuel des amateurs de <em>hot rod<\/em> \u00e0 Detroit depuis 1953. La Deora y d\u00e9croche d\u2019ailleurs le prix Ridler, qui est d\u00e9cern\u00e9 au v\u00e9hicule le plus original.<\/p>\n<p>Puis, pendant deux ans, Chrysler s\u2019empare de la Deora pour l\u2019exposer dans les grands salons nord-am\u00e9ricains avec ses autres voitures-concepts. Apr\u00e8s ces ann\u00e9es de tourn\u00e9e, le constructeur de Detroit la remet \u00e0 ses concepteurs, qui vont bient\u00f4t la vendre \u00e0 un collectionneur nomm\u00e9 Al Davis. Ce dernier n\u2019aura pas vraiment le temps d\u2019en profiter puisqu\u2019il meurt en 1970. Son fils, Al Jr., qui en h\u00e9rite, la pr\u00e9sentera r\u00e9guli\u00e8rement dans des expositions avant de la restaurer. La Deora fera de nouveau la une des m\u00e9dias sp\u00e9cialis\u00e9s lorsqu\u2019elle changera de mains \u00e0 la vente aux ench\u00e8res de RM Auctions (aujourd\u2019hui RM Sotheby\u2019s) pr\u00e9sent\u00e9e au Mus\u00e9e Petersen, \u00e0 Los Angeles, en septembre 2009. Un collectionneur, rest\u00e9 anonyme jusqu\u2019\u00e0 aujourd\u2019hui, en fait l\u2019acquisition pour 324 500 $US. Aujourd\u2019hui, elle fait partie de la collection de Tom Abrams, \u00e0 Detroit.<\/p>\n<h3><strong>Vedettes miniatures aussi<\/strong><\/h3>\n<p>\nCes deux voitures uniques ont captiv\u00e9 l\u2019imagination des Am\u00e9ricains d\u00e8s leur apparition dans les ann\u00e9es 60, une \u00e9poque faste pour les artisans du monde des <em>hot rod<\/em>. Il faut cependant reconna\u00eetre que l\u2019int\u00e9r\u00eat des Am\u00e9ricains pour ce duo a \u00e9t\u00e9 nourri abondamment par une g\u00e9n\u00e9reuse couverture m\u00e9diatique, mais aussi par la commercialisation de mod\u00e8les r\u00e9duits qui sont rapidement devenus tr\u00e8s populaires. On pense ici, d\u2019abord, \u00e0 ceux des fabricants de mod\u00e8les en plastique \u00e0 assembler (Revell pour la Beatnik Bandit et AMT pour la Deora), et ensuite, \u00e0 la premi\u00e8re s\u00e9rie de 16\u00a0miniatures <a href=\"https:\/\/annuelauto.ca\/volvo-p1800-aint-no-saint-gasser-bientot-dans-votre-collection-de-hot-wheels\/\" target=\"_blank\" rel=\"noopener noreferrer\">Hot\u00a0Wheels<\/a> lanc\u00e9e par Mattel en 1968, dont ils ont tous deux fait partie.<\/p>\n<p><em>Photos : Hagerty<\/em><\/p>\n<p>Le texte <a rel=\"nofollow\" href=\"https:\/\/annuelauto.ca\/la-deora-et-la-beatnik-bandit-figurent-desormais-au-registre-national-des-vehicules-historiques\/\">La Deora et la Beatnik Bandit figurent d\u00e9sormais au Registre national des v\u00e9hicules historiques<\/a> provient de <a rel=\"nofollow\" href=\"https:\/\/annuelauto.ca\">L&#8217;annuel de l&#8217;automobile &#8211; Actualit\u00e9 automobile<\/a><\/p>\n<p><\/p>\n","protected":false},"excerpt":{"rendered":"<p>Deux nouvelles ic\u00f4nes de l\u2019histoire de l\u2019automobile am\u00e9ricaine font leur entr\u00e9e au Registre national des v\u00e9hicules historiques des \u00c9tats-Unis (National Historic Vehicle Register). Il s\u2019agit de la Beatnik Bandit d\u2019Ed Roth (alias Big Daddy) et de la Deora de Harry Bentley Bradley. La fondation Hagerty Drivers en a fait l\u2019annonce par voie de communiqu\u00e9 hier [&hellip;]<\/p>\n","protected":false},"author":8,"featured_media":171460,"comment_status":"close","ping_status":"closed","sticky":false,"template":"","format":"standard","meta":{"_monsterinsights_skip_tracking":false,"_monsterinsights_sitenote_active":false,"_monsterinsights_sitenote_note":"","_monsterinsights_sitenote_category":0,"footnotes":""},"categories":[101],"tags":[],"yoast_head":"<!-- This site is optimized with the Yoast SEO plugin v23.2 - https:\/\/yoast.com\/wordpress\/plugins\/seo\/ -->\n<title>La Deora et la Beatnik Bandit figurent d\u00e9sormais au Registre national des v\u00e9hicules historiques - CanadaMotorJobs.com<\/title>\n<meta name=\"description\" content=\"La Deora et la Beatnik Bandit figurent d\u00e9sormais au Registre national des v\u00e9hicules historiques - Benoit Charette - Annuel automobile - CanadaMotorJobs.com.\" \/>\n<meta name=\"robots\" content=\"index, follow, max-snippet:-1, max-image-preview:large, max-video-preview:-1\" \/>\n<meta property=\"og:locale\" content=\"fr_CA\" \/>\n<meta property=\"og:type\" content=\"article\" \/>\n<meta property=\"og:title\" content=\"La Deora et la Beatnik Bandit figurent d\u00e9sormais au Registre national des v\u00e9hicules historiques - CanadaMotorJobs.com\" \/>\n<meta property=\"og:description\" content=\"La Deora et la Beatnik Bandit figurent d\u00e9sormais au Registre national des v\u00e9hicules historiques - Benoit Charette - Annuel automobile - CanadaMotorJobs.com.\" \/>\n<meta property=\"og:url\" content=\"https:\/\/news.canadamotorjobs.com\/fr\/la-deora-et-la-beatnik-bandit-figurent-desormais-au-registre-national-des-vehicules-historiques\/\" \/>\n<meta property=\"og:site_name\" content=\"CanadaMotorJobs.com\" \/>\n<meta property=\"article:publisher\" content=\"https:\/\/www.facebook.com\/canadamotorjobs\/\" \/>\n<meta property=\"article:published_time\" content=\"2024-08-28T17:19:21+00:00\" \/>\n<meta property=\"article:modified_time\" content=\"2024-08-28T17:44:36+00:00\" \/>\n<meta property=\"og:image\" content=\"https:\/\/news.canadamotorjobs.com\/wp-content\/uploads\/2024\/08\/Dodge-Deora-et-Beatnik-Bandit-1.jpg\" \/>\n\t<meta property=\"og:image:width\" content=\"1024\" \/>\n\t<meta property=\"og:image:height\" content=\"683\" \/>\n\t<meta property=\"og:image:type\" content=\"image\/jpeg\" \/>\n<meta name=\"author\" content=\"Benoit Charette\" \/>\n<meta name=\"twitter:card\" content=\"summary_large_image\" \/>\n<meta name=\"twitter:creator\" content=\"@canadamotorjobs\" \/>\n<meta name=\"twitter:site\" content=\"@canadamotorjobs\" \/>\n<meta name=\"twitter:label1\" content=\"\u00c9crit par\" \/>\n\t<meta name=\"twitter:data1\" content=\"Benoit Charette\" \/>\n\t<meta name=\"twitter:label2\" content=\"Estimation du temps de lecture\" \/>\n\t<meta name=\"twitter:data2\" content=\"5 minutes\" \/>\n<!-- \/ Yoast SEO plugin. -->","yoast_head_json":{"title":"La Deora et la Beatnik Bandit figurent d\u00e9sormais au Registre national des v\u00e9hicules historiques - CanadaMotorJobs.com","description":"La Deora et la Beatnik Bandit figurent d\u00e9sormais au Registre national des v\u00e9hicules historiques - Benoit Charette - Annuel automobile - CanadaMotorJobs.com.","robots":{"index":"index","follow":"follow","max-snippet":"max-snippet:-1","max-image-preview":"max-image-preview:large","max-video-preview":"max-video-preview:-1"},"og_locale":"fr_CA","og_type":"article","og_title":"La Deora et la Beatnik Bandit figurent d\u00e9sormais au Registre national des v\u00e9hicules historiques - CanadaMotorJobs.com","og_description":"La Deora et la Beatnik Bandit figurent d\u00e9sormais au Registre national des v\u00e9hicules historiques - Benoit Charette - Annuel automobile - CanadaMotorJobs.com.","og_url":"https:\/\/news.canadamotorjobs.com\/fr\/la-deora-et-la-beatnik-bandit-figurent-desormais-au-registre-national-des-vehicules-historiques\/","og_site_name":"CanadaMotorJobs.com","article_publisher":"https:\/\/www.facebook.com\/canadamotorjobs\/","article_published_time":"2024-08-28T17:19:21+00:00","article_modified_time":"2024-08-28T17:44:36+00:00","og_image":[{"width":1024,"height":683,"url":"https:\/\/news.canadamotorjobs.com\/wp-content\/uploads\/2024\/08\/Dodge-Deora-et-Beatnik-Bandit-1.jpg","type":"image\/jpeg"}],"author":"Benoit Charette","twitter_card":"summary_large_image","twitter_creator":"@canadamotorjobs","twitter_site":"@canadamotorjobs","twitter_misc":{"\u00c9crit par":"Benoit Charette","Estimation du temps de lecture":"5 minutes"},"schema":{"@context":"https:\/\/schema.org","@graph":[{"@type":"Article","@id":"https:\/\/news.canadamotorjobs.com\/fr\/la-deora-et-la-beatnik-bandit-figurent-desormais-au-registre-national-des-vehicules-historiques\/#article","isPartOf":{"@id":"https:\/\/news.canadamotorjobs.com\/fr\/la-deora-et-la-beatnik-bandit-figurent-desormais-au-registre-national-des-vehicules-historiques\/"},"author":{"name":"Benoit Charette","@id":"https:\/\/news.canadamotorjobs.com\/#\/schema\/person\/51793d1f87d44011d7bcc2ed99269a90"},"headline":"La Deora et la Beatnik Bandit figurent d\u00e9sormais au Registre national des v\u00e9hicules historiques","datePublished":"2024-08-28T17:19:21+00:00","dateModified":"2024-08-28T17:44:36+00:00","mainEntityOfPage":{"@id":"https:\/\/news.canadamotorjobs.com\/fr\/la-deora-et-la-beatnik-bandit-figurent-desormais-au-registre-national-des-vehicules-historiques\/"},"wordCount":992,"publisher":{"@id":"https:\/\/news.canadamotorjobs.com\/#organization"},"image":{"@id":"https:\/\/news.canadamotorjobs.com\/fr\/la-deora-et-la-beatnik-bandit-figurent-desormais-au-registre-national-des-vehicules-historiques\/#primaryimage"},"thumbnailUrl":"https:\/\/news.canadamotorjobs.com\/wp-content\/uploads\/2024\/08\/Dodge-Deora-et-Beatnik-Bandit-1.jpg","articleSection":["Annuel automobile"],"inLanguage":"fr-CA"},{"@type":"WebPage","@id":"https:\/\/news.canadamotorjobs.com\/fr\/la-deora-et-la-beatnik-bandit-figurent-desormais-au-registre-national-des-vehicules-historiques\/","url":"https:\/\/news.canadamotorjobs.com\/fr\/la-deora-et-la-beatnik-bandit-figurent-desormais-au-registre-national-des-vehicules-historiques\/","name":"La Deora et la Beatnik Bandit figurent d\u00e9sormais au Registre national des v\u00e9hicules historiques - CanadaMotorJobs.com","isPartOf":{"@id":"https:\/\/news.canadamotorjobs.com\/#website"},"primaryImageOfPage":{"@id":"https:\/\/news.canadamotorjobs.com\/fr\/la-deora-et-la-beatnik-bandit-figurent-desormais-au-registre-national-des-vehicules-historiques\/#primaryimage"},"image":{"@id":"https:\/\/news.canadamotorjobs.com\/fr\/la-deora-et-la-beatnik-bandit-figurent-desormais-au-registre-national-des-vehicules-historiques\/#primaryimage"},"thumbnailUrl":"https:\/\/news.canadamotorjobs.com\/wp-content\/uploads\/2024\/08\/Dodge-Deora-et-Beatnik-Bandit-1.jpg","datePublished":"2024-08-28T17:19:21+00:00","dateModified":"2024-08-28T17:44:36+00:00","description":"La Deora et la Beatnik Bandit figurent d\u00e9sormais au Registre national des v\u00e9hicules historiques - Benoit Charette - Annuel automobile - CanadaMotorJobs.com.","breadcrumb":{"@id":"https:\/\/news.canadamotorjobs.com\/fr\/la-deora-et-la-beatnik-bandit-figurent-desormais-au-registre-national-des-vehicules-historiques\/#breadcrumb"},"inLanguage":"fr-CA","potentialAction":[{"@type":"ReadAction","target":["https:\/\/news.canadamotorjobs.com\/fr\/la-deora-et-la-beatnik-bandit-figurent-desormais-au-registre-national-des-vehicules-historiques\/"]}]},{"@type":"ImageObject","inLanguage":"fr-CA","@id":"https:\/\/news.canadamotorjobs.com\/fr\/la-deora-et-la-beatnik-bandit-figurent-desormais-au-registre-national-des-vehicules-historiques\/#primaryimage","url":"https:\/\/news.canadamotorjobs.com\/wp-content\/uploads\/2024\/08\/Dodge-Deora-et-Beatnik-Bandit-1.jpg","contentUrl":"https:\/\/news.canadamotorjobs.com\/wp-content\/uploads\/2024\/08\/Dodge-Deora-et-Beatnik-Bandit-1.jpg","width":1024,"height":683},{"@type":"BreadcrumbList","@id":"https:\/\/news.canadamotorjobs.com\/fr\/la-deora-et-la-beatnik-bandit-figurent-desormais-au-registre-national-des-vehicules-historiques\/#breadcrumb","itemListElement":[{"@type":"ListItem","position":1,"name":"Home","item":"https:\/\/news.canadamotorjobs.com\/fr\/blog\/"},{"@type":"ListItem","position":2,"name":"La Deora et la Beatnik Bandit figurent d\u00e9sormais au Registre national des v\u00e9hicules historiques"}]},{"@type":"WebSite","@id":"https:\/\/news.canadamotorjobs.com\/#website","url":"https:\/\/news.canadamotorjobs.com\/","name":"CanadaMotorJobs.com","description":"Automotive Jobs","publisher":{"@id":"https:\/\/news.canadamotorjobs.com\/#organization"},"potentialAction":[{"@type":"SearchAction","target":{"@type":"EntryPoint","urlTemplate":"https:\/\/news.canadamotorjobs.com\/?s={search_term_string}"},"query-input":"required name=search_term_string"}],"inLanguage":"fr-CA"},{"@type":"Organization","@id":"https:\/\/news.canadamotorjobs.com\/#organization","name":"Canada Motor Jobs","url":"https:\/\/news.canadamotorjobs.com\/","logo":{"@type":"ImageObject","inLanguage":"fr-CA","@id":"https:\/\/news.canadamotorjobs.com\/#\/schema\/logo\/image\/","url":"https:\/\/news.canadamotorjobs.com\/wp-content\/uploads\/2022\/10\/logo-canada-motor-jobs-1.png","contentUrl":"https:\/\/news.canadamotorjobs.com\/wp-content\/uploads\/2022\/10\/logo-canada-motor-jobs-1.png","width":800,"height":400,"caption":"Canada Motor Jobs"},"image":{"@id":"https:\/\/news.canadamotorjobs.com\/#\/schema\/logo\/image\/"},"sameAs":["https:\/\/www.facebook.com\/canadamotorjobs\/","https:\/\/x.com\/canadamotorjobs","https:\/\/www.instagram.com\/canadamotorjobs\/","https:\/\/www.linkedin.com\/company\/canadamotorjobs"]},{"@type":"Person","@id":"https:\/\/news.canadamotorjobs.com\/#\/schema\/person\/51793d1f87d44011d7bcc2ed99269a90","name":"Benoit Charette","image":{"@type":"ImageObject","inLanguage":"fr-CA","@id":"https:\/\/news.canadamotorjobs.com\/#\/schema\/person\/image\/","url":"https:\/\/secure.gravatar.com\/avatar\/45f3d2eebcccd909668d7ce7ea7267b6?s=96&d=mm&r=g","contentUrl":"https:\/\/secure.gravatar.com\/avatar\/45f3d2eebcccd909668d7ce7ea7267b6?s=96&d=mm&r=g","caption":"Benoit Charette"},"description":"Benoit Charette \/ Propri\u00e9taire et r\u00e9dacteur en chef Benoit Charette pratique le journalisme automobile depuis bient\u00f4t 30 ans. Il a fait ses classes au c\u00f4t\u00e9 de Daniel H\u00e9raud et au Carnet de route de 1992 \u00e0 2001. Il est fondateur, copropri\u00e9taire et r\u00e9dacteur en chef de L\u2019Annuel de l\u2019automobile, qu\u2019il publie depuis 2001. Il a anim\u00e9 les \u00e9missions RPM et RPM+ sur V et les L\u00e9gendes de la route sur Historia. \u00c0 la radio depuis 1986, il reprend l\u2019antenne cette ann\u00e9e sur les ondes de Cogeco et participe pour la deuxi\u00e8me ann\u00e9e \u00e0 l\u2019\u00e9mission Passion Auto sur RDS en plus de mettre en ligne le site Web officiel de L\u2019Annuel de l\u2019automobile sur annuelauto.ca.","sameAs":["https:\/\/annuelauto.ca\/"],"url":"https:\/\/news.canadamotorjobs.com\/fr\/author\/benoit-charette\/"}]}},"_links":{"self":[{"href":"https:\/\/news.canadamotorjobs.com\/fr\/wp-json\/wp\/v2\/posts\/171458"}],"collection":[{"href":"https:\/\/news.canadamotorjobs.com\/fr\/wp-json\/wp\/v2\/posts"}],"about":[{"href":"https:\/\/news.canadamotorjobs.com\/fr\/wp-json\/wp\/v2\/types\/post"}],"author":[{"embeddable":true,"href":"https:\/\/news.canadamotorjobs.com\/fr\/wp-json\/wp\/v2\/users\/8"}],"replies":[{"embeddable":true,"href":"https:\/\/news.canadamotorjobs.com\/fr\/wp-json\/wp\/v2\/comments?post=171458"}],"version-history":[{"count":2,"href":"https:\/\/news.canadamotorjobs.com\/fr\/wp-json\/wp\/v2\/posts\/171458\/revisions"}],"predecessor-version":[{"id":171462,"href":"https:\/\/news.canadamotorjobs.com\/fr\/wp-json\/wp\/v2\/posts\/171458\/revisions\/171462"}],"wp:featuredmedia":[{"embeddable":true,"href":"https:\/\/news.canadamotorjobs.com\/fr\/wp-json\/wp\/v2\/media\/171460"}],"wp:attachment":[{"href":"https:\/\/news.canadamotorjobs.com\/fr\/wp-json\/wp\/v2\/media?parent=171458"}],"wp:term":[{"taxonomy":"category","embeddable":true,"href":"https:\/\/news.canadamotorjobs.com\/fr\/wp-json\/wp\/v2\/categories?post=171458"},{"taxonomy":"post_tag","embeddable":true,"href":"https:\/\/news.canadamotorjobs.com\/fr\/wp-json\/wp\/v2\/tags?post=171458"}],"curies":[{"name":"wp","href":"https:\/\/api.w.org\/{rel}","templated":true}]}}