{"id":171364,"date":"2024-08-27T18:01:15","date_gmt":"2024-08-27T22:01:15","guid":{"rendered":"https:\/\/news.canadamotorjobs.com\/?p=171364"},"modified":"2024-08-27T18:45:21","modified_gmt":"2024-08-27T22:45:21","slug":"le-prochain-nissan-armada-redeviendra-t-il-un-patrol","status":"publish","type":"post","link":"https:\/\/news.canadamotorjobs.com\/fr\/le-prochain-nissan-armada-redeviendra-t-il-un-patrol\/","title":{"rendered":"Le prochain Nissan Armada (re)deviendra-t-il un Patrol\u00a0?"},"content":{"rendered":"<\/p>\n<p>Un Nissan <a href=\"https:\/\/annuelauto.ca\/nissan-patrol-1965-une-rencontre-inattendue\/\" target=\"_blank\" rel=\"noopener noreferrer\">Patrol<\/a> peut parfois en cacher un autre. Voil\u00e0 ce que sugg\u00e8re un communiqu\u00e9 et la photo ci-haut diffus\u00e9s par <a href=\"https:\/\/annuelauto.ca\/le-nissan-kicks-debute-a-27199-au-canada\/\" target=\"_blank\" rel=\"noopener noreferrer\">Nissan<\/a> North America hier. En le lisant, on peut croire que la prochaine version du Nissan Armada pourrait plut\u00f4t s\u2019appeler Patrol.<\/p>\n<p>A priori, ce communiqu\u00e9 d\u00e9crit un Patrol\u00a01967; un mod\u00e8le vendu aux \u00c9tats-Unis 9\u00a0ans apr\u00e8s l\u2019arriv\u00e9e des premiers produits de la marque en Californie.<\/p>\n<p>Le <a href=\"https:\/\/annuelauto.ca\/la-police-de-dubai-roulera-bientot-en-ghiath-de-w-motors\/\" target=\"_blank\" rel=\"noopener noreferrer\">Patrol<\/a> est un utilitaire qui existe au sein de la gamme de ce constructeur nippon depuis 1951. Le mod\u00e8le dont il est question dans le communiqu\u00e9 est un mod\u00e8le de la seconde g\u00e9n\u00e9ration. Appel\u00e9e S\u00e9rie\u00a060, elle a \u00e9t\u00e9 lanc\u00e9e en 1960.<\/p>\n<p>Jusque-l\u00e0, on croirait lire un document de nature historique. Mais les \u00e9vocations de liens unissant le Patrol actuel, vendu ailleurs dans le monde, et l\u2019Armada, sa variante nord-am\u00e9ricaine, on per\u00e7oit un message en sous-texte.<\/p>\n<p>Le sous-titre du communiqu\u00e9 nous met la puce \u00e0 l\u2019oreille en rappelant que \u00ab\u00a0l\u2019influence du Patrol se retrouve dans toute la gamme de VUS de Nissan, y compris le porte-\u00e9tendard Armada\u00a0\u00bb. Comme si pour titiller encore davantage le lecteur, la conclusion de ce communiqu\u00e9 nous place dans l\u2019expectative en nous apprenant que \u00ab\u00a0le prochain chapitre de cette histoire passionnante commence le 3\u00a0septembre\u00a02024\u00a0\u00bb.<\/p>\n<h3><strong>Le nouvel Armada \u2014 ou Patrol ? \u2014 s\u2019en vient<\/strong><\/h3>\n<p>\nDes sources bien inform\u00e9es nous apprennent qu\u2019une nouvelle g\u00e9n\u00e9ration d\u2019Armada sera justement d\u00e9voil\u00e9e le 3\u00a0septembre prochain. Il fallait s\u2019y attendre. En mars dernier, la marque Infiniti a d\u00e9voil\u00e9 le QX80\u00a02025, le jumeau endimanch\u00e9 de l\u2019Armada.<\/p>\n<p>L\u2019Armada est vendu au Canada et aux \u00c9tats-Unis depuis l\u2019automne 2003, et le mod\u00e8le 2024 est la version la plus r\u00e9cente de sa seconde g\u00e9n\u00e9ration, qui a \u00e9t\u00e9 d\u00e9voil\u00e9e au Salon de Chicago, en f\u00e9vrier 2016. Apr\u00e8s neuf ans, il est plus que temps qu\u2019il y ait du nouveau.<\/p>\n<p>Or, puisque Toyota vient de relancer la commercialisation de son Land\u00a0Cruiser \u00e0 la grandeur de l\u2019Am\u00e9rique du Nord, il para\u00eet plausible que Nissan d\u00e9cide de revamper son rival tout en le renommant, pour ajouter \u00e0 la nouveaut\u00e9. Alors, pourquoi ne pas r\u00e9introduire le nom Patrol en Am\u00e9rique du Nord\u00a0?<\/p>\n<p>Ailleurs dans le monde, Patrol est l\u2019appellation aur\u00e9ol\u00e9e d\u2019un mod\u00e8le vedette de Nissan. Ce nom est associ\u00e9 \u00e0 plusieurs hauts faits comme, par exemple, une travers\u00e9e du d\u00e9sert de Simpson en Australie, un exploit r\u00e9alis\u00e9 en 1962 et r\u00e9\u00e9dit\u00e9 en 2012. \u00c0 cela s\u2019ajoutent trois records du monde Guinness, de m\u00eame qu\u2019une popularit\u00e9 si grande au Moyen-Orient qu\u2019elle a pouss\u00e9 les strat\u00e8ges de Nissan \u00e0 d\u00e9voiler le Patrol 2020 (la version actuelle de l\u2019Armada) \u00e0 Abu\u00a0Dhabi, dans les \u00c9mirats arabes unis. C\u2019\u00e9tait en septembre 2019.<\/p>\n<p>Tout cela contribue \u00e0 nourrir la notori\u00e9t\u00e9 du Patrol, un attribut qui manque cruellement \u00e0 l\u2019Armada qui, par ailleurs, voit ses ventes stagner au Canada comme aux \u00c9tats-Unis depuis 2020. Un nouveau nom ayant plus de panache ne ferait pas de tort \u00e0 cet utilitaire.<\/p>\n<p>Le rendez-vous auquel nous convie le constructeur le 3\u00a0septembre nous en apprendra donc davantage sur ce prochain chapitre de l\u2019histoire du\u2026 Patrol\u00a0!<\/p>\n<h3><strong>Un 4&#215;4 des ann\u00e9es 60 parmi d&#8217;autres<br \/>\n<\/strong><\/h3>\n<p>\nEntre-temps, rappelons que le Patrol a \u00e9t\u00e9 parmi les premiers produits vendus par Nissan sur notre continent. Cet utilitaire a \u00e9t\u00e9 propos\u00e9 aux automobilistes \u00e9tatsuniens de 1961 \u00e0 1969. Au Canada, selon toutes vraisemblances, il a \u00e9t\u00e9 en vente \u00e0 partir de 1963.<\/p>\n<p>Pour les concessionnaires, le Patrol \u00e9tait le seul v\u00e9hicule arborant l\u2019\u00e9cusson Nissan dans leur salle d\u2019exposition o\u00f9 l\u2019on ne trouvait que des autos et de petites camionnettes de marque Datsun, un nom qui dispara\u00eetra du march\u00e9 nord-am\u00e9ricain en 1986 justement au profit de Nissan.<\/p>\n<p>Le Patrol \u00e9tait le rival au Land Cruiser que Toyota avait introduit sur notre continent en 1958. Il devait aussi s\u2019imposer dans une faune de 4&#215;4 tr\u00e8s diversifi\u00e9e r\u00e9unissant alors le Willys Jeep, l\u2019International Scout, le Land Rover et l\u2019Austin Gipsy.<\/p>\n<h3><strong>Un cow-boy pour le Patrol<\/strong><\/h3>\n<p>\nPour distinguer ce nouveau venu et susciter l\u2019int\u00e9r\u00eat de la client\u00e8le \u00e9tatsunienne, la filiale \u00e9tatsunienne eut recours \u00e0 une vedette du cin\u00e9ma. Yutaka Katayama (<em>Mr.\u00a0K<\/em>), premier grand patron de Nissan Motor, la filiale \u00e9tatsunienne cr\u00e9\u00e9e en 1959, avait recrut\u00e9 un homme \u00e0 tout faire nomm\u00e9 John Parker pour diverses t\u00e2ches promotionnelles. Lorsque ce dernier apprit que Roy Rogers, le plus c\u00e9l\u00e8bre des cow-boys de la t\u00e9l\u00e9vision, conduisait un Patrol, il lui fit une offre : devenir porte-parole de ce 4&#215;4 en \u00e9change d\u2019un Patrol neuf et deux camionnettes Datsun (il n\u2019avait, semble-t-il, pas du budget pour le r\u00e9mun\u00e9rer en argent).<\/p>\n<p>Rogers accepta l\u2019offre. Parker prit alors des photos destin\u00e9es aux publicit\u00e9s dans les journaux au ranch familial de Roy Rogers, \u00e0 Chatsworth en Californie. Il y tourna m\u00eame une publicit\u00e9 (de qualit\u00e9 amateur, disent certains) pour la t\u00e9l\u00e9vision. Ces efforts auront sans doute contribu\u00e9 \u00e0 faire conna\u00eetre ce 4&#215;4, puisqu\u2019\u00e0 la fin des ann\u00e9es\u00a060 Nissan Motor avait r\u00e9ussi \u00e0 en vendre environ 2\u00a0600.<\/p>\n<p>Au Canada, le Patrol n\u2019a pas eu droit \u00e0 un porte-parole hollywoodien. La publicit\u00e9 plus factuelle valorisait plut\u00f4t les qualit\u00e9s de l\u2019utilitaire pour les amateurs de chasse et p\u00eache, et les travailleurs de chantier.<\/p>\n<h3><strong>D\u00e9buts humbles au Canada<\/strong><\/h3>\n<p>\n\u00ab\u00a0Le Nissan Patrol a d\u00e9montr\u00e9 ses qualit\u00e9s incomparables dans le monde entier par sa grande t\u00e9nacit\u00e9 et son pouvoir d\u2019acc\u00e9l\u00e9ration sur les routes de gravier, les terrains boueux et les pentes raides\u00a0\u00bb, pouvait-on lire dans une publicit\u00e9 publi\u00e9e en septembre 1966 par le concessionnaire Desbien &amp; Boudreau de la rue Saint-Denis, dans le <em>Montr\u00e9al-Matin<\/em>.<\/p>\n<p>Par ailleurs, deux ans plus t\u00f4t, Nissan-Datsun Automobile, un autre concessionnaire montr\u00e9alais log\u00e9 sur la rue Jean-Talon annon\u00e7ait cet utilitaire dans le m\u00eame quotidien \u00e0 partir de 3\u00a0095\u00a0$ pour la version d\u00e9capotable et 3\u00a0495\u00a0$ pour la version \u00e0 toit rigide. Vendu avec des pneus d\u2019hiver, l\u2019immatriculation et une assurance-vie et maladie (!), c\u2019est un 6-cylindres de 4,0\u00a0L et 145\u00a0ch qui l\u2019animait. On est loin du V8\u00a0de 5,6\u00a0L et 400\u00a0ch de l\u2019Armada 2024\u00a0!<\/p>\n<p><em>Photos : Nissan<\/em><\/p>\n<p>Le texte <a rel=\"nofollow\" href=\"https:\/\/annuelauto.ca\/le-prochain-nissan-armada-redeviendra-t-il-un-patrol\/\">Le prochain Nissan Armada (re)deviendra-t-il un Patrol\u00a0?<\/a> provient de <a rel=\"nofollow\" href=\"https:\/\/annuelauto.ca\">L&#8217;annuel de l&#8217;automobile &#8211; Actualit\u00e9 automobile<\/a><\/p>\n<p><\/p>\n","protected":false},"excerpt":{"rendered":"<p>Un Nissan Patrol peut parfois en cacher un autre. Voil\u00e0 ce que sugg\u00e8re un communiqu\u00e9 et la photo ci-haut diffus\u00e9s par Nissan North America hier. En le lisant, on peut croire que la prochaine version du Nissan Armada pourrait plut\u00f4t s\u2019appeler Patrol. A priori, ce communiqu\u00e9 d\u00e9crit un Patrol\u00a01967; un mod\u00e8le vendu aux \u00c9tats-Unis 9\u00a0ans [&hellip;]<\/p>\n","protected":false},"author":8,"featured_media":171366,"comment_status":"close","ping_status":"closed","sticky":false,"template":"","format":"standard","meta":{"_monsterinsights_skip_tracking":false,"_monsterinsights_sitenote_active":false,"_monsterinsights_sitenote_note":"","_monsterinsights_sitenote_category":0,"footnotes":""},"categories":[101],"tags":[],"yoast_head":"<!-- This site is optimized with the Yoast SEO plugin v23.2 - https:\/\/yoast.com\/wordpress\/plugins\/seo\/ -->\n<title>Le prochain Nissan Armada (re)deviendra-t-il un Patrol\u00a0? - CanadaMotorJobs.com<\/title>\n<meta name=\"description\" content=\"Le prochain Nissan Armada (re)deviendra-t-il un Patrol\u00a0? - Benoit Charette - Annuel automobile - CanadaMotorJobs.com.\" \/>\n<meta name=\"robots\" content=\"index, follow, max-snippet:-1, max-image-preview:large, max-video-preview:-1\" \/>\n<meta property=\"og:locale\" content=\"fr_CA\" \/>\n<meta property=\"og:type\" content=\"article\" \/>\n<meta property=\"og:title\" content=\"Le prochain Nissan Armada (re)deviendra-t-il un Patrol\u00a0? - CanadaMotorJobs.com\" \/>\n<meta property=\"og:description\" content=\"Le prochain Nissan Armada (re)deviendra-t-il un Patrol\u00a0? - Benoit Charette - Annuel automobile - CanadaMotorJobs.com.\" \/>\n<meta property=\"og:url\" content=\"https:\/\/news.canadamotorjobs.com\/fr\/le-prochain-nissan-armada-redeviendra-t-il-un-patrol\/\" \/>\n<meta property=\"og:site_name\" content=\"CanadaMotorJobs.com\" \/>\n<meta property=\"article:publisher\" content=\"https:\/\/www.facebook.com\/canadamotorjobs\/\" \/>\n<meta property=\"article:published_time\" content=\"2024-08-27T22:01:15+00:00\" \/>\n<meta property=\"article:modified_time\" content=\"2024-08-27T22:45:21+00:00\" \/>\n<meta property=\"og:image\" content=\"https:\/\/news.canadamotorjobs.com\/wp-content\/uploads\/2024\/08\/Nissan-Patrol-1967-4.jpg\" \/>\n\t<meta property=\"og:image:width\" content=\"1024\" \/>\n\t<meta property=\"og:image:height\" content=\"683\" \/>\n\t<meta property=\"og:image:type\" content=\"image\/jpeg\" \/>\n<meta name=\"author\" content=\"Benoit Charette\" \/>\n<meta name=\"twitter:card\" content=\"summary_large_image\" \/>\n<meta name=\"twitter:creator\" content=\"@canadamotorjobs\" \/>\n<meta name=\"twitter:site\" content=\"@canadamotorjobs\" \/>\n<meta name=\"twitter:label1\" content=\"\u00c9crit par\" \/>\n\t<meta name=\"twitter:data1\" content=\"Benoit Charette\" \/>\n\t<meta name=\"twitter:label2\" content=\"Estimation du temps de lecture\" \/>\n\t<meta name=\"twitter:data2\" content=\"5 minutes\" \/>\n<!-- \/ Yoast SEO plugin. -->","yoast_head_json":{"title":"Le prochain Nissan Armada (re)deviendra-t-il un Patrol\u00a0? - CanadaMotorJobs.com","description":"Le prochain Nissan Armada (re)deviendra-t-il un Patrol\u00a0? - Benoit Charette - Annuel automobile - CanadaMotorJobs.com.","robots":{"index":"index","follow":"follow","max-snippet":"max-snippet:-1","max-image-preview":"max-image-preview:large","max-video-preview":"max-video-preview:-1"},"og_locale":"fr_CA","og_type":"article","og_title":"Le prochain Nissan Armada (re)deviendra-t-il un Patrol\u00a0? - CanadaMotorJobs.com","og_description":"Le prochain Nissan Armada (re)deviendra-t-il un Patrol\u00a0? - Benoit Charette - Annuel automobile - CanadaMotorJobs.com.","og_url":"https:\/\/news.canadamotorjobs.com\/fr\/le-prochain-nissan-armada-redeviendra-t-il-un-patrol\/","og_site_name":"CanadaMotorJobs.com","article_publisher":"https:\/\/www.facebook.com\/canadamotorjobs\/","article_published_time":"2024-08-27T22:01:15+00:00","article_modified_time":"2024-08-27T22:45:21+00:00","og_image":[{"width":1024,"height":683,"url":"https:\/\/news.canadamotorjobs.com\/wp-content\/uploads\/2024\/08\/Nissan-Patrol-1967-4.jpg","type":"image\/jpeg"}],"author":"Benoit Charette","twitter_card":"summary_large_image","twitter_creator":"@canadamotorjobs","twitter_site":"@canadamotorjobs","twitter_misc":{"\u00c9crit par":"Benoit Charette","Estimation du temps de lecture":"5 minutes"},"schema":{"@context":"https:\/\/schema.org","@graph":[{"@type":"Article","@id":"https:\/\/news.canadamotorjobs.com\/fr\/le-prochain-nissan-armada-redeviendra-t-il-un-patrol\/#article","isPartOf":{"@id":"https:\/\/news.canadamotorjobs.com\/fr\/le-prochain-nissan-armada-redeviendra-t-il-un-patrol\/"},"author":{"name":"Benoit Charette","@id":"https:\/\/news.canadamotorjobs.com\/#\/schema\/person\/51793d1f87d44011d7bcc2ed99269a90"},"headline":"Le prochain Nissan Armada (re)deviendra-t-il un Patrol\u00a0?","datePublished":"2024-08-27T22:01:15+00:00","dateModified":"2024-08-27T22:45:21+00:00","mainEntityOfPage":{"@id":"https:\/\/news.canadamotorjobs.com\/fr\/le-prochain-nissan-armada-redeviendra-t-il-un-patrol\/"},"wordCount":1085,"publisher":{"@id":"https:\/\/news.canadamotorjobs.com\/#organization"},"image":{"@id":"https:\/\/news.canadamotorjobs.com\/fr\/le-prochain-nissan-armada-redeviendra-t-il-un-patrol\/#primaryimage"},"thumbnailUrl":"https:\/\/news.canadamotorjobs.com\/wp-content\/uploads\/2024\/08\/Nissan-Patrol-1967-4.jpg","articleSection":["Annuel automobile"],"inLanguage":"fr-CA"},{"@type":"WebPage","@id":"https:\/\/news.canadamotorjobs.com\/fr\/le-prochain-nissan-armada-redeviendra-t-il-un-patrol\/","url":"https:\/\/news.canadamotorjobs.com\/fr\/le-prochain-nissan-armada-redeviendra-t-il-un-patrol\/","name":"Le prochain Nissan Armada (re)deviendra-t-il un Patrol\u00a0? - CanadaMotorJobs.com","isPartOf":{"@id":"https:\/\/news.canadamotorjobs.com\/#website"},"primaryImageOfPage":{"@id":"https:\/\/news.canadamotorjobs.com\/fr\/le-prochain-nissan-armada-redeviendra-t-il-un-patrol\/#primaryimage"},"image":{"@id":"https:\/\/news.canadamotorjobs.com\/fr\/le-prochain-nissan-armada-redeviendra-t-il-un-patrol\/#primaryimage"},"thumbnailUrl":"https:\/\/news.canadamotorjobs.com\/wp-content\/uploads\/2024\/08\/Nissan-Patrol-1967-4.jpg","datePublished":"2024-08-27T22:01:15+00:00","dateModified":"2024-08-27T22:45:21+00:00","description":"Le prochain Nissan Armada (re)deviendra-t-il un Patrol\u00a0? - Benoit Charette - Annuel automobile - CanadaMotorJobs.com.","breadcrumb":{"@id":"https:\/\/news.canadamotorjobs.com\/fr\/le-prochain-nissan-armada-redeviendra-t-il-un-patrol\/#breadcrumb"},"inLanguage":"fr-CA","potentialAction":[{"@type":"ReadAction","target":["https:\/\/news.canadamotorjobs.com\/fr\/le-prochain-nissan-armada-redeviendra-t-il-un-patrol\/"]}]},{"@type":"ImageObject","inLanguage":"fr-CA","@id":"https:\/\/news.canadamotorjobs.com\/fr\/le-prochain-nissan-armada-redeviendra-t-il-un-patrol\/#primaryimage","url":"https:\/\/news.canadamotorjobs.com\/wp-content\/uploads\/2024\/08\/Nissan-Patrol-1967-4.jpg","contentUrl":"https:\/\/news.canadamotorjobs.com\/wp-content\/uploads\/2024\/08\/Nissan-Patrol-1967-4.jpg","width":1024,"height":683},{"@type":"BreadcrumbList","@id":"https:\/\/news.canadamotorjobs.com\/fr\/le-prochain-nissan-armada-redeviendra-t-il-un-patrol\/#breadcrumb","itemListElement":[{"@type":"ListItem","position":1,"name":"Home","item":"https:\/\/news.canadamotorjobs.com\/fr\/blog\/"},{"@type":"ListItem","position":2,"name":"Le prochain Nissan Armada (re)deviendra-t-il un Patrol\u00a0?"}]},{"@type":"WebSite","@id":"https:\/\/news.canadamotorjobs.com\/#website","url":"https:\/\/news.canadamotorjobs.com\/","name":"CanadaMotorJobs.com","description":"Automotive Jobs","publisher":{"@id":"https:\/\/news.canadamotorjobs.com\/#organization"},"potentialAction":[{"@type":"SearchAction","target":{"@type":"EntryPoint","urlTemplate":"https:\/\/news.canadamotorjobs.com\/?s={search_term_string}"},"query-input":"required name=search_term_string"}],"inLanguage":"fr-CA"},{"@type":"Organization","@id":"https:\/\/news.canadamotorjobs.com\/#organization","name":"Canada Motor Jobs","url":"https:\/\/news.canadamotorjobs.com\/","logo":{"@type":"ImageObject","inLanguage":"fr-CA","@id":"https:\/\/news.canadamotorjobs.com\/#\/schema\/logo\/image\/","url":"https:\/\/news.canadamotorjobs.com\/wp-content\/uploads\/2022\/10\/logo-canada-motor-jobs-1.png","contentUrl":"https:\/\/news.canadamotorjobs.com\/wp-content\/uploads\/2022\/10\/logo-canada-motor-jobs-1.png","width":800,"height":400,"caption":"Canada Motor Jobs"},"image":{"@id":"https:\/\/news.canadamotorjobs.com\/#\/schema\/logo\/image\/"},"sameAs":["https:\/\/www.facebook.com\/canadamotorjobs\/","https:\/\/x.com\/canadamotorjobs","https:\/\/www.instagram.com\/canadamotorjobs\/","https:\/\/www.linkedin.com\/company\/canadamotorjobs"]},{"@type":"Person","@id":"https:\/\/news.canadamotorjobs.com\/#\/schema\/person\/51793d1f87d44011d7bcc2ed99269a90","name":"Benoit Charette","image":{"@type":"ImageObject","inLanguage":"fr-CA","@id":"https:\/\/news.canadamotorjobs.com\/#\/schema\/person\/image\/","url":"https:\/\/secure.gravatar.com\/avatar\/45f3d2eebcccd909668d7ce7ea7267b6?s=96&d=mm&r=g","contentUrl":"https:\/\/secure.gravatar.com\/avatar\/45f3d2eebcccd909668d7ce7ea7267b6?s=96&d=mm&r=g","caption":"Benoit Charette"},"description":"Benoit Charette \/ Propri\u00e9taire et r\u00e9dacteur en chef Benoit Charette pratique le journalisme automobile depuis bient\u00f4t 30 ans. Il a fait ses classes au c\u00f4t\u00e9 de Daniel H\u00e9raud et au Carnet de route de 1992 \u00e0 2001. Il est fondateur, copropri\u00e9taire et r\u00e9dacteur en chef de L\u2019Annuel de l\u2019automobile, qu\u2019il publie depuis 2001. Il a anim\u00e9 les \u00e9missions RPM et RPM+ sur V et les L\u00e9gendes de la route sur Historia. \u00c0 la radio depuis 1986, il reprend l\u2019antenne cette ann\u00e9e sur les ondes de Cogeco et participe pour la deuxi\u00e8me ann\u00e9e \u00e0 l\u2019\u00e9mission Passion Auto sur RDS en plus de mettre en ligne le site Web officiel de L\u2019Annuel de l\u2019automobile sur annuelauto.ca.","sameAs":["https:\/\/annuelauto.ca\/"],"url":"https:\/\/news.canadamotorjobs.com\/fr\/author\/benoit-charette\/"}]}},"_links":{"self":[{"href":"https:\/\/news.canadamotorjobs.com\/fr\/wp-json\/wp\/v2\/posts\/171364"}],"collection":[{"href":"https:\/\/news.canadamotorjobs.com\/fr\/wp-json\/wp\/v2\/posts"}],"about":[{"href":"https:\/\/news.canadamotorjobs.com\/fr\/wp-json\/wp\/v2\/types\/post"}],"author":[{"embeddable":true,"href":"https:\/\/news.canadamotorjobs.com\/fr\/wp-json\/wp\/v2\/users\/8"}],"replies":[{"embeddable":true,"href":"https:\/\/news.canadamotorjobs.com\/fr\/wp-json\/wp\/v2\/comments?post=171364"}],"version-history":[{"count":2,"href":"https:\/\/news.canadamotorjobs.com\/fr\/wp-json\/wp\/v2\/posts\/171364\/revisions"}],"predecessor-version":[{"id":171368,"href":"https:\/\/news.canadamotorjobs.com\/fr\/wp-json\/wp\/v2\/posts\/171364\/revisions\/171368"}],"wp:featuredmedia":[{"embeddable":true,"href":"https:\/\/news.canadamotorjobs.com\/fr\/wp-json\/wp\/v2\/media\/171366"}],"wp:attachment":[{"href":"https:\/\/news.canadamotorjobs.com\/fr\/wp-json\/wp\/v2\/media?parent=171364"}],"wp:term":[{"taxonomy":"category","embeddable":true,"href":"https:\/\/news.canadamotorjobs.com\/fr\/wp-json\/wp\/v2\/categories?post=171364"},{"taxonomy":"post_tag","embeddable":true,"href":"https:\/\/news.canadamotorjobs.com\/fr\/wp-json\/wp\/v2\/tags?post=171364"}],"curies":[{"name":"wp","href":"https:\/\/api.w.org\/{rel}","templated":true}]}}