{"id":171341,"date":"2024-08-27T09:30:30","date_gmt":"2024-08-27T13:30:30","guid":{"rendered":"https:\/\/news.canadamotorjobs.com\/?p=171341"},"modified":"2024-08-27T09:44:29","modified_gmt":"2024-08-27T13:44:29","slug":"gm-et-uber-sunissent-pour-relancer-les-taxis-robotises","status":"publish","type":"post","link":"https:\/\/news.canadamotorjobs.com\/fr\/gm-et-uber-sunissent-pour-relancer-les-taxis-robotises\/","title":{"rendered":"GM et Uber s\u2019unissent pour relancer les taxis robotis\u00e9s"},"content":{"rendered":"<\/p>\n<p style=\"font-weight: 400\">Est-ce qu\u2019unir deux n\u00e9gatifs peut provoquer un r\u00e9sultat positif? C\u2019est ce que GM et Uber esp\u00e8rent, semble-t-il. Apr\u00e8s une s\u00e9rie d\u2019accidents, General Motors a retir\u00e9 de la route l\u2019an dernier <a href=\"https:\/\/annuelauto.ca\/les-robotaxis-de-gm-reconnaissent-desormais-les-sirenes-durgence\/\">les taxis robotis\u00e9s<\/a> de sa filiale Cruise. Uber de son c\u00f4t\u00e9 a cess\u00e9 compl\u00e8tement de d\u00e9velopper ses propres taxis robotis\u00e9s et a vendu sa division responsable de ce projet en 2020.<\/p>\n<p><\/p>\n<p style=\"font-weight: 400\">Il faut dire qu\u2019\u00e0 l\u2019\u00e9poque. Uber avait de s\u00e9rieux probl\u00e8mes de liquidit\u00e9s. C\u2019est donc en partie pour des raisons financi\u00e8res qu\u2019autre chose qu\u2019on a repouss\u00e9 \u00e0 plus tard le lancement d\u2019un parc de v\u00e9hicules autonomes capables de conduire leurs occupants \u00e0 bon port. Uber a aussi d\u00fb composer avec un accident mortel qui impliquait un de ses v\u00e9hicules, en 2018.<\/p>\n<p><\/p>\n<p style=\"font-weight: 400\">Bref, maintenant, on sait que \u00abplus tard\u00bb, \u00e7a signifie 2025, et que les v\u00e9hicules qu\u2019Uber va utiliser sont ceux de la filiale Cruise de GM.<\/p>\n<p><\/p>\n<p style=\"font-weight: 400\">D\u00e9j\u00e0, Cruise a recommenc\u00e9 ses essais dans trois villes am\u00e9ricaines, pendant que l\u2019agence am\u00e9ricaine responsable de la s\u00e9curit\u00e9 routi\u00e8re, la NHTSA, a conclu son enqu\u00eate sur les probl\u00e8mes de conduite pass\u00e9s de certains de ses v\u00e9hicules. Et tout \u00e7a se r\u00e9glera via une mise \u00e0 jour du logiciel des quelque 1200 Bolt EV automatis\u00e9es que Cruise a pr\u00e9sentement sur la route.<\/p>\n<p><\/p>\n<p style=\"font-weight: 400\">Et l\u00e0, General Motors vient d\u2019annoncer que ses v\u00e9hicules Cruise seront int\u00e9gr\u00e9s \u00e0 la plateforme de taxis sur demande d\u2019Uber, \u00e0 partir de l\u2019an prochain. On n\u2019a pas pr\u00e9cis\u00e9 dans quelles villes le service sera offert, mais on sait que ce sera limit\u00e9, puisque les villes et les \u00c9tats qui autorisent ce type de v\u00e9hicules sont tr\u00e8s peu nombreux, \u00e0 l\u2019heure actuelle.<\/p>\n<p><\/p>\n<p style=\"font-weight: 400\">Cela dit, il faut bien commencer, ou dans le cas de GM et d\u2019Uber, il faut bien recommencer quelque part, et c\u2019est ce qui va se produire l\u2019an prochain. Les deux entreprises ont de la concurrence, et c\u2019est probablement ce qui les pousse \u00e0 acc\u00e9l\u00e9rer les choses.<\/p>\n<p><\/p>\n<p style=\"font-weight: 400\">Waymo, la filiale de Google qui offre elle aussi de reconduire les gens \u00e0 bord de v\u00e9hicules autonomes, conna\u00eetrait beaucoup de succ\u00e8s dans les villes o\u00f9 le service existe, notamment \u00e0 San Francisco, o\u00f9 on voit ses v\u00e9hicules d\u2019ailleurs assez r\u00e9guli\u00e8rement sur les routes de la r\u00e9gion. En fait, Waymo effectuerait ces jours-ci plus de 100\u00a0000 trajets par semaine, aux \u00c9tats-Unis.<\/p>\n<p>\n<span style=\"font-weight: 400\">On a bien h\u00e2te de voir si ces services seront offerts chez nous un jour\u2026<\/span><\/p>\n<p>Le texte <a rel=\"nofollow\" href=\"https:\/\/annuelauto.ca\/gm-et-uber-sunissent-pour-relancer-les-taxis-robotises\/\">GM et Uber s\u2019unissent pour relancer les taxis robotis\u00e9s<\/a> provient de <a rel=\"nofollow\" href=\"https:\/\/annuelauto.ca\">L&#8217;annuel de l&#8217;automobile &#8211; Actualit\u00e9 automobile<\/a><\/p>\n<p><\/p>\n","protected":false},"excerpt":{"rendered":"<p>Est-ce qu\u2019unir deux n\u00e9gatifs peut provoquer un r\u00e9sultat positif? C\u2019est ce que GM et Uber esp\u00e8rent, semble-t-il. Apr\u00e8s une s\u00e9rie d\u2019accidents, General Motors a retir\u00e9 de la route l\u2019an dernier les taxis robotis\u00e9s de sa filiale Cruise. Uber de son c\u00f4t\u00e9 a cess\u00e9 compl\u00e8tement de d\u00e9velopper ses propres taxis robotis\u00e9s et a vendu sa division [&hellip;]<\/p>\n","protected":false},"author":8,"featured_media":171343,"comment_status":"close","ping_status":"closed","sticky":false,"template":"","format":"standard","meta":{"_monsterinsights_skip_tracking":false,"_monsterinsights_sitenote_active":false,"_monsterinsights_sitenote_note":"","_monsterinsights_sitenote_category":0,"footnotes":""},"categories":[101],"tags":[],"yoast_head":"<!-- This site is optimized with the Yoast SEO plugin v23.2 - https:\/\/yoast.com\/wordpress\/plugins\/seo\/ -->\n<title>GM et Uber s\u2019unissent pour relancer les taxis robotis\u00e9s - CanadaMotorJobs.com<\/title>\n<meta name=\"description\" content=\"GM et Uber s\u2019unissent pour relancer les taxis robotis\u00e9s - Benoit Charette - Annuel automobile - CanadaMotorJobs.com.\" \/>\n<meta name=\"robots\" content=\"index, follow, max-snippet:-1, max-image-preview:large, max-video-preview:-1\" \/>\n<meta property=\"og:locale\" content=\"fr_CA\" \/>\n<meta property=\"og:type\" content=\"article\" \/>\n<meta property=\"og:title\" content=\"GM et Uber s\u2019unissent pour relancer les taxis robotis\u00e9s - CanadaMotorJobs.com\" \/>\n<meta property=\"og:description\" content=\"GM et Uber s\u2019unissent pour relancer les taxis robotis\u00e9s - Benoit Charette - Annuel automobile - CanadaMotorJobs.com.\" \/>\n<meta property=\"og:url\" content=\"https:\/\/news.canadamotorjobs.com\/fr\/gm-et-uber-sunissent-pour-relancer-les-taxis-robotises\/\" \/>\n<meta property=\"og:site_name\" content=\"CanadaMotorJobs.com\" \/>\n<meta property=\"article:publisher\" content=\"https:\/\/www.facebook.com\/canadamotorjobs\/\" \/>\n<meta property=\"article:published_time\" content=\"2024-08-27T13:30:30+00:00\" \/>\n<meta property=\"article:modified_time\" content=\"2024-08-27T13:44:29+00:00\" \/>\n<meta property=\"og:image\" content=\"https:\/\/news.canadamotorjobs.com\/wp-content\/uploads\/2024\/08\/cruise-car-in-hayes-valley-san-francisco-1400x933-1.jpg\" \/>\n\t<meta property=\"og:image:width\" content=\"1280\" \/>\n\t<meta property=\"og:image:height\" content=\"853\" \/>\n\t<meta property=\"og:image:type\" content=\"image\/jpeg\" \/>\n<meta name=\"author\" content=\"Benoit Charette\" \/>\n<meta name=\"twitter:card\" content=\"summary_large_image\" \/>\n<meta name=\"twitter:creator\" content=\"@canadamotorjobs\" \/>\n<meta name=\"twitter:site\" content=\"@canadamotorjobs\" \/>\n<meta name=\"twitter:label1\" content=\"\u00c9crit par\" \/>\n\t<meta name=\"twitter:data1\" content=\"Benoit Charette\" \/>\n\t<meta name=\"twitter:label2\" content=\"Estimation du temps de lecture\" \/>\n\t<meta name=\"twitter:data2\" content=\"2 minutes\" \/>\n<!-- \/ Yoast SEO plugin. -->","yoast_head_json":{"title":"GM et Uber s\u2019unissent pour relancer les taxis robotis\u00e9s - CanadaMotorJobs.com","description":"GM et Uber s\u2019unissent pour relancer les taxis robotis\u00e9s - Benoit Charette - Annuel automobile - CanadaMotorJobs.com.","robots":{"index":"index","follow":"follow","max-snippet":"max-snippet:-1","max-image-preview":"max-image-preview:large","max-video-preview":"max-video-preview:-1"},"og_locale":"fr_CA","og_type":"article","og_title":"GM et Uber s\u2019unissent pour relancer les taxis robotis\u00e9s - CanadaMotorJobs.com","og_description":"GM et Uber s\u2019unissent pour relancer les taxis robotis\u00e9s - Benoit Charette - Annuel automobile - CanadaMotorJobs.com.","og_url":"https:\/\/news.canadamotorjobs.com\/fr\/gm-et-uber-sunissent-pour-relancer-les-taxis-robotises\/","og_site_name":"CanadaMotorJobs.com","article_publisher":"https:\/\/www.facebook.com\/canadamotorjobs\/","article_published_time":"2024-08-27T13:30:30+00:00","article_modified_time":"2024-08-27T13:44:29+00:00","og_image":[{"width":1280,"height":853,"url":"https:\/\/news.canadamotorjobs.com\/wp-content\/uploads\/2024\/08\/cruise-car-in-hayes-valley-san-francisco-1400x933-1.jpg","type":"image\/jpeg"}],"author":"Benoit Charette","twitter_card":"summary_large_image","twitter_creator":"@canadamotorjobs","twitter_site":"@canadamotorjobs","twitter_misc":{"\u00c9crit par":"Benoit Charette","Estimation du temps de lecture":"2 minutes"},"schema":{"@context":"https:\/\/schema.org","@graph":[{"@type":"Article","@id":"https:\/\/news.canadamotorjobs.com\/fr\/gm-et-uber-sunissent-pour-relancer-les-taxis-robotises\/#article","isPartOf":{"@id":"https:\/\/news.canadamotorjobs.com\/fr\/gm-et-uber-sunissent-pour-relancer-les-taxis-robotises\/"},"author":{"name":"Benoit Charette","@id":"https:\/\/news.canadamotorjobs.com\/#\/schema\/person\/51793d1f87d44011d7bcc2ed99269a90"},"headline":"GM et Uber s\u2019unissent pour relancer les taxis robotis\u00e9s","datePublished":"2024-08-27T13:30:30+00:00","dateModified":"2024-08-27T13:44:29+00:00","mainEntityOfPage":{"@id":"https:\/\/news.canadamotorjobs.com\/fr\/gm-et-uber-sunissent-pour-relancer-les-taxis-robotises\/"},"wordCount":478,"publisher":{"@id":"https:\/\/news.canadamotorjobs.com\/#organization"},"image":{"@id":"https:\/\/news.canadamotorjobs.com\/fr\/gm-et-uber-sunissent-pour-relancer-les-taxis-robotises\/#primaryimage"},"thumbnailUrl":"https:\/\/news.canadamotorjobs.com\/wp-content\/uploads\/2024\/08\/cruise-car-in-hayes-valley-san-francisco-1400x933-1.jpg","articleSection":["Annuel automobile"],"inLanguage":"fr-CA"},{"@type":"WebPage","@id":"https:\/\/news.canadamotorjobs.com\/fr\/gm-et-uber-sunissent-pour-relancer-les-taxis-robotises\/","url":"https:\/\/news.canadamotorjobs.com\/fr\/gm-et-uber-sunissent-pour-relancer-les-taxis-robotises\/","name":"GM et Uber s\u2019unissent pour relancer les taxis robotis\u00e9s - CanadaMotorJobs.com","isPartOf":{"@id":"https:\/\/news.canadamotorjobs.com\/#website"},"primaryImageOfPage":{"@id":"https:\/\/news.canadamotorjobs.com\/fr\/gm-et-uber-sunissent-pour-relancer-les-taxis-robotises\/#primaryimage"},"image":{"@id":"https:\/\/news.canadamotorjobs.com\/fr\/gm-et-uber-sunissent-pour-relancer-les-taxis-robotises\/#primaryimage"},"thumbnailUrl":"https:\/\/news.canadamotorjobs.com\/wp-content\/uploads\/2024\/08\/cruise-car-in-hayes-valley-san-francisco-1400x933-1.jpg","datePublished":"2024-08-27T13:30:30+00:00","dateModified":"2024-08-27T13:44:29+00:00","description":"GM et Uber s\u2019unissent pour relancer les taxis robotis\u00e9s - Benoit Charette - Annuel automobile - CanadaMotorJobs.com.","breadcrumb":{"@id":"https:\/\/news.canadamotorjobs.com\/fr\/gm-et-uber-sunissent-pour-relancer-les-taxis-robotises\/#breadcrumb"},"inLanguage":"fr-CA","potentialAction":[{"@type":"ReadAction","target":["https:\/\/news.canadamotorjobs.com\/fr\/gm-et-uber-sunissent-pour-relancer-les-taxis-robotises\/"]}]},{"@type":"ImageObject","inLanguage":"fr-CA","@id":"https:\/\/news.canadamotorjobs.com\/fr\/gm-et-uber-sunissent-pour-relancer-les-taxis-robotises\/#primaryimage","url":"https:\/\/news.canadamotorjobs.com\/wp-content\/uploads\/2024\/08\/cruise-car-in-hayes-valley-san-francisco-1400x933-1.jpg","contentUrl":"https:\/\/news.canadamotorjobs.com\/wp-content\/uploads\/2024\/08\/cruise-car-in-hayes-valley-san-francisco-1400x933-1.jpg","width":1280,"height":853},{"@type":"BreadcrumbList","@id":"https:\/\/news.canadamotorjobs.com\/fr\/gm-et-uber-sunissent-pour-relancer-les-taxis-robotises\/#breadcrumb","itemListElement":[{"@type":"ListItem","position":1,"name":"Home","item":"https:\/\/news.canadamotorjobs.com\/fr\/blog\/"},{"@type":"ListItem","position":2,"name":"GM et Uber s\u2019unissent pour relancer les taxis robotis\u00e9s"}]},{"@type":"WebSite","@id":"https:\/\/news.canadamotorjobs.com\/#website","url":"https:\/\/news.canadamotorjobs.com\/","name":"CanadaMotorJobs.com","description":"Automotive Jobs","publisher":{"@id":"https:\/\/news.canadamotorjobs.com\/#organization"},"potentialAction":[{"@type":"SearchAction","target":{"@type":"EntryPoint","urlTemplate":"https:\/\/news.canadamotorjobs.com\/?s={search_term_string}"},"query-input":"required name=search_term_string"}],"inLanguage":"fr-CA"},{"@type":"Organization","@id":"https:\/\/news.canadamotorjobs.com\/#organization","name":"Canada Motor Jobs","url":"https:\/\/news.canadamotorjobs.com\/","logo":{"@type":"ImageObject","inLanguage":"fr-CA","@id":"https:\/\/news.canadamotorjobs.com\/#\/schema\/logo\/image\/","url":"https:\/\/news.canadamotorjobs.com\/wp-content\/uploads\/2022\/10\/logo-canada-motor-jobs-1.png","contentUrl":"https:\/\/news.canadamotorjobs.com\/wp-content\/uploads\/2022\/10\/logo-canada-motor-jobs-1.png","width":800,"height":400,"caption":"Canada Motor Jobs"},"image":{"@id":"https:\/\/news.canadamotorjobs.com\/#\/schema\/logo\/image\/"},"sameAs":["https:\/\/www.facebook.com\/canadamotorjobs\/","https:\/\/x.com\/canadamotorjobs","https:\/\/www.instagram.com\/canadamotorjobs\/","https:\/\/www.linkedin.com\/company\/canadamotorjobs"]},{"@type":"Person","@id":"https:\/\/news.canadamotorjobs.com\/#\/schema\/person\/51793d1f87d44011d7bcc2ed99269a90","name":"Benoit Charette","image":{"@type":"ImageObject","inLanguage":"fr-CA","@id":"https:\/\/news.canadamotorjobs.com\/#\/schema\/person\/image\/","url":"https:\/\/secure.gravatar.com\/avatar\/45f3d2eebcccd909668d7ce7ea7267b6?s=96&d=mm&r=g","contentUrl":"https:\/\/secure.gravatar.com\/avatar\/45f3d2eebcccd909668d7ce7ea7267b6?s=96&d=mm&r=g","caption":"Benoit Charette"},"description":"Benoit Charette \/ Propri\u00e9taire et r\u00e9dacteur en chef Benoit Charette pratique le journalisme automobile depuis bient\u00f4t 30 ans. Il a fait ses classes au c\u00f4t\u00e9 de Daniel H\u00e9raud et au Carnet de route de 1992 \u00e0 2001. Il est fondateur, copropri\u00e9taire et r\u00e9dacteur en chef de L\u2019Annuel de l\u2019automobile, qu\u2019il publie depuis 2001. Il a anim\u00e9 les \u00e9missions RPM et RPM+ sur V et les L\u00e9gendes de la route sur Historia. \u00c0 la radio depuis 1986, il reprend l\u2019antenne cette ann\u00e9e sur les ondes de Cogeco et participe pour la deuxi\u00e8me ann\u00e9e \u00e0 l\u2019\u00e9mission Passion Auto sur RDS en plus de mettre en ligne le site Web officiel de L\u2019Annuel de l\u2019automobile sur annuelauto.ca.","sameAs":["https:\/\/annuelauto.ca\/"],"url":"https:\/\/news.canadamotorjobs.com\/fr\/author\/benoit-charette\/"}]}},"_links":{"self":[{"href":"https:\/\/news.canadamotorjobs.com\/fr\/wp-json\/wp\/v2\/posts\/171341"}],"collection":[{"href":"https:\/\/news.canadamotorjobs.com\/fr\/wp-json\/wp\/v2\/posts"}],"about":[{"href":"https:\/\/news.canadamotorjobs.com\/fr\/wp-json\/wp\/v2\/types\/post"}],"author":[{"embeddable":true,"href":"https:\/\/news.canadamotorjobs.com\/fr\/wp-json\/wp\/v2\/users\/8"}],"replies":[{"embeddable":true,"href":"https:\/\/news.canadamotorjobs.com\/fr\/wp-json\/wp\/v2\/comments?post=171341"}],"version-history":[{"count":2,"href":"https:\/\/news.canadamotorjobs.com\/fr\/wp-json\/wp\/v2\/posts\/171341\/revisions"}],"predecessor-version":[{"id":171345,"href":"https:\/\/news.canadamotorjobs.com\/fr\/wp-json\/wp\/v2\/posts\/171341\/revisions\/171345"}],"wp:featuredmedia":[{"embeddable":true,"href":"https:\/\/news.canadamotorjobs.com\/fr\/wp-json\/wp\/v2\/media\/171343"}],"wp:attachment":[{"href":"https:\/\/news.canadamotorjobs.com\/fr\/wp-json\/wp\/v2\/media?parent=171341"}],"wp:term":[{"taxonomy":"category","embeddable":true,"href":"https:\/\/news.canadamotorjobs.com\/fr\/wp-json\/wp\/v2\/categories?post=171341"},{"taxonomy":"post_tag","embeddable":true,"href":"https:\/\/news.canadamotorjobs.com\/fr\/wp-json\/wp\/v2\/tags?post=171341"}],"curies":[{"name":"wp","href":"https:\/\/api.w.org\/{rel}","templated":true}]}}