{"id":171322,"date":"2024-08-27T09:28:14","date_gmt":"2024-08-27T13:28:14","guid":{"rendered":"https:\/\/news.canadamotorjobs.com\/?p=171322"},"modified":"2024-08-27T09:29:17","modified_gmt":"2024-08-27T13:29:17","slug":"nissan-armada-un-tout-nouveau-et-tres-gros-vus-pour-2025","status":"publish","type":"post","link":"https:\/\/news.canadamotorjobs.com\/fr\/nissan-armada-un-tout-nouveau-et-tres-gros-vus-pour-2025\/","title":{"rendered":"Nissan Armada : un tout nouveau et tr\u00e8s gros VUS pour 2025"},"content":{"rendered":"<\/p>\n<p style=\"font-weight: 400\">Nissan a publi\u00e9 une photo tr\u00e8s peu r\u00e9v\u00e9latrice de ce qui sera son tout nouveau Armada 2025, un <a href=\"https:\/\/annuelauto.ca\/nissan-armada-une-mauvaise-bonne-idee\/\">VUS pleine grandeur<\/a> qui sera officiellement pr\u00e9sent\u00e9 le 3 septembre prochain. Sur la photo, on voit un Nissan Patrol 1951, le premier du genre, et l\u2019arri\u00e8re-arri\u00e8re-arri\u00e8re-grand-p\u00e8re de l\u2019Armada, vu que le gros VUS s\u2019appelle Armada en Am\u00e9rique du Nord uniquement.<\/p>\n<p><\/p>\n<p style=\"font-weight: 400\">M\u00eame si Nissan en a r\u00e9v\u00e9l\u00e9 tr\u00e8s peu \u00e0 propos de ce mod\u00e8le, on peut d\u00e9j\u00e0 deviner une partie de sa fiche technique, \u00e9tant donn\u00e9 que l\u2019Armada partage l\u2019essentiel de ses composants avec l\u2019Infiniti QX80, qu\u2019on conna\u00eet d\u00e9j\u00e0 plut\u00f4t bien. Sous le capot, donc, on risque d\u2019h\u00e9riter d\u2019un V6 biturbo de 3,5 litres, toujours bas\u00e9 sur le V6 de 3,5 litres que Nissan affectionne \u00e9norm\u00e9ment depuis bient\u00f4t 40 ans. Ce V6 pourrait fournir 450 chevaux, soit 50 de plus que le V8 tr\u00e8s v\u00e9tuste que Nissan proposait jusqu\u2019ici sous le capot de ses camions les plus gros.<\/p>\n<p><\/p>\n<p style=\"font-weight: 400\">C\u00f4t\u00e9 positionnement dans le march\u00e9, on s\u2019attend \u00e0 ce que Nissan essaie de faire de l\u2019Armada un VUS pleine grandeur plus luxueux et plus confortable que ses pr\u00e9d\u00e9cesseurs, qui \u00e9taient plus pr\u00e8s de la camionnette Titan, sans la benne, que d\u2019un v\u00e9hicule ax\u00e9 sur le confort des passagers. D\u2019ailleurs, les m\u00e9dias sp\u00e9cialis\u00e9s l\u2019on remarqu\u00e9, le prix de vente de l\u2019Armada a grimp\u00e9 de plus de 5000$ en 2024, ce qui laisse pr\u00e9sager que Nissan pourrait hausser \u00e0 nouveau le prix de d\u00e9tail de ce mod\u00e8le.<\/p>\n<p><\/p>\n<p style=\"font-weight: 400\">Nissan devra moderniser son syst\u00e8me multim\u00e9dia, et revoir les mat\u00e9riaux de finition \u00e0 bord de l\u2019Armada, si la marque japonaise souhaite r\u00e9ellement s\u2019en tirer avec un Armada plus co\u00fbteux et plus gros.<\/p>\n<p>\n<span style=\"font-weight: 400\">En fait, comme Mazda et d\u2019autres constructeurs japonais, Nissan semble elle aussi vouloir devenir une marque un peu plus luxueuse. Outre l\u2019Armada, le Murano aussi est en fin de cycle, et un nouveau VUS interm\u00e9diaire plus luxueux et plus cher serait \u00e9galement dans les plans dans son cas pour 2025.<\/span><\/p>\n<p>Le texte <a rel=\"nofollow\" href=\"https:\/\/annuelauto.ca\/nissan-armada-un-tout-nouveau-et-tres-gros-vus-pour-2025\/\">Nissan Armada : un tout nouveau et tr\u00e8s gros VUS pour 2025<\/a> provient de <a rel=\"nofollow\" href=\"https:\/\/annuelauto.ca\">L&#8217;annuel de l&#8217;automobile &#8211; Actualit\u00e9 automobile<\/a><\/p>\n<p><\/p>\n","protected":false},"excerpt":{"rendered":"<p>Nissan a publi\u00e9 une photo tr\u00e8s peu r\u00e9v\u00e9latrice de ce qui sera son tout nouveau Armada 2025, un VUS pleine grandeur qui sera officiellement pr\u00e9sent\u00e9 le 3 septembre prochain. Sur la photo, on voit un Nissan Patrol 1951, le premier du genre, et l\u2019arri\u00e8re-arri\u00e8re-arri\u00e8re-grand-p\u00e8re de l\u2019Armada, vu que le gros VUS s\u2019appelle Armada en Am\u00e9rique [&hellip;]<\/p>\n","protected":false},"author":8,"featured_media":171324,"comment_status":"close","ping_status":"closed","sticky":false,"template":"","format":"standard","meta":{"_monsterinsights_skip_tracking":false,"_monsterinsights_sitenote_active":false,"_monsterinsights_sitenote_note":"","_monsterinsights_sitenote_category":0,"footnotes":""},"categories":[101],"tags":[],"yoast_head":"<!-- This site is optimized with the Yoast SEO plugin v23.2 - https:\/\/yoast.com\/wordpress\/plugins\/seo\/ -->\n<title>Nissan Armada : un tout nouveau et tr\u00e8s gros VUS pour 2025 - CanadaMotorJobs.com<\/title>\n<meta name=\"description\" content=\"Nissan Armada : un tout nouveau et tr\u00e8s gros VUS pour 2025 - Benoit Charette - Annuel automobile - CanadaMotorJobs.com.\" \/>\n<meta name=\"robots\" content=\"index, follow, max-snippet:-1, max-image-preview:large, max-video-preview:-1\" \/>\n<meta property=\"og:locale\" content=\"fr_CA\" \/>\n<meta property=\"og:type\" content=\"article\" \/>\n<meta property=\"og:title\" content=\"Nissan Armada : un tout nouveau et tr\u00e8s gros VUS pour 2025 - CanadaMotorJobs.com\" \/>\n<meta property=\"og:description\" content=\"Nissan Armada : un tout nouveau et tr\u00e8s gros VUS pour 2025 - Benoit Charette - Annuel automobile - CanadaMotorJobs.com.\" \/>\n<meta property=\"og:url\" content=\"https:\/\/news.canadamotorjobs.com\/fr\/nissan-armada-un-tout-nouveau-et-tres-gros-vus-pour-2025\/\" \/>\n<meta property=\"og:site_name\" content=\"CanadaMotorJobs.com\" \/>\n<meta property=\"article:publisher\" content=\"https:\/\/www.facebook.com\/canadamotorjobs\/\" \/>\n<meta property=\"article:published_time\" content=\"2024-08-27T13:28:14+00:00\" \/>\n<meta property=\"article:modified_time\" content=\"2024-08-27T13:29:17+00:00\" \/>\n<meta property=\"og:image\" content=\"https:\/\/news.canadamotorjobs.com\/wp-content\/uploads\/2024\/08\/teaser-for-2025-nissan-armada-debuting-on-sept-3-2024_100940186_l-copie.jpg\" \/>\n\t<meta property=\"og:image:width\" content=\"1024\" \/>\n\t<meta property=\"og:image:height\" content=\"675\" \/>\n\t<meta property=\"og:image:type\" content=\"image\/jpeg\" \/>\n<meta name=\"author\" content=\"Benoit Charette\" \/>\n<meta name=\"twitter:card\" content=\"summary_large_image\" \/>\n<meta name=\"twitter:creator\" content=\"@canadamotorjobs\" \/>\n<meta name=\"twitter:site\" content=\"@canadamotorjobs\" \/>\n<meta name=\"twitter:label1\" content=\"\u00c9crit par\" \/>\n\t<meta name=\"twitter:data1\" content=\"Benoit Charette\" \/>\n\t<meta name=\"twitter:label2\" content=\"Estimation du temps de lecture\" \/>\n\t<meta name=\"twitter:data2\" content=\"2 minutes\" \/>\n<!-- \/ Yoast SEO plugin. -->","yoast_head_json":{"title":"Nissan Armada : un tout nouveau et tr\u00e8s gros VUS pour 2025 - CanadaMotorJobs.com","description":"Nissan Armada : un tout nouveau et tr\u00e8s gros VUS pour 2025 - Benoit Charette - Annuel automobile - CanadaMotorJobs.com.","robots":{"index":"index","follow":"follow","max-snippet":"max-snippet:-1","max-image-preview":"max-image-preview:large","max-video-preview":"max-video-preview:-1"},"og_locale":"fr_CA","og_type":"article","og_title":"Nissan Armada : un tout nouveau et tr\u00e8s gros VUS pour 2025 - CanadaMotorJobs.com","og_description":"Nissan Armada : un tout nouveau et tr\u00e8s gros VUS pour 2025 - Benoit Charette - Annuel automobile - CanadaMotorJobs.com.","og_url":"https:\/\/news.canadamotorjobs.com\/fr\/nissan-armada-un-tout-nouveau-et-tres-gros-vus-pour-2025\/","og_site_name":"CanadaMotorJobs.com","article_publisher":"https:\/\/www.facebook.com\/canadamotorjobs\/","article_published_time":"2024-08-27T13:28:14+00:00","article_modified_time":"2024-08-27T13:29:17+00:00","og_image":[{"width":1024,"height":675,"url":"https:\/\/news.canadamotorjobs.com\/wp-content\/uploads\/2024\/08\/teaser-for-2025-nissan-armada-debuting-on-sept-3-2024_100940186_l-copie.jpg","type":"image\/jpeg"}],"author":"Benoit Charette","twitter_card":"summary_large_image","twitter_creator":"@canadamotorjobs","twitter_site":"@canadamotorjobs","twitter_misc":{"\u00c9crit par":"Benoit Charette","Estimation du temps de lecture":"2 minutes"},"schema":{"@context":"https:\/\/schema.org","@graph":[{"@type":"Article","@id":"https:\/\/news.canadamotorjobs.com\/fr\/nissan-armada-un-tout-nouveau-et-tres-gros-vus-pour-2025\/#article","isPartOf":{"@id":"https:\/\/news.canadamotorjobs.com\/fr\/nissan-armada-un-tout-nouveau-et-tres-gros-vus-pour-2025\/"},"author":{"name":"Benoit Charette","@id":"https:\/\/news.canadamotorjobs.com\/#\/schema\/person\/51793d1f87d44011d7bcc2ed99269a90"},"headline":"Nissan Armada : un tout nouveau et tr\u00e8s gros VUS pour 2025","datePublished":"2024-08-27T13:28:14+00:00","dateModified":"2024-08-27T13:29:17+00:00","mainEntityOfPage":{"@id":"https:\/\/news.canadamotorjobs.com\/fr\/nissan-armada-un-tout-nouveau-et-tres-gros-vus-pour-2025\/"},"wordCount":401,"publisher":{"@id":"https:\/\/news.canadamotorjobs.com\/#organization"},"image":{"@id":"https:\/\/news.canadamotorjobs.com\/fr\/nissan-armada-un-tout-nouveau-et-tres-gros-vus-pour-2025\/#primaryimage"},"thumbnailUrl":"https:\/\/news.canadamotorjobs.com\/wp-content\/uploads\/2024\/08\/teaser-for-2025-nissan-armada-debuting-on-sept-3-2024_100940186_l-copie.jpg","articleSection":["Annuel automobile"],"inLanguage":"fr-CA"},{"@type":"WebPage","@id":"https:\/\/news.canadamotorjobs.com\/fr\/nissan-armada-un-tout-nouveau-et-tres-gros-vus-pour-2025\/","url":"https:\/\/news.canadamotorjobs.com\/fr\/nissan-armada-un-tout-nouveau-et-tres-gros-vus-pour-2025\/","name":"Nissan Armada : un tout nouveau et tr\u00e8s gros VUS pour 2025 - CanadaMotorJobs.com","isPartOf":{"@id":"https:\/\/news.canadamotorjobs.com\/#website"},"primaryImageOfPage":{"@id":"https:\/\/news.canadamotorjobs.com\/fr\/nissan-armada-un-tout-nouveau-et-tres-gros-vus-pour-2025\/#primaryimage"},"image":{"@id":"https:\/\/news.canadamotorjobs.com\/fr\/nissan-armada-un-tout-nouveau-et-tres-gros-vus-pour-2025\/#primaryimage"},"thumbnailUrl":"https:\/\/news.canadamotorjobs.com\/wp-content\/uploads\/2024\/08\/teaser-for-2025-nissan-armada-debuting-on-sept-3-2024_100940186_l-copie.jpg","datePublished":"2024-08-27T13:28:14+00:00","dateModified":"2024-08-27T13:29:17+00:00","description":"Nissan Armada : un tout nouveau et tr\u00e8s gros VUS pour 2025 - Benoit Charette - Annuel automobile - CanadaMotorJobs.com.","breadcrumb":{"@id":"https:\/\/news.canadamotorjobs.com\/fr\/nissan-armada-un-tout-nouveau-et-tres-gros-vus-pour-2025\/#breadcrumb"},"inLanguage":"fr-CA","potentialAction":[{"@type":"ReadAction","target":["https:\/\/news.canadamotorjobs.com\/fr\/nissan-armada-un-tout-nouveau-et-tres-gros-vus-pour-2025\/"]}]},{"@type":"ImageObject","inLanguage":"fr-CA","@id":"https:\/\/news.canadamotorjobs.com\/fr\/nissan-armada-un-tout-nouveau-et-tres-gros-vus-pour-2025\/#primaryimage","url":"https:\/\/news.canadamotorjobs.com\/wp-content\/uploads\/2024\/08\/teaser-for-2025-nissan-armada-debuting-on-sept-3-2024_100940186_l-copie.jpg","contentUrl":"https:\/\/news.canadamotorjobs.com\/wp-content\/uploads\/2024\/08\/teaser-for-2025-nissan-armada-debuting-on-sept-3-2024_100940186_l-copie.jpg","width":1024,"height":675},{"@type":"BreadcrumbList","@id":"https:\/\/news.canadamotorjobs.com\/fr\/nissan-armada-un-tout-nouveau-et-tres-gros-vus-pour-2025\/#breadcrumb","itemListElement":[{"@type":"ListItem","position":1,"name":"Home","item":"https:\/\/news.canadamotorjobs.com\/fr\/blog\/"},{"@type":"ListItem","position":2,"name":"Nissan Armada : un tout nouveau et tr\u00e8s gros VUS pour 2025"}]},{"@type":"WebSite","@id":"https:\/\/news.canadamotorjobs.com\/#website","url":"https:\/\/news.canadamotorjobs.com\/","name":"CanadaMotorJobs.com","description":"Automotive Jobs","publisher":{"@id":"https:\/\/news.canadamotorjobs.com\/#organization"},"potentialAction":[{"@type":"SearchAction","target":{"@type":"EntryPoint","urlTemplate":"https:\/\/news.canadamotorjobs.com\/?s={search_term_string}"},"query-input":"required name=search_term_string"}],"inLanguage":"fr-CA"},{"@type":"Organization","@id":"https:\/\/news.canadamotorjobs.com\/#organization","name":"Canada Motor Jobs","url":"https:\/\/news.canadamotorjobs.com\/","logo":{"@type":"ImageObject","inLanguage":"fr-CA","@id":"https:\/\/news.canadamotorjobs.com\/#\/schema\/logo\/image\/","url":"https:\/\/news.canadamotorjobs.com\/wp-content\/uploads\/2022\/10\/logo-canada-motor-jobs-1.png","contentUrl":"https:\/\/news.canadamotorjobs.com\/wp-content\/uploads\/2022\/10\/logo-canada-motor-jobs-1.png","width":800,"height":400,"caption":"Canada Motor Jobs"},"image":{"@id":"https:\/\/news.canadamotorjobs.com\/#\/schema\/logo\/image\/"},"sameAs":["https:\/\/www.facebook.com\/canadamotorjobs\/","https:\/\/x.com\/canadamotorjobs","https:\/\/www.instagram.com\/canadamotorjobs\/","https:\/\/www.linkedin.com\/company\/canadamotorjobs"]},{"@type":"Person","@id":"https:\/\/news.canadamotorjobs.com\/#\/schema\/person\/51793d1f87d44011d7bcc2ed99269a90","name":"Benoit Charette","image":{"@type":"ImageObject","inLanguage":"fr-CA","@id":"https:\/\/news.canadamotorjobs.com\/#\/schema\/person\/image\/","url":"https:\/\/secure.gravatar.com\/avatar\/45f3d2eebcccd909668d7ce7ea7267b6?s=96&d=mm&r=g","contentUrl":"https:\/\/secure.gravatar.com\/avatar\/45f3d2eebcccd909668d7ce7ea7267b6?s=96&d=mm&r=g","caption":"Benoit Charette"},"description":"Benoit Charette \/ Propri\u00e9taire et r\u00e9dacteur en chef Benoit Charette pratique le journalisme automobile depuis bient\u00f4t 30 ans. Il a fait ses classes au c\u00f4t\u00e9 de Daniel H\u00e9raud et au Carnet de route de 1992 \u00e0 2001. Il est fondateur, copropri\u00e9taire et r\u00e9dacteur en chef de L\u2019Annuel de l\u2019automobile, qu\u2019il publie depuis 2001. Il a anim\u00e9 les \u00e9missions RPM et RPM+ sur V et les L\u00e9gendes de la route sur Historia. \u00c0 la radio depuis 1986, il reprend l\u2019antenne cette ann\u00e9e sur les ondes de Cogeco et participe pour la deuxi\u00e8me ann\u00e9e \u00e0 l\u2019\u00e9mission Passion Auto sur RDS en plus de mettre en ligne le site Web officiel de L\u2019Annuel de l\u2019automobile sur annuelauto.ca.","sameAs":["https:\/\/annuelauto.ca\/"],"url":"https:\/\/news.canadamotorjobs.com\/fr\/author\/benoit-charette\/"}]}},"_links":{"self":[{"href":"https:\/\/news.canadamotorjobs.com\/fr\/wp-json\/wp\/v2\/posts\/171322"}],"collection":[{"href":"https:\/\/news.canadamotorjobs.com\/fr\/wp-json\/wp\/v2\/posts"}],"about":[{"href":"https:\/\/news.canadamotorjobs.com\/fr\/wp-json\/wp\/v2\/types\/post"}],"author":[{"embeddable":true,"href":"https:\/\/news.canadamotorjobs.com\/fr\/wp-json\/wp\/v2\/users\/8"}],"replies":[{"embeddable":true,"href":"https:\/\/news.canadamotorjobs.com\/fr\/wp-json\/wp\/v2\/comments?post=171322"}],"version-history":[{"count":2,"href":"https:\/\/news.canadamotorjobs.com\/fr\/wp-json\/wp\/v2\/posts\/171322\/revisions"}],"predecessor-version":[{"id":171326,"href":"https:\/\/news.canadamotorjobs.com\/fr\/wp-json\/wp\/v2\/posts\/171322\/revisions\/171326"}],"wp:featuredmedia":[{"embeddable":true,"href":"https:\/\/news.canadamotorjobs.com\/fr\/wp-json\/wp\/v2\/media\/171324"}],"wp:attachment":[{"href":"https:\/\/news.canadamotorjobs.com\/fr\/wp-json\/wp\/v2\/media?parent=171322"}],"wp:term":[{"taxonomy":"category","embeddable":true,"href":"https:\/\/news.canadamotorjobs.com\/fr\/wp-json\/wp\/v2\/categories?post=171322"},{"taxonomy":"post_tag","embeddable":true,"href":"https:\/\/news.canadamotorjobs.com\/fr\/wp-json\/wp\/v2\/tags?post=171322"}],"curies":[{"name":"wp","href":"https:\/\/api.w.org\/{rel}","templated":true}]}}