{"id":171307,"date":"2024-08-26T10:54:30","date_gmt":"2024-08-26T14:54:30","guid":{"rendered":"https:\/\/news.canadamotorjobs.com\/?p=171307"},"modified":"2024-08-26T10:58:42","modified_gmt":"2024-08-26T14:58:42","slug":"le-canada-impose-un-e-taxe-de-100-sur-les-vehicules-electriques-chinois","status":"publish","type":"post","link":"https:\/\/news.canadamotorjobs.com\/fr\/le-canada-impose-un-e-taxe-de-100-sur-les-vehicules-electriques-chinois\/","title":{"rendered":"Le Canada impose un e taxe de 100 % sur les v\u00e9hicules \u00e9lectriques chinois"},"content":{"rendered":"<\/p>\n<p>Le gouvernement canadien a annonc\u00e9 l\u2019imposition d\u2019une surtaxe de 100 % sur les v\u00e9hicules \u00e9lectriques import\u00e9s de Chine, incluant certains hybrides, camions, autobus et fourgonnettes. Cette nouvelle mesure, qui s\u2019ajoute au tarif existant de 6,1 %, entrera en vigueur le 1er octobre prochain. Cette d\u00e9cision s&#8217;inscrit dans le cadre des efforts du Canada pour prot\u00e9ger ses fabricants nationaux et s&#8217;aligner avec ses alli\u00e9s occidentaux.<\/p>\n<h3><strong>Nouveaux tarifs sur l\u2019acier et l\u2019aluminium chinois<\/strong><\/h3>\n<p>\nEn plus des v\u00e9hicules \u00e9lectriques, le gouvernement impose \u00e9galement une surtaxe de 25 % sur l\u2019acier et l\u2019aluminium en provenance de Chine, qui prendra effet \u00e0 partir du 15 octobre. Une liste initiale de produits concern\u00e9s a \u00e9t\u00e9 publi\u00e9e, et le public aura la possibilit\u00e9 de commenter avant la finalisation des mesures le 1er octobre.<\/p>\n<h3><strong>Consultation sur d&#8217;autres secteurs strat\u00e9giques<\/strong><\/h3>\n<p>\nEn parall\u00e8le, le gouvernement de Justin Trudeau lance une consultation de 30 jours sur d\u2019autres secteurs strat\u00e9giques, notamment les batteries, les semi-conducteurs, les produits solaires et les min\u00e9raux critiques. Cette initiative vise \u00e0 renforcer la position du Canada en tant que leader mondial dans la construction des v\u00e9hicules de demain.<\/p>\n<h3><strong>R\u00e9actions et contexte international<\/strong><\/h3>\n<p>\nLe Premier ministre Trudeau, en d\u00e9voilant cette nouvelle politique \u00e0 Halifax, a critiqu\u00e9 les pratiques commerciales d\u00e9loyales de la Chine, affirmant que ces mesures sont n\u00e9cessaires pour prot\u00e9ger la s\u00e9curit\u00e9 des industries critiques du Canada. Le Canada, dont l&#8217;\u00e9conomie est fortement d\u00e9pendante des exportations, suit de pr\u00e8s les initiatives similaires des \u00c9tats-Unis et de l\u2019Union europ\u00e9enne, qui ont \u00e9galement propos\u00e9 de nouveaux tarifs sur les v\u00e9hicules \u00e9lectriques chinois.<\/p>\n<h3><strong>Pression politique et industrielle<\/strong><\/h3>\n<p>\nFace \u00e0 la pression politique et industrielle, Trudeau a r\u00e9agi aux appels du secteur automobile canadien, qui plaide pour des tarifs plus \u00e9lev\u00e9s afin de prot\u00e9ger les emplois et les salaires locaux. En r\u00e9ponse, le gouvernement a d\u00e9j\u00e0 accord\u00e9 des subventions de plusieurs milliards de dollars pour soutenir la construction d\u2019usines de v\u00e9hicules \u00e9lectriques et de batteries par des entreprises comme Stellantis, Volkswagen et Honda.<\/p>\n<h3>Des marques directement vis\u00e9es<\/h3>\n<p>\nDes marques comme Tesla qui exp\u00e9dient les v\u00e9hicules fabriqu\u00e9s \u00e0 son usine de Shanghai au canada ou encore Polestar ou Volvo qui poss\u00e8dent des usines en Chine sont directement touch\u00e9 par cette mesure.<\/p>\n<p>Avec des renseignements de Bloomberg<\/p>\n<p>Le texte <a rel=\"nofollow\" href=\"https:\/\/annuelauto.ca\/le-canada-impose-un-e-taxe-de-100-sur-les-vehicules-electriques-chinois\/\">Le Canada impose un e taxe de 100 % sur les v\u00e9hicules \u00e9lectriques chinois<\/a> provient de <a rel=\"nofollow\" href=\"https:\/\/annuelauto.ca\">L&#8217;annuel de l&#8217;automobile &#8211; Actualit\u00e9 automobile<\/a><\/p>\n<p><\/p>\n","protected":false},"excerpt":{"rendered":"<p>Le gouvernement canadien a annonc\u00e9 l\u2019imposition d\u2019une surtaxe de 100 % sur les v\u00e9hicules \u00e9lectriques import\u00e9s de Chine, incluant certains hybrides, camions, autobus et fourgonnettes. Cette nouvelle mesure, qui s\u2019ajoute au tarif existant de 6,1 %, entrera en vigueur le 1er octobre prochain. Cette d\u00e9cision s&#8217;inscrit dans le cadre des efforts du Canada pour prot\u00e9ger [&hellip;]<\/p>\n","protected":false},"author":8,"featured_media":171309,"comment_status":"close","ping_status":"closed","sticky":false,"template":"","format":"standard","meta":{"_monsterinsights_skip_tracking":false,"_monsterinsights_sitenote_active":false,"_monsterinsights_sitenote_note":"","_monsterinsights_sitenote_category":0,"footnotes":""},"categories":[101],"tags":[],"yoast_head":"<!-- This site is optimized with the Yoast SEO plugin v23.2 - https:\/\/yoast.com\/wordpress\/plugins\/seo\/ -->\n<title>Le Canada impose un e taxe de 100 % sur les v\u00e9hicules \u00e9lectriques chinois - CanadaMotorJobs.com<\/title>\n<meta name=\"description\" content=\"Le Canada impose un e taxe de 100 % sur les v\u00e9hicules \u00e9lectriques chinois - Benoit Charette - Annuel automobile - CanadaMotorJobs.com.\" \/>\n<meta name=\"robots\" content=\"index, follow, max-snippet:-1, max-image-preview:large, max-video-preview:-1\" \/>\n<meta property=\"og:locale\" content=\"fr_CA\" \/>\n<meta property=\"og:type\" content=\"article\" \/>\n<meta property=\"og:title\" content=\"Le Canada impose un e taxe de 100 % sur les v\u00e9hicules \u00e9lectriques chinois - CanadaMotorJobs.com\" \/>\n<meta property=\"og:description\" content=\"Le Canada impose un e taxe de 100 % sur les v\u00e9hicules \u00e9lectriques chinois - Benoit Charette - Annuel automobile - CanadaMotorJobs.com.\" \/>\n<meta property=\"og:url\" content=\"https:\/\/news.canadamotorjobs.com\/fr\/le-canada-impose-un-e-taxe-de-100-sur-les-vehicules-electriques-chinois\/\" \/>\n<meta property=\"og:site_name\" content=\"CanadaMotorJobs.com\" \/>\n<meta property=\"article:publisher\" content=\"https:\/\/www.facebook.com\/canadamotorjobs\/\" \/>\n<meta property=\"article:published_time\" content=\"2024-08-26T14:54:30+00:00\" \/>\n<meta property=\"article:modified_time\" content=\"2024-08-26T14:58:42+00:00\" \/>\n<meta property=\"og:image\" content=\"https:\/\/news.canadamotorjobs.com\/wp-content\/uploads\/2024\/08\/tesla_shanghai_groundbreaking.jpg\" \/>\n\t<meta property=\"og:image:width\" content=\"720\" \/>\n\t<meta property=\"og:image:height\" content=\"540\" \/>\n\t<meta property=\"og:image:type\" content=\"image\/jpeg\" \/>\n<meta name=\"author\" content=\"Benoit Charette\" \/>\n<meta name=\"twitter:card\" content=\"summary_large_image\" \/>\n<meta name=\"twitter:creator\" content=\"@canadamotorjobs\" \/>\n<meta name=\"twitter:site\" content=\"@canadamotorjobs\" \/>\n<meta name=\"twitter:label1\" content=\"\u00c9crit par\" \/>\n\t<meta name=\"twitter:data1\" content=\"Benoit Charette\" \/>\n\t<meta name=\"twitter:label2\" content=\"Estimation du temps de lecture\" \/>\n\t<meta name=\"twitter:data2\" content=\"2 minutes\" \/>\n<!-- \/ Yoast SEO plugin. -->","yoast_head_json":{"title":"Le Canada impose un e taxe de 100 % sur les v\u00e9hicules \u00e9lectriques chinois - CanadaMotorJobs.com","description":"Le Canada impose un e taxe de 100 % sur les v\u00e9hicules \u00e9lectriques chinois - Benoit Charette - Annuel automobile - CanadaMotorJobs.com.","robots":{"index":"index","follow":"follow","max-snippet":"max-snippet:-1","max-image-preview":"max-image-preview:large","max-video-preview":"max-video-preview:-1"},"og_locale":"fr_CA","og_type":"article","og_title":"Le Canada impose un e taxe de 100 % sur les v\u00e9hicules \u00e9lectriques chinois - CanadaMotorJobs.com","og_description":"Le Canada impose un e taxe de 100 % sur les v\u00e9hicules \u00e9lectriques chinois - Benoit Charette - Annuel automobile - CanadaMotorJobs.com.","og_url":"https:\/\/news.canadamotorjobs.com\/fr\/le-canada-impose-un-e-taxe-de-100-sur-les-vehicules-electriques-chinois\/","og_site_name":"CanadaMotorJobs.com","article_publisher":"https:\/\/www.facebook.com\/canadamotorjobs\/","article_published_time":"2024-08-26T14:54:30+00:00","article_modified_time":"2024-08-26T14:58:42+00:00","og_image":[{"width":720,"height":540,"url":"https:\/\/news.canadamotorjobs.com\/wp-content\/uploads\/2024\/08\/tesla_shanghai_groundbreaking.jpg","type":"image\/jpeg"}],"author":"Benoit Charette","twitter_card":"summary_large_image","twitter_creator":"@canadamotorjobs","twitter_site":"@canadamotorjobs","twitter_misc":{"\u00c9crit par":"Benoit Charette","Estimation du temps de lecture":"2 minutes"},"schema":{"@context":"https:\/\/schema.org","@graph":[{"@type":"Article","@id":"https:\/\/news.canadamotorjobs.com\/fr\/le-canada-impose-un-e-taxe-de-100-sur-les-vehicules-electriques-chinois\/#article","isPartOf":{"@id":"https:\/\/news.canadamotorjobs.com\/fr\/le-canada-impose-un-e-taxe-de-100-sur-les-vehicules-electriques-chinois\/"},"author":{"name":"Benoit Charette","@id":"https:\/\/news.canadamotorjobs.com\/#\/schema\/person\/51793d1f87d44011d7bcc2ed99269a90"},"headline":"Le Canada impose un e taxe de 100 % sur les v\u00e9hicules \u00e9lectriques chinois","datePublished":"2024-08-26T14:54:30+00:00","dateModified":"2024-08-26T14:58:42+00:00","mainEntityOfPage":{"@id":"https:\/\/news.canadamotorjobs.com\/fr\/le-canada-impose-un-e-taxe-de-100-sur-les-vehicules-electriques-chinois\/"},"wordCount":436,"publisher":{"@id":"https:\/\/news.canadamotorjobs.com\/#organization"},"image":{"@id":"https:\/\/news.canadamotorjobs.com\/fr\/le-canada-impose-un-e-taxe-de-100-sur-les-vehicules-electriques-chinois\/#primaryimage"},"thumbnailUrl":"https:\/\/news.canadamotorjobs.com\/wp-content\/uploads\/2024\/08\/tesla_shanghai_groundbreaking.jpg","articleSection":["Annuel automobile"],"inLanguage":"fr-CA"},{"@type":"WebPage","@id":"https:\/\/news.canadamotorjobs.com\/fr\/le-canada-impose-un-e-taxe-de-100-sur-les-vehicules-electriques-chinois\/","url":"https:\/\/news.canadamotorjobs.com\/fr\/le-canada-impose-un-e-taxe-de-100-sur-les-vehicules-electriques-chinois\/","name":"Le Canada impose un e taxe de 100 % sur les v\u00e9hicules \u00e9lectriques chinois - CanadaMotorJobs.com","isPartOf":{"@id":"https:\/\/news.canadamotorjobs.com\/#website"},"primaryImageOfPage":{"@id":"https:\/\/news.canadamotorjobs.com\/fr\/le-canada-impose-un-e-taxe-de-100-sur-les-vehicules-electriques-chinois\/#primaryimage"},"image":{"@id":"https:\/\/news.canadamotorjobs.com\/fr\/le-canada-impose-un-e-taxe-de-100-sur-les-vehicules-electriques-chinois\/#primaryimage"},"thumbnailUrl":"https:\/\/news.canadamotorjobs.com\/wp-content\/uploads\/2024\/08\/tesla_shanghai_groundbreaking.jpg","datePublished":"2024-08-26T14:54:30+00:00","dateModified":"2024-08-26T14:58:42+00:00","description":"Le Canada impose un e taxe de 100 % sur les v\u00e9hicules \u00e9lectriques chinois - Benoit Charette - Annuel automobile - CanadaMotorJobs.com.","breadcrumb":{"@id":"https:\/\/news.canadamotorjobs.com\/fr\/le-canada-impose-un-e-taxe-de-100-sur-les-vehicules-electriques-chinois\/#breadcrumb"},"inLanguage":"fr-CA","potentialAction":[{"@type":"ReadAction","target":["https:\/\/news.canadamotorjobs.com\/fr\/le-canada-impose-un-e-taxe-de-100-sur-les-vehicules-electriques-chinois\/"]}]},{"@type":"ImageObject","inLanguage":"fr-CA","@id":"https:\/\/news.canadamotorjobs.com\/fr\/le-canada-impose-un-e-taxe-de-100-sur-les-vehicules-electriques-chinois\/#primaryimage","url":"https:\/\/news.canadamotorjobs.com\/wp-content\/uploads\/2024\/08\/tesla_shanghai_groundbreaking.jpg","contentUrl":"https:\/\/news.canadamotorjobs.com\/wp-content\/uploads\/2024\/08\/tesla_shanghai_groundbreaking.jpg","width":720,"height":540},{"@type":"BreadcrumbList","@id":"https:\/\/news.canadamotorjobs.com\/fr\/le-canada-impose-un-e-taxe-de-100-sur-les-vehicules-electriques-chinois\/#breadcrumb","itemListElement":[{"@type":"ListItem","position":1,"name":"Home","item":"https:\/\/news.canadamotorjobs.com\/fr\/blog\/"},{"@type":"ListItem","position":2,"name":"Le Canada impose un e taxe de 100 % sur les v\u00e9hicules \u00e9lectriques chinois"}]},{"@type":"WebSite","@id":"https:\/\/news.canadamotorjobs.com\/#website","url":"https:\/\/news.canadamotorjobs.com\/","name":"CanadaMotorJobs.com","description":"Automotive Jobs","publisher":{"@id":"https:\/\/news.canadamotorjobs.com\/#organization"},"potentialAction":[{"@type":"SearchAction","target":{"@type":"EntryPoint","urlTemplate":"https:\/\/news.canadamotorjobs.com\/?s={search_term_string}"},"query-input":"required name=search_term_string"}],"inLanguage":"fr-CA"},{"@type":"Organization","@id":"https:\/\/news.canadamotorjobs.com\/#organization","name":"Canada Motor Jobs","url":"https:\/\/news.canadamotorjobs.com\/","logo":{"@type":"ImageObject","inLanguage":"fr-CA","@id":"https:\/\/news.canadamotorjobs.com\/#\/schema\/logo\/image\/","url":"https:\/\/news.canadamotorjobs.com\/wp-content\/uploads\/2022\/10\/logo-canada-motor-jobs-1.png","contentUrl":"https:\/\/news.canadamotorjobs.com\/wp-content\/uploads\/2022\/10\/logo-canada-motor-jobs-1.png","width":800,"height":400,"caption":"Canada Motor Jobs"},"image":{"@id":"https:\/\/news.canadamotorjobs.com\/#\/schema\/logo\/image\/"},"sameAs":["https:\/\/www.facebook.com\/canadamotorjobs\/","https:\/\/x.com\/canadamotorjobs","https:\/\/www.instagram.com\/canadamotorjobs\/","https:\/\/www.linkedin.com\/company\/canadamotorjobs"]},{"@type":"Person","@id":"https:\/\/news.canadamotorjobs.com\/#\/schema\/person\/51793d1f87d44011d7bcc2ed99269a90","name":"Benoit Charette","image":{"@type":"ImageObject","inLanguage":"fr-CA","@id":"https:\/\/news.canadamotorjobs.com\/#\/schema\/person\/image\/","url":"https:\/\/secure.gravatar.com\/avatar\/45f3d2eebcccd909668d7ce7ea7267b6?s=96&d=mm&r=g","contentUrl":"https:\/\/secure.gravatar.com\/avatar\/45f3d2eebcccd909668d7ce7ea7267b6?s=96&d=mm&r=g","caption":"Benoit Charette"},"description":"Benoit Charette \/ Propri\u00e9taire et r\u00e9dacteur en chef Benoit Charette pratique le journalisme automobile depuis bient\u00f4t 30 ans. Il a fait ses classes au c\u00f4t\u00e9 de Daniel H\u00e9raud et au Carnet de route de 1992 \u00e0 2001. Il est fondateur, copropri\u00e9taire et r\u00e9dacteur en chef de L\u2019Annuel de l\u2019automobile, qu\u2019il publie depuis 2001. Il a anim\u00e9 les \u00e9missions RPM et RPM+ sur V et les L\u00e9gendes de la route sur Historia. \u00c0 la radio depuis 1986, il reprend l\u2019antenne cette ann\u00e9e sur les ondes de Cogeco et participe pour la deuxi\u00e8me ann\u00e9e \u00e0 l\u2019\u00e9mission Passion Auto sur RDS en plus de mettre en ligne le site Web officiel de L\u2019Annuel de l\u2019automobile sur annuelauto.ca.","sameAs":["https:\/\/annuelauto.ca\/"],"url":"https:\/\/news.canadamotorjobs.com\/fr\/author\/benoit-charette\/"}]}},"_links":{"self":[{"href":"https:\/\/news.canadamotorjobs.com\/fr\/wp-json\/wp\/v2\/posts\/171307"}],"collection":[{"href":"https:\/\/news.canadamotorjobs.com\/fr\/wp-json\/wp\/v2\/posts"}],"about":[{"href":"https:\/\/news.canadamotorjobs.com\/fr\/wp-json\/wp\/v2\/types\/post"}],"author":[{"embeddable":true,"href":"https:\/\/news.canadamotorjobs.com\/fr\/wp-json\/wp\/v2\/users\/8"}],"replies":[{"embeddable":true,"href":"https:\/\/news.canadamotorjobs.com\/fr\/wp-json\/wp\/v2\/comments?post=171307"}],"version-history":[{"count":2,"href":"https:\/\/news.canadamotorjobs.com\/fr\/wp-json\/wp\/v2\/posts\/171307\/revisions"}],"predecessor-version":[{"id":171311,"href":"https:\/\/news.canadamotorjobs.com\/fr\/wp-json\/wp\/v2\/posts\/171307\/revisions\/171311"}],"wp:featuredmedia":[{"embeddable":true,"href":"https:\/\/news.canadamotorjobs.com\/fr\/wp-json\/wp\/v2\/media\/171309"}],"wp:attachment":[{"href":"https:\/\/news.canadamotorjobs.com\/fr\/wp-json\/wp\/v2\/media?parent=171307"}],"wp:term":[{"taxonomy":"category","embeddable":true,"href":"https:\/\/news.canadamotorjobs.com\/fr\/wp-json\/wp\/v2\/categories?post=171307"},{"taxonomy":"post_tag","embeddable":true,"href":"https:\/\/news.canadamotorjobs.com\/fr\/wp-json\/wp\/v2\/tags?post=171307"}],"curies":[{"name":"wp","href":"https:\/\/api.w.org\/{rel}","templated":true}]}}