{"id":171292,"date":"2024-08-26T08:14:52","date_gmt":"2024-08-26T12:14:52","guid":{"rendered":"https:\/\/news.canadamotorjobs.com\/?p=171292"},"modified":"2024-08-26T08:21:53","modified_gmt":"2024-08-26T12:21:53","slug":"incendie-dans-le-stationnement-de-lusine-rivian","status":"publish","type":"post","link":"https:\/\/news.canadamotorjobs.com\/fr\/incendie-dans-le-stationnement-de-lusine-rivian\/","title":{"rendered":"Incendie dans le stationnement de l\u2019usine Rivian"},"content":{"rendered":"<\/p>\n<p>Ce week-end, un incendie s&#8217;est d\u00e9clar\u00e9 dans le parking de l&#8217;usine de v\u00e9hicules \u00e9lectriques Rivian, situ\u00e9e \u00e0 Normal, dans l&#8217;Illinois. Plus de 50 v\u00e9hicules mod\u00e8les R1S et R1T, qui \u00e9taient apparemment pr\u00eats \u00e0 \u00eatre exp\u00e9di\u00e9s aux clients, ont \u00e9t\u00e9 endommag\u00e9s.<\/p>\n<h3><strong>Une intervention rapide des pompiers<\/strong><\/h3>\n<p>\nL&#8217;alerte a \u00e9t\u00e9 donn\u00e9e samedi soir, peu avant 21h45, selon Matt Swaney, porte-parole des pompiers de Normal (NFD), cit\u00e9 par <em>25NewsNow<\/em>. L&#8217;usine, qui assemble tous les mod\u00e8les actuels de Rivian et qui se pr\u00e9pare \u00e0 lancer la production du futur VUS R2, n&#8217;a pas \u00e9t\u00e9 touch\u00e9e par les flammes, selon Swaney. L&#8217;incendie a \u00e9t\u00e9 ma\u00eetris\u00e9 peu apr\u00e8s minuit dimanche, mais les \u00e9quipes de secours sont rest\u00e9es sur place pour surveiller la zone. Aucun bless\u00e9 n&#8217;a \u00e9t\u00e9 signal\u00e9.<\/p>\n<h3><strong>Des v\u00e9hicules endommag\u00e9s en nombre<\/strong><\/h3>\n<p>\nUne photo a\u00e9rienne et une vid\u00e9o publi\u00e9es sur un groupe Facebook apr\u00e8s l&#8217;incendie montrent 57 v\u00e9hicules, regroup\u00e9s dans un coin du parking de l&#8217;usine, pr\u00e8s des rails industriels. Seuls les mod\u00e8les R1S et R1T semblent avoir \u00e9t\u00e9 impliqu\u00e9s dans l&#8217;incident.<\/p>\n<h3><strong>Une cause encore myst\u00e9rieuse<\/strong><\/h3>\n<p>\nL&#8217;origine de l&#8217;incendie reste inconnue. Le porte-parole Swaney a indiqu\u00e9 qu&#8217;une enqu\u00eate a \u00e9t\u00e9 ouverte pour d\u00e9terminer les causes du sinistre. Nous avons contact\u00e9 Rivian pour obtenir plus d&#8217;informations sur l&#8217;incident et nous mettrons \u00e0 jour cet article d\u00e8s que nous aurons des nouvelles de l&#8217;entreprise.<\/p>\n<h3><strong>Un pr\u00e9c\u00e9dent \u00e0 Houston<\/strong><\/h3>\n<p>\nLe mois dernier, trois fourgons de livraison \u00e9lectrique Amazon (EDV) de Rivian ont pris feu dans un centre de distribution de la soci\u00e9t\u00e9 \u00e0 Houston, au Texas. Cet incendie n&#8217;\u00e9tait pas li\u00e9 \u00e0 la batterie haute tension, selon Rivian.<\/p>\n<h3><strong>Les incendies de v\u00e9hicules \u00e9lectriques, un danger mal compris<\/strong><\/h3>\n<p>\nContrairement \u00e0 ce que l&#8217;on pourrait croire, les incendies de v\u00e9hicules \u00e9lectriques sont moins fr\u00e9quents que ceux des v\u00e9hicules \u00e0 combustion. Cependant, lorsqu&#8217;un v\u00e9hicule \u00e9lectrique prend feu, il peut \u00eatre beaucoup plus dangereux et nettement plus difficile \u00e0 \u00e9teindre pour les pompiers, surtout s&#8217;ils ne disposent pas des outils n\u00e9cessaires. De plus, il existe un risque que le feu reprenne apr\u00e8s avoir \u00e9t\u00e9 \u00e9teint, ce qui explique pourquoi les \u00e9quipes de secours restent souvent sur place apr\u00e8s avoir \u00e9teint un incendie de v\u00e9hicule \u00e9lectrique.<\/p>\n<h3><strong>Conclusion<\/strong><\/h3>\n<p>\nCet incendie soul\u00e8ve des questions sur les d\u00e9fis sp\u00e9cifiques que posent les v\u00e9hicules \u00e9lectriques en mati\u00e8re de s\u00e9curit\u00e9 incendie. Les enqu\u00eates en cours devraient apporter des r\u00e9ponses sur l&#8217;origine de cet incident et les mesures \u00e0 prendre pour \u00e9viter de tels sinistres \u00e0 l&#8217;avenir.<\/p>\n<p>Avec des renseignements d&#8217;Inside EV&#8217;s<\/p>\n<p>Le texte <a rel=\"nofollow\" href=\"https:\/\/annuelauto.ca\/incendie-dans-le-stationnement-de-lusine-rivian\/\">Incendie dans le stationnement de l\u2019usine Rivian<\/a> provient de <a rel=\"nofollow\" href=\"https:\/\/annuelauto.ca\">L&#8217;annuel de l&#8217;automobile &#8211; Actualit\u00e9 automobile<\/a><\/p>\n<p><\/p>\n","protected":false},"excerpt":{"rendered":"<p>Ce week-end, un incendie s&#8217;est d\u00e9clar\u00e9 dans le parking de l&#8217;usine de v\u00e9hicules \u00e9lectriques Rivian, situ\u00e9e \u00e0 Normal, dans l&#8217;Illinois. Plus de 50 v\u00e9hicules mod\u00e8les R1S et R1T, qui \u00e9taient apparemment pr\u00eats \u00e0 \u00eatre exp\u00e9di\u00e9s aux clients, ont \u00e9t\u00e9 endommag\u00e9s. Une intervention rapide des pompiers L&#8217;alerte a \u00e9t\u00e9 donn\u00e9e samedi soir, peu avant 21h45, selon [&hellip;]<\/p>\n","protected":false},"author":8,"featured_media":171294,"comment_status":"close","ping_status":"closed","sticky":false,"template":"","format":"standard","meta":{"_monsterinsights_skip_tracking":false,"_monsterinsights_sitenote_active":false,"_monsterinsights_sitenote_note":"","_monsterinsights_sitenote_category":0,"footnotes":""},"categories":[101],"tags":[],"yoast_head":"<!-- This site is optimized with the Yoast SEO plugin v23.2 - https:\/\/yoast.com\/wordpress\/plugins\/seo\/ -->\n<title>Incendie dans le stationnement de l\u2019usine Rivian - CanadaMotorJobs.com<\/title>\n<meta name=\"description\" content=\"Incendie dans le stationnement de l\u2019usine Rivian - Benoit Charette - Annuel automobile - CanadaMotorJobs.com.\" \/>\n<meta name=\"robots\" content=\"index, follow, max-snippet:-1, max-image-preview:large, max-video-preview:-1\" \/>\n<meta property=\"og:locale\" content=\"fr_CA\" \/>\n<meta property=\"og:type\" content=\"article\" \/>\n<meta property=\"og:title\" content=\"Incendie dans le stationnement de l\u2019usine Rivian - CanadaMotorJobs.com\" \/>\n<meta property=\"og:description\" content=\"Incendie dans le stationnement de l\u2019usine Rivian - Benoit Charette - Annuel automobile - CanadaMotorJobs.com.\" \/>\n<meta property=\"og:url\" content=\"https:\/\/news.canadamotorjobs.com\/fr\/incendie-dans-le-stationnement-de-lusine-rivian\/\" \/>\n<meta property=\"og:site_name\" content=\"CanadaMotorJobs.com\" \/>\n<meta property=\"article:publisher\" content=\"https:\/\/www.facebook.com\/canadamotorjobs\/\" \/>\n<meta property=\"article:published_time\" content=\"2024-08-26T12:14:52+00:00\" \/>\n<meta property=\"article:modified_time\" content=\"2024-08-26T12:21:53+00:00\" \/>\n<meta property=\"og:image\" content=\"https:\/\/news.canadamotorjobs.com\/wp-content\/uploads\/2024\/08\/32077.jpg\" \/>\n\t<meta property=\"og:image:width\" content=\"700\" \/>\n\t<meta property=\"og:image:height\" content=\"443\" \/>\n\t<meta property=\"og:image:type\" content=\"image\/jpeg\" \/>\n<meta name=\"author\" content=\"Benoit Charette\" \/>\n<meta name=\"twitter:card\" content=\"summary_large_image\" \/>\n<meta name=\"twitter:creator\" content=\"@canadamotorjobs\" \/>\n<meta name=\"twitter:site\" content=\"@canadamotorjobs\" \/>\n<meta name=\"twitter:label1\" content=\"\u00c9crit par\" \/>\n\t<meta name=\"twitter:data1\" content=\"Benoit Charette\" \/>\n\t<meta name=\"twitter:label2\" content=\"Estimation du temps de lecture\" \/>\n\t<meta name=\"twitter:data2\" content=\"2 minutes\" \/>\n<!-- \/ Yoast SEO plugin. -->","yoast_head_json":{"title":"Incendie dans le stationnement de l\u2019usine Rivian - CanadaMotorJobs.com","description":"Incendie dans le stationnement de l\u2019usine Rivian - Benoit Charette - Annuel automobile - CanadaMotorJobs.com.","robots":{"index":"index","follow":"follow","max-snippet":"max-snippet:-1","max-image-preview":"max-image-preview:large","max-video-preview":"max-video-preview:-1"},"og_locale":"fr_CA","og_type":"article","og_title":"Incendie dans le stationnement de l\u2019usine Rivian - CanadaMotorJobs.com","og_description":"Incendie dans le stationnement de l\u2019usine Rivian - Benoit Charette - Annuel automobile - CanadaMotorJobs.com.","og_url":"https:\/\/news.canadamotorjobs.com\/fr\/incendie-dans-le-stationnement-de-lusine-rivian\/","og_site_name":"CanadaMotorJobs.com","article_publisher":"https:\/\/www.facebook.com\/canadamotorjobs\/","article_published_time":"2024-08-26T12:14:52+00:00","article_modified_time":"2024-08-26T12:21:53+00:00","og_image":[{"width":700,"height":443,"url":"https:\/\/news.canadamotorjobs.com\/wp-content\/uploads\/2024\/08\/32077.jpg","type":"image\/jpeg"}],"author":"Benoit Charette","twitter_card":"summary_large_image","twitter_creator":"@canadamotorjobs","twitter_site":"@canadamotorjobs","twitter_misc":{"\u00c9crit par":"Benoit Charette","Estimation du temps de lecture":"2 minutes"},"schema":{"@context":"https:\/\/schema.org","@graph":[{"@type":"Article","@id":"https:\/\/news.canadamotorjobs.com\/fr\/incendie-dans-le-stationnement-de-lusine-rivian\/#article","isPartOf":{"@id":"https:\/\/news.canadamotorjobs.com\/fr\/incendie-dans-le-stationnement-de-lusine-rivian\/"},"author":{"name":"Benoit Charette","@id":"https:\/\/news.canadamotorjobs.com\/#\/schema\/person\/51793d1f87d44011d7bcc2ed99269a90"},"headline":"Incendie dans le stationnement de l\u2019usine Rivian","datePublished":"2024-08-26T12:14:52+00:00","dateModified":"2024-08-26T12:21:53+00:00","mainEntityOfPage":{"@id":"https:\/\/news.canadamotorjobs.com\/fr\/incendie-dans-le-stationnement-de-lusine-rivian\/"},"wordCount":496,"publisher":{"@id":"https:\/\/news.canadamotorjobs.com\/#organization"},"image":{"@id":"https:\/\/news.canadamotorjobs.com\/fr\/incendie-dans-le-stationnement-de-lusine-rivian\/#primaryimage"},"thumbnailUrl":"https:\/\/news.canadamotorjobs.com\/wp-content\/uploads\/2024\/08\/32077.jpg","articleSection":["Annuel automobile"],"inLanguage":"fr-CA"},{"@type":"WebPage","@id":"https:\/\/news.canadamotorjobs.com\/fr\/incendie-dans-le-stationnement-de-lusine-rivian\/","url":"https:\/\/news.canadamotorjobs.com\/fr\/incendie-dans-le-stationnement-de-lusine-rivian\/","name":"Incendie dans le stationnement de l\u2019usine Rivian - CanadaMotorJobs.com","isPartOf":{"@id":"https:\/\/news.canadamotorjobs.com\/#website"},"primaryImageOfPage":{"@id":"https:\/\/news.canadamotorjobs.com\/fr\/incendie-dans-le-stationnement-de-lusine-rivian\/#primaryimage"},"image":{"@id":"https:\/\/news.canadamotorjobs.com\/fr\/incendie-dans-le-stationnement-de-lusine-rivian\/#primaryimage"},"thumbnailUrl":"https:\/\/news.canadamotorjobs.com\/wp-content\/uploads\/2024\/08\/32077.jpg","datePublished":"2024-08-26T12:14:52+00:00","dateModified":"2024-08-26T12:21:53+00:00","description":"Incendie dans le stationnement de l\u2019usine Rivian - Benoit Charette - Annuel automobile - CanadaMotorJobs.com.","breadcrumb":{"@id":"https:\/\/news.canadamotorjobs.com\/fr\/incendie-dans-le-stationnement-de-lusine-rivian\/#breadcrumb"},"inLanguage":"fr-CA","potentialAction":[{"@type":"ReadAction","target":["https:\/\/news.canadamotorjobs.com\/fr\/incendie-dans-le-stationnement-de-lusine-rivian\/"]}]},{"@type":"ImageObject","inLanguage":"fr-CA","@id":"https:\/\/news.canadamotorjobs.com\/fr\/incendie-dans-le-stationnement-de-lusine-rivian\/#primaryimage","url":"https:\/\/news.canadamotorjobs.com\/wp-content\/uploads\/2024\/08\/32077.jpg","contentUrl":"https:\/\/news.canadamotorjobs.com\/wp-content\/uploads\/2024\/08\/32077.jpg","width":700,"height":443},{"@type":"BreadcrumbList","@id":"https:\/\/news.canadamotorjobs.com\/fr\/incendie-dans-le-stationnement-de-lusine-rivian\/#breadcrumb","itemListElement":[{"@type":"ListItem","position":1,"name":"Home","item":"https:\/\/news.canadamotorjobs.com\/fr\/blog\/"},{"@type":"ListItem","position":2,"name":"Incendie dans le stationnement de l\u2019usine Rivian"}]},{"@type":"WebSite","@id":"https:\/\/news.canadamotorjobs.com\/#website","url":"https:\/\/news.canadamotorjobs.com\/","name":"CanadaMotorJobs.com","description":"Automotive Jobs","publisher":{"@id":"https:\/\/news.canadamotorjobs.com\/#organization"},"potentialAction":[{"@type":"SearchAction","target":{"@type":"EntryPoint","urlTemplate":"https:\/\/news.canadamotorjobs.com\/?s={search_term_string}"},"query-input":"required name=search_term_string"}],"inLanguage":"fr-CA"},{"@type":"Organization","@id":"https:\/\/news.canadamotorjobs.com\/#organization","name":"Canada Motor Jobs","url":"https:\/\/news.canadamotorjobs.com\/","logo":{"@type":"ImageObject","inLanguage":"fr-CA","@id":"https:\/\/news.canadamotorjobs.com\/#\/schema\/logo\/image\/","url":"https:\/\/news.canadamotorjobs.com\/wp-content\/uploads\/2022\/10\/logo-canada-motor-jobs-1.png","contentUrl":"https:\/\/news.canadamotorjobs.com\/wp-content\/uploads\/2022\/10\/logo-canada-motor-jobs-1.png","width":800,"height":400,"caption":"Canada Motor Jobs"},"image":{"@id":"https:\/\/news.canadamotorjobs.com\/#\/schema\/logo\/image\/"},"sameAs":["https:\/\/www.facebook.com\/canadamotorjobs\/","https:\/\/x.com\/canadamotorjobs","https:\/\/www.instagram.com\/canadamotorjobs\/","https:\/\/www.linkedin.com\/company\/canadamotorjobs"]},{"@type":"Person","@id":"https:\/\/news.canadamotorjobs.com\/#\/schema\/person\/51793d1f87d44011d7bcc2ed99269a90","name":"Benoit Charette","image":{"@type":"ImageObject","inLanguage":"fr-CA","@id":"https:\/\/news.canadamotorjobs.com\/#\/schema\/person\/image\/","url":"https:\/\/secure.gravatar.com\/avatar\/45f3d2eebcccd909668d7ce7ea7267b6?s=96&d=mm&r=g","contentUrl":"https:\/\/secure.gravatar.com\/avatar\/45f3d2eebcccd909668d7ce7ea7267b6?s=96&d=mm&r=g","caption":"Benoit Charette"},"description":"Benoit Charette \/ Propri\u00e9taire et r\u00e9dacteur en chef Benoit Charette pratique le journalisme automobile depuis bient\u00f4t 30 ans. Il a fait ses classes au c\u00f4t\u00e9 de Daniel H\u00e9raud et au Carnet de route de 1992 \u00e0 2001. Il est fondateur, copropri\u00e9taire et r\u00e9dacteur en chef de L\u2019Annuel de l\u2019automobile, qu\u2019il publie depuis 2001. Il a anim\u00e9 les \u00e9missions RPM et RPM+ sur V et les L\u00e9gendes de la route sur Historia. \u00c0 la radio depuis 1986, il reprend l\u2019antenne cette ann\u00e9e sur les ondes de Cogeco et participe pour la deuxi\u00e8me ann\u00e9e \u00e0 l\u2019\u00e9mission Passion Auto sur RDS en plus de mettre en ligne le site Web officiel de L\u2019Annuel de l\u2019automobile sur annuelauto.ca.","sameAs":["https:\/\/annuelauto.ca\/"],"url":"https:\/\/news.canadamotorjobs.com\/fr\/author\/benoit-charette\/"}]}},"_links":{"self":[{"href":"https:\/\/news.canadamotorjobs.com\/fr\/wp-json\/wp\/v2\/posts\/171292"}],"collection":[{"href":"https:\/\/news.canadamotorjobs.com\/fr\/wp-json\/wp\/v2\/posts"}],"about":[{"href":"https:\/\/news.canadamotorjobs.com\/fr\/wp-json\/wp\/v2\/types\/post"}],"author":[{"embeddable":true,"href":"https:\/\/news.canadamotorjobs.com\/fr\/wp-json\/wp\/v2\/users\/8"}],"replies":[{"embeddable":true,"href":"https:\/\/news.canadamotorjobs.com\/fr\/wp-json\/wp\/v2\/comments?post=171292"}],"version-history":[{"count":2,"href":"https:\/\/news.canadamotorjobs.com\/fr\/wp-json\/wp\/v2\/posts\/171292\/revisions"}],"predecessor-version":[{"id":171296,"href":"https:\/\/news.canadamotorjobs.com\/fr\/wp-json\/wp\/v2\/posts\/171292\/revisions\/171296"}],"wp:featuredmedia":[{"embeddable":true,"href":"https:\/\/news.canadamotorjobs.com\/fr\/wp-json\/wp\/v2\/media\/171294"}],"wp:attachment":[{"href":"https:\/\/news.canadamotorjobs.com\/fr\/wp-json\/wp\/v2\/media?parent=171292"}],"wp:term":[{"taxonomy":"category","embeddable":true,"href":"https:\/\/news.canadamotorjobs.com\/fr\/wp-json\/wp\/v2\/categories?post=171292"},{"taxonomy":"post_tag","embeddable":true,"href":"https:\/\/news.canadamotorjobs.com\/fr\/wp-json\/wp\/v2\/tags?post=171292"}],"curies":[{"name":"wp","href":"https:\/\/api.w.org\/{rel}","templated":true}]}}