{"id":171277,"date":"2024-08-26T07:46:30","date_gmt":"2024-08-26T11:46:30","guid":{"rendered":"https:\/\/news.canadamotorjobs.com\/?p=171277"},"modified":"2024-08-26T07:47:05","modified_gmt":"2024-08-26T11:47:05","slug":"capacite-hors-route-accrue-pour-le-bronco-sport-2025","status":"publish","type":"post","link":"https:\/\/news.canadamotorjobs.com\/fr\/capacite-hors-route-accrue-pour-le-bronco-sport-2025\/","title":{"rendered":"Capacit\u00e9 hors-route accrue pour le Bronco Sport 2025"},"content":{"rendered":"<\/p>\n<p>Le Bronco Sport pr\u00e9sente son tout premier ensemble tout-terrain Sasquatch. Cet ensemble offre une capacit\u00e9 tout-terrain de niveau sup\u00e9rieur. Disponible pour les mod\u00e8les Bronco Sport Outer Banks de 1,5 litre et Badlands de 2,0 litres, l\u2019ensemble Sasquatch offre une conduite tout-terrain encore plus confiante gr\u00e2ce \u00e0 une unit\u00e9 de transmission arri\u00e8re \u00e0 double embrayage ultra-robuste et un diff\u00e9rentiel arri\u00e8re bloquant, d\u00e9sormais disponibles pour la premi\u00e8re fois sur les mod\u00e8les Bronco Sport Outer Banks.<\/p>\n<h3>Des pneus plus grands<\/h3>\n<p>\nL\u2019ensemble Sasquatch roule sur des pneus Goodyear Territory tout-terrain de 29 pouces, les plus grands de leur cat\u00e9gorie. Ces pneus, d\u00e9velopp\u00e9s sp\u00e9cifiquement pour le Bronco Sport, ont \u00e9t\u00e9 adapt\u00e9s du mod\u00e8le Bronco avec un design de bande de roulement ouverte et des flancs renforc\u00e9s pour fournir une traction sur une vari\u00e9t\u00e9 de surfaces.<\/p>\n<h3><strong>Conduite tout-terrain de haut niveau<\/strong><\/h3>\n<p>\nLe Bronco Sport Badlands et le Badlands avec le l\u2019ensemble Sasquatch sont particuli\u00e8rement performants gr\u00e2ce \u00e0 un nouveau mode de gestion du terrain nomm\u00e9 \u00ab Rallye \u00bb. Ce mode offre plus de confiance \u00e0 des vitesses plus \u00e9lev\u00e9es dans le sable en maintenant les vitesses de la transmission plus longtemps pour une puissance accrue \u00e0 la demande, affinant ainsi la r\u00e9ponse de l&#8217;acc\u00e9l\u00e9rateur et augmentant le retour d&#8217;information par la direction. En plus des modes de gestion du terrain, le Bronco Sport ajoute des technologies tout-terrain exclusives \u00e0 la cat\u00e9gorie, inspir\u00e9es de la famille de v\u00e9hicules tout-terrain haute performance Bronco et Raptor. La conduite \u00e0 une p\u00e9dale sur sentier, combin\u00e9e au syst\u00e8me de contr\u00f4le de sentier, offre un comportement plus pr\u00e9cis et plus confiant lors de la mont\u00e9e en terrain rocheux.<\/p>\n<h3><strong>Arriv\u00e9e pr\u00e9vue en fin d&#8217;ann\u00e9e<\/strong><\/h3>\n<p>\nLes mod\u00e8les Bronco Sport Big Bend, Outer Banks et Badlands 2025 seront disponibles chez les concessionnaires en novembre. Le Bronco Sport avec le pack Sasquatch arrivera au premier trimestre 2025. Les prix seront annonc\u00e9s \u00e0 l&#8217;approche de la date de mise en vente.<\/p>\n<p>\u00a0<\/p>\n<p>Le texte <a rel=\"nofollow\" href=\"https:\/\/annuelauto.ca\/capacite-hors-route-accrue-pour-le-bronco-sport-2025\/\">Capacit\u00e9 hors-route accrue pour le Bronco Sport 2025<\/a> provient de <a rel=\"nofollow\" href=\"https:\/\/annuelauto.ca\">L&#8217;annuel de l&#8217;automobile &#8211; Actualit\u00e9 automobile<\/a><\/p>\n<p><\/p>\n","protected":false},"excerpt":{"rendered":"<p>Le Bronco Sport pr\u00e9sente son tout premier ensemble tout-terrain Sasquatch. Cet ensemble offre une capacit\u00e9 tout-terrain de niveau sup\u00e9rieur. Disponible pour les mod\u00e8les Bronco Sport Outer Banks de 1,5 litre et Badlands de 2,0 litres, l\u2019ensemble Sasquatch offre une conduite tout-terrain encore plus confiante gr\u00e2ce \u00e0 une unit\u00e9 de transmission arri\u00e8re \u00e0 double embrayage ultra-robuste [&hellip;]<\/p>\n","protected":false},"author":8,"featured_media":171279,"comment_status":"close","ping_status":"closed","sticky":false,"template":"","format":"standard","meta":{"_monsterinsights_skip_tracking":false,"_monsterinsights_sitenote_active":false,"_monsterinsights_sitenote_note":"","_monsterinsights_sitenote_category":0,"footnotes":""},"categories":[101],"tags":[],"yoast_head":"<!-- This site is optimized with the Yoast SEO plugin v23.2 - https:\/\/yoast.com\/wordpress\/plugins\/seo\/ -->\n<title>Capacit\u00e9 hors-route accrue pour le Bronco Sport 2025 - CanadaMotorJobs.com<\/title>\n<meta name=\"description\" content=\"Capacit\u00e9 hors-route accrue pour le Bronco Sport 2025 - Benoit Charette - Annuel automobile - CanadaMotorJobs.com.\" \/>\n<meta name=\"robots\" content=\"index, follow, max-snippet:-1, max-image-preview:large, max-video-preview:-1\" \/>\n<meta property=\"og:locale\" content=\"fr_CA\" \/>\n<meta property=\"og:type\" content=\"article\" \/>\n<meta property=\"og:title\" content=\"Capacit\u00e9 hors-route accrue pour le Bronco Sport 2025 - CanadaMotorJobs.com\" \/>\n<meta property=\"og:description\" content=\"Capacit\u00e9 hors-route accrue pour le Bronco Sport 2025 - Benoit Charette - Annuel automobile - CanadaMotorJobs.com.\" \/>\n<meta property=\"og:url\" content=\"https:\/\/news.canadamotorjobs.com\/fr\/capacite-hors-route-accrue-pour-le-bronco-sport-2025\/\" \/>\n<meta property=\"og:site_name\" content=\"CanadaMotorJobs.com\" \/>\n<meta property=\"article:publisher\" content=\"https:\/\/www.facebook.com\/canadamotorjobs\/\" \/>\n<meta property=\"article:published_time\" content=\"2024-08-26T11:46:30+00:00\" \/>\n<meta property=\"article:modified_time\" content=\"2024-08-26T11:47:05+00:00\" \/>\n<meta property=\"og:image\" content=\"https:\/\/news.canadamotorjobs.com\/wp-content\/uploads\/2024\/08\/Black-Diamond.jpg\" \/>\n\t<meta property=\"og:image:width\" content=\"739\" \/>\n\t<meta property=\"og:image:height\" content=\"496\" \/>\n\t<meta property=\"og:image:type\" content=\"image\/jpeg\" \/>\n<meta name=\"author\" content=\"Benoit Charette\" \/>\n<meta name=\"twitter:card\" content=\"summary_large_image\" \/>\n<meta name=\"twitter:creator\" content=\"@canadamotorjobs\" \/>\n<meta name=\"twitter:site\" content=\"@canadamotorjobs\" \/>\n<meta name=\"twitter:label1\" content=\"\u00c9crit par\" \/>\n\t<meta name=\"twitter:data1\" content=\"Benoit Charette\" \/>\n\t<meta name=\"twitter:label2\" content=\"Estimation du temps de lecture\" \/>\n\t<meta name=\"twitter:data2\" content=\"2 minutes\" \/>\n<!-- \/ Yoast SEO plugin. -->","yoast_head_json":{"title":"Capacit\u00e9 hors-route accrue pour le Bronco Sport 2025 - CanadaMotorJobs.com","description":"Capacit\u00e9 hors-route accrue pour le Bronco Sport 2025 - Benoit Charette - Annuel automobile - CanadaMotorJobs.com.","robots":{"index":"index","follow":"follow","max-snippet":"max-snippet:-1","max-image-preview":"max-image-preview:large","max-video-preview":"max-video-preview:-1"},"og_locale":"fr_CA","og_type":"article","og_title":"Capacit\u00e9 hors-route accrue pour le Bronco Sport 2025 - CanadaMotorJobs.com","og_description":"Capacit\u00e9 hors-route accrue pour le Bronco Sport 2025 - Benoit Charette - Annuel automobile - CanadaMotorJobs.com.","og_url":"https:\/\/news.canadamotorjobs.com\/fr\/capacite-hors-route-accrue-pour-le-bronco-sport-2025\/","og_site_name":"CanadaMotorJobs.com","article_publisher":"https:\/\/www.facebook.com\/canadamotorjobs\/","article_published_time":"2024-08-26T11:46:30+00:00","article_modified_time":"2024-08-26T11:47:05+00:00","og_image":[{"width":739,"height":496,"url":"https:\/\/news.canadamotorjobs.com\/wp-content\/uploads\/2024\/08\/Black-Diamond.jpg","type":"image\/jpeg"}],"author":"Benoit Charette","twitter_card":"summary_large_image","twitter_creator":"@canadamotorjobs","twitter_site":"@canadamotorjobs","twitter_misc":{"\u00c9crit par":"Benoit Charette","Estimation du temps de lecture":"2 minutes"},"schema":{"@context":"https:\/\/schema.org","@graph":[{"@type":"Article","@id":"https:\/\/news.canadamotorjobs.com\/fr\/capacite-hors-route-accrue-pour-le-bronco-sport-2025\/#article","isPartOf":{"@id":"https:\/\/news.canadamotorjobs.com\/fr\/capacite-hors-route-accrue-pour-le-bronco-sport-2025\/"},"author":{"name":"Benoit Charette","@id":"https:\/\/news.canadamotorjobs.com\/#\/schema\/person\/51793d1f87d44011d7bcc2ed99269a90"},"headline":"Capacit\u00e9 hors-route accrue pour le Bronco Sport 2025","datePublished":"2024-08-26T11:46:30+00:00","dateModified":"2024-08-26T11:47:05+00:00","mainEntityOfPage":{"@id":"https:\/\/news.canadamotorjobs.com\/fr\/capacite-hors-route-accrue-pour-le-bronco-sport-2025\/"},"wordCount":370,"publisher":{"@id":"https:\/\/news.canadamotorjobs.com\/#organization"},"image":{"@id":"https:\/\/news.canadamotorjobs.com\/fr\/capacite-hors-route-accrue-pour-le-bronco-sport-2025\/#primaryimage"},"thumbnailUrl":"https:\/\/news.canadamotorjobs.com\/wp-content\/uploads\/2024\/08\/Black-Diamond.jpg","articleSection":["Annuel automobile"],"inLanguage":"fr-CA"},{"@type":"WebPage","@id":"https:\/\/news.canadamotorjobs.com\/fr\/capacite-hors-route-accrue-pour-le-bronco-sport-2025\/","url":"https:\/\/news.canadamotorjobs.com\/fr\/capacite-hors-route-accrue-pour-le-bronco-sport-2025\/","name":"Capacit\u00e9 hors-route accrue pour le Bronco Sport 2025 - CanadaMotorJobs.com","isPartOf":{"@id":"https:\/\/news.canadamotorjobs.com\/#website"},"primaryImageOfPage":{"@id":"https:\/\/news.canadamotorjobs.com\/fr\/capacite-hors-route-accrue-pour-le-bronco-sport-2025\/#primaryimage"},"image":{"@id":"https:\/\/news.canadamotorjobs.com\/fr\/capacite-hors-route-accrue-pour-le-bronco-sport-2025\/#primaryimage"},"thumbnailUrl":"https:\/\/news.canadamotorjobs.com\/wp-content\/uploads\/2024\/08\/Black-Diamond.jpg","datePublished":"2024-08-26T11:46:30+00:00","dateModified":"2024-08-26T11:47:05+00:00","description":"Capacit\u00e9 hors-route accrue pour le Bronco Sport 2025 - Benoit Charette - Annuel automobile - CanadaMotorJobs.com.","breadcrumb":{"@id":"https:\/\/news.canadamotorjobs.com\/fr\/capacite-hors-route-accrue-pour-le-bronco-sport-2025\/#breadcrumb"},"inLanguage":"fr-CA","potentialAction":[{"@type":"ReadAction","target":["https:\/\/news.canadamotorjobs.com\/fr\/capacite-hors-route-accrue-pour-le-bronco-sport-2025\/"]}]},{"@type":"ImageObject","inLanguage":"fr-CA","@id":"https:\/\/news.canadamotorjobs.com\/fr\/capacite-hors-route-accrue-pour-le-bronco-sport-2025\/#primaryimage","url":"https:\/\/news.canadamotorjobs.com\/wp-content\/uploads\/2024\/08\/Black-Diamond.jpg","contentUrl":"https:\/\/news.canadamotorjobs.com\/wp-content\/uploads\/2024\/08\/Black-Diamond.jpg","width":739,"height":496},{"@type":"BreadcrumbList","@id":"https:\/\/news.canadamotorjobs.com\/fr\/capacite-hors-route-accrue-pour-le-bronco-sport-2025\/#breadcrumb","itemListElement":[{"@type":"ListItem","position":1,"name":"Home","item":"https:\/\/news.canadamotorjobs.com\/fr\/blog\/"},{"@type":"ListItem","position":2,"name":"Capacit\u00e9 hors-route accrue pour le Bronco Sport 2025"}]},{"@type":"WebSite","@id":"https:\/\/news.canadamotorjobs.com\/#website","url":"https:\/\/news.canadamotorjobs.com\/","name":"CanadaMotorJobs.com","description":"Automotive Jobs","publisher":{"@id":"https:\/\/news.canadamotorjobs.com\/#organization"},"potentialAction":[{"@type":"SearchAction","target":{"@type":"EntryPoint","urlTemplate":"https:\/\/news.canadamotorjobs.com\/?s={search_term_string}"},"query-input":"required name=search_term_string"}],"inLanguage":"fr-CA"},{"@type":"Organization","@id":"https:\/\/news.canadamotorjobs.com\/#organization","name":"Canada Motor Jobs","url":"https:\/\/news.canadamotorjobs.com\/","logo":{"@type":"ImageObject","inLanguage":"fr-CA","@id":"https:\/\/news.canadamotorjobs.com\/#\/schema\/logo\/image\/","url":"https:\/\/news.canadamotorjobs.com\/wp-content\/uploads\/2022\/10\/logo-canada-motor-jobs-1.png","contentUrl":"https:\/\/news.canadamotorjobs.com\/wp-content\/uploads\/2022\/10\/logo-canada-motor-jobs-1.png","width":800,"height":400,"caption":"Canada Motor Jobs"},"image":{"@id":"https:\/\/news.canadamotorjobs.com\/#\/schema\/logo\/image\/"},"sameAs":["https:\/\/www.facebook.com\/canadamotorjobs\/","https:\/\/x.com\/canadamotorjobs","https:\/\/www.instagram.com\/canadamotorjobs\/","https:\/\/www.linkedin.com\/company\/canadamotorjobs"]},{"@type":"Person","@id":"https:\/\/news.canadamotorjobs.com\/#\/schema\/person\/51793d1f87d44011d7bcc2ed99269a90","name":"Benoit Charette","image":{"@type":"ImageObject","inLanguage":"fr-CA","@id":"https:\/\/news.canadamotorjobs.com\/#\/schema\/person\/image\/","url":"https:\/\/secure.gravatar.com\/avatar\/45f3d2eebcccd909668d7ce7ea7267b6?s=96&d=mm&r=g","contentUrl":"https:\/\/secure.gravatar.com\/avatar\/45f3d2eebcccd909668d7ce7ea7267b6?s=96&d=mm&r=g","caption":"Benoit Charette"},"description":"Benoit Charette \/ Propri\u00e9taire et r\u00e9dacteur en chef Benoit Charette pratique le journalisme automobile depuis bient\u00f4t 30 ans. Il a fait ses classes au c\u00f4t\u00e9 de Daniel H\u00e9raud et au Carnet de route de 1992 \u00e0 2001. Il est fondateur, copropri\u00e9taire et r\u00e9dacteur en chef de L\u2019Annuel de l\u2019automobile, qu\u2019il publie depuis 2001. Il a anim\u00e9 les \u00e9missions RPM et RPM+ sur V et les L\u00e9gendes de la route sur Historia. \u00c0 la radio depuis 1986, il reprend l\u2019antenne cette ann\u00e9e sur les ondes de Cogeco et participe pour la deuxi\u00e8me ann\u00e9e \u00e0 l\u2019\u00e9mission Passion Auto sur RDS en plus de mettre en ligne le site Web officiel de L\u2019Annuel de l\u2019automobile sur annuelauto.ca.","sameAs":["https:\/\/annuelauto.ca\/"],"url":"https:\/\/news.canadamotorjobs.com\/fr\/author\/benoit-charette\/"}]}},"_links":{"self":[{"href":"https:\/\/news.canadamotorjobs.com\/fr\/wp-json\/wp\/v2\/posts\/171277"}],"collection":[{"href":"https:\/\/news.canadamotorjobs.com\/fr\/wp-json\/wp\/v2\/posts"}],"about":[{"href":"https:\/\/news.canadamotorjobs.com\/fr\/wp-json\/wp\/v2\/types\/post"}],"author":[{"embeddable":true,"href":"https:\/\/news.canadamotorjobs.com\/fr\/wp-json\/wp\/v2\/users\/8"}],"replies":[{"embeddable":true,"href":"https:\/\/news.canadamotorjobs.com\/fr\/wp-json\/wp\/v2\/comments?post=171277"}],"version-history":[{"count":2,"href":"https:\/\/news.canadamotorjobs.com\/fr\/wp-json\/wp\/v2\/posts\/171277\/revisions"}],"predecessor-version":[{"id":171281,"href":"https:\/\/news.canadamotorjobs.com\/fr\/wp-json\/wp\/v2\/posts\/171277\/revisions\/171281"}],"wp:featuredmedia":[{"embeddable":true,"href":"https:\/\/news.canadamotorjobs.com\/fr\/wp-json\/wp\/v2\/media\/171279"}],"wp:attachment":[{"href":"https:\/\/news.canadamotorjobs.com\/fr\/wp-json\/wp\/v2\/media?parent=171277"}],"wp:term":[{"taxonomy":"category","embeddable":true,"href":"https:\/\/news.canadamotorjobs.com\/fr\/wp-json\/wp\/v2\/categories?post=171277"},{"taxonomy":"post_tag","embeddable":true,"href":"https:\/\/news.canadamotorjobs.com\/fr\/wp-json\/wp\/v2\/tags?post=171277"}],"curies":[{"name":"wp","href":"https:\/\/api.w.org\/{rel}","templated":true}]}}