{"id":171258,"date":"2024-08-24T13:19:29","date_gmt":"2024-08-24T17:19:29","guid":{"rendered":"https:\/\/news.canadamotorjobs.com\/?p=171258"},"modified":"2024-08-24T14:16:43","modified_gmt":"2024-08-24T18:16:43","slug":"walt-disney-a-participe-au-lancement-de-la-ford-mustang-en-1964","status":"publish","type":"post","link":"https:\/\/news.canadamotorjobs.com\/fr\/walt-disney-a-participe-au-lancement-de-la-ford-mustang-en-1964\/","title":{"rendered":"Walt Disney a particip\u00e9 au lancement de la Ford Mustang en 1964"},"content":{"rendered":"<\/p>\n<p>L\u2019apparition d\u2019une \u00e9dition \u00ab\u00a0<a href=\"https:\/\/annuelauto.ca\/on-celebre-les-60-ans-de-la-ford-mustang-un-peu-partout-sur-la-planete\/\" target=\"_blank\" rel=\"noopener noreferrer\">60e\u00a0anniversaire<\/a>\u00a0\u00bb de la Mustang dans le catalogue des produits 2025 de Ford donne l\u2019impression que le premier <em>pony car<\/em> de l\u2019histoire a \u00e9t\u00e9 lanc\u00e9 en 1965. Mais c\u2019est bien en 1964 qu\u2019il a fait ses d\u00e9buts. Et Walt\u00a0Disney \u00e9tait de la partie\u00a0!<\/p>\n<p>Dans un communiqu\u00e9 diffus\u00e9 le 6\u00a0f\u00e9vrier\u00a01964, <a href=\"https:\/\/annuelauto.ca\/15-octobre-1924-lee-iacocca-voit-le-jour\/\" target=\"_blank\" rel=\"noopener noreferrer\">Lee\u00a0Iacocca<\/a>, alors vice-pr\u00e9sident de la Ford Motor Company, annonce\u00a0: \u00ab\u00a0La division Ford a confirm\u00e9 aujourd\u2019hui qu\u2019elle lancera une nouvelle gamme de voitures ce printemps \u2026 [qui] s\u2019appellera Mustang. \u2026 Aucun autre d\u00e9tail sur la nouvelle gamme de voitures ne sera r\u00e9v\u00e9l\u00e9 avant son lancement public.\u00a0\u00bb<\/p>\n<p>Ce qui a suivi a \u00e9t\u00e9 l\u2019un des plus grands projets de mise en march\u00e9 d\u2019une nouvelle auto de l\u2019histoire. En d\u00e9veloppement depuis 1961, la Mustang a \u00e9t\u00e9 montr\u00e9e pr\u00e9sent\u00e9e au grand public \u00e0 partir du d\u00e9but de 1964 \u00e0 l\u2019aide de panneaux d\u2019affichage routiers, d\u2019\u00e9missions sp\u00e9ciales \u00e0 la t\u00e9l\u00e9vision, de publicit\u00e9s dans les m\u00e9dias imprim\u00e9s, sans oublier les pr\u00e9sentations priv\u00e9es servant \u00e0 l\u2019exposer \u00e0 des acheteurs potentiels.<\/p>\n<p>Puis, celle qui est devenue une ic\u00f4ne de Ford a \u00e9t\u00e9 d\u00e9voil\u00e9e en <a href=\"https:\/\/annuelauto.ca\/17-avril-1955-lancement-de-la-ford-mustang\/\" target=\"_blank\" rel=\"noopener noreferrer\">avril 1964<\/a>\u00a0: d\u2019abord \u00e0 la presse le 14 avril, puis au grand public le 17 avril. Ces d\u00e9voilements officiels ont eu lieu dans le cadre de l\u2019Exposition universelle de New York, au pavillon Ford qu\u2019on surnommait aussi <em>Wonder Rotunda<\/em> \u2014 la Rotonde des merveilles. Des Mustang expos\u00e9es sous des arches, \u00e0 l\u2019ext\u00e9rieur du pavillon, donnaient d\u2019ailleurs \u00e0 ses visiteurs un avant-go\u00fbt des nouveaut\u00e9s qu\u2019ils d\u00e9couvriraient \u00e0 l\u2019int\u00e9rieur.<\/p>\n<h3><strong>Projet titanesque r\u00e9alis\u00e9 par l\u2019entreprise de Disney<\/strong><\/h3>\n<p>\nC\u2019est l\u00e0 que Walt Disney et son entreprise entrent en sc\u00e8ne. Un des communiqu\u00e9s de l\u2019\u00e9pais dossier de presse remis par Ford aux journalistes, le 14 avril, explique que ce \u00ab\u00a0ma\u00eetre du spectacle\u00a0\u00bb est celui qui a imagin\u00e9 les attractions de la Rotonde.<\/p>\n<p>\u00ab\u00a0La touche Disney est pr\u00e9sente presque partout dans le pavillon Ford. D\u00e8s l&#8217;entr\u00e9e, les visiteurs sont entour\u00e9s de \u00ab jardins internationaux \u00bb cr\u00e9\u00e9s par Disney\u00a0: des reproductions miniatures provenant de toutes les nations, avec des touches d&#8217;animation qui donnent vie aux l\u00e9gendes et aux monuments. Puis, le <em>Magic Skyway<\/em> m\u00e8ne les visiteurs de l&#8217;aube de l&#8217;histoire au seuil de l\u2019avenir dans un tunnel du temps, \u00e0 bord de nouvelles d\u00e9capotables de Ford. Tableau apr\u00e8s tableau, de l&#8217;\u00e2ge des dinosaures \u00e0 l&#8217;\u00e8re de l&#8217;homme des cavernes, jusqu\u2019\u00e0 la Cit\u00e9 spatiale, ce voyage dans le temps est rendu possible par une technologie moderne appel\u00e9e \u2018\u2018audioanimatronique\u2019\u2019\u00a0\u00bb.<\/p>\n<p>La Magic Skyway a \u00e9t\u00e9 sans contredit l\u2019attraction vedette de ce pavillon. Sur cette route automatis\u00e9e circulaient de mani\u00e8re autonome une vari\u00e9t\u00e9 de voitures d\u00e9capotables du constructeur. Un communiqu\u00e9 publi\u00e9 avant l\u2019inauguration du pavillon nous apprenait que des Ford Galaxie, Falcon, Thunderbird et Fairlane, des Mercury Comet et des Lincoln Continental serviraient \u00e0 cette attraction, mais ce n\u2019est qu\u2019\u00e0 la derni\u00e8re minute qu\u2019on a annonc\u00e9 qu\u2019il y aurait \u00e9galement des Mustang.<\/p>\n<h3><strong>Un kilom\u00e8tre et demi en Mustang d\u00e9capotable<\/strong><\/h3>\n<p>\nDouze Mustang, dont quatre des premiers mod\u00e8les de s\u00e9rie, faisaient partie de cette attraction con\u00e7ue par l\u2019entreprise de Disney. Confortablement assis \u00e0 bord de ces d\u00e9capotables, les visiteurs se d\u00e9pla\u00e7aient sur un parcours de pr\u00e8s d\u2019un kilom\u00e8tre et demi en douze minutes pour voir les robots animatroniques s\u2019animaient avec des mouvements fluides dans des d\u00e9cors \u00e9labor\u00e9s. Une bande sonore synchronis\u00e9e diffus\u00e9e par la radio\u00a0AM de la voiture d\u00e9crivait les diff\u00e9rents tableaux au son de la voix de Walt Disney. Cette vid\u00e9o donne une impression du spectacle auquel assistaient les visiteurs.<\/p>\n<p><\/p>\n<div class='avia-iframe-wrap'><iframe loading=\"lazy\" title=\"1964-65 NEW YORK WORLD&#039;S FAIR - Ford Magic Skyway\" width=\"1500\" height=\"844\" src=\"https:\/\/www.youtube.com\/embed\/R3YBrFk_OQQ?feature=oembed\" frameborder=\"0\" allow=\"accelerometer; autoplay; clipboard-write; encrypted-media; gyroscope; picture-in-picture; web-share\" referrerpolicy=\"strict-origin-when-cross-origin\" allowfullscreen><\/iframe><\/div>\n<p>\nTrois ann\u00e9es ont \u00e9t\u00e9 n\u00e9cessaires \u00e0 l\u2019entreprise de Disney pour construire le pavillon et ses attractions, et pr\u00e8s de 15\u00a0millions de visiteurs en ont fait l\u2019exp\u00e9rience. Pour plusieurs d\u2019entre eux, c\u2019\u00e9tait la premi\u00e8re occasion de se familiariser avec la Mustang, son int\u00e9rieur et ses diff\u00e9rents accessoires.<\/p>\n<p>M\u00eame si le pavillon Ford offrait aux visiteurs l\u2019occasion d\u2019admirer plusieurs voitures-concepts \u2014 \u00e0 l\u2019\u00e9poque, on les surnommait <em>dream cars<\/em> ou voitures de r\u00eaves \u2014 comme la Mustang I, la Cougar, la Cougar II , l\u2019Allegro et l\u2019Aurora, la Magic Skyway a n\u00e9anmoins vol\u00e9 la vedette. Ce fut d\u2019ailleurs l\u2019une des cinq attractions les plus fr\u00e9quent\u00e9es de l\u2019Exposition universelle de New York, et ce jusqu\u2019\u00e0 sa fermeture en octobre 1965.<\/p>\n<p><em>Photos : Ford<\/em><\/p>\n<p>Le texte <a rel=\"nofollow\" href=\"https:\/\/annuelauto.ca\/walt-disney-a-participe-au-lancement-de-la-ford-mustang-en-1964\/\">Walt Disney a particip\u00e9 au lancement de la Ford Mustang en 1964<\/a> provient de <a rel=\"nofollow\" href=\"https:\/\/annuelauto.ca\">L&#8217;annuel de l&#8217;automobile &#8211; Actualit\u00e9 automobile<\/a><\/p>\n<p><\/p>\n","protected":false},"excerpt":{"rendered":"<p>L\u2019apparition d\u2019une \u00e9dition \u00ab\u00a060e\u00a0anniversaire\u00a0\u00bb de la Mustang dans le catalogue des produits 2025 de Ford donne l\u2019impression que le premier pony car de l\u2019histoire a \u00e9t\u00e9 lanc\u00e9 en 1965. Mais c\u2019est bien en 1964 qu\u2019il a fait ses d\u00e9buts. Et Walt\u00a0Disney \u00e9tait de la partie\u00a0! Dans un communiqu\u00e9 diffus\u00e9 le 6\u00a0f\u00e9vrier\u00a01964, Lee\u00a0Iacocca, alors vice-pr\u00e9sident de [&hellip;]<\/p>\n","protected":false},"author":8,"featured_media":171260,"comment_status":"close","ping_status":"closed","sticky":false,"template":"","format":"standard","meta":{"_monsterinsights_skip_tracking":false,"_monsterinsights_sitenote_active":false,"_monsterinsights_sitenote_note":"","_monsterinsights_sitenote_category":0,"footnotes":""},"categories":[101],"tags":[],"yoast_head":"<!-- This site is optimized with the Yoast SEO plugin v23.2 - https:\/\/yoast.com\/wordpress\/plugins\/seo\/ -->\n<title>Walt Disney a particip\u00e9 au lancement de la Ford Mustang en 1964 - CanadaMotorJobs.com<\/title>\n<meta name=\"description\" content=\"Walt Disney a particip\u00e9 au lancement de la Ford Mustang en 1964 - Benoit Charette - Annuel automobile - CanadaMotorJobs.com.\" \/>\n<meta name=\"robots\" content=\"index, follow, max-snippet:-1, max-image-preview:large, max-video-preview:-1\" \/>\n<meta property=\"og:locale\" content=\"fr_CA\" \/>\n<meta property=\"og:type\" content=\"article\" \/>\n<meta property=\"og:title\" content=\"Walt Disney a particip\u00e9 au lancement de la Ford Mustang en 1964 - CanadaMotorJobs.com\" \/>\n<meta property=\"og:description\" content=\"Walt Disney a particip\u00e9 au lancement de la Ford Mustang en 1964 - Benoit Charette - Annuel automobile - CanadaMotorJobs.com.\" \/>\n<meta property=\"og:url\" content=\"https:\/\/news.canadamotorjobs.com\/fr\/walt-disney-a-participe-au-lancement-de-la-ford-mustang-en-1964\/\" \/>\n<meta property=\"og:site_name\" content=\"CanadaMotorJobs.com\" \/>\n<meta property=\"article:publisher\" content=\"https:\/\/www.facebook.com\/canadamotorjobs\/\" \/>\n<meta property=\"article:published_time\" content=\"2024-08-24T17:19:29+00:00\" \/>\n<meta property=\"article:modified_time\" content=\"2024-08-24T18:16:43+00:00\" \/>\n<meta property=\"og:image\" content=\"https:\/\/news.canadamotorjobs.com\/wp-content\/uploads\/2024\/08\/Ford-Mustang-Expo-NY-1964-3.jpg\" \/>\n\t<meta property=\"og:image:width\" content=\"1024\" \/>\n\t<meta property=\"og:image:height\" content=\"683\" \/>\n\t<meta property=\"og:image:type\" content=\"image\/jpeg\" \/>\n<meta name=\"author\" content=\"Benoit Charette\" \/>\n<meta name=\"twitter:card\" content=\"summary_large_image\" \/>\n<meta name=\"twitter:creator\" content=\"@canadamotorjobs\" \/>\n<meta name=\"twitter:site\" content=\"@canadamotorjobs\" \/>\n<meta name=\"twitter:label1\" content=\"\u00c9crit par\" \/>\n\t<meta name=\"twitter:data1\" content=\"Benoit Charette\" \/>\n\t<meta name=\"twitter:label2\" content=\"Estimation du temps de lecture\" \/>\n\t<meta name=\"twitter:data2\" content=\"4 minutes\" \/>\n<!-- \/ Yoast SEO plugin. -->","yoast_head_json":{"title":"Walt Disney a particip\u00e9 au lancement de la Ford Mustang en 1964 - CanadaMotorJobs.com","description":"Walt Disney a particip\u00e9 au lancement de la Ford Mustang en 1964 - Benoit Charette - Annuel automobile - CanadaMotorJobs.com.","robots":{"index":"index","follow":"follow","max-snippet":"max-snippet:-1","max-image-preview":"max-image-preview:large","max-video-preview":"max-video-preview:-1"},"og_locale":"fr_CA","og_type":"article","og_title":"Walt Disney a particip\u00e9 au lancement de la Ford Mustang en 1964 - CanadaMotorJobs.com","og_description":"Walt Disney a particip\u00e9 au lancement de la Ford Mustang en 1964 - Benoit Charette - Annuel automobile - CanadaMotorJobs.com.","og_url":"https:\/\/news.canadamotorjobs.com\/fr\/walt-disney-a-participe-au-lancement-de-la-ford-mustang-en-1964\/","og_site_name":"CanadaMotorJobs.com","article_publisher":"https:\/\/www.facebook.com\/canadamotorjobs\/","article_published_time":"2024-08-24T17:19:29+00:00","article_modified_time":"2024-08-24T18:16:43+00:00","og_image":[{"width":1024,"height":683,"url":"https:\/\/news.canadamotorjobs.com\/wp-content\/uploads\/2024\/08\/Ford-Mustang-Expo-NY-1964-3.jpg","type":"image\/jpeg"}],"author":"Benoit Charette","twitter_card":"summary_large_image","twitter_creator":"@canadamotorjobs","twitter_site":"@canadamotorjobs","twitter_misc":{"\u00c9crit par":"Benoit Charette","Estimation du temps de lecture":"4 minutes"},"schema":{"@context":"https:\/\/schema.org","@graph":[{"@type":"Article","@id":"https:\/\/news.canadamotorjobs.com\/fr\/walt-disney-a-participe-au-lancement-de-la-ford-mustang-en-1964\/#article","isPartOf":{"@id":"https:\/\/news.canadamotorjobs.com\/fr\/walt-disney-a-participe-au-lancement-de-la-ford-mustang-en-1964\/"},"author":{"name":"Benoit Charette","@id":"https:\/\/news.canadamotorjobs.com\/#\/schema\/person\/51793d1f87d44011d7bcc2ed99269a90"},"headline":"Walt Disney a particip\u00e9 au lancement de la Ford Mustang en 1964","datePublished":"2024-08-24T17:19:29+00:00","dateModified":"2024-08-24T18:16:43+00:00","mainEntityOfPage":{"@id":"https:\/\/news.canadamotorjobs.com\/fr\/walt-disney-a-participe-au-lancement-de-la-ford-mustang-en-1964\/"},"wordCount":833,"publisher":{"@id":"https:\/\/news.canadamotorjobs.com\/#organization"},"image":{"@id":"https:\/\/news.canadamotorjobs.com\/fr\/walt-disney-a-participe-au-lancement-de-la-ford-mustang-en-1964\/#primaryimage"},"thumbnailUrl":"https:\/\/news.canadamotorjobs.com\/wp-content\/uploads\/2024\/08\/Ford-Mustang-Expo-NY-1964-3.jpg","articleSection":["Annuel automobile"],"inLanguage":"fr-CA"},{"@type":"WebPage","@id":"https:\/\/news.canadamotorjobs.com\/fr\/walt-disney-a-participe-au-lancement-de-la-ford-mustang-en-1964\/","url":"https:\/\/news.canadamotorjobs.com\/fr\/walt-disney-a-participe-au-lancement-de-la-ford-mustang-en-1964\/","name":"Walt Disney a particip\u00e9 au lancement de la Ford Mustang en 1964 - CanadaMotorJobs.com","isPartOf":{"@id":"https:\/\/news.canadamotorjobs.com\/#website"},"primaryImageOfPage":{"@id":"https:\/\/news.canadamotorjobs.com\/fr\/walt-disney-a-participe-au-lancement-de-la-ford-mustang-en-1964\/#primaryimage"},"image":{"@id":"https:\/\/news.canadamotorjobs.com\/fr\/walt-disney-a-participe-au-lancement-de-la-ford-mustang-en-1964\/#primaryimage"},"thumbnailUrl":"https:\/\/news.canadamotorjobs.com\/wp-content\/uploads\/2024\/08\/Ford-Mustang-Expo-NY-1964-3.jpg","datePublished":"2024-08-24T17:19:29+00:00","dateModified":"2024-08-24T18:16:43+00:00","description":"Walt Disney a particip\u00e9 au lancement de la Ford Mustang en 1964 - Benoit Charette - Annuel automobile - CanadaMotorJobs.com.","breadcrumb":{"@id":"https:\/\/news.canadamotorjobs.com\/fr\/walt-disney-a-participe-au-lancement-de-la-ford-mustang-en-1964\/#breadcrumb"},"inLanguage":"fr-CA","potentialAction":[{"@type":"ReadAction","target":["https:\/\/news.canadamotorjobs.com\/fr\/walt-disney-a-participe-au-lancement-de-la-ford-mustang-en-1964\/"]}]},{"@type":"ImageObject","inLanguage":"fr-CA","@id":"https:\/\/news.canadamotorjobs.com\/fr\/walt-disney-a-participe-au-lancement-de-la-ford-mustang-en-1964\/#primaryimage","url":"https:\/\/news.canadamotorjobs.com\/wp-content\/uploads\/2024\/08\/Ford-Mustang-Expo-NY-1964-3.jpg","contentUrl":"https:\/\/news.canadamotorjobs.com\/wp-content\/uploads\/2024\/08\/Ford-Mustang-Expo-NY-1964-3.jpg","width":1024,"height":683},{"@type":"BreadcrumbList","@id":"https:\/\/news.canadamotorjobs.com\/fr\/walt-disney-a-participe-au-lancement-de-la-ford-mustang-en-1964\/#breadcrumb","itemListElement":[{"@type":"ListItem","position":1,"name":"Home","item":"https:\/\/news.canadamotorjobs.com\/fr\/blog\/"},{"@type":"ListItem","position":2,"name":"Walt Disney a particip\u00e9 au lancement de la Ford Mustang en 1964"}]},{"@type":"WebSite","@id":"https:\/\/news.canadamotorjobs.com\/#website","url":"https:\/\/news.canadamotorjobs.com\/","name":"CanadaMotorJobs.com","description":"Automotive Jobs","publisher":{"@id":"https:\/\/news.canadamotorjobs.com\/#organization"},"potentialAction":[{"@type":"SearchAction","target":{"@type":"EntryPoint","urlTemplate":"https:\/\/news.canadamotorjobs.com\/?s={search_term_string}"},"query-input":"required name=search_term_string"}],"inLanguage":"fr-CA"},{"@type":"Organization","@id":"https:\/\/news.canadamotorjobs.com\/#organization","name":"Canada Motor Jobs","url":"https:\/\/news.canadamotorjobs.com\/","logo":{"@type":"ImageObject","inLanguage":"fr-CA","@id":"https:\/\/news.canadamotorjobs.com\/#\/schema\/logo\/image\/","url":"https:\/\/news.canadamotorjobs.com\/wp-content\/uploads\/2022\/10\/logo-canada-motor-jobs-1.png","contentUrl":"https:\/\/news.canadamotorjobs.com\/wp-content\/uploads\/2022\/10\/logo-canada-motor-jobs-1.png","width":800,"height":400,"caption":"Canada Motor Jobs"},"image":{"@id":"https:\/\/news.canadamotorjobs.com\/#\/schema\/logo\/image\/"},"sameAs":["https:\/\/www.facebook.com\/canadamotorjobs\/","https:\/\/x.com\/canadamotorjobs","https:\/\/www.instagram.com\/canadamotorjobs\/","https:\/\/www.linkedin.com\/company\/canadamotorjobs"]},{"@type":"Person","@id":"https:\/\/news.canadamotorjobs.com\/#\/schema\/person\/51793d1f87d44011d7bcc2ed99269a90","name":"Benoit Charette","image":{"@type":"ImageObject","inLanguage":"fr-CA","@id":"https:\/\/news.canadamotorjobs.com\/#\/schema\/person\/image\/","url":"https:\/\/secure.gravatar.com\/avatar\/45f3d2eebcccd909668d7ce7ea7267b6?s=96&d=mm&r=g","contentUrl":"https:\/\/secure.gravatar.com\/avatar\/45f3d2eebcccd909668d7ce7ea7267b6?s=96&d=mm&r=g","caption":"Benoit Charette"},"description":"Benoit Charette \/ Propri\u00e9taire et r\u00e9dacteur en chef Benoit Charette pratique le journalisme automobile depuis bient\u00f4t 30 ans. Il a fait ses classes au c\u00f4t\u00e9 de Daniel H\u00e9raud et au Carnet de route de 1992 \u00e0 2001. Il est fondateur, copropri\u00e9taire et r\u00e9dacteur en chef de L\u2019Annuel de l\u2019automobile, qu\u2019il publie depuis 2001. Il a anim\u00e9 les \u00e9missions RPM et RPM+ sur V et les L\u00e9gendes de la route sur Historia. \u00c0 la radio depuis 1986, il reprend l\u2019antenne cette ann\u00e9e sur les ondes de Cogeco et participe pour la deuxi\u00e8me ann\u00e9e \u00e0 l\u2019\u00e9mission Passion Auto sur RDS en plus de mettre en ligne le site Web officiel de L\u2019Annuel de l\u2019automobile sur annuelauto.ca.","sameAs":["https:\/\/annuelauto.ca\/"],"url":"https:\/\/news.canadamotorjobs.com\/fr\/author\/benoit-charette\/"}]}},"_links":{"self":[{"href":"https:\/\/news.canadamotorjobs.com\/fr\/wp-json\/wp\/v2\/posts\/171258"}],"collection":[{"href":"https:\/\/news.canadamotorjobs.com\/fr\/wp-json\/wp\/v2\/posts"}],"about":[{"href":"https:\/\/news.canadamotorjobs.com\/fr\/wp-json\/wp\/v2\/types\/post"}],"author":[{"embeddable":true,"href":"https:\/\/news.canadamotorjobs.com\/fr\/wp-json\/wp\/v2\/users\/8"}],"replies":[{"embeddable":true,"href":"https:\/\/news.canadamotorjobs.com\/fr\/wp-json\/wp\/v2\/comments?post=171258"}],"version-history":[{"count":2,"href":"https:\/\/news.canadamotorjobs.com\/fr\/wp-json\/wp\/v2\/posts\/171258\/revisions"}],"predecessor-version":[{"id":171262,"href":"https:\/\/news.canadamotorjobs.com\/fr\/wp-json\/wp\/v2\/posts\/171258\/revisions\/171262"}],"wp:featuredmedia":[{"embeddable":true,"href":"https:\/\/news.canadamotorjobs.com\/fr\/wp-json\/wp\/v2\/media\/171260"}],"wp:attachment":[{"href":"https:\/\/news.canadamotorjobs.com\/fr\/wp-json\/wp\/v2\/media?parent=171258"}],"wp:term":[{"taxonomy":"category","embeddable":true,"href":"https:\/\/news.canadamotorjobs.com\/fr\/wp-json\/wp\/v2\/categories?post=171258"},{"taxonomy":"post_tag","embeddable":true,"href":"https:\/\/news.canadamotorjobs.com\/fr\/wp-json\/wp\/v2\/tags?post=171258"}],"curies":[{"name":"wp","href":"https:\/\/api.w.org\/{rel}","templated":true}]}}