{"id":171235,"date":"2024-08-24T08:56:42","date_gmt":"2024-08-24T12:56:42","guid":{"rendered":"https:\/\/news.canadamotorjobs.com\/?p=171235"},"modified":"2024-08-24T09:00:20","modified_gmt":"2024-08-24T13:00:20","slug":"comment-leurope-sy-prend-pour-mettre-les-vehicules-electriques-de-lavant","status":"publish","type":"post","link":"https:\/\/news.canadamotorjobs.com\/fr\/comment-leurope-sy-prend-pour-mettre-les-vehicules-electriques-de-lavant\/","title":{"rendered":"Comment l\u2019Europe s\u2019y prend pour mettre les v\u00e9hicules \u00e9lectriques de l\u2019avant"},"content":{"rendered":"<\/p>\n<p>Vous \u00eates-vous d\u00e9j\u00e0 demand\u00e9 pourquoi les constructeurs automobiles en Europe sont si obs\u00e9d\u00e9s par les v\u00e9hicules hybrides et \u00e9lectriques? Certes, ils souhaitent aussi prot\u00e9ger notre plan\u00e8te fragile en r\u00e9duisant les \u00e9missions, mais il y a \u00e9galement d&#8217;importantes r\u00e9percussions financi\u00e8res s&#8217;ils ne r\u00e9duisent pas le nombre de voitures gourmandes en carburant. Pour chaque gramme d\u00e9passant l&#8217;objectif d&#8217;\u00e9missions de flotte \u00e9tabli par l&#8217;UE, les constructeurs doivent payer une amende de 95 \u20ac (143$).<\/p>\n<h3>L&#8217;Impact Financier des Amendes d&#8217;\u00c9missions<\/h3>\n<p>\nCela peut sembler peu pour un g\u00e9ant de l&#8217;automobile aux poches bien remplies comme le groupe Volkswagen ou Stellantis. Cependant, ces amendes s&#8217;accumulent rapidement, car la p\u00e9nalit\u00e9 s&#8217;applique \u00e0 chaque voiture vendue. Cela peut se traduire par des amendes massives s&#8217;\u00e9levant \u00e0 des centaines de millions d&#8217;euros si l&#8217;entreprise ne vend pas suffisamment de v\u00e9hicules hybrides et \u00e9lectriques pour compenser ses ventes de moteurs \u00e0 combustion interne (ICE). Un exemple probant vu en France en avril 2024: une Volkswagen Golf R vendu \u00e0 60 000 Euros ( 90 700$) se voit affubler d&#8217;une taxe de 65 000 Euros avec 204 g\/km de co2. La facture s&#8217;\u00e9l\u00e8ve donc \u00e0 125 000 Euros o\u00f9 188 962 $. Vous comprenez maintenant pourquoi on vend des moteurs 3 cylindres o\u00f9 des v\u00e9hicules \u00e9lectriques qui n&#8217;ont pas de taxe environnementale.<\/p>\n<h3>La R\u00e9duction de la Taille des Moteurs en Europe<\/h3>\n<p>\nC&#8217;est \u00e9galement l&#8217;une des raisons pour lesquelles le downsizing est en plein essor et les moteurs trois cylindres deviennent la norme plut\u00f4t que l&#8217;exception en Europe. La prolif\u00e9ration des moteurs plus petits et \u00e9lectrifi\u00e9s a un impact mondial, car l&#8217;Europe est l&#8217;une des r\u00e9gions les plus importantes pour l&#8217;industrie automobile. Les constructeurs doivent s&#8217;adapter aux r\u00e9glementations strictes de l&#8217;UE, ce qui influence le d\u00e9veloppement de nouvelles voitures et moteurs.<\/p>\n<h3>Les Objectifs de R\u00e9duction des \u00c9missions et leurs Cons\u00e9quences<\/h3>\n<p>\nL&#8217;objectif actuel de la flotte est de 115,1 g\/km (bas\u00e9 sur le cycle WLTP), mais il va diminuer d&#8217;environ 19 % en 2025 pour atteindre 93,6 g\/km, mettant en p\u00e9ril la plupart des constructeurs automobiles. Selon une \u00e9tude de Dataforce, l&#8217;avenir s&#8217;annonce inqui\u00e9tant pour de nombreuses entreprises qui vendent des voitures en Europe. Jusqu&#8217;en juin 2024, seuls Tesla et Geely \u00e9taient en dessous de l&#8217;objectif d&#8217;\u00e9missions de flotte pour 2025.<\/p>\n<h3>L&#8217;Influence des Ventes de VUS sur les Objectifs d&#8217;\u00c9missions<\/h3>\n<p>\nSelon la Commission europ\u00e9enne, chaque constructeur a son propre objectif, calcul\u00e9 en fonction de la masse moyenne de sa flotte. En d&#8217;autres termes, les entreprises qui vendent plus de VUS ont des objectifs plus \u00e9lev\u00e9s que celles qui vendent des v\u00e9hicules plus petits. En 2020, les constructeurs automobiles ont pay\u00e9 environ 510 millions d&#8217;euros pour ne pas avoir respect\u00e9 ces objectifs.<\/p>\n<h3>Le Dilemme des Constructeurs Automobiles : essence ou \u00e9lectrique?<\/h3>\n<p>\nLes constructeurs automobiles sont actuellement \u00e0 un carrefour. Continuer \u00e0 produire des moteurs \u00e0 combustion interne (ICE) ou se concentrer uniquement sur les v\u00e9hicules \u00e9lectriques (EV)? La tentation est grande pour la seconde option, mais les subventions des gouvernements \u00e0 travers l&#8217;Europe ont \u00e9t\u00e9 consid\u00e9rablement r\u00e9duites, voire supprim\u00e9es, ce qui a un impact sur la demande des consommateurs. Au premier semestre de l&#8217;ann\u00e9e, les voitures purement \u00e9lectriques ne repr\u00e9sentaient que 12,5 % du march\u00e9 de l&#8217;UE, selon les chiffres publi\u00e9s par l&#8217;Association des constructeurs automobiles europ\u00e9ens (ACEA). C&#8217;est en fait l\u00e9g\u00e8rement pire que lors de la premi\u00e8re moiti\u00e9 de 2023, o\u00f9 les EV repr\u00e9sentaient 12,9 % des ventes totales.<\/p>\n<h3>Les Tendances du March\u00e9 : Hybrides, PHEV et Diesel<\/h3>\n<p>\nC&#8217;est la m\u00eame histoire pour les hybrides rechargeables dont la part de march\u00e9 est pass\u00e9e de 7,4 % \u00e0 6,9 %. En revanche, les hybrides classiques sont pass\u00e9s de 25 % \u00e0 29,2 %, selon l&#8217;ACEA. L&#8217;analyse de Dataforce m\u00e8ne \u00e0 la m\u00eame conclusion : les voitures \u00e0 essence dominent toujours le march\u00e9 en Europe. L&#8217;analyse de l&#8217;ACEA montre m\u00eame que le diesel, bien que d\u00e9cri\u00e9, devance encore les EVs au cours des six premiers mois de l&#8217;ann\u00e9e, avec une part de march\u00e9 de 12,9 % contre 12,5 % pour les EVs. Cela dit, les ventes de diesel sont en baisse par rapport \u00e0 janvier-juin 2023, o\u00f9 elles repr\u00e9sentaient 14,5 % des nouvelles immatriculations en Europe.<\/p>\n<h3>Vers un Avenir \u00c9lectrifi\u00e9 en Europe<\/h3>\n<p>\nNous verrons certainement plus d&#8217;hybrides et de v\u00e9hicules \u00e9lectriques de la part des constructeurs actifs en Europe, compte tenu des objectifs d&#8217;\u00e9missions pour 2025. Les choses se compliqueront encore pour les constructeurs \u00e0 partir de 2030, lorsque la limite sera encore abaiss\u00e9e, passant des 93,6 g\/km de l&#8217;ann\u00e9e prochaine \u00e0 49,5 g\/km.<\/p>\n<h3>Collaborations entre Constructeurs pour R\u00e9pondre aux Objectifs d&#8217;\u00c9missions<\/h3>\n<p>\nIl existe une certaine marge de man\u0153uvre pour les constructeurs, car ils peuvent &#8220;agir conjointement pour atteindre leurs objectifs d&#8217;\u00e9missions.&#8221; La Commission europ\u00e9enne ne permet pas ce type d&#8217;accord entre les fabricants de voitures et de fourgonnettes. Automotive News Europe a examin\u00e9 les archives de la CE et n&#8217;a pas pu d\u00e9couvrir de nouveaux accords majeurs entre les entreprises pour 2025.<\/p>\n<h3>Le Futur de la Motorisation : Synth\u00e9tique ou \u00c9lectrique?<\/h3>\n<p>\nEn regardant plus loin, l&#8217;UE interdira effectivement la vente de nouvelles voitures \u00e0 \u00e9missions \u00e0 partir de 2035, mais les carburants synth\u00e9tiques pourraient maintenir en vie le moteur \u00e0 combustion. Reste maintenan t \u00e0 savoir si le Canada doit emprunter le m\u00eame chemin pour i mposer les v\u00e9hicules \u00e9lectriques chez nous.<\/p>\n<p>Avec des renseignements d&#8217;Automotive News Europe<\/p>\n<p>Le texte <a rel=\"nofollow\" href=\"https:\/\/annuelauto.ca\/comment-leurope-sy-prend-pour-mettre-les-vehicules-electriques-de-lavant\/\">Comment l\u2019Europe s\u2019y prend pour mettre les v\u00e9hicules \u00e9lectriques de l\u2019avant<\/a> provient de <a rel=\"nofollow\" href=\"https:\/\/annuelauto.ca\">L&#8217;annuel de l&#8217;automobile &#8211; Actualit\u00e9 automobile<\/a><\/p>\n<p><\/p>\n","protected":false},"excerpt":{"rendered":"<p>Vous \u00eates-vous d\u00e9j\u00e0 demand\u00e9 pourquoi les constructeurs automobiles en Europe sont si obs\u00e9d\u00e9s par les v\u00e9hicules hybrides et \u00e9lectriques? Certes, ils souhaitent aussi prot\u00e9ger notre plan\u00e8te fragile en r\u00e9duisant les \u00e9missions, mais il y a \u00e9galement d&#8217;importantes r\u00e9percussions financi\u00e8res s&#8217;ils ne r\u00e9duisent pas le nombre de voitures gourmandes en carburant. Pour chaque gramme d\u00e9passant l&#8217;objectif [&hellip;]<\/p>\n","protected":false},"author":8,"featured_media":171237,"comment_status":"close","ping_status":"closed","sticky":false,"template":"","format":"standard","meta":{"_monsterinsights_skip_tracking":false,"_monsterinsights_sitenote_active":false,"_monsterinsights_sitenote_note":"","_monsterinsights_sitenote_category":0,"footnotes":""},"categories":[101],"tags":[],"yoast_head":"<!-- This site is optimized with the Yoast SEO plugin v23.2 - https:\/\/yoast.com\/wordpress\/plugins\/seo\/ -->\n<title>Comment l\u2019Europe s\u2019y prend pour mettre les v\u00e9hicules \u00e9lectriques de l\u2019avant - CanadaMotorJobs.com<\/title>\n<meta name=\"description\" content=\"Comment l\u2019Europe s\u2019y prend pour mettre les v\u00e9hicules \u00e9lectriques de l\u2019avant - Benoit Charette - Annuel automobile - CanadaMotorJobs.com.\" \/>\n<meta name=\"robots\" content=\"index, follow, max-snippet:-1, max-image-preview:large, max-video-preview:-1\" \/>\n<meta property=\"og:locale\" content=\"fr_CA\" \/>\n<meta property=\"og:type\" content=\"article\" \/>\n<meta property=\"og:title\" content=\"Comment l\u2019Europe s\u2019y prend pour mettre les v\u00e9hicules \u00e9lectriques de l\u2019avant - CanadaMotorJobs.com\" \/>\n<meta property=\"og:description\" content=\"Comment l\u2019Europe s\u2019y prend pour mettre les v\u00e9hicules \u00e9lectriques de l\u2019avant - Benoit Charette - Annuel automobile - CanadaMotorJobs.com.\" \/>\n<meta property=\"og:url\" content=\"https:\/\/news.canadamotorjobs.com\/fr\/comment-leurope-sy-prend-pour-mettre-les-vehicules-electriques-de-lavant\/\" \/>\n<meta property=\"og:site_name\" content=\"CanadaMotorJobs.com\" \/>\n<meta property=\"article:publisher\" content=\"https:\/\/www.facebook.com\/canadamotorjobs\/\" \/>\n<meta property=\"article:published_time\" content=\"2024-08-24T12:56:42+00:00\" \/>\n<meta property=\"article:modified_time\" content=\"2024-08-24T13:00:20+00:00\" \/>\n<meta property=\"og:image\" content=\"https:\/\/news.canadamotorjobs.com\/wp-content\/uploads\/2024\/08\/renault-5-e-tech-electric-2024.jpg\" \/>\n\t<meta property=\"og:image:width\" content=\"1280\" \/>\n\t<meta property=\"og:image:height\" content=\"720\" \/>\n\t<meta property=\"og:image:type\" content=\"image\/jpeg\" \/>\n<meta name=\"author\" content=\"Benoit Charette\" \/>\n<meta name=\"twitter:card\" content=\"summary_large_image\" \/>\n<meta name=\"twitter:creator\" content=\"@canadamotorjobs\" \/>\n<meta name=\"twitter:site\" content=\"@canadamotorjobs\" \/>\n<meta name=\"twitter:label1\" content=\"\u00c9crit par\" \/>\n\t<meta name=\"twitter:data1\" content=\"Benoit Charette\" \/>\n\t<meta name=\"twitter:label2\" content=\"Estimation du temps de lecture\" \/>\n\t<meta name=\"twitter:data2\" content=\"4 minutes\" \/>\n<!-- \/ Yoast SEO plugin. -->","yoast_head_json":{"title":"Comment l\u2019Europe s\u2019y prend pour mettre les v\u00e9hicules \u00e9lectriques de l\u2019avant - CanadaMotorJobs.com","description":"Comment l\u2019Europe s\u2019y prend pour mettre les v\u00e9hicules \u00e9lectriques de l\u2019avant - Benoit Charette - Annuel automobile - CanadaMotorJobs.com.","robots":{"index":"index","follow":"follow","max-snippet":"max-snippet:-1","max-image-preview":"max-image-preview:large","max-video-preview":"max-video-preview:-1"},"og_locale":"fr_CA","og_type":"article","og_title":"Comment l\u2019Europe s\u2019y prend pour mettre les v\u00e9hicules \u00e9lectriques de l\u2019avant - CanadaMotorJobs.com","og_description":"Comment l\u2019Europe s\u2019y prend pour mettre les v\u00e9hicules \u00e9lectriques de l\u2019avant - Benoit Charette - Annuel automobile - CanadaMotorJobs.com.","og_url":"https:\/\/news.canadamotorjobs.com\/fr\/comment-leurope-sy-prend-pour-mettre-les-vehicules-electriques-de-lavant\/","og_site_name":"CanadaMotorJobs.com","article_publisher":"https:\/\/www.facebook.com\/canadamotorjobs\/","article_published_time":"2024-08-24T12:56:42+00:00","article_modified_time":"2024-08-24T13:00:20+00:00","og_image":[{"width":1280,"height":720,"url":"https:\/\/news.canadamotorjobs.com\/wp-content\/uploads\/2024\/08\/renault-5-e-tech-electric-2024.jpg","type":"image\/jpeg"}],"author":"Benoit Charette","twitter_card":"summary_large_image","twitter_creator":"@canadamotorjobs","twitter_site":"@canadamotorjobs","twitter_misc":{"\u00c9crit par":"Benoit Charette","Estimation du temps de lecture":"4 minutes"},"schema":{"@context":"https:\/\/schema.org","@graph":[{"@type":"Article","@id":"https:\/\/news.canadamotorjobs.com\/fr\/comment-leurope-sy-prend-pour-mettre-les-vehicules-electriques-de-lavant\/#article","isPartOf":{"@id":"https:\/\/news.canadamotorjobs.com\/fr\/comment-leurope-sy-prend-pour-mettre-les-vehicules-electriques-de-lavant\/"},"author":{"name":"Benoit Charette","@id":"https:\/\/news.canadamotorjobs.com\/#\/schema\/person\/51793d1f87d44011d7bcc2ed99269a90"},"headline":"Comment l\u2019Europe s\u2019y prend pour mettre les v\u00e9hicules \u00e9lectriques de l\u2019avant","datePublished":"2024-08-24T12:56:42+00:00","dateModified":"2024-08-24T13:00:20+00:00","mainEntityOfPage":{"@id":"https:\/\/news.canadamotorjobs.com\/fr\/comment-leurope-sy-prend-pour-mettre-les-vehicules-electriques-de-lavant\/"},"wordCount":960,"publisher":{"@id":"https:\/\/news.canadamotorjobs.com\/#organization"},"image":{"@id":"https:\/\/news.canadamotorjobs.com\/fr\/comment-leurope-sy-prend-pour-mettre-les-vehicules-electriques-de-lavant\/#primaryimage"},"thumbnailUrl":"https:\/\/news.canadamotorjobs.com\/wp-content\/uploads\/2024\/08\/renault-5-e-tech-electric-2024.jpg","articleSection":["Annuel automobile"],"inLanguage":"fr-CA"},{"@type":"WebPage","@id":"https:\/\/news.canadamotorjobs.com\/fr\/comment-leurope-sy-prend-pour-mettre-les-vehicules-electriques-de-lavant\/","url":"https:\/\/news.canadamotorjobs.com\/fr\/comment-leurope-sy-prend-pour-mettre-les-vehicules-electriques-de-lavant\/","name":"Comment l\u2019Europe s\u2019y prend pour mettre les v\u00e9hicules \u00e9lectriques de l\u2019avant - CanadaMotorJobs.com","isPartOf":{"@id":"https:\/\/news.canadamotorjobs.com\/#website"},"primaryImageOfPage":{"@id":"https:\/\/news.canadamotorjobs.com\/fr\/comment-leurope-sy-prend-pour-mettre-les-vehicules-electriques-de-lavant\/#primaryimage"},"image":{"@id":"https:\/\/news.canadamotorjobs.com\/fr\/comment-leurope-sy-prend-pour-mettre-les-vehicules-electriques-de-lavant\/#primaryimage"},"thumbnailUrl":"https:\/\/news.canadamotorjobs.com\/wp-content\/uploads\/2024\/08\/renault-5-e-tech-electric-2024.jpg","datePublished":"2024-08-24T12:56:42+00:00","dateModified":"2024-08-24T13:00:20+00:00","description":"Comment l\u2019Europe s\u2019y prend pour mettre les v\u00e9hicules \u00e9lectriques de l\u2019avant - Benoit Charette - Annuel automobile - CanadaMotorJobs.com.","breadcrumb":{"@id":"https:\/\/news.canadamotorjobs.com\/fr\/comment-leurope-sy-prend-pour-mettre-les-vehicules-electriques-de-lavant\/#breadcrumb"},"inLanguage":"fr-CA","potentialAction":[{"@type":"ReadAction","target":["https:\/\/news.canadamotorjobs.com\/fr\/comment-leurope-sy-prend-pour-mettre-les-vehicules-electriques-de-lavant\/"]}]},{"@type":"ImageObject","inLanguage":"fr-CA","@id":"https:\/\/news.canadamotorjobs.com\/fr\/comment-leurope-sy-prend-pour-mettre-les-vehicules-electriques-de-lavant\/#primaryimage","url":"https:\/\/news.canadamotorjobs.com\/wp-content\/uploads\/2024\/08\/renault-5-e-tech-electric-2024.jpg","contentUrl":"https:\/\/news.canadamotorjobs.com\/wp-content\/uploads\/2024\/08\/renault-5-e-tech-electric-2024.jpg","width":1280,"height":720},{"@type":"BreadcrumbList","@id":"https:\/\/news.canadamotorjobs.com\/fr\/comment-leurope-sy-prend-pour-mettre-les-vehicules-electriques-de-lavant\/#breadcrumb","itemListElement":[{"@type":"ListItem","position":1,"name":"Home","item":"https:\/\/news.canadamotorjobs.com\/fr\/blog\/"},{"@type":"ListItem","position":2,"name":"Comment l\u2019Europe s\u2019y prend pour mettre les v\u00e9hicules \u00e9lectriques de l\u2019avant"}]},{"@type":"WebSite","@id":"https:\/\/news.canadamotorjobs.com\/#website","url":"https:\/\/news.canadamotorjobs.com\/","name":"CanadaMotorJobs.com","description":"Automotive Jobs","publisher":{"@id":"https:\/\/news.canadamotorjobs.com\/#organization"},"potentialAction":[{"@type":"SearchAction","target":{"@type":"EntryPoint","urlTemplate":"https:\/\/news.canadamotorjobs.com\/?s={search_term_string}"},"query-input":"required name=search_term_string"}],"inLanguage":"fr-CA"},{"@type":"Organization","@id":"https:\/\/news.canadamotorjobs.com\/#organization","name":"Canada Motor Jobs","url":"https:\/\/news.canadamotorjobs.com\/","logo":{"@type":"ImageObject","inLanguage":"fr-CA","@id":"https:\/\/news.canadamotorjobs.com\/#\/schema\/logo\/image\/","url":"https:\/\/news.canadamotorjobs.com\/wp-content\/uploads\/2022\/10\/logo-canada-motor-jobs-1.png","contentUrl":"https:\/\/news.canadamotorjobs.com\/wp-content\/uploads\/2022\/10\/logo-canada-motor-jobs-1.png","width":800,"height":400,"caption":"Canada Motor Jobs"},"image":{"@id":"https:\/\/news.canadamotorjobs.com\/#\/schema\/logo\/image\/"},"sameAs":["https:\/\/www.facebook.com\/canadamotorjobs\/","https:\/\/x.com\/canadamotorjobs","https:\/\/www.instagram.com\/canadamotorjobs\/","https:\/\/www.linkedin.com\/company\/canadamotorjobs"]},{"@type":"Person","@id":"https:\/\/news.canadamotorjobs.com\/#\/schema\/person\/51793d1f87d44011d7bcc2ed99269a90","name":"Benoit Charette","image":{"@type":"ImageObject","inLanguage":"fr-CA","@id":"https:\/\/news.canadamotorjobs.com\/#\/schema\/person\/image\/","url":"https:\/\/secure.gravatar.com\/avatar\/45f3d2eebcccd909668d7ce7ea7267b6?s=96&d=mm&r=g","contentUrl":"https:\/\/secure.gravatar.com\/avatar\/45f3d2eebcccd909668d7ce7ea7267b6?s=96&d=mm&r=g","caption":"Benoit Charette"},"description":"Benoit Charette \/ Propri\u00e9taire et r\u00e9dacteur en chef Benoit Charette pratique le journalisme automobile depuis bient\u00f4t 30 ans. Il a fait ses classes au c\u00f4t\u00e9 de Daniel H\u00e9raud et au Carnet de route de 1992 \u00e0 2001. Il est fondateur, copropri\u00e9taire et r\u00e9dacteur en chef de L\u2019Annuel de l\u2019automobile, qu\u2019il publie depuis 2001. Il a anim\u00e9 les \u00e9missions RPM et RPM+ sur V et les L\u00e9gendes de la route sur Historia. \u00c0 la radio depuis 1986, il reprend l\u2019antenne cette ann\u00e9e sur les ondes de Cogeco et participe pour la deuxi\u00e8me ann\u00e9e \u00e0 l\u2019\u00e9mission Passion Auto sur RDS en plus de mettre en ligne le site Web officiel de L\u2019Annuel de l\u2019automobile sur annuelauto.ca.","sameAs":["https:\/\/annuelauto.ca\/"],"url":"https:\/\/news.canadamotorjobs.com\/fr\/author\/benoit-charette\/"}]}},"_links":{"self":[{"href":"https:\/\/news.canadamotorjobs.com\/fr\/wp-json\/wp\/v2\/posts\/171235"}],"collection":[{"href":"https:\/\/news.canadamotorjobs.com\/fr\/wp-json\/wp\/v2\/posts"}],"about":[{"href":"https:\/\/news.canadamotorjobs.com\/fr\/wp-json\/wp\/v2\/types\/post"}],"author":[{"embeddable":true,"href":"https:\/\/news.canadamotorjobs.com\/fr\/wp-json\/wp\/v2\/users\/8"}],"replies":[{"embeddable":true,"href":"https:\/\/news.canadamotorjobs.com\/fr\/wp-json\/wp\/v2\/comments?post=171235"}],"version-history":[{"count":2,"href":"https:\/\/news.canadamotorjobs.com\/fr\/wp-json\/wp\/v2\/posts\/171235\/revisions"}],"predecessor-version":[{"id":171239,"href":"https:\/\/news.canadamotorjobs.com\/fr\/wp-json\/wp\/v2\/posts\/171235\/revisions\/171239"}],"wp:featuredmedia":[{"embeddable":true,"href":"https:\/\/news.canadamotorjobs.com\/fr\/wp-json\/wp\/v2\/media\/171237"}],"wp:attachment":[{"href":"https:\/\/news.canadamotorjobs.com\/fr\/wp-json\/wp\/v2\/media?parent=171235"}],"wp:term":[{"taxonomy":"category","embeddable":true,"href":"https:\/\/news.canadamotorjobs.com\/fr\/wp-json\/wp\/v2\/categories?post=171235"},{"taxonomy":"post_tag","embeddable":true,"href":"https:\/\/news.canadamotorjobs.com\/fr\/wp-json\/wp\/v2\/tags?post=171235"}],"curies":[{"name":"wp","href":"https:\/\/api.w.org\/{rel}","templated":true}]}}