{"id":171182,"date":"2024-08-22T14:51:00","date_gmt":"2024-08-22T18:51:00","guid":{"rendered":"https:\/\/news.canadamotorjobs.com\/?p=171182"},"modified":"2024-08-22T15:00:03","modified_gmt":"2024-08-22T19:00:03","slug":"naran-le-coupe-22-de-la-demesure","status":"publish","type":"post","link":"https:\/\/news.canadamotorjobs.com\/fr\/naran-le-coupe-22-de-la-demesure\/","title":{"rendered":"Naran, le coup\u00e9 2+2 de la d\u00e9mesure"},"content":{"rendered":"<\/p>\n<p>Lorsqu\u2019on a une client\u00e8le compos\u00e9e de riches utilisateurs de jets priv\u00e9s \u00e0 port\u00e9e de main, cr\u00e9er pour elle un bolide d\u2019une puissance d\u00e9mentielle et d\u2019un luxe princier peut ressembler \u00e0 une excellente opportunit\u00e9 commerciale. L\u2019homme d\u2019affaires zimbabw\u00e9en Ameerh Naran, fondateur de Vimana Private Jets, le pense visiblement puisqu\u2019il a ouvert r\u00e9cemment le carnet de commandes pour un coup\u00e9 2+2 super puissant et super luxueux portant son nom. Un bolide offert pour la coquette somme de 2 millions d\u2019euros (3\u00a0M$).<\/p>\n<p>Ameerh Naran, 38 ans, a toujours r\u00eav\u00e9 de fabriquer des automobiles. Il a \u00e9tudi\u00e9 le design avant de devenir un entrepreneur et de cr\u00e9er Vimana Private Jets en 2016. Cette soci\u00e9t\u00e9 de transport dessert des \u00ab VVIP \u00bb (pour <em>Very, very important people<\/em>). On pense ici \u00e0 des gens bien nantis qui d\u00e9boursent un million de dollars US et plus par mois pour se d\u00e9placer \u00e0 bord d\u2019avions priv\u00e9s, petit ou gros, \u00e0 travers le monde. Naran leur sert de courtier gr\u00e2ce \u00e0 ses ressources qui lui donnent acc\u00e8s \u00e0 plus de 5 000 a\u00e9ronefs pour r\u00e9pondre \u00e0 leurs besoins.<\/p>\n<p>L\u2019ann\u00e9e suivante, il a fond\u00e9 Naran Automotive. Cette entreprise se consacre \u00e0 la cr\u00e9ation d\u2019une voiture de tr\u00e8s haute performance alliant puissance et luxe. La Naran se veut l\u2019\u00e9quivalent de voitures d\u2019exception telles que la <a href=\"https:\/\/annuelauto.ca\/mclaren-pourrait-avoir-son-vus\/\" target=\"_blank\" rel=\"noopener noreferrer\">McLaren<\/a>\u00a0F1, les <a href=\"https:\/\/annuelauto.ca\/une-bugatti-de-preservation-remporte-le-premier-prix-au-concours-delegance-de-pebble-beach\/\" target=\"_blank\" rel=\"noopener noreferrer\">Bugatti<\/a> modernes, les Koenigsegg et les autres du genre.<\/p>\n<p>Montr\u00e9 pour la premi\u00e8re fois en novembre 2020, ce coup\u00e9 2+2 sera en vedette \u00e0 <a href=\"https:\/\/annuelauto.ca\/lengler-desat-le-pur-sang-debride-de-slovaquie\/\" target=\"_blank\" rel=\"noopener noreferrer\">Salon\u00a0priv\u00e9<\/a>, un prestigieux concours d\u2019\u00e9l\u00e9gance pr\u00e9sent\u00e9 du 28 au 31 ao\u00fbt au palais de Blenheim \u00e0 Woodstock, une petite ville \u00e0 deux heures de route au nord de Londres, dans l\u2019Oxfordshire.<\/p>\n<p>Cette voiture qui n\u2019a pas de nom de mod\u00e8le (Naran affirme que chaque acheteur en trouvera un qui lui sera propre) est en vente depuis le 21 juin dernier. \u00c0 cette occasion, Ameerh Naran a profit\u00e9 d\u2019un autre rassemblement prestigieux organis\u00e9 par le Supercar Owners Circle\u00a0AG au luxueux complexe h\u00f4telier Chedi d\u2019Andermatt, dans les Alpes suisses, pour ouvrir le carnet de commandes de sa voiture.<\/p>\n<p>Durant cet \u00e9v\u00e9nement, les participants ont pu admirer le prototype de ce bolide, qui a une carrosserie en mati\u00e8re composite couleur rubis et un int\u00e9rieur garni de lin couleur amande et de garniture d\u2019or 24\u00a0karats; une esth\u00e9tique imagin\u00e9e par la designer londienne Kate Montgomery. Naran ne fabriquera que 39\u00a0exemplaires de ce coup\u00e9 2+2 dont la silhouette \u00e9pur\u00e9e a \u00e9t\u00e9 esquiss\u00e9e par Jowyn Wong, le designer de l\u2019Apollo\u00a0IE et de la <a href=\"https:\/\/annuelauto.ca\/21-mai-2003-deces-de-alejandro-de-tomaso\/\" target=\"_blank\" rel=\"noopener noreferrer\">De\u00a0Tomaso<\/a>\u00a0P72.<\/p>\n<p>Pour r\u00e9server une Naran, l\u2019acheteur doit verser une somme de 350\u00a0000\u00a0\u20ac (environ 525\u00a0000\u00a0$), une somme qui sert, en quelque sorte, d\u2019\u00e0 compte pour l\u2019achat de cette voiture dont le prix de base est 2\u00a0millions d\u2019euros.<\/p>\n<p>Car, pour chaque acheteur, le constructeur s\u2019attend \u00e0 personnaliser cette voiture. Certains acheteurs ont d\u2019ailleurs d\u00e9j\u00e0 exprim\u00e9 leurs attentes. Pour rendre l\u2019int\u00e9rieur qui aura une sellerie de cuir italien de premi\u00e8re qualit\u00e9 et des garnitures d&#8217;aluminium usin\u00e9 encore plus unique, l\u2019un d\u2019entre eux a demand\u00e9 des mat\u00e9riaux \u00e0 effets de marbre et de granit, alors qu\u2019un autre exige une finition utilisant des feuilles d\u2019or\u00a0!<\/p>\n<p>La motorisation de cette voiture se veut naturellement \u00e0 la mesure d\u2019un faste pareil. Il s\u2019agit d\u2019un V8 biturbo \u00e0 essence de 5,0 litres capable de livrer 1\u00a0048\u00a0ch et 764\u00a0lb-pi de couple. Avec une acc\u00e9l\u00e9ration de 0 \u00e0 60\u00a0mi\/h (0-97\u00a0km\/h) accomplie en 2,3\u00a0s et une acc\u00e9l\u00e9ration de 0 \u00e0 322\u00a0km\/h r\u00e9alis\u00e9e en 16,5\u00a0s, Naran pr\u00e9tend qu\u2019il offrira ainsi la 2+2 non \u00e9lectrifi\u00e9e la plus rapide au monde.<\/p>\n<p>Les acheteurs peuvent aussi opter pour un ensemble \u00ab\u00a0a\u00e9rodynamique\u00a0\u00bb inspir\u00e9 des voitures de comp\u00e9tition. Gr\u00e2ce \u00e0 des syst\u00e8mes r\u00e9glables, semblables \u00e0 ceux utilis\u00e9s dans le sport automobile pour am\u00e9liorer l&#8217;appui, il procurera une exp\u00e9rience de conduite digne d\u2019une GT3 sur route comme sur piste. Voil\u00e0 l\u2019argument qu\u2019il faut pour faire de la Naran une excellente candidate \u00e0 un \u00ab\u00a0r\u00f4le\u00a0\u00bb dans un nouveau film du genre de <em>Fast and Furious<\/em>\u00a0!<\/p>\n<p><em>Photos : Naran<\/em><\/p>\n<p>Le texte <a rel=\"nofollow\" href=\"https:\/\/annuelauto.ca\/naran-le-coupe-22-de-la-demesure\/\">Naran, le coup\u00e9 2+2 de la d\u00e9mesure<\/a> provient de <a rel=\"nofollow\" href=\"https:\/\/annuelauto.ca\">L&#8217;annuel de l&#8217;automobile &#8211; Actualit\u00e9 automobile<\/a><\/p>\n<p><\/p>\n","protected":false},"excerpt":{"rendered":"<p>Lorsqu\u2019on a une client\u00e8le compos\u00e9e de riches utilisateurs de jets priv\u00e9s \u00e0 port\u00e9e de main, cr\u00e9er pour elle un bolide d\u2019une puissance d\u00e9mentielle et d\u2019un luxe princier peut ressembler \u00e0 une excellente opportunit\u00e9 commerciale. L\u2019homme d\u2019affaires zimbabw\u00e9en Ameerh Naran, fondateur de Vimana Private Jets, le pense visiblement puisqu\u2019il a ouvert r\u00e9cemment le carnet de commandes [&hellip;]<\/p>\n","protected":false},"author":8,"featured_media":171184,"comment_status":"close","ping_status":"closed","sticky":false,"template":"","format":"standard","meta":{"_monsterinsights_skip_tracking":false,"_monsterinsights_sitenote_active":false,"_monsterinsights_sitenote_note":"","_monsterinsights_sitenote_category":0,"footnotes":""},"categories":[101],"tags":[],"yoast_head":"<!-- This site is optimized with the Yoast SEO plugin v23.2 - https:\/\/yoast.com\/wordpress\/plugins\/seo\/ -->\n<title>Naran, le coup\u00e9 2+2 de la d\u00e9mesure - CanadaMotorJobs.com<\/title>\n<meta name=\"description\" content=\"Naran, le coup\u00e9 2+2 de la d\u00e9mesure - Benoit Charette - Annuel automobile - CanadaMotorJobs.com.\" \/>\n<meta name=\"robots\" content=\"index, follow, max-snippet:-1, max-image-preview:large, max-video-preview:-1\" \/>\n<meta property=\"og:locale\" content=\"fr_CA\" \/>\n<meta property=\"og:type\" content=\"article\" \/>\n<meta property=\"og:title\" content=\"Naran, le coup\u00e9 2+2 de la d\u00e9mesure - CanadaMotorJobs.com\" \/>\n<meta property=\"og:description\" content=\"Naran, le coup\u00e9 2+2 de la d\u00e9mesure - Benoit Charette - Annuel automobile - CanadaMotorJobs.com.\" \/>\n<meta property=\"og:url\" content=\"https:\/\/news.canadamotorjobs.com\/fr\/naran-le-coupe-22-de-la-demesure\/\" \/>\n<meta property=\"og:site_name\" content=\"CanadaMotorJobs.com\" \/>\n<meta property=\"article:publisher\" content=\"https:\/\/www.facebook.com\/canadamotorjobs\/\" \/>\n<meta property=\"article:published_time\" content=\"2024-08-22T18:51:00+00:00\" \/>\n<meta property=\"article:modified_time\" content=\"2024-08-22T19:00:03+00:00\" \/>\n<meta property=\"og:image\" content=\"https:\/\/news.canadamotorjobs.com\/wp-content\/uploads\/2024\/08\/Naran-2025-5.jpg\" \/>\n\t<meta property=\"og:image:width\" content=\"1024\" \/>\n\t<meta property=\"og:image:height\" content=\"683\" \/>\n\t<meta property=\"og:image:type\" content=\"image\/jpeg\" \/>\n<meta name=\"author\" content=\"Benoit Charette\" \/>\n<meta name=\"twitter:card\" content=\"summary_large_image\" \/>\n<meta name=\"twitter:creator\" content=\"@canadamotorjobs\" \/>\n<meta name=\"twitter:site\" content=\"@canadamotorjobs\" \/>\n<meta name=\"twitter:label1\" content=\"\u00c9crit par\" \/>\n\t<meta name=\"twitter:data1\" content=\"Benoit Charette\" \/>\n\t<meta name=\"twitter:label2\" content=\"Estimation du temps de lecture\" \/>\n\t<meta name=\"twitter:data2\" content=\"4 minutes\" \/>\n<!-- \/ Yoast SEO plugin. -->","yoast_head_json":{"title":"Naran, le coup\u00e9 2+2 de la d\u00e9mesure - CanadaMotorJobs.com","description":"Naran, le coup\u00e9 2+2 de la d\u00e9mesure - Benoit Charette - Annuel automobile - CanadaMotorJobs.com.","robots":{"index":"index","follow":"follow","max-snippet":"max-snippet:-1","max-image-preview":"max-image-preview:large","max-video-preview":"max-video-preview:-1"},"og_locale":"fr_CA","og_type":"article","og_title":"Naran, le coup\u00e9 2+2 de la d\u00e9mesure - CanadaMotorJobs.com","og_description":"Naran, le coup\u00e9 2+2 de la d\u00e9mesure - Benoit Charette - Annuel automobile - CanadaMotorJobs.com.","og_url":"https:\/\/news.canadamotorjobs.com\/fr\/naran-le-coupe-22-de-la-demesure\/","og_site_name":"CanadaMotorJobs.com","article_publisher":"https:\/\/www.facebook.com\/canadamotorjobs\/","article_published_time":"2024-08-22T18:51:00+00:00","article_modified_time":"2024-08-22T19:00:03+00:00","og_image":[{"width":1024,"height":683,"url":"https:\/\/news.canadamotorjobs.com\/wp-content\/uploads\/2024\/08\/Naran-2025-5.jpg","type":"image\/jpeg"}],"author":"Benoit Charette","twitter_card":"summary_large_image","twitter_creator":"@canadamotorjobs","twitter_site":"@canadamotorjobs","twitter_misc":{"\u00c9crit par":"Benoit Charette","Estimation du temps de lecture":"4 minutes"},"schema":{"@context":"https:\/\/schema.org","@graph":[{"@type":"Article","@id":"https:\/\/news.canadamotorjobs.com\/fr\/naran-le-coupe-22-de-la-demesure\/#article","isPartOf":{"@id":"https:\/\/news.canadamotorjobs.com\/fr\/naran-le-coupe-22-de-la-demesure\/"},"author":{"name":"Benoit Charette","@id":"https:\/\/news.canadamotorjobs.com\/#\/schema\/person\/51793d1f87d44011d7bcc2ed99269a90"},"headline":"Naran, le coup\u00e9 2+2 de la d\u00e9mesure","datePublished":"2024-08-22T18:51:00+00:00","dateModified":"2024-08-22T19:00:03+00:00","mainEntityOfPage":{"@id":"https:\/\/news.canadamotorjobs.com\/fr\/naran-le-coupe-22-de-la-demesure\/"},"wordCount":732,"publisher":{"@id":"https:\/\/news.canadamotorjobs.com\/#organization"},"image":{"@id":"https:\/\/news.canadamotorjobs.com\/fr\/naran-le-coupe-22-de-la-demesure\/#primaryimage"},"thumbnailUrl":"https:\/\/news.canadamotorjobs.com\/wp-content\/uploads\/2024\/08\/Naran-2025-5.jpg","articleSection":["Annuel automobile"],"inLanguage":"fr-CA"},{"@type":"WebPage","@id":"https:\/\/news.canadamotorjobs.com\/fr\/naran-le-coupe-22-de-la-demesure\/","url":"https:\/\/news.canadamotorjobs.com\/fr\/naran-le-coupe-22-de-la-demesure\/","name":"Naran, le coup\u00e9 2+2 de la d\u00e9mesure - CanadaMotorJobs.com","isPartOf":{"@id":"https:\/\/news.canadamotorjobs.com\/#website"},"primaryImageOfPage":{"@id":"https:\/\/news.canadamotorjobs.com\/fr\/naran-le-coupe-22-de-la-demesure\/#primaryimage"},"image":{"@id":"https:\/\/news.canadamotorjobs.com\/fr\/naran-le-coupe-22-de-la-demesure\/#primaryimage"},"thumbnailUrl":"https:\/\/news.canadamotorjobs.com\/wp-content\/uploads\/2024\/08\/Naran-2025-5.jpg","datePublished":"2024-08-22T18:51:00+00:00","dateModified":"2024-08-22T19:00:03+00:00","description":"Naran, le coup\u00e9 2+2 de la d\u00e9mesure - Benoit Charette - Annuel automobile - CanadaMotorJobs.com.","breadcrumb":{"@id":"https:\/\/news.canadamotorjobs.com\/fr\/naran-le-coupe-22-de-la-demesure\/#breadcrumb"},"inLanguage":"fr-CA","potentialAction":[{"@type":"ReadAction","target":["https:\/\/news.canadamotorjobs.com\/fr\/naran-le-coupe-22-de-la-demesure\/"]}]},{"@type":"ImageObject","inLanguage":"fr-CA","@id":"https:\/\/news.canadamotorjobs.com\/fr\/naran-le-coupe-22-de-la-demesure\/#primaryimage","url":"https:\/\/news.canadamotorjobs.com\/wp-content\/uploads\/2024\/08\/Naran-2025-5.jpg","contentUrl":"https:\/\/news.canadamotorjobs.com\/wp-content\/uploads\/2024\/08\/Naran-2025-5.jpg","width":1024,"height":683},{"@type":"BreadcrumbList","@id":"https:\/\/news.canadamotorjobs.com\/fr\/naran-le-coupe-22-de-la-demesure\/#breadcrumb","itemListElement":[{"@type":"ListItem","position":1,"name":"Home","item":"https:\/\/news.canadamotorjobs.com\/fr\/blog\/"},{"@type":"ListItem","position":2,"name":"Naran, le coup\u00e9 2+2 de la d\u00e9mesure"}]},{"@type":"WebSite","@id":"https:\/\/news.canadamotorjobs.com\/#website","url":"https:\/\/news.canadamotorjobs.com\/","name":"CanadaMotorJobs.com","description":"Automotive Jobs","publisher":{"@id":"https:\/\/news.canadamotorjobs.com\/#organization"},"potentialAction":[{"@type":"SearchAction","target":{"@type":"EntryPoint","urlTemplate":"https:\/\/news.canadamotorjobs.com\/?s={search_term_string}"},"query-input":"required name=search_term_string"}],"inLanguage":"fr-CA"},{"@type":"Organization","@id":"https:\/\/news.canadamotorjobs.com\/#organization","name":"Canada Motor Jobs","url":"https:\/\/news.canadamotorjobs.com\/","logo":{"@type":"ImageObject","inLanguage":"fr-CA","@id":"https:\/\/news.canadamotorjobs.com\/#\/schema\/logo\/image\/","url":"https:\/\/news.canadamotorjobs.com\/wp-content\/uploads\/2022\/10\/logo-canada-motor-jobs-1.png","contentUrl":"https:\/\/news.canadamotorjobs.com\/wp-content\/uploads\/2022\/10\/logo-canada-motor-jobs-1.png","width":800,"height":400,"caption":"Canada Motor Jobs"},"image":{"@id":"https:\/\/news.canadamotorjobs.com\/#\/schema\/logo\/image\/"},"sameAs":["https:\/\/www.facebook.com\/canadamotorjobs\/","https:\/\/x.com\/canadamotorjobs","https:\/\/www.instagram.com\/canadamotorjobs\/","https:\/\/www.linkedin.com\/company\/canadamotorjobs"]},{"@type":"Person","@id":"https:\/\/news.canadamotorjobs.com\/#\/schema\/person\/51793d1f87d44011d7bcc2ed99269a90","name":"Benoit Charette","image":{"@type":"ImageObject","inLanguage":"fr-CA","@id":"https:\/\/news.canadamotorjobs.com\/#\/schema\/person\/image\/","url":"https:\/\/secure.gravatar.com\/avatar\/45f3d2eebcccd909668d7ce7ea7267b6?s=96&d=mm&r=g","contentUrl":"https:\/\/secure.gravatar.com\/avatar\/45f3d2eebcccd909668d7ce7ea7267b6?s=96&d=mm&r=g","caption":"Benoit Charette"},"description":"Benoit Charette \/ Propri\u00e9taire et r\u00e9dacteur en chef Benoit Charette pratique le journalisme automobile depuis bient\u00f4t 30 ans. Il a fait ses classes au c\u00f4t\u00e9 de Daniel H\u00e9raud et au Carnet de route de 1992 \u00e0 2001. Il est fondateur, copropri\u00e9taire et r\u00e9dacteur en chef de L\u2019Annuel de l\u2019automobile, qu\u2019il publie depuis 2001. Il a anim\u00e9 les \u00e9missions RPM et RPM+ sur V et les L\u00e9gendes de la route sur Historia. \u00c0 la radio depuis 1986, il reprend l\u2019antenne cette ann\u00e9e sur les ondes de Cogeco et participe pour la deuxi\u00e8me ann\u00e9e \u00e0 l\u2019\u00e9mission Passion Auto sur RDS en plus de mettre en ligne le site Web officiel de L\u2019Annuel de l\u2019automobile sur annuelauto.ca.","sameAs":["https:\/\/annuelauto.ca\/"],"url":"https:\/\/news.canadamotorjobs.com\/fr\/author\/benoit-charette\/"}]}},"_links":{"self":[{"href":"https:\/\/news.canadamotorjobs.com\/fr\/wp-json\/wp\/v2\/posts\/171182"}],"collection":[{"href":"https:\/\/news.canadamotorjobs.com\/fr\/wp-json\/wp\/v2\/posts"}],"about":[{"href":"https:\/\/news.canadamotorjobs.com\/fr\/wp-json\/wp\/v2\/types\/post"}],"author":[{"embeddable":true,"href":"https:\/\/news.canadamotorjobs.com\/fr\/wp-json\/wp\/v2\/users\/8"}],"replies":[{"embeddable":true,"href":"https:\/\/news.canadamotorjobs.com\/fr\/wp-json\/wp\/v2\/comments?post=171182"}],"version-history":[{"count":2,"href":"https:\/\/news.canadamotorjobs.com\/fr\/wp-json\/wp\/v2\/posts\/171182\/revisions"}],"predecessor-version":[{"id":171186,"href":"https:\/\/news.canadamotorjobs.com\/fr\/wp-json\/wp\/v2\/posts\/171182\/revisions\/171186"}],"wp:featuredmedia":[{"embeddable":true,"href":"https:\/\/news.canadamotorjobs.com\/fr\/wp-json\/wp\/v2\/media\/171184"}],"wp:attachment":[{"href":"https:\/\/news.canadamotorjobs.com\/fr\/wp-json\/wp\/v2\/media?parent=171182"}],"wp:term":[{"taxonomy":"category","embeddable":true,"href":"https:\/\/news.canadamotorjobs.com\/fr\/wp-json\/wp\/v2\/categories?post=171182"},{"taxonomy":"post_tag","embeddable":true,"href":"https:\/\/news.canadamotorjobs.com\/fr\/wp-json\/wp\/v2\/tags?post=171182"}],"curies":[{"name":"wp","href":"https:\/\/api.w.org\/{rel}","templated":true}]}}