{"id":171167,"date":"2024-08-22T09:02:21","date_gmt":"2024-08-22T13:02:21","guid":{"rendered":"https:\/\/news.canadamotorjobs.com\/?p=171167"},"modified":"2024-08-22T09:14:49","modified_gmt":"2024-08-22T13:14:49","slug":"une-greve-ferroviaire-problematique-pour-le-milieu-automobile-nord-americain","status":"publish","type":"post","link":"https:\/\/news.canadamotorjobs.com\/fr\/une-greve-ferroviaire-problematique-pour-le-milieu-automobile-nord-americain\/","title":{"rendered":"Une gr\u00e8ve ferroviaire probl\u00e9matique pour le milieu automobile nord-am\u00e9ricain"},"content":{"rendered":"<\/p>\n<p>Pour la premi\u00e8re fois au Canada, le trafic ferroviaire de fret sur les deux plus grandes compagnies de chemin de fer du pays s&#8217;est simultan\u00e9ment arr\u00eat\u00e9, mena\u00e7ant de perturber l&#8217;industrie automobile et d&#8217;autres cha\u00eenes d&#8217;approvisionnement encore fragilis\u00e9es par les perturbations li\u00e9es \u00e0 la pand\u00e9mie et une gr\u00e8ve des ports l&#8217;ann\u00e9e derni\u00e8re.<\/p>\n<h3>Une n\u00e9gociation am\u00e8re qui \u00e9choue<\/h3>\n<p>\nApr\u00e8s des mois de n\u00e9gociations de plus en plus tendues, la Compagnie des chemins de fer nationaux du Canada (CN) et la Canadian Pacific Kansas City Ltd. (CPKC) ont d\u00e9cid\u00e9 de mettre \u00e0 pied 9 300 ing\u00e9nieurs, conducteurs et travailleurs de triage, suite \u00e0 l&#8217;\u00e9chec des discussions sur un nouveau contrat avant la date limite de minuit.<\/p>\n<h3>La mobilisation des travailleurs<\/h3>\n<p>\nLes membres de la Conf\u00e9rence ferroviaire de Teamsters Canada ont commenc\u00e9 \u00e0 publier des photos sur les r\u00e9seaux sociaux, montrant des travailleurs, de Halifax \u00e0 Vancouver, installant des piquets de gr\u00e8ve.<\/p>\n<h3>Des secteurs \u00e9conomiques cl\u00e9s menac\u00e9s<\/h3>\n<p>\nLes secteurs touch\u00e9s comprennent l&#8217;agriculture, les mines, l&#8217;\u00e9nergie, le commerce de d\u00e9tail, la construction, ainsi que l&#8217;industrie automobile. Les chemins de fer am\u00e9ricains ont \u00e9galement d\u00fb refuser des exp\u00e9ditions \u00e0 destination du Canada.<\/p>\n<h3>Un impact imminent sur l&#8217;industrie automobile<\/h3>\n<p>\nL&#8217;Association des fabricants de v\u00e9hicules du Canada a d\u00e9clar\u00e9 que cet arr\u00eat aurait un impact imm\u00e9diat sur la cha\u00eene d&#8217;approvisionnement automobile en Am\u00e9rique du Nord. L&#8217;industrie automobile nord-am\u00e9ricaine, hautement int\u00e9gr\u00e9e, d\u00e9pend d&#8217;un service ferroviaire efficace et pr\u00e9visible pour livrer les composants d&#8217;assemblage de v\u00e9hicules, transporter les pi\u00e8ces de service et acheminer les v\u00e9hicules finis vers les march\u00e9s int\u00e9rieurs et internationaux.<\/p>\n<h3>Le transport des v\u00e9hicules menac\u00e9<\/h3>\n<p>\nL&#8217;Association des fabricants de pi\u00e8ces d&#8217;automobiles a soulign\u00e9 que la majorit\u00e9 des v\u00e9hicules fabriqu\u00e9s au Canada chaque ann\u00e9e sont export\u00e9s vers les \u00c9tats-Unis. Les v\u00e9hicules voyagent presque exclusivement par train, et une gr\u00e8ve prolong\u00e9e aurait des effets similaires au blocus du pont Ambassador en 2022, qui a caus\u00e9 des arr\u00eats de travail temporaires dans toute l&#8217;industrie.<\/p>\n<h3>Le syst\u00e8me juste-\u00e0-temps sous pression<\/h3>\n<p>\nBien que la plupart des pi\u00e8ces voyagent par route, les op\u00e9rations d&#8217;assemblage de v\u00e9hicules ne sont pas con\u00e7ues pour stocker des fournitures. Le syst\u00e8me de production en flux tendu rend l&#8217;industrie inflexible dans des moments comme celui-ci.<\/p>\n<h3>Une r\u00e9putation en jeu<\/h3>\n<p>\nDavid Adams, directeur de Global Automakers of Canada, repr\u00e9sentant les int\u00e9r\u00eats de tous les constructeurs automobiles \u00e9trangers op\u00e9rant au Canada, a qualifi\u00e9 ce conflit de &#8220;d\u00e9cevant&#8221; et &#8220;hautement probl\u00e9matique&#8221; pour l&#8217;industrie. Le Canada, en tant que grande nation commerciale, d\u00e9pend de ses ports et de ses chemins de fer. Les perturbations fr\u00e9quentes dans les transports sapent la r\u00e9putation du pays en tant que fournisseur fiable et nuisent \u00e0 sa comp\u00e9titivit\u00e9 pour de nouveaux investissements.<\/p>\n<h3>Une pression croissante pour r\u00e9soudre le conflit<\/h3>\n<p>\nLa pression des groupes industriels et du gouvernement pour r\u00e9soudre l&#8217;impasse des n\u00e9gociations ne cesse de cro\u00eetre, avec des appels \u00e0 trouver une solution qui se multiplient maintenant que l&#8217;arr\u00eat de travail a commenc\u00e9. Les compagnies ferroviaires transportent chaque jour un milliard de dollars de marchandises, selon l&#8217;Association des chemins de fer du Canada. De nombreuses exp\u00e9ditions ont \u00e9t\u00e9 stopp\u00e9es pour \u00e9viter d&#8217;immobiliser les cargaisons.<\/p>\n<h3>Des n\u00e9gociations dans l&#8217;impasse<\/h3>\n<p>\nLes n\u00e9gociations ont continu\u00e9 tard dans la nuit du 21 ao\u00fbt dans des h\u00f4tels \u00e0 Montr\u00e9al et Calgary, mais les discussions ont \u00e9t\u00e9 interrompues peu avant minuit. Chaque partie accuse l&#8217;autre de ne pas n\u00e9gocier s\u00e9rieusement.<\/p>\n<h3>La r\u00e9action du gouvernement<\/h3>\n<p>\nLe Premier ministre Justin Trudeau a exhort\u00e9 les deux parties \u00e0 trouver un accord \u00e0 la table des n\u00e9gociations. Pendant ce temps, les ports canadiens craignent que les conteneurs ne s&#8217;accumulent sur les quais, entra\u00eenant une congestion en aval et poussant certains transporteurs \u00e0 d\u00e9tourner leurs cargaisons vers les terminaux am\u00e9ricains.<\/p>\n<h3>Les r\u00e9percussions pour les usagers des transports en Commun<\/h3>\n<p>\nL&#8217;impasse affecte \u00e9galement des dizaines de milliers de navetteurs \u00e0 Toronto, Montr\u00e9al et Vancouver, dont les lignes empruntent les voies de la CPKC. Sans les r\u00e9gulateurs de trafic en poste, les trains de passagers ne peuvent circuler sur ces rails. Plus de 32 000 navetteurs ferroviaires devront trouver de nouveaux moyens pour se rendre au bureau.<\/p>\n<h3>Les lignes ferroviaires touch\u00e9es<\/h3>\n<p>\nLes lignes affect\u00e9es par cet arr\u00eat potentiel sont le West Coast Express de TransLink dans la r\u00e9gion de Vancouver, la ligne Milton de Metrolinx et la gare GO de Lakeshore \u00e0 Hamilton dans la r\u00e9gion du Grand Toronto, ainsi que les lignes Candiac, Saint-J\u00e9r\u00f4me et Vaudreuil\/Hudson d&#8217;Exo dans la r\u00e9gion de Montr\u00e9al.<\/p>\n<p>Avec des renseignements d\u2019Automotive News Canada<\/p>\n<p>Le texte <a rel=\"nofollow\" href=\"https:\/\/annuelauto.ca\/une-greve-ferroviaire-problematique-pour-le-milieu-automobile-nord-americain\/\">Une gr\u00e8ve ferroviaire probl\u00e9matique pour le milieu automobile nord-am\u00e9ricain<\/a> provient de <a rel=\"nofollow\" href=\"https:\/\/annuelauto.ca\">L&#8217;annuel de l&#8217;automobile &#8211; Actualit\u00e9 automobile<\/a><\/p>\n<p><\/p>\n","protected":false},"excerpt":{"rendered":"<p>Pour la premi\u00e8re fois au Canada, le trafic ferroviaire de fret sur les deux plus grandes compagnies de chemin de fer du pays s&#8217;est simultan\u00e9ment arr\u00eat\u00e9, mena\u00e7ant de perturber l&#8217;industrie automobile et d&#8217;autres cha\u00eenes d&#8217;approvisionnement encore fragilis\u00e9es par les perturbations li\u00e9es \u00e0 la pand\u00e9mie et une gr\u00e8ve des ports l&#8217;ann\u00e9e derni\u00e8re. Une n\u00e9gociation am\u00e8re qui [&hellip;]<\/p>\n","protected":false},"author":8,"featured_media":171169,"comment_status":"close","ping_status":"closed","sticky":false,"template":"","format":"standard","meta":{"_monsterinsights_skip_tracking":false,"_monsterinsights_sitenote_active":false,"_monsterinsights_sitenote_note":"","_monsterinsights_sitenote_category":0,"footnotes":""},"categories":[101],"tags":[],"yoast_head":"<!-- This site is optimized with the Yoast SEO plugin v23.2 - https:\/\/yoast.com\/wordpress\/plugins\/seo\/ -->\n<title>Une gr\u00e8ve ferroviaire probl\u00e9matique pour le milieu automobile nord-am\u00e9ricain - CanadaMotorJobs.com<\/title>\n<meta name=\"description\" content=\"Une gr\u00e8ve ferroviaire probl\u00e9matique pour le milieu automobile nord-am\u00e9ricain - Benoit Charette - Annuel automobile - CanadaMotorJobs.com.\" \/>\n<meta name=\"robots\" content=\"index, follow, max-snippet:-1, max-image-preview:large, max-video-preview:-1\" \/>\n<meta property=\"og:locale\" content=\"fr_CA\" \/>\n<meta property=\"og:type\" content=\"article\" \/>\n<meta property=\"og:title\" content=\"Une gr\u00e8ve ferroviaire probl\u00e9matique pour le milieu automobile nord-am\u00e9ricain - CanadaMotorJobs.com\" \/>\n<meta property=\"og:description\" content=\"Une gr\u00e8ve ferroviaire probl\u00e9matique pour le milieu automobile nord-am\u00e9ricain - Benoit Charette - Annuel automobile - CanadaMotorJobs.com.\" \/>\n<meta property=\"og:url\" content=\"https:\/\/news.canadamotorjobs.com\/fr\/une-greve-ferroviaire-problematique-pour-le-milieu-automobile-nord-americain\/\" \/>\n<meta property=\"og:site_name\" content=\"CanadaMotorJobs.com\" \/>\n<meta property=\"article:publisher\" content=\"https:\/\/www.facebook.com\/canadamotorjobs\/\" \/>\n<meta property=\"article:published_time\" content=\"2024-08-22T13:02:21+00:00\" \/>\n<meta property=\"article:modified_time\" content=\"2024-08-22T13:14:49+00:00\" \/>\n<meta property=\"og:image\" content=\"https:\/\/news.canadamotorjobs.com\/wp-content\/uploads\/2024\/08\/2007_0717SB_7-17-070023-1.jpg\" \/>\n\t<meta property=\"og:image:width\" content=\"600\" \/>\n\t<meta property=\"og:image:height\" content=\"450\" \/>\n\t<meta property=\"og:image:type\" content=\"image\/jpeg\" \/>\n<meta name=\"author\" content=\"Benoit Charette\" \/>\n<meta name=\"twitter:card\" content=\"summary_large_image\" \/>\n<meta name=\"twitter:creator\" content=\"@canadamotorjobs\" \/>\n<meta name=\"twitter:site\" content=\"@canadamotorjobs\" \/>\n<meta name=\"twitter:label1\" content=\"\u00c9crit par\" \/>\n\t<meta name=\"twitter:data1\" content=\"Benoit Charette\" \/>\n\t<meta name=\"twitter:label2\" content=\"Estimation du temps de lecture\" \/>\n\t<meta name=\"twitter:data2\" content=\"4 minutes\" \/>\n<!-- \/ Yoast SEO plugin. -->","yoast_head_json":{"title":"Une gr\u00e8ve ferroviaire probl\u00e9matique pour le milieu automobile nord-am\u00e9ricain - CanadaMotorJobs.com","description":"Une gr\u00e8ve ferroviaire probl\u00e9matique pour le milieu automobile nord-am\u00e9ricain - Benoit Charette - Annuel automobile - CanadaMotorJobs.com.","robots":{"index":"index","follow":"follow","max-snippet":"max-snippet:-1","max-image-preview":"max-image-preview:large","max-video-preview":"max-video-preview:-1"},"og_locale":"fr_CA","og_type":"article","og_title":"Une gr\u00e8ve ferroviaire probl\u00e9matique pour le milieu automobile nord-am\u00e9ricain - CanadaMotorJobs.com","og_description":"Une gr\u00e8ve ferroviaire probl\u00e9matique pour le milieu automobile nord-am\u00e9ricain - Benoit Charette - Annuel automobile - CanadaMotorJobs.com.","og_url":"https:\/\/news.canadamotorjobs.com\/fr\/une-greve-ferroviaire-problematique-pour-le-milieu-automobile-nord-americain\/","og_site_name":"CanadaMotorJobs.com","article_publisher":"https:\/\/www.facebook.com\/canadamotorjobs\/","article_published_time":"2024-08-22T13:02:21+00:00","article_modified_time":"2024-08-22T13:14:49+00:00","og_image":[{"width":600,"height":450,"url":"https:\/\/news.canadamotorjobs.com\/wp-content\/uploads\/2024\/08\/2007_0717SB_7-17-070023-1.jpg","type":"image\/jpeg"}],"author":"Benoit Charette","twitter_card":"summary_large_image","twitter_creator":"@canadamotorjobs","twitter_site":"@canadamotorjobs","twitter_misc":{"\u00c9crit par":"Benoit Charette","Estimation du temps de lecture":"4 minutes"},"schema":{"@context":"https:\/\/schema.org","@graph":[{"@type":"Article","@id":"https:\/\/news.canadamotorjobs.com\/fr\/une-greve-ferroviaire-problematique-pour-le-milieu-automobile-nord-americain\/#article","isPartOf":{"@id":"https:\/\/news.canadamotorjobs.com\/fr\/une-greve-ferroviaire-problematique-pour-le-milieu-automobile-nord-americain\/"},"author":{"name":"Benoit Charette","@id":"https:\/\/news.canadamotorjobs.com\/#\/schema\/person\/51793d1f87d44011d7bcc2ed99269a90"},"headline":"Une gr\u00e8ve ferroviaire probl\u00e9matique pour le milieu automobile nord-am\u00e9ricain","datePublished":"2024-08-22T13:02:21+00:00","dateModified":"2024-08-22T13:14:49+00:00","mainEntityOfPage":{"@id":"https:\/\/news.canadamotorjobs.com\/fr\/une-greve-ferroviaire-problematique-pour-le-milieu-automobile-nord-americain\/"},"wordCount":875,"publisher":{"@id":"https:\/\/news.canadamotorjobs.com\/#organization"},"image":{"@id":"https:\/\/news.canadamotorjobs.com\/fr\/une-greve-ferroviaire-problematique-pour-le-milieu-automobile-nord-americain\/#primaryimage"},"thumbnailUrl":"https:\/\/news.canadamotorjobs.com\/wp-content\/uploads\/2024\/08\/2007_0717SB_7-17-070023-1.jpg","articleSection":["Annuel automobile"],"inLanguage":"fr-CA"},{"@type":"WebPage","@id":"https:\/\/news.canadamotorjobs.com\/fr\/une-greve-ferroviaire-problematique-pour-le-milieu-automobile-nord-americain\/","url":"https:\/\/news.canadamotorjobs.com\/fr\/une-greve-ferroviaire-problematique-pour-le-milieu-automobile-nord-americain\/","name":"Une gr\u00e8ve ferroviaire probl\u00e9matique pour le milieu automobile nord-am\u00e9ricain - CanadaMotorJobs.com","isPartOf":{"@id":"https:\/\/news.canadamotorjobs.com\/#website"},"primaryImageOfPage":{"@id":"https:\/\/news.canadamotorjobs.com\/fr\/une-greve-ferroviaire-problematique-pour-le-milieu-automobile-nord-americain\/#primaryimage"},"image":{"@id":"https:\/\/news.canadamotorjobs.com\/fr\/une-greve-ferroviaire-problematique-pour-le-milieu-automobile-nord-americain\/#primaryimage"},"thumbnailUrl":"https:\/\/news.canadamotorjobs.com\/wp-content\/uploads\/2024\/08\/2007_0717SB_7-17-070023-1.jpg","datePublished":"2024-08-22T13:02:21+00:00","dateModified":"2024-08-22T13:14:49+00:00","description":"Une gr\u00e8ve ferroviaire probl\u00e9matique pour le milieu automobile nord-am\u00e9ricain - Benoit Charette - Annuel automobile - CanadaMotorJobs.com.","breadcrumb":{"@id":"https:\/\/news.canadamotorjobs.com\/fr\/une-greve-ferroviaire-problematique-pour-le-milieu-automobile-nord-americain\/#breadcrumb"},"inLanguage":"fr-CA","potentialAction":[{"@type":"ReadAction","target":["https:\/\/news.canadamotorjobs.com\/fr\/une-greve-ferroviaire-problematique-pour-le-milieu-automobile-nord-americain\/"]}]},{"@type":"ImageObject","inLanguage":"fr-CA","@id":"https:\/\/news.canadamotorjobs.com\/fr\/une-greve-ferroviaire-problematique-pour-le-milieu-automobile-nord-americain\/#primaryimage","url":"https:\/\/news.canadamotorjobs.com\/wp-content\/uploads\/2024\/08\/2007_0717SB_7-17-070023-1.jpg","contentUrl":"https:\/\/news.canadamotorjobs.com\/wp-content\/uploads\/2024\/08\/2007_0717SB_7-17-070023-1.jpg","width":600,"height":450},{"@type":"BreadcrumbList","@id":"https:\/\/news.canadamotorjobs.com\/fr\/une-greve-ferroviaire-problematique-pour-le-milieu-automobile-nord-americain\/#breadcrumb","itemListElement":[{"@type":"ListItem","position":1,"name":"Home","item":"https:\/\/news.canadamotorjobs.com\/fr\/blog\/"},{"@type":"ListItem","position":2,"name":"Une gr\u00e8ve ferroviaire probl\u00e9matique pour le milieu automobile nord-am\u00e9ricain"}]},{"@type":"WebSite","@id":"https:\/\/news.canadamotorjobs.com\/#website","url":"https:\/\/news.canadamotorjobs.com\/","name":"CanadaMotorJobs.com","description":"Automotive Jobs","publisher":{"@id":"https:\/\/news.canadamotorjobs.com\/#organization"},"potentialAction":[{"@type":"SearchAction","target":{"@type":"EntryPoint","urlTemplate":"https:\/\/news.canadamotorjobs.com\/?s={search_term_string}"},"query-input":"required name=search_term_string"}],"inLanguage":"fr-CA"},{"@type":"Organization","@id":"https:\/\/news.canadamotorjobs.com\/#organization","name":"Canada Motor Jobs","url":"https:\/\/news.canadamotorjobs.com\/","logo":{"@type":"ImageObject","inLanguage":"fr-CA","@id":"https:\/\/news.canadamotorjobs.com\/#\/schema\/logo\/image\/","url":"https:\/\/news.canadamotorjobs.com\/wp-content\/uploads\/2022\/10\/logo-canada-motor-jobs-1.png","contentUrl":"https:\/\/news.canadamotorjobs.com\/wp-content\/uploads\/2022\/10\/logo-canada-motor-jobs-1.png","width":800,"height":400,"caption":"Canada Motor Jobs"},"image":{"@id":"https:\/\/news.canadamotorjobs.com\/#\/schema\/logo\/image\/"},"sameAs":["https:\/\/www.facebook.com\/canadamotorjobs\/","https:\/\/x.com\/canadamotorjobs","https:\/\/www.instagram.com\/canadamotorjobs\/","https:\/\/www.linkedin.com\/company\/canadamotorjobs"]},{"@type":"Person","@id":"https:\/\/news.canadamotorjobs.com\/#\/schema\/person\/51793d1f87d44011d7bcc2ed99269a90","name":"Benoit Charette","image":{"@type":"ImageObject","inLanguage":"fr-CA","@id":"https:\/\/news.canadamotorjobs.com\/#\/schema\/person\/image\/","url":"https:\/\/secure.gravatar.com\/avatar\/45f3d2eebcccd909668d7ce7ea7267b6?s=96&d=mm&r=g","contentUrl":"https:\/\/secure.gravatar.com\/avatar\/45f3d2eebcccd909668d7ce7ea7267b6?s=96&d=mm&r=g","caption":"Benoit Charette"},"description":"Benoit Charette \/ Propri\u00e9taire et r\u00e9dacteur en chef Benoit Charette pratique le journalisme automobile depuis bient\u00f4t 30 ans. Il a fait ses classes au c\u00f4t\u00e9 de Daniel H\u00e9raud et au Carnet de route de 1992 \u00e0 2001. Il est fondateur, copropri\u00e9taire et r\u00e9dacteur en chef de L\u2019Annuel de l\u2019automobile, qu\u2019il publie depuis 2001. Il a anim\u00e9 les \u00e9missions RPM et RPM+ sur V et les L\u00e9gendes de la route sur Historia. \u00c0 la radio depuis 1986, il reprend l\u2019antenne cette ann\u00e9e sur les ondes de Cogeco et participe pour la deuxi\u00e8me ann\u00e9e \u00e0 l\u2019\u00e9mission Passion Auto sur RDS en plus de mettre en ligne le site Web officiel de L\u2019Annuel de l\u2019automobile sur annuelauto.ca.","sameAs":["https:\/\/annuelauto.ca\/"],"url":"https:\/\/news.canadamotorjobs.com\/fr\/author\/benoit-charette\/"}]}},"_links":{"self":[{"href":"https:\/\/news.canadamotorjobs.com\/fr\/wp-json\/wp\/v2\/posts\/171167"}],"collection":[{"href":"https:\/\/news.canadamotorjobs.com\/fr\/wp-json\/wp\/v2\/posts"}],"about":[{"href":"https:\/\/news.canadamotorjobs.com\/fr\/wp-json\/wp\/v2\/types\/post"}],"author":[{"embeddable":true,"href":"https:\/\/news.canadamotorjobs.com\/fr\/wp-json\/wp\/v2\/users\/8"}],"replies":[{"embeddable":true,"href":"https:\/\/news.canadamotorjobs.com\/fr\/wp-json\/wp\/v2\/comments?post=171167"}],"version-history":[{"count":2,"href":"https:\/\/news.canadamotorjobs.com\/fr\/wp-json\/wp\/v2\/posts\/171167\/revisions"}],"predecessor-version":[{"id":171171,"href":"https:\/\/news.canadamotorjobs.com\/fr\/wp-json\/wp\/v2\/posts\/171167\/revisions\/171171"}],"wp:featuredmedia":[{"embeddable":true,"href":"https:\/\/news.canadamotorjobs.com\/fr\/wp-json\/wp\/v2\/media\/171169"}],"wp:attachment":[{"href":"https:\/\/news.canadamotorjobs.com\/fr\/wp-json\/wp\/v2\/media?parent=171167"}],"wp:term":[{"taxonomy":"category","embeddable":true,"href":"https:\/\/news.canadamotorjobs.com\/fr\/wp-json\/wp\/v2\/categories?post=171167"},{"taxonomy":"post_tag","embeddable":true,"href":"https:\/\/news.canadamotorjobs.com\/fr\/wp-json\/wp\/v2\/tags?post=171167"}],"curies":[{"name":"wp","href":"https:\/\/api.w.org\/{rel}","templated":true}]}}