{"id":171148,"date":"2024-08-22T07:24:48","date_gmt":"2024-08-22T11:24:48","guid":{"rendered":"https:\/\/news.canadamotorjobs.com\/?p=171148"},"modified":"2024-08-22T07:29:23","modified_gmt":"2024-08-22T11:29:23","slug":"ford-elimine-son-projet-de-vus-electrique-a-trois-rangees","status":"publish","type":"post","link":"https:\/\/news.canadamotorjobs.com\/fr\/ford-elimine-son-projet-de-vus-electrique-a-trois-rangees\/","title":{"rendered":"Ford \u00e9limine son projet de VUS \u00e9lectrique \u00e0 trois rang\u00e9es"},"content":{"rendered":"<\/p>\n<p>Ford Motor a annonc\u00e9 mercredi l&#8217;abandon de son projet de VUS \u00e9lectrique \u00e0 trois rang\u00e9es et le report du nouveau F-150 Lightning. Ce dernier report s&#8217;inscrit dans la strat\u00e9gie de l&#8217;entreprise visant \u00e0 r\u00e9duire les co\u00fbts pour stimuler la demande.<\/p>\n<h3><strong>Des ajustements strat\u00e9giques pour \u00e9viter les pertes<\/strong><\/h3>\n<p>\nFord, General Motors, et d&#8217;autres constructeurs automobiles ont retard\u00e9 ou annul\u00e9 de nouveaux mod\u00e8les \u00e9lectriques afin d&#8217;\u00e9viter des d\u00e9penses massives pour des v\u00e9hicules que les consommateurs n&#8217;ach\u00e8tent pas aussi rapidement que pr\u00e9vu. Selon John Lawler, directeur financier de Ford, la d\u00e9cision de modifier la feuille de route des produits et des technologies a \u00e9t\u00e9 prise pour atteindre un objectif de rentabilit\u00e9 d\u00e8s les 12 premiers mois de lancement de chaque nouveau mod\u00e8le.<\/p>\n<h3><strong>Priorit\u00e9 aux hybrides et aux v\u00e9hicules commerciaux<\/strong><\/h3>\n<p>\nFord a d\u00e9cid\u00e9 d\u2019investir davantage dans les v\u00e9hicules hybrides, qui combinent un moteur \u00e9lectrique \u00e0 un moteur \u00e0 essence. Les ventes d&#8217;hybrides ont explos\u00e9 chez Ford, Toyota, et d&#8217;autres constructeurs, les consommateurs adoptant cette technologie comme un compromis moins co\u00fbteux entre les v\u00e9hicules \u00e0 essence et les v\u00e9hicules \u00e9lectriques.<\/p>\n<h3><strong>Le F-150 Lightning de nouveau retard\u00e9<\/strong><\/h3>\n<p>\nLa prochaine version du F-150 Lightning, initialement pr\u00e9vue pour 2025, est d\u00e9sormais report\u00e9e \u00e0 la deuxi\u00e8me moiti\u00e9 de 2027. Ford esp\u00e8re profiter de cette p\u00e9riode pour b\u00e9n\u00e9ficier de nouvelles technologies de batteries moins co\u00fbteuses.<\/p>\n<h3><strong>La production de batteries sous les projecteurs<\/strong><\/h3>\n<p>\nFord a \u00e9galement annonc\u00e9 qu&#8217;il commencera \u00e0 produire une fourgonnette commerciale \u00e9lectrique dans son usine de l&#8217;Ohio en 2026. L&#8217;accent est mis sur la r\u00e9duction des co\u00fbts, une priorit\u00e9 pour le PDG Jim Farley, afin de rendre les v\u00e9hicules \u00e9lectriques plus abordables.<\/p>\n<h3><strong>D\u00e9localisation et avantages fiscaux<\/strong><\/h3>\n<p>\nAfin de b\u00e9n\u00e9ficier des incitations offertes par l&#8217;Inflation Reduction Act (IRA) des \u00c9tats-Unis, Ford pr\u00e9voit de d\u00e9placer une partie de la production de batteries de la Pologne au Michigan. De plus, une coentreprise de batteries avec SK Innovation commencera \u00e0 produire des cellules pour la fourgonnette E-Transit et pour le nouveau fourgon commercial \u00e9lectrique de Ford en 2025.<\/p>\n<h3><strong>Conclusion<\/strong><\/h3>\n<p>\nFord a promis une mise \u00e0 jour sur son programme d&#8217;\u00e9lectrification, ses technologies, sa rentabilit\u00e9, et ses besoins en capital au premier semestre 2025, un moment crucial pour l&#8217;avenir de l&#8217;entreprise dans un march\u00e9 de plus en plus concurrentiel.<\/p>\n<p>Avec des renseignements de Reuters<\/p>\n<p>\u00a0<\/p>\n<p>Le texte <a rel=\"nofollow\" href=\"https:\/\/annuelauto.ca\/ford-elimine-son-projet-de-vus-electrique-a-trois-rangees\/\">Ford \u00e9limine son projet de VUS \u00e9lectrique \u00e0 trois rang\u00e9es<\/a> provient de <a rel=\"nofollow\" href=\"https:\/\/annuelauto.ca\">L&#8217;annuel de l&#8217;automobile &#8211; Actualit\u00e9 automobile<\/a><\/p>\n<p><\/p>\n","protected":false},"excerpt":{"rendered":"<p>Ford Motor a annonc\u00e9 mercredi l&#8217;abandon de son projet de VUS \u00e9lectrique \u00e0 trois rang\u00e9es et le report du nouveau F-150 Lightning. Ce dernier report s&#8217;inscrit dans la strat\u00e9gie de l&#8217;entreprise visant \u00e0 r\u00e9duire les co\u00fbts pour stimuler la demande. Des ajustements strat\u00e9giques pour \u00e9viter les pertes Ford, General Motors, et d&#8217;autres constructeurs automobiles ont [&hellip;]<\/p>\n","protected":false},"author":8,"featured_media":171150,"comment_status":"close","ping_status":"closed","sticky":false,"template":"","format":"standard","meta":{"_monsterinsights_skip_tracking":false,"_monsterinsights_sitenote_active":false,"_monsterinsights_sitenote_note":"","_monsterinsights_sitenote_category":0,"footnotes":""},"categories":[101],"tags":[],"yoast_head":"<!-- This site is optimized with the Yoast SEO plugin v23.2 - https:\/\/yoast.com\/wordpress\/plugins\/seo\/ -->\n<title>Ford \u00e9limine son projet de VUS \u00e9lectrique \u00e0 trois rang\u00e9es - CanadaMotorJobs.com<\/title>\n<meta name=\"description\" content=\"Ford \u00e9limine son projet de VUS \u00e9lectrique \u00e0 trois rang\u00e9es - Benoit Charette - Annuel automobile - CanadaMotorJobs.com.\" \/>\n<meta name=\"robots\" content=\"index, follow, max-snippet:-1, max-image-preview:large, max-video-preview:-1\" \/>\n<meta property=\"og:locale\" content=\"fr_CA\" \/>\n<meta property=\"og:type\" content=\"article\" \/>\n<meta property=\"og:title\" content=\"Ford \u00e9limine son projet de VUS \u00e9lectrique \u00e0 trois rang\u00e9es - CanadaMotorJobs.com\" \/>\n<meta property=\"og:description\" content=\"Ford \u00e9limine son projet de VUS \u00e9lectrique \u00e0 trois rang\u00e9es - Benoit Charette - Annuel automobile - CanadaMotorJobs.com.\" \/>\n<meta property=\"og:url\" content=\"https:\/\/news.canadamotorjobs.com\/fr\/ford-elimine-son-projet-de-vus-electrique-a-trois-rangees\/\" \/>\n<meta property=\"og:site_name\" content=\"CanadaMotorJobs.com\" \/>\n<meta property=\"article:publisher\" content=\"https:\/\/www.facebook.com\/canadamotorjobs\/\" \/>\n<meta property=\"article:published_time\" content=\"2024-08-22T11:24:48+00:00\" \/>\n<meta property=\"article:modified_time\" content=\"2024-08-22T11:29:23+00:00\" \/>\n<meta property=\"og:image\" content=\"https:\/\/news.canadamotorjobs.com\/wp-content\/uploads\/2024\/08\/DSC01389-1024x768-1.jpg\" \/>\n\t<meta property=\"og:image:width\" content=\"1024\" \/>\n\t<meta property=\"og:image:height\" content=\"768\" \/>\n\t<meta property=\"og:image:type\" content=\"image\/jpeg\" \/>\n<meta name=\"author\" content=\"Benoit Charette\" \/>\n<meta name=\"twitter:card\" content=\"summary_large_image\" \/>\n<meta name=\"twitter:creator\" content=\"@canadamotorjobs\" \/>\n<meta name=\"twitter:site\" content=\"@canadamotorjobs\" \/>\n<meta name=\"twitter:label1\" content=\"\u00c9crit par\" \/>\n\t<meta name=\"twitter:data1\" content=\"Benoit Charette\" \/>\n\t<meta name=\"twitter:label2\" content=\"Estimation du temps de lecture\" \/>\n\t<meta name=\"twitter:data2\" content=\"2 minutes\" \/>\n<!-- \/ Yoast SEO plugin. -->","yoast_head_json":{"title":"Ford \u00e9limine son projet de VUS \u00e9lectrique \u00e0 trois rang\u00e9es - CanadaMotorJobs.com","description":"Ford \u00e9limine son projet de VUS \u00e9lectrique \u00e0 trois rang\u00e9es - Benoit Charette - Annuel automobile - CanadaMotorJobs.com.","robots":{"index":"index","follow":"follow","max-snippet":"max-snippet:-1","max-image-preview":"max-image-preview:large","max-video-preview":"max-video-preview:-1"},"og_locale":"fr_CA","og_type":"article","og_title":"Ford \u00e9limine son projet de VUS \u00e9lectrique \u00e0 trois rang\u00e9es - CanadaMotorJobs.com","og_description":"Ford \u00e9limine son projet de VUS \u00e9lectrique \u00e0 trois rang\u00e9es - Benoit Charette - Annuel automobile - CanadaMotorJobs.com.","og_url":"https:\/\/news.canadamotorjobs.com\/fr\/ford-elimine-son-projet-de-vus-electrique-a-trois-rangees\/","og_site_name":"CanadaMotorJobs.com","article_publisher":"https:\/\/www.facebook.com\/canadamotorjobs\/","article_published_time":"2024-08-22T11:24:48+00:00","article_modified_time":"2024-08-22T11:29:23+00:00","og_image":[{"width":1024,"height":768,"url":"https:\/\/news.canadamotorjobs.com\/wp-content\/uploads\/2024\/08\/DSC01389-1024x768-1.jpg","type":"image\/jpeg"}],"author":"Benoit Charette","twitter_card":"summary_large_image","twitter_creator":"@canadamotorjobs","twitter_site":"@canadamotorjobs","twitter_misc":{"\u00c9crit par":"Benoit Charette","Estimation du temps de lecture":"2 minutes"},"schema":{"@context":"https:\/\/schema.org","@graph":[{"@type":"Article","@id":"https:\/\/news.canadamotorjobs.com\/fr\/ford-elimine-son-projet-de-vus-electrique-a-trois-rangees\/#article","isPartOf":{"@id":"https:\/\/news.canadamotorjobs.com\/fr\/ford-elimine-son-projet-de-vus-electrique-a-trois-rangees\/"},"author":{"name":"Benoit Charette","@id":"https:\/\/news.canadamotorjobs.com\/#\/schema\/person\/51793d1f87d44011d7bcc2ed99269a90"},"headline":"Ford \u00e9limine son projet de VUS \u00e9lectrique \u00e0 trois rang\u00e9es","datePublished":"2024-08-22T11:24:48+00:00","dateModified":"2024-08-22T11:29:23+00:00","mainEntityOfPage":{"@id":"https:\/\/news.canadamotorjobs.com\/fr\/ford-elimine-son-projet-de-vus-electrique-a-trois-rangees\/"},"wordCount":440,"publisher":{"@id":"https:\/\/news.canadamotorjobs.com\/#organization"},"image":{"@id":"https:\/\/news.canadamotorjobs.com\/fr\/ford-elimine-son-projet-de-vus-electrique-a-trois-rangees\/#primaryimage"},"thumbnailUrl":"https:\/\/news.canadamotorjobs.com\/wp-content\/uploads\/2024\/08\/DSC01389-1024x768-1.jpg","articleSection":["Annuel automobile"],"inLanguage":"fr-CA"},{"@type":"WebPage","@id":"https:\/\/news.canadamotorjobs.com\/fr\/ford-elimine-son-projet-de-vus-electrique-a-trois-rangees\/","url":"https:\/\/news.canadamotorjobs.com\/fr\/ford-elimine-son-projet-de-vus-electrique-a-trois-rangees\/","name":"Ford \u00e9limine son projet de VUS \u00e9lectrique \u00e0 trois rang\u00e9es - CanadaMotorJobs.com","isPartOf":{"@id":"https:\/\/news.canadamotorjobs.com\/#website"},"primaryImageOfPage":{"@id":"https:\/\/news.canadamotorjobs.com\/fr\/ford-elimine-son-projet-de-vus-electrique-a-trois-rangees\/#primaryimage"},"image":{"@id":"https:\/\/news.canadamotorjobs.com\/fr\/ford-elimine-son-projet-de-vus-electrique-a-trois-rangees\/#primaryimage"},"thumbnailUrl":"https:\/\/news.canadamotorjobs.com\/wp-content\/uploads\/2024\/08\/DSC01389-1024x768-1.jpg","datePublished":"2024-08-22T11:24:48+00:00","dateModified":"2024-08-22T11:29:23+00:00","description":"Ford \u00e9limine son projet de VUS \u00e9lectrique \u00e0 trois rang\u00e9es - Benoit Charette - Annuel automobile - CanadaMotorJobs.com.","breadcrumb":{"@id":"https:\/\/news.canadamotorjobs.com\/fr\/ford-elimine-son-projet-de-vus-electrique-a-trois-rangees\/#breadcrumb"},"inLanguage":"fr-CA","potentialAction":[{"@type":"ReadAction","target":["https:\/\/news.canadamotorjobs.com\/fr\/ford-elimine-son-projet-de-vus-electrique-a-trois-rangees\/"]}]},{"@type":"ImageObject","inLanguage":"fr-CA","@id":"https:\/\/news.canadamotorjobs.com\/fr\/ford-elimine-son-projet-de-vus-electrique-a-trois-rangees\/#primaryimage","url":"https:\/\/news.canadamotorjobs.com\/wp-content\/uploads\/2024\/08\/DSC01389-1024x768-1.jpg","contentUrl":"https:\/\/news.canadamotorjobs.com\/wp-content\/uploads\/2024\/08\/DSC01389-1024x768-1.jpg","width":1024,"height":768},{"@type":"BreadcrumbList","@id":"https:\/\/news.canadamotorjobs.com\/fr\/ford-elimine-son-projet-de-vus-electrique-a-trois-rangees\/#breadcrumb","itemListElement":[{"@type":"ListItem","position":1,"name":"Home","item":"https:\/\/news.canadamotorjobs.com\/fr\/blog\/"},{"@type":"ListItem","position":2,"name":"Ford \u00e9limine son projet de VUS \u00e9lectrique \u00e0 trois rang\u00e9es"}]},{"@type":"WebSite","@id":"https:\/\/news.canadamotorjobs.com\/#website","url":"https:\/\/news.canadamotorjobs.com\/","name":"CanadaMotorJobs.com","description":"Automotive Jobs","publisher":{"@id":"https:\/\/news.canadamotorjobs.com\/#organization"},"potentialAction":[{"@type":"SearchAction","target":{"@type":"EntryPoint","urlTemplate":"https:\/\/news.canadamotorjobs.com\/?s={search_term_string}"},"query-input":"required name=search_term_string"}],"inLanguage":"fr-CA"},{"@type":"Organization","@id":"https:\/\/news.canadamotorjobs.com\/#organization","name":"Canada Motor Jobs","url":"https:\/\/news.canadamotorjobs.com\/","logo":{"@type":"ImageObject","inLanguage":"fr-CA","@id":"https:\/\/news.canadamotorjobs.com\/#\/schema\/logo\/image\/","url":"https:\/\/news.canadamotorjobs.com\/wp-content\/uploads\/2022\/10\/logo-canada-motor-jobs-1.png","contentUrl":"https:\/\/news.canadamotorjobs.com\/wp-content\/uploads\/2022\/10\/logo-canada-motor-jobs-1.png","width":800,"height":400,"caption":"Canada Motor Jobs"},"image":{"@id":"https:\/\/news.canadamotorjobs.com\/#\/schema\/logo\/image\/"},"sameAs":["https:\/\/www.facebook.com\/canadamotorjobs\/","https:\/\/x.com\/canadamotorjobs","https:\/\/www.instagram.com\/canadamotorjobs\/","https:\/\/www.linkedin.com\/company\/canadamotorjobs"]},{"@type":"Person","@id":"https:\/\/news.canadamotorjobs.com\/#\/schema\/person\/51793d1f87d44011d7bcc2ed99269a90","name":"Benoit Charette","image":{"@type":"ImageObject","inLanguage":"fr-CA","@id":"https:\/\/news.canadamotorjobs.com\/#\/schema\/person\/image\/","url":"https:\/\/secure.gravatar.com\/avatar\/45f3d2eebcccd909668d7ce7ea7267b6?s=96&d=mm&r=g","contentUrl":"https:\/\/secure.gravatar.com\/avatar\/45f3d2eebcccd909668d7ce7ea7267b6?s=96&d=mm&r=g","caption":"Benoit Charette"},"description":"Benoit Charette \/ Propri\u00e9taire et r\u00e9dacteur en chef Benoit Charette pratique le journalisme automobile depuis bient\u00f4t 30 ans. Il a fait ses classes au c\u00f4t\u00e9 de Daniel H\u00e9raud et au Carnet de route de 1992 \u00e0 2001. Il est fondateur, copropri\u00e9taire et r\u00e9dacteur en chef de L\u2019Annuel de l\u2019automobile, qu\u2019il publie depuis 2001. Il a anim\u00e9 les \u00e9missions RPM et RPM+ sur V et les L\u00e9gendes de la route sur Historia. \u00c0 la radio depuis 1986, il reprend l\u2019antenne cette ann\u00e9e sur les ondes de Cogeco et participe pour la deuxi\u00e8me ann\u00e9e \u00e0 l\u2019\u00e9mission Passion Auto sur RDS en plus de mettre en ligne le site Web officiel de L\u2019Annuel de l\u2019automobile sur annuelauto.ca.","sameAs":["https:\/\/annuelauto.ca\/"],"url":"https:\/\/news.canadamotorjobs.com\/fr\/author\/benoit-charette\/"}]}},"_links":{"self":[{"href":"https:\/\/news.canadamotorjobs.com\/fr\/wp-json\/wp\/v2\/posts\/171148"}],"collection":[{"href":"https:\/\/news.canadamotorjobs.com\/fr\/wp-json\/wp\/v2\/posts"}],"about":[{"href":"https:\/\/news.canadamotorjobs.com\/fr\/wp-json\/wp\/v2\/types\/post"}],"author":[{"embeddable":true,"href":"https:\/\/news.canadamotorjobs.com\/fr\/wp-json\/wp\/v2\/users\/8"}],"replies":[{"embeddable":true,"href":"https:\/\/news.canadamotorjobs.com\/fr\/wp-json\/wp\/v2\/comments?post=171148"}],"version-history":[{"count":2,"href":"https:\/\/news.canadamotorjobs.com\/fr\/wp-json\/wp\/v2\/posts\/171148\/revisions"}],"predecessor-version":[{"id":171152,"href":"https:\/\/news.canadamotorjobs.com\/fr\/wp-json\/wp\/v2\/posts\/171148\/revisions\/171152"}],"wp:featuredmedia":[{"embeddable":true,"href":"https:\/\/news.canadamotorjobs.com\/fr\/wp-json\/wp\/v2\/media\/171150"}],"wp:attachment":[{"href":"https:\/\/news.canadamotorjobs.com\/fr\/wp-json\/wp\/v2\/media?parent=171148"}],"wp:term":[{"taxonomy":"category","embeddable":true,"href":"https:\/\/news.canadamotorjobs.com\/fr\/wp-json\/wp\/v2\/categories?post=171148"},{"taxonomy":"post_tag","embeddable":true,"href":"https:\/\/news.canadamotorjobs.com\/fr\/wp-json\/wp\/v2\/tags?post=171148"}],"curies":[{"name":"wp","href":"https:\/\/api.w.org\/{rel}","templated":true}]}}