{"id":171129,"date":"2024-08-21T07:17:50","date_gmt":"2024-08-21T11:17:50","guid":{"rendered":"https:\/\/news.canadamotorjobs.com\/?p=171129"},"modified":"2024-08-21T07:30:24","modified_gmt":"2024-08-21T11:30:24","slug":"le-pdg-de-stellantis-en-visite-a-detroit","status":"publish","type":"post","link":"https:\/\/news.canadamotorjobs.com\/fr\/le-pdg-de-stellantis-en-visite-a-detroit\/","title":{"rendered":"Le PDG de Stellantis en visite \u00e0 D\u00e9troit"},"content":{"rendered":"<\/p>\n<p>Carlos Tavares, le PDG de Stellantis, sera en visite \u00e0 Detroit cette semaine. Cette visite, qui n\u2019\u00e9tait pas planifi\u00e9e, a pour but de d\u00e9velopper une strat\u00e9gie pour redresser les op\u00e9rations nord-am\u00e9ricaines de l&#8217;entreprise, qui peinent \u00e0 maintenir leur rentabilit\u00e9. Une source proche du dossier, ayant requis l&#8217;anonymat, a indiqu\u00e9 que cette strat\u00e9gie pourrait \u00eatre finalis\u00e9e d&#8217;ici la fin de la semaine.<\/p>\n<h3><strong>Une pr\u00e9sence significative<\/strong><\/h3>\n<p>\nSelon cette source et une autre personne inform\u00e9e des habitudes de Tavares, ce dernier se rend g\u00e9n\u00e9ralement en Am\u00e9rique du Nord toutes les quatre \u00e0 six semaines. Cependant, la visite de cette semaine, en plein milieu de ses vacances estivales, est un message fort. &#8220;Il voulait montrer qu&#8217;il prend personnellement les choses en main&#8221;, a d\u00e9clar\u00e9 la source. &#8220;Les op\u00e9rations nord-am\u00e9ricaines financent en grande partie le reste du groupe.&#8221;<\/p>\n<h3><strong>Un bilan \u00e0 redresser<\/strong><\/h3>\n<p>\nLes r\u00e9sultats du premier semestre de Stellantis ont \u00e9t\u00e9 qualifi\u00e9s de \u00ab humiliants \u00bb par Tavares lui-m\u00eame. Il a reconnu que les affaires en Am\u00e9rique du Nord souffraient d&#8217;une combinaison de stocks de v\u00e9hicules \u00e9lev\u00e9s, de probl\u00e8mes de fabrication et d&#8217;un manque de &#8220;sophistication&#8221; dans l&#8217;approche du march\u00e9 local. Un porte-parole de Stellantis a refus\u00e9 de commenter.<\/p>\n<h3><strong>Des pertes inqui\u00e9tantes<\/strong><\/h3>\n<p>\nStellantis a enregistr\u00e9 une baisse de 40 % de son revenu op\u00e9rationnel au premier semestre, principalement en raison de la mauvaise performance en Am\u00e9rique du Nord, traditionnellement la r\u00e9gion la plus rentable du groupe. Les ventes de v\u00e9hicules pour les marques phares de Stellantis, Ram et Jeep, ont chut\u00e9 de plus de 33 % depuis la premi\u00e8re moiti\u00e9 de 2019, selon le cabinet de recherche Cox Automotive.<\/p>\n<h3><strong>Une autocritique n\u00e9cessaire<\/strong><\/h3>\n<p>\nTavares s&#8217;est lui-m\u00eame bl\u00e2m\u00e9 pour ne pas avoir r\u00e9agi assez rapidement face aux probl\u00e8mes accumul\u00e9s dans les op\u00e9rations nord-am\u00e9ricaines, affirmant qu&#8217;il passerait une partie de ses vacances d&#8217;\u00e9t\u00e9 \u00e0 les r\u00e9soudre. &#8220;Nous avons \u00e9t\u00e9 arrogants&#8221;, a-t-il avou\u00e9 lors de la journ\u00e9e des investisseurs de Stellantis au Michigan plus t\u00f4t cette ann\u00e9e. &#8220;Je parle de moi, personne d&#8217;autre.&#8221;<\/p>\n<h3><strong>Des erreurs co\u00fbteuses<\/strong><\/h3>\n<p>\nStellantis a continu\u00e9 \u00e0 augmenter les prix pour am\u00e9liorer les marges, malgr\u00e9 des signaux clairs du march\u00e9 indiquant que les clients n&#8217;\u00e9taient pas pr\u00eats \u00e0 payer. Cette strat\u00e9gie a rendu certains mod\u00e8les Stellantis trop chers. &#8220;Ils ont manqu\u00e9 de pragmatisme pour r\u00e9soudre imm\u00e9diatement le probl\u00e8me des stocks croissants&#8221;, a ajout\u00e9 Houchois.<\/p>\n<h3><strong>R\u00e9ductions d&#8217;effectifs<br \/>\n<\/strong><\/h3>\n<p>\nStellantis a d\u00e9j\u00e0 commenc\u00e9 \u00e0 r\u00e9duire ses co\u00fbts en diminuant ses effectifs aux \u00c9tats-Unis et au Canada. Ce mois-ci, l&#8217;entreprise a annonc\u00e9 qu&#8217;elle licencierait jusqu&#8217;\u00e0 2 450 travailleurs de son usine d&#8217;assemblage de Warren Truck, pr\u00e8s de Detroit, alors qu&#8217;elle met fin \u00e0 la production du camion Ram 1500 Classic. Fin juillet, Stellantis a \u00e9galement propos\u00e9 des d\u00e9parts volontaires \u00e0 ses employ\u00e9s salari\u00e9s.<\/p>\n<h3><strong>Un climat tendu avec les syndicats<\/strong><\/h3>\n<p>\nTavares a \u00e9galement point\u00e9 des inefficacit\u00e9s particuli\u00e8res dans deux usines am\u00e9ricaines, sans pr\u00e9ciser lesquelles. En juillet, il avait d\u00e9clar\u00e9 que le taux de production de l&#8217;usine de Sterling Heights au Michigan \u00e9tait m\u00e9diocre. Cette visite de Tavares survient alors que certains investisseurs et travailleurs syndiqu\u00e9s expriment une inqui\u00e9tude croissante face aux difficult\u00e9s rencontr\u00e9es en Am\u00e9rique du Nord. Le pr\u00e9sident du syndicat UAW, Shawn Fain, a menac\u00e9 de d\u00e9clencher une gr\u00e8ve si Stellantis ne respecte pas les engagements d&#8217;investissement pris lors de l&#8217;accord de travail sign\u00e9 l&#8217;automne dernier. Les relations entre le syndicat et l&#8217;automobile sont tendues, d&#8217;autant plus que Stellantis a licenci\u00e9 des travailleurs horaires dans ses usines cette ann\u00e9e.<\/p>\n<h3><strong>Une action en justice lanc\u00e9e par les actionnaires<\/strong><\/h3>\n<p>\nPar ailleurs, un groupe d&#8217;actionnaires a intent\u00e9 une action en justice contre Stellantis la semaine derni\u00e8re, affirmant que l&#8217;entreprise les avait tromp\u00e9s en cachant l&#8217;augmentation des stocks et d&#8217;autres faiblesses avant de publier des r\u00e9sultats d\u00e9cevants qui ont fait chuter le prix de son action. La soci\u00e9t\u00e9 a r\u00e9pondu que le proc\u00e8s \u00e9tait &#8220;sans fondement&#8221; et a inform\u00e9 le syndicat qu&#8217;elle n&#8217;avait pas viol\u00e9 les termes de leur accord de n\u00e9gociation, emp\u00eachant ainsi l\u00e9galement une gr\u00e8ve.<\/p>\n<p>Avec des renseignements d&#8217;Automotive News<\/p>\n<p>Le texte <a rel=\"nofollow\" href=\"https:\/\/annuelauto.ca\/le-pdg-de-stellantis-en-visite-a-detroit\/\">Le PDG de Stellantis en visite \u00e0 D\u00e9troit<\/a> provient de <a rel=\"nofollow\" href=\"https:\/\/annuelauto.ca\">L&#8217;annuel de l&#8217;automobile &#8211; Actualit\u00e9 automobile<\/a><\/p>\n<p><\/p>\n","protected":false},"excerpt":{"rendered":"<p>Carlos Tavares, le PDG de Stellantis, sera en visite \u00e0 Detroit cette semaine. Cette visite, qui n\u2019\u00e9tait pas planifi\u00e9e, a pour but de d\u00e9velopper une strat\u00e9gie pour redresser les op\u00e9rations nord-am\u00e9ricaines de l&#8217;entreprise, qui peinent \u00e0 maintenir leur rentabilit\u00e9. Une source proche du dossier, ayant requis l&#8217;anonymat, a indiqu\u00e9 que cette strat\u00e9gie pourrait \u00eatre finalis\u00e9e [&hellip;]<\/p>\n","protected":false},"author":8,"featured_media":171131,"comment_status":"close","ping_status":"closed","sticky":false,"template":"","format":"standard","meta":{"_monsterinsights_skip_tracking":false,"_monsterinsights_sitenote_active":false,"_monsterinsights_sitenote_note":"","_monsterinsights_sitenote_category":0,"footnotes":""},"categories":[101],"tags":[],"yoast_head":"<!-- This site is optimized with the Yoast SEO plugin v23.2 - https:\/\/yoast.com\/wordpress\/plugins\/seo\/ -->\n<title>Le PDG de Stellantis en visite \u00e0 D\u00e9troit - CanadaMotorJobs.com<\/title>\n<meta name=\"description\" content=\"Le PDG de Stellantis en visite \u00e0 D\u00e9troit - Benoit Charette - Annuel automobile - CanadaMotorJobs.com.\" \/>\n<meta name=\"robots\" content=\"index, follow, max-snippet:-1, max-image-preview:large, max-video-preview:-1\" \/>\n<meta property=\"og:locale\" content=\"fr_CA\" \/>\n<meta property=\"og:type\" content=\"article\" \/>\n<meta property=\"og:title\" content=\"Le PDG de Stellantis en visite \u00e0 D\u00e9troit - CanadaMotorJobs.com\" \/>\n<meta property=\"og:description\" content=\"Le PDG de Stellantis en visite \u00e0 D\u00e9troit - Benoit Charette - Annuel automobile - CanadaMotorJobs.com.\" \/>\n<meta property=\"og:url\" content=\"https:\/\/news.canadamotorjobs.com\/fr\/le-pdg-de-stellantis-en-visite-a-detroit\/\" \/>\n<meta property=\"og:site_name\" content=\"CanadaMotorJobs.com\" \/>\n<meta property=\"article:publisher\" content=\"https:\/\/www.facebook.com\/canadamotorjobs\/\" \/>\n<meta property=\"article:published_time\" content=\"2024-08-21T11:17:50+00:00\" \/>\n<meta property=\"article:modified_time\" content=\"2024-08-21T11:30:24+00:00\" \/>\n<meta property=\"og:image\" content=\"https:\/\/news.canadamotorjobs.com\/wp-content\/uploads\/2024\/08\/oktavares.jpg\" \/>\n\t<meta property=\"og:image:width\" content=\"1024\" \/>\n\t<meta property=\"og:image:height\" content=\"560\" \/>\n\t<meta property=\"og:image:type\" content=\"image\/jpeg\" \/>\n<meta name=\"author\" content=\"Benoit Charette\" \/>\n<meta name=\"twitter:card\" content=\"summary_large_image\" \/>\n<meta name=\"twitter:creator\" content=\"@canadamotorjobs\" \/>\n<meta name=\"twitter:site\" content=\"@canadamotorjobs\" \/>\n<meta name=\"twitter:label1\" content=\"\u00c9crit par\" \/>\n\t<meta name=\"twitter:data1\" content=\"Benoit Charette\" \/>\n\t<meta name=\"twitter:label2\" content=\"Estimation du temps de lecture\" \/>\n\t<meta name=\"twitter:data2\" content=\"4 minutes\" \/>\n<!-- \/ Yoast SEO plugin. -->","yoast_head_json":{"title":"Le PDG de Stellantis en visite \u00e0 D\u00e9troit - CanadaMotorJobs.com","description":"Le PDG de Stellantis en visite \u00e0 D\u00e9troit - Benoit Charette - Annuel automobile - CanadaMotorJobs.com.","robots":{"index":"index","follow":"follow","max-snippet":"max-snippet:-1","max-image-preview":"max-image-preview:large","max-video-preview":"max-video-preview:-1"},"og_locale":"fr_CA","og_type":"article","og_title":"Le PDG de Stellantis en visite \u00e0 D\u00e9troit - CanadaMotorJobs.com","og_description":"Le PDG de Stellantis en visite \u00e0 D\u00e9troit - Benoit Charette - Annuel automobile - CanadaMotorJobs.com.","og_url":"https:\/\/news.canadamotorjobs.com\/fr\/le-pdg-de-stellantis-en-visite-a-detroit\/","og_site_name":"CanadaMotorJobs.com","article_publisher":"https:\/\/www.facebook.com\/canadamotorjobs\/","article_published_time":"2024-08-21T11:17:50+00:00","article_modified_time":"2024-08-21T11:30:24+00:00","og_image":[{"width":1024,"height":560,"url":"https:\/\/news.canadamotorjobs.com\/wp-content\/uploads\/2024\/08\/oktavares.jpg","type":"image\/jpeg"}],"author":"Benoit Charette","twitter_card":"summary_large_image","twitter_creator":"@canadamotorjobs","twitter_site":"@canadamotorjobs","twitter_misc":{"\u00c9crit par":"Benoit Charette","Estimation du temps de lecture":"4 minutes"},"schema":{"@context":"https:\/\/schema.org","@graph":[{"@type":"Article","@id":"https:\/\/news.canadamotorjobs.com\/fr\/le-pdg-de-stellantis-en-visite-a-detroit\/#article","isPartOf":{"@id":"https:\/\/news.canadamotorjobs.com\/fr\/le-pdg-de-stellantis-en-visite-a-detroit\/"},"author":{"name":"Benoit Charette","@id":"https:\/\/news.canadamotorjobs.com\/#\/schema\/person\/51793d1f87d44011d7bcc2ed99269a90"},"headline":"Le PDG de Stellantis en visite \u00e0 D\u00e9troit","datePublished":"2024-08-21T11:17:50+00:00","dateModified":"2024-08-21T11:30:24+00:00","mainEntityOfPage":{"@id":"https:\/\/news.canadamotorjobs.com\/fr\/le-pdg-de-stellantis-en-visite-a-detroit\/"},"wordCount":769,"publisher":{"@id":"https:\/\/news.canadamotorjobs.com\/#organization"},"image":{"@id":"https:\/\/news.canadamotorjobs.com\/fr\/le-pdg-de-stellantis-en-visite-a-detroit\/#primaryimage"},"thumbnailUrl":"https:\/\/news.canadamotorjobs.com\/wp-content\/uploads\/2024\/08\/oktavares.jpg","articleSection":["Annuel automobile"],"inLanguage":"fr-CA"},{"@type":"WebPage","@id":"https:\/\/news.canadamotorjobs.com\/fr\/le-pdg-de-stellantis-en-visite-a-detroit\/","url":"https:\/\/news.canadamotorjobs.com\/fr\/le-pdg-de-stellantis-en-visite-a-detroit\/","name":"Le PDG de Stellantis en visite \u00e0 D\u00e9troit - CanadaMotorJobs.com","isPartOf":{"@id":"https:\/\/news.canadamotorjobs.com\/#website"},"primaryImageOfPage":{"@id":"https:\/\/news.canadamotorjobs.com\/fr\/le-pdg-de-stellantis-en-visite-a-detroit\/#primaryimage"},"image":{"@id":"https:\/\/news.canadamotorjobs.com\/fr\/le-pdg-de-stellantis-en-visite-a-detroit\/#primaryimage"},"thumbnailUrl":"https:\/\/news.canadamotorjobs.com\/wp-content\/uploads\/2024\/08\/oktavares.jpg","datePublished":"2024-08-21T11:17:50+00:00","dateModified":"2024-08-21T11:30:24+00:00","description":"Le PDG de Stellantis en visite \u00e0 D\u00e9troit - Benoit Charette - Annuel automobile - CanadaMotorJobs.com.","breadcrumb":{"@id":"https:\/\/news.canadamotorjobs.com\/fr\/le-pdg-de-stellantis-en-visite-a-detroit\/#breadcrumb"},"inLanguage":"fr-CA","potentialAction":[{"@type":"ReadAction","target":["https:\/\/news.canadamotorjobs.com\/fr\/le-pdg-de-stellantis-en-visite-a-detroit\/"]}]},{"@type":"ImageObject","inLanguage":"fr-CA","@id":"https:\/\/news.canadamotorjobs.com\/fr\/le-pdg-de-stellantis-en-visite-a-detroit\/#primaryimage","url":"https:\/\/news.canadamotorjobs.com\/wp-content\/uploads\/2024\/08\/oktavares.jpg","contentUrl":"https:\/\/news.canadamotorjobs.com\/wp-content\/uploads\/2024\/08\/oktavares.jpg","width":1024,"height":560},{"@type":"BreadcrumbList","@id":"https:\/\/news.canadamotorjobs.com\/fr\/le-pdg-de-stellantis-en-visite-a-detroit\/#breadcrumb","itemListElement":[{"@type":"ListItem","position":1,"name":"Home","item":"https:\/\/news.canadamotorjobs.com\/fr\/blog\/"},{"@type":"ListItem","position":2,"name":"Le PDG de Stellantis en visite \u00e0 D\u00e9troit"}]},{"@type":"WebSite","@id":"https:\/\/news.canadamotorjobs.com\/#website","url":"https:\/\/news.canadamotorjobs.com\/","name":"CanadaMotorJobs.com","description":"Automotive Jobs","publisher":{"@id":"https:\/\/news.canadamotorjobs.com\/#organization"},"potentialAction":[{"@type":"SearchAction","target":{"@type":"EntryPoint","urlTemplate":"https:\/\/news.canadamotorjobs.com\/?s={search_term_string}"},"query-input":"required name=search_term_string"}],"inLanguage":"fr-CA"},{"@type":"Organization","@id":"https:\/\/news.canadamotorjobs.com\/#organization","name":"Canada Motor Jobs","url":"https:\/\/news.canadamotorjobs.com\/","logo":{"@type":"ImageObject","inLanguage":"fr-CA","@id":"https:\/\/news.canadamotorjobs.com\/#\/schema\/logo\/image\/","url":"https:\/\/news.canadamotorjobs.com\/wp-content\/uploads\/2022\/10\/logo-canada-motor-jobs-1.png","contentUrl":"https:\/\/news.canadamotorjobs.com\/wp-content\/uploads\/2022\/10\/logo-canada-motor-jobs-1.png","width":800,"height":400,"caption":"Canada Motor Jobs"},"image":{"@id":"https:\/\/news.canadamotorjobs.com\/#\/schema\/logo\/image\/"},"sameAs":["https:\/\/www.facebook.com\/canadamotorjobs\/","https:\/\/x.com\/canadamotorjobs","https:\/\/www.instagram.com\/canadamotorjobs\/","https:\/\/www.linkedin.com\/company\/canadamotorjobs"]},{"@type":"Person","@id":"https:\/\/news.canadamotorjobs.com\/#\/schema\/person\/51793d1f87d44011d7bcc2ed99269a90","name":"Benoit Charette","image":{"@type":"ImageObject","inLanguage":"fr-CA","@id":"https:\/\/news.canadamotorjobs.com\/#\/schema\/person\/image\/","url":"https:\/\/secure.gravatar.com\/avatar\/45f3d2eebcccd909668d7ce7ea7267b6?s=96&d=mm&r=g","contentUrl":"https:\/\/secure.gravatar.com\/avatar\/45f3d2eebcccd909668d7ce7ea7267b6?s=96&d=mm&r=g","caption":"Benoit Charette"},"description":"Benoit Charette \/ Propri\u00e9taire et r\u00e9dacteur en chef Benoit Charette pratique le journalisme automobile depuis bient\u00f4t 30 ans. Il a fait ses classes au c\u00f4t\u00e9 de Daniel H\u00e9raud et au Carnet de route de 1992 \u00e0 2001. Il est fondateur, copropri\u00e9taire et r\u00e9dacteur en chef de L\u2019Annuel de l\u2019automobile, qu\u2019il publie depuis 2001. Il a anim\u00e9 les \u00e9missions RPM et RPM+ sur V et les L\u00e9gendes de la route sur Historia. \u00c0 la radio depuis 1986, il reprend l\u2019antenne cette ann\u00e9e sur les ondes de Cogeco et participe pour la deuxi\u00e8me ann\u00e9e \u00e0 l\u2019\u00e9mission Passion Auto sur RDS en plus de mettre en ligne le site Web officiel de L\u2019Annuel de l\u2019automobile sur annuelauto.ca.","sameAs":["https:\/\/annuelauto.ca\/"],"url":"https:\/\/news.canadamotorjobs.com\/fr\/author\/benoit-charette\/"}]}},"_links":{"self":[{"href":"https:\/\/news.canadamotorjobs.com\/fr\/wp-json\/wp\/v2\/posts\/171129"}],"collection":[{"href":"https:\/\/news.canadamotorjobs.com\/fr\/wp-json\/wp\/v2\/posts"}],"about":[{"href":"https:\/\/news.canadamotorjobs.com\/fr\/wp-json\/wp\/v2\/types\/post"}],"author":[{"embeddable":true,"href":"https:\/\/news.canadamotorjobs.com\/fr\/wp-json\/wp\/v2\/users\/8"}],"replies":[{"embeddable":true,"href":"https:\/\/news.canadamotorjobs.com\/fr\/wp-json\/wp\/v2\/comments?post=171129"}],"version-history":[{"count":2,"href":"https:\/\/news.canadamotorjobs.com\/fr\/wp-json\/wp\/v2\/posts\/171129\/revisions"}],"predecessor-version":[{"id":171133,"href":"https:\/\/news.canadamotorjobs.com\/fr\/wp-json\/wp\/v2\/posts\/171129\/revisions\/171133"}],"wp:featuredmedia":[{"embeddable":true,"href":"https:\/\/news.canadamotorjobs.com\/fr\/wp-json\/wp\/v2\/media\/171131"}],"wp:attachment":[{"href":"https:\/\/news.canadamotorjobs.com\/fr\/wp-json\/wp\/v2\/media?parent=171129"}],"wp:term":[{"taxonomy":"category","embeddable":true,"href":"https:\/\/news.canadamotorjobs.com\/fr\/wp-json\/wp\/v2\/categories?post=171129"},{"taxonomy":"post_tag","embeddable":true,"href":"https:\/\/news.canadamotorjobs.com\/fr\/wp-json\/wp\/v2\/tags?post=171129"}],"curies":[{"name":"wp","href":"https:\/\/api.w.org\/{rel}","templated":true}]}}