{"id":171037,"date":"2024-08-20T08:12:17","date_gmt":"2024-08-20T12:12:17","guid":{"rendered":"https:\/\/news.canadamotorjobs.com\/?p=171037"},"modified":"2024-08-20T08:13:54","modified_gmt":"2024-08-20T12:13:54","slug":"les-actionnaires-de-stellantis-portent-plainte-face-a-la-chute-des-profits","status":"publish","type":"post","link":"https:\/\/news.canadamotorjobs.com\/fr\/les-actionnaires-de-stellantis-portent-plainte-face-a-la-chute-des-profits\/","title":{"rendered":"Les actionnaires de Stellantis portent plainte face \u00e0 la chute des profits"},"content":{"rendered":"<\/p>\n<p>Les actionnaires de Stellantis ont d\u00e9pos\u00e9 une plainte contre le constructeur automobile, citant le PDG Carlos Tavares et la Directrice financi\u00e8re Natalie Knight comme d\u00e9fendeurs. Cette action en justice fait suite \u00e0 une chute de 40 % du revenu d&#8217;exploitation de Stellantis au cours du premier semestre 2024.<\/p>\n<h3><em>Accusations d&#8217;\u00c9valuations Trompeuses<\/em><\/h3>\n<p>\nLes actionnaires affirment que les dirigeants de Stellantis ont exag\u00e9r\u00e9 leurs \u00e9valuations avant de publier les r\u00e9sultats financiers. La plainte, d\u00e9pos\u00e9e par le cabinet Levi &amp; Korsinsky au nom de Steven Long, met en lumi\u00e8re une annonce du 25 juillet 2024, o\u00f9 Stellantis a r\u00e9v\u00e9l\u00e9 une baisse significative de ses b\u00e9n\u00e9fices, qu&#8217;elle a attribu\u00e9e \u00e0 des marges faibles et \u00e0 des niveaux d&#8217;inventaire \u00e9lev\u00e9s aux \u00c9tats-Unis.<\/p>\n<h3><em>Menaces sur les Marques Non Rentables<\/em><\/h3>\n<p>\nCarlos Tavares, PDG de Stellantis, a \u00e9galement laiss\u00e9 entendre que certaines marques du groupe, non rentables, pourraient \u00eatre supprim\u00e9es, tandis que la Directrice financi\u00e8re, Natalie Knight, a \u00e9voqu\u00e9 la possibilit\u00e9 de r\u00e9duire la production et d&#8217;ajuster les prix des v\u00e9hicules.<\/p>\n<h3><em>Manipulation Allegu\u00e9e du Cours de l&#8217;Action<\/em><\/h3>\n<p>\nLa plainte all\u00e8gue que Stellantis a artificiellement gonfl\u00e9 le cours de son action tout au long de l&#8217;ann\u00e9e 2024 en pr\u00e9sentant des \u00e9valuations &#8220;excessivement positives&#8221; concernant les inventaires, le pouvoir de fixation des prix, les nouveaux produits et la marge d&#8217;exploitation. Lorsque les r\u00e9sultats financiers ont \u00e9t\u00e9 publi\u00e9s, il a \u00e9t\u00e9 r\u00e9v\u00e9l\u00e9 que le revenu d&#8217;exploitation ajust\u00e9 avait chut\u00e9 de 40 %, pour atteindre 8,46 milliards d&#8217;euros (9,28 milliards de dollars). Le cours de l&#8217;action Stellantis a alors chut\u00e9 de plus de 7 % le 25 juillet.<\/p>\n<h3><em>Possibilit\u00e9 de Rejoindre la Poursuite<\/em><\/h3>\n<p>\nLes actionnaires de Stellantis ayant subi une perte entre le 15 f\u00e9vrier 2024 et le 24 juillet 2024 peuvent d\u00e9poser une r\u00e9clamation avant le 15 octobre 2024 et rejoindre la poursuite. Stellantis a r\u00e9agi en d\u00e9clarant \u00e0 Reuters que &#8220;cette poursuite est sans fondement et que la soci\u00e9t\u00e9 a l&#8217;intention de se d\u00e9fendre vigoureusement.&#8221;<\/p>\n<h3><em>Une Situation Difficile pour Stellantis<\/em><\/h3>\n<p>\nIl est important de noter que les actionnaires poursuivent fr\u00e9quemment en justice les entreprises cot\u00e9es en bourse aux \u00c9tats-Unis apr\u00e8s une chute inattendue du cours de l&#8217;action, mais il n&#8217;est pas garanti que cette poursuite contre Stellantis aboutisse. Cependant, il est \u00e9vident que Stellantis traverse une p\u00e9riode difficile. Ces derniers mois, au moins cinq cadres ont quitt\u00e9 l&#8217;entreprise et, \u00e0 la mi-juillet, Stellantis a intent\u00e9 une action en justice contre un quatri\u00e8me fournisseur en raison de r\u00e9centes augmentations de prix. Certaines de ses sous-marques sont \u00e9galement confront\u00e9es \u00e0 la menace du PDG Tavares de les \u00e9liminer si elles ne commencent pas \u00e0 g\u00e9n\u00e9rer des b\u00e9n\u00e9fices.<\/p>\n<p>Avec des renseignements de carscoops<\/p>\n<p>Le texte <a rel=\"nofollow\" href=\"https:\/\/annuelauto.ca\/les-actionnaires-de-stellantis-portent-plainte-face-a-la-chute-des-profits\/\">Les actionnaires de Stellantis portent plainte face \u00e0 la chute des profits<\/a> provient de <a rel=\"nofollow\" href=\"https:\/\/annuelauto.ca\">L&#8217;annuel de l&#8217;automobile &#8211; Actualit\u00e9 automobile<\/a><\/p>\n<p><\/p>\n","protected":false},"excerpt":{"rendered":"<p>Les actionnaires de Stellantis ont d\u00e9pos\u00e9 une plainte contre le constructeur automobile, citant le PDG Carlos Tavares et la Directrice financi\u00e8re Natalie Knight comme d\u00e9fendeurs. Cette action en justice fait suite \u00e0 une chute de 40 % du revenu d&#8217;exploitation de Stellantis au cours du premier semestre 2024. Accusations d&#8217;\u00c9valuations Trompeuses Les actionnaires affirment que [&hellip;]<\/p>\n","protected":false},"author":8,"featured_media":171039,"comment_status":"close","ping_status":"closed","sticky":false,"template":"","format":"standard","meta":{"_monsterinsights_skip_tracking":false,"_monsterinsights_sitenote_active":false,"_monsterinsights_sitenote_note":"","_monsterinsights_sitenote_category":0,"footnotes":""},"categories":[101],"tags":[],"yoast_head":"<!-- This site is optimized with the Yoast SEO plugin v23.2 - https:\/\/yoast.com\/wordpress\/plugins\/seo\/ -->\n<title>Les actionnaires de Stellantis portent plainte face \u00e0 la chute des profits - CanadaMotorJobs.com<\/title>\n<meta name=\"description\" content=\"Les actionnaires de Stellantis portent plainte face \u00e0 la chute des profits - Benoit Charette - Annuel automobile - CanadaMotorJobs.com.\" \/>\n<meta name=\"robots\" content=\"index, follow, max-snippet:-1, max-image-preview:large, max-video-preview:-1\" \/>\n<meta property=\"og:locale\" content=\"fr_CA\" \/>\n<meta property=\"og:type\" content=\"article\" \/>\n<meta property=\"og:title\" content=\"Les actionnaires de Stellantis portent plainte face \u00e0 la chute des profits - CanadaMotorJobs.com\" \/>\n<meta property=\"og:description\" content=\"Les actionnaires de Stellantis portent plainte face \u00e0 la chute des profits - Benoit Charette - Annuel automobile - CanadaMotorJobs.com.\" \/>\n<meta property=\"og:url\" content=\"https:\/\/news.canadamotorjobs.com\/fr\/les-actionnaires-de-stellantis-portent-plainte-face-a-la-chute-des-profits\/\" \/>\n<meta property=\"og:site_name\" content=\"CanadaMotorJobs.com\" \/>\n<meta property=\"article:publisher\" content=\"https:\/\/www.facebook.com\/canadamotorjobs\/\" \/>\n<meta property=\"article:published_time\" content=\"2024-08-20T12:12:17+00:00\" \/>\n<meta property=\"article:modified_time\" content=\"2024-08-20T12:13:54+00:00\" \/>\n<meta property=\"og:image\" content=\"https:\/\/news.canadamotorjobs.com\/wp-content\/uploads\/2024\/08\/a2a7c57253c1b29cc6242d2fc28aa69c017fc923.jpeg\" \/>\n\t<meta property=\"og:image:width\" content=\"1170\" \/>\n\t<meta property=\"og:image:height\" content=\"740\" \/>\n\t<meta property=\"og:image:type\" content=\"image\/jpeg\" \/>\n<meta name=\"author\" content=\"Benoit Charette\" \/>\n<meta name=\"twitter:card\" content=\"summary_large_image\" \/>\n<meta name=\"twitter:creator\" content=\"@canadamotorjobs\" \/>\n<meta name=\"twitter:site\" content=\"@canadamotorjobs\" \/>\n<meta name=\"twitter:label1\" content=\"\u00c9crit par\" \/>\n\t<meta name=\"twitter:data1\" content=\"Benoit Charette\" \/>\n\t<meta name=\"twitter:label2\" content=\"Estimation du temps de lecture\" \/>\n\t<meta name=\"twitter:data2\" content=\"2 minutes\" \/>\n<!-- \/ Yoast SEO plugin. -->","yoast_head_json":{"title":"Les actionnaires de Stellantis portent plainte face \u00e0 la chute des profits - CanadaMotorJobs.com","description":"Les actionnaires de Stellantis portent plainte face \u00e0 la chute des profits - Benoit Charette - Annuel automobile - CanadaMotorJobs.com.","robots":{"index":"index","follow":"follow","max-snippet":"max-snippet:-1","max-image-preview":"max-image-preview:large","max-video-preview":"max-video-preview:-1"},"og_locale":"fr_CA","og_type":"article","og_title":"Les actionnaires de Stellantis portent plainte face \u00e0 la chute des profits - CanadaMotorJobs.com","og_description":"Les actionnaires de Stellantis portent plainte face \u00e0 la chute des profits - Benoit Charette - Annuel automobile - CanadaMotorJobs.com.","og_url":"https:\/\/news.canadamotorjobs.com\/fr\/les-actionnaires-de-stellantis-portent-plainte-face-a-la-chute-des-profits\/","og_site_name":"CanadaMotorJobs.com","article_publisher":"https:\/\/www.facebook.com\/canadamotorjobs\/","article_published_time":"2024-08-20T12:12:17+00:00","article_modified_time":"2024-08-20T12:13:54+00:00","og_image":[{"width":1170,"height":740,"url":"https:\/\/news.canadamotorjobs.com\/wp-content\/uploads\/2024\/08\/a2a7c57253c1b29cc6242d2fc28aa69c017fc923.jpeg","type":"image\/jpeg"}],"author":"Benoit Charette","twitter_card":"summary_large_image","twitter_creator":"@canadamotorjobs","twitter_site":"@canadamotorjobs","twitter_misc":{"\u00c9crit par":"Benoit Charette","Estimation du temps de lecture":"2 minutes"},"schema":{"@context":"https:\/\/schema.org","@graph":[{"@type":"Article","@id":"https:\/\/news.canadamotorjobs.com\/fr\/les-actionnaires-de-stellantis-portent-plainte-face-a-la-chute-des-profits\/#article","isPartOf":{"@id":"https:\/\/news.canadamotorjobs.com\/fr\/les-actionnaires-de-stellantis-portent-plainte-face-a-la-chute-des-profits\/"},"author":{"name":"Benoit Charette","@id":"https:\/\/news.canadamotorjobs.com\/#\/schema\/person\/51793d1f87d44011d7bcc2ed99269a90"},"headline":"Les actionnaires de Stellantis portent plainte face \u00e0 la chute des profits","datePublished":"2024-08-20T12:12:17+00:00","dateModified":"2024-08-20T12:13:54+00:00","mainEntityOfPage":{"@id":"https:\/\/news.canadamotorjobs.com\/fr\/les-actionnaires-de-stellantis-portent-plainte-face-a-la-chute-des-profits\/"},"wordCount":496,"publisher":{"@id":"https:\/\/news.canadamotorjobs.com\/#organization"},"image":{"@id":"https:\/\/news.canadamotorjobs.com\/fr\/les-actionnaires-de-stellantis-portent-plainte-face-a-la-chute-des-profits\/#primaryimage"},"thumbnailUrl":"https:\/\/news.canadamotorjobs.com\/wp-content\/uploads\/2024\/08\/a2a7c57253c1b29cc6242d2fc28aa69c017fc923.jpeg","articleSection":["Annuel automobile"],"inLanguage":"fr-CA"},{"@type":"WebPage","@id":"https:\/\/news.canadamotorjobs.com\/fr\/les-actionnaires-de-stellantis-portent-plainte-face-a-la-chute-des-profits\/","url":"https:\/\/news.canadamotorjobs.com\/fr\/les-actionnaires-de-stellantis-portent-plainte-face-a-la-chute-des-profits\/","name":"Les actionnaires de Stellantis portent plainte face \u00e0 la chute des profits - CanadaMotorJobs.com","isPartOf":{"@id":"https:\/\/news.canadamotorjobs.com\/#website"},"primaryImageOfPage":{"@id":"https:\/\/news.canadamotorjobs.com\/fr\/les-actionnaires-de-stellantis-portent-plainte-face-a-la-chute-des-profits\/#primaryimage"},"image":{"@id":"https:\/\/news.canadamotorjobs.com\/fr\/les-actionnaires-de-stellantis-portent-plainte-face-a-la-chute-des-profits\/#primaryimage"},"thumbnailUrl":"https:\/\/news.canadamotorjobs.com\/wp-content\/uploads\/2024\/08\/a2a7c57253c1b29cc6242d2fc28aa69c017fc923.jpeg","datePublished":"2024-08-20T12:12:17+00:00","dateModified":"2024-08-20T12:13:54+00:00","description":"Les actionnaires de Stellantis portent plainte face \u00e0 la chute des profits - Benoit Charette - Annuel automobile - CanadaMotorJobs.com.","breadcrumb":{"@id":"https:\/\/news.canadamotorjobs.com\/fr\/les-actionnaires-de-stellantis-portent-plainte-face-a-la-chute-des-profits\/#breadcrumb"},"inLanguage":"fr-CA","potentialAction":[{"@type":"ReadAction","target":["https:\/\/news.canadamotorjobs.com\/fr\/les-actionnaires-de-stellantis-portent-plainte-face-a-la-chute-des-profits\/"]}]},{"@type":"ImageObject","inLanguage":"fr-CA","@id":"https:\/\/news.canadamotorjobs.com\/fr\/les-actionnaires-de-stellantis-portent-plainte-face-a-la-chute-des-profits\/#primaryimage","url":"https:\/\/news.canadamotorjobs.com\/wp-content\/uploads\/2024\/08\/a2a7c57253c1b29cc6242d2fc28aa69c017fc923.jpeg","contentUrl":"https:\/\/news.canadamotorjobs.com\/wp-content\/uploads\/2024\/08\/a2a7c57253c1b29cc6242d2fc28aa69c017fc923.jpeg","width":1170,"height":740},{"@type":"BreadcrumbList","@id":"https:\/\/news.canadamotorjobs.com\/fr\/les-actionnaires-de-stellantis-portent-plainte-face-a-la-chute-des-profits\/#breadcrumb","itemListElement":[{"@type":"ListItem","position":1,"name":"Home","item":"https:\/\/news.canadamotorjobs.com\/fr\/blog\/"},{"@type":"ListItem","position":2,"name":"Les actionnaires de Stellantis portent plainte face \u00e0 la chute des profits"}]},{"@type":"WebSite","@id":"https:\/\/news.canadamotorjobs.com\/#website","url":"https:\/\/news.canadamotorjobs.com\/","name":"CanadaMotorJobs.com","description":"Automotive Jobs","publisher":{"@id":"https:\/\/news.canadamotorjobs.com\/#organization"},"potentialAction":[{"@type":"SearchAction","target":{"@type":"EntryPoint","urlTemplate":"https:\/\/news.canadamotorjobs.com\/?s={search_term_string}"},"query-input":"required name=search_term_string"}],"inLanguage":"fr-CA"},{"@type":"Organization","@id":"https:\/\/news.canadamotorjobs.com\/#organization","name":"Canada Motor Jobs","url":"https:\/\/news.canadamotorjobs.com\/","logo":{"@type":"ImageObject","inLanguage":"fr-CA","@id":"https:\/\/news.canadamotorjobs.com\/#\/schema\/logo\/image\/","url":"https:\/\/news.canadamotorjobs.com\/wp-content\/uploads\/2022\/10\/logo-canada-motor-jobs-1.png","contentUrl":"https:\/\/news.canadamotorjobs.com\/wp-content\/uploads\/2022\/10\/logo-canada-motor-jobs-1.png","width":800,"height":400,"caption":"Canada Motor Jobs"},"image":{"@id":"https:\/\/news.canadamotorjobs.com\/#\/schema\/logo\/image\/"},"sameAs":["https:\/\/www.facebook.com\/canadamotorjobs\/","https:\/\/x.com\/canadamotorjobs","https:\/\/www.instagram.com\/canadamotorjobs\/","https:\/\/www.linkedin.com\/company\/canadamotorjobs"]},{"@type":"Person","@id":"https:\/\/news.canadamotorjobs.com\/#\/schema\/person\/51793d1f87d44011d7bcc2ed99269a90","name":"Benoit Charette","image":{"@type":"ImageObject","inLanguage":"fr-CA","@id":"https:\/\/news.canadamotorjobs.com\/#\/schema\/person\/image\/","url":"https:\/\/secure.gravatar.com\/avatar\/45f3d2eebcccd909668d7ce7ea7267b6?s=96&d=mm&r=g","contentUrl":"https:\/\/secure.gravatar.com\/avatar\/45f3d2eebcccd909668d7ce7ea7267b6?s=96&d=mm&r=g","caption":"Benoit Charette"},"description":"Benoit Charette \/ Propri\u00e9taire et r\u00e9dacteur en chef Benoit Charette pratique le journalisme automobile depuis bient\u00f4t 30 ans. Il a fait ses classes au c\u00f4t\u00e9 de Daniel H\u00e9raud et au Carnet de route de 1992 \u00e0 2001. Il est fondateur, copropri\u00e9taire et r\u00e9dacteur en chef de L\u2019Annuel de l\u2019automobile, qu\u2019il publie depuis 2001. Il a anim\u00e9 les \u00e9missions RPM et RPM+ sur V et les L\u00e9gendes de la route sur Historia. \u00c0 la radio depuis 1986, il reprend l\u2019antenne cette ann\u00e9e sur les ondes de Cogeco et participe pour la deuxi\u00e8me ann\u00e9e \u00e0 l\u2019\u00e9mission Passion Auto sur RDS en plus de mettre en ligne le site Web officiel de L\u2019Annuel de l\u2019automobile sur annuelauto.ca.","sameAs":["https:\/\/annuelauto.ca\/"],"url":"https:\/\/news.canadamotorjobs.com\/fr\/author\/benoit-charette\/"}]}},"_links":{"self":[{"href":"https:\/\/news.canadamotorjobs.com\/fr\/wp-json\/wp\/v2\/posts\/171037"}],"collection":[{"href":"https:\/\/news.canadamotorjobs.com\/fr\/wp-json\/wp\/v2\/posts"}],"about":[{"href":"https:\/\/news.canadamotorjobs.com\/fr\/wp-json\/wp\/v2\/types\/post"}],"author":[{"embeddable":true,"href":"https:\/\/news.canadamotorjobs.com\/fr\/wp-json\/wp\/v2\/users\/8"}],"replies":[{"embeddable":true,"href":"https:\/\/news.canadamotorjobs.com\/fr\/wp-json\/wp\/v2\/comments?post=171037"}],"version-history":[{"count":2,"href":"https:\/\/news.canadamotorjobs.com\/fr\/wp-json\/wp\/v2\/posts\/171037\/revisions"}],"predecessor-version":[{"id":171041,"href":"https:\/\/news.canadamotorjobs.com\/fr\/wp-json\/wp\/v2\/posts\/171037\/revisions\/171041"}],"wp:featuredmedia":[{"embeddable":true,"href":"https:\/\/news.canadamotorjobs.com\/fr\/wp-json\/wp\/v2\/media\/171039"}],"wp:attachment":[{"href":"https:\/\/news.canadamotorjobs.com\/fr\/wp-json\/wp\/v2\/media?parent=171037"}],"wp:term":[{"taxonomy":"category","embeddable":true,"href":"https:\/\/news.canadamotorjobs.com\/fr\/wp-json\/wp\/v2\/categories?post=171037"},{"taxonomy":"post_tag","embeddable":true,"href":"https:\/\/news.canadamotorjobs.com\/fr\/wp-json\/wp\/v2\/tags?post=171037"}],"curies":[{"name":"wp","href":"https:\/\/api.w.org\/{rel}","templated":true}]}}