{"id":171010,"date":"2024-08-20T07:02:44","date_gmt":"2024-08-20T11:02:44","guid":{"rendered":"https:\/\/news.canadamotorjobs.com\/?p=171010"},"modified":"2024-08-20T07:14:12","modified_gmt":"2024-08-20T11:14:12","slug":"bmw-rappelle-plus-de-720-000-vehicules-en-raison-dun-risque-de-court-circuit","status":"publish","type":"post","link":"https:\/\/news.canadamotorjobs.com\/fr\/bmw-rappelle-plus-de-720-000-vehicules-en-raison-dun-risque-de-court-circuit\/","title":{"rendered":"BMW rappelle plus de 720 000 v\u00e9hicules en raison d\u2019un risque de court-circuit"},"content":{"rendered":"<\/p>\n<h3>Un probl\u00e8me de connexion sur la pompe \u00e0 eau<\/h3>\n<p>\nBMW a annonc\u00e9 un rappel de 720 796 v\u00e9hicules aux \u00c9tats-Unis en raison d&#8217;un risque de court-circuit, a d\u00e9clar\u00e9 mardi l&#8217;Administration nationale de la s\u00e9curit\u00e9 routi\u00e8re (NHTSA). Selon la NHTSA, &#8220;un connecteur \u00e9lectrique mal scell\u00e9 sur la pompe \u00e0 eau pourrait \u00eatre expos\u00e9 \u00e0 l&#8217;eau, ce qui pourrait provoquer un court-circuit.&#8221;<\/p>\n<h3>Mod\u00e8les concern\u00e9s et solution propos\u00e9e<\/h3>\n<p>\nCe rappel concerne plusieurs mod\u00e8les, y compris certains VUS comme les X1 et X5, ainsi que certaines berlines de la s\u00e9rie 5, entre autres. Les concessionnaires inspecteront et remplaceront la pompe \u00e0 eau et le connecteur si n\u00e9cessaire, et installeront un bouclier de protection gratuitement, a pr\u00e9cis\u00e9 l&#8217;organisme am\u00e9ricain de s\u00e9curit\u00e9 automobile.<\/p>\n<h3>BMW et les r\u00e9actions des clients<\/h3>\n<p>\nLa NHTSA a \u00e9galement indiqu\u00e9 que BMW \u00e9tait au courant d&#8217;environ 18 plaintes, pr\u00e9occupations ou incidents signal\u00e9s par des clients, mais aucun accident ou blessure n&#8217;a \u00e9t\u00e9 rapport\u00e9 aux \u00c9tats-Unis en lien avec ce probl\u00e8me.<\/p>\n<p>\u00a0<\/p>\n<p>Avec des renseignements de Reuters<\/p>\n<p>Le texte <a rel=\"nofollow\" href=\"https:\/\/annuelauto.ca\/bmw-rappelle-plus-de-720-000-vehicules-en-raison-dun-risque-de-court-circuit\/\">BMW rappelle plus de 720 000 v\u00e9hicules en raison d\u2019un risque de court-circuit<\/a> provient de <a rel=\"nofollow\" href=\"https:\/\/annuelauto.ca\">L&#8217;annuel de l&#8217;automobile &#8211; Actualit\u00e9 automobile<\/a><\/p>\n<p><\/p>\n","protected":false},"excerpt":{"rendered":"<p>Un probl\u00e8me de connexion sur la pompe \u00e0 eau BMW a annonc\u00e9 un rappel de 720 796 v\u00e9hicules aux \u00c9tats-Unis en raison d&#8217;un risque de court-circuit, a d\u00e9clar\u00e9 mardi l&#8217;Administration nationale de la s\u00e9curit\u00e9 routi\u00e8re (NHTSA). Selon la NHTSA, &#8220;un connecteur \u00e9lectrique mal scell\u00e9 sur la pompe \u00e0 eau pourrait \u00eatre expos\u00e9 \u00e0 l&#8217;eau, ce [&hellip;]<\/p>\n","protected":false},"author":8,"featured_media":171012,"comment_status":"close","ping_status":"closed","sticky":false,"template":"","format":"standard","meta":{"_monsterinsights_skip_tracking":false,"_monsterinsights_sitenote_active":false,"_monsterinsights_sitenote_note":"","_monsterinsights_sitenote_category":0,"footnotes":""},"categories":[101],"tags":[],"yoast_head":"<!-- This site is optimized with the Yoast SEO plugin v23.2 - https:\/\/yoast.com\/wordpress\/plugins\/seo\/ -->\n<title>BMW rappelle plus de 720 000 v\u00e9hicules en raison d\u2019un risque de court-circuit - CanadaMotorJobs.com<\/title>\n<meta name=\"description\" content=\"BMW rappelle plus de 720 000 v\u00e9hicules en raison d\u2019un risque de court-circuit - Benoit Charette - Annuel automobile - CanadaMotorJobs.com.\" \/>\n<meta name=\"robots\" content=\"index, follow, max-snippet:-1, max-image-preview:large, max-video-preview:-1\" \/>\n<meta property=\"og:locale\" content=\"fr_CA\" \/>\n<meta property=\"og:type\" content=\"article\" \/>\n<meta property=\"og:title\" content=\"BMW rappelle plus de 720 000 v\u00e9hicules en raison d\u2019un risque de court-circuit - CanadaMotorJobs.com\" \/>\n<meta property=\"og:description\" content=\"BMW rappelle plus de 720 000 v\u00e9hicules en raison d\u2019un risque de court-circuit - Benoit Charette - Annuel automobile - CanadaMotorJobs.com.\" \/>\n<meta property=\"og:url\" content=\"https:\/\/news.canadamotorjobs.com\/fr\/bmw-rappelle-plus-de-720-000-vehicules-en-raison-dun-risque-de-court-circuit\/\" \/>\n<meta property=\"og:site_name\" content=\"CanadaMotorJobs.com\" \/>\n<meta property=\"article:publisher\" content=\"https:\/\/www.facebook.com\/canadamotorjobs\/\" \/>\n<meta property=\"article:published_time\" content=\"2024-08-20T11:02:44+00:00\" \/>\n<meta property=\"article:modified_time\" content=\"2024-08-20T11:14:12+00:00\" \/>\n<meta property=\"og:image\" content=\"https:\/\/news.canadamotorjobs.com\/wp-content\/uploads\/2024\/08\/bmw-x-series-x5-sp-desktop.jpg\" \/>\n\t<meta property=\"og:image:width\" content=\"1680\" \/>\n\t<meta property=\"og:image:height\" content=\"756\" \/>\n\t<meta property=\"og:image:type\" content=\"image\/jpeg\" \/>\n<meta name=\"author\" content=\"Benoit Charette\" \/>\n<meta name=\"twitter:card\" content=\"summary_large_image\" \/>\n<meta name=\"twitter:creator\" content=\"@canadamotorjobs\" \/>\n<meta name=\"twitter:site\" content=\"@canadamotorjobs\" \/>\n<meta name=\"twitter:label1\" content=\"\u00c9crit par\" \/>\n\t<meta name=\"twitter:data1\" content=\"Benoit Charette\" \/>\n\t<meta name=\"twitter:label2\" content=\"Estimation du temps de lecture\" \/>\n\t<meta name=\"twitter:data2\" content=\"1 minute\" \/>\n<!-- \/ Yoast SEO plugin. -->","yoast_head_json":{"title":"BMW rappelle plus de 720 000 v\u00e9hicules en raison d\u2019un risque de court-circuit - CanadaMotorJobs.com","description":"BMW rappelle plus de 720 000 v\u00e9hicules en raison d\u2019un risque de court-circuit - Benoit Charette - Annuel automobile - CanadaMotorJobs.com.","robots":{"index":"index","follow":"follow","max-snippet":"max-snippet:-1","max-image-preview":"max-image-preview:large","max-video-preview":"max-video-preview:-1"},"og_locale":"fr_CA","og_type":"article","og_title":"BMW rappelle plus de 720 000 v\u00e9hicules en raison d\u2019un risque de court-circuit - CanadaMotorJobs.com","og_description":"BMW rappelle plus de 720 000 v\u00e9hicules en raison d\u2019un risque de court-circuit - Benoit Charette - Annuel automobile - CanadaMotorJobs.com.","og_url":"https:\/\/news.canadamotorjobs.com\/fr\/bmw-rappelle-plus-de-720-000-vehicules-en-raison-dun-risque-de-court-circuit\/","og_site_name":"CanadaMotorJobs.com","article_publisher":"https:\/\/www.facebook.com\/canadamotorjobs\/","article_published_time":"2024-08-20T11:02:44+00:00","article_modified_time":"2024-08-20T11:14:12+00:00","og_image":[{"width":1680,"height":756,"url":"https:\/\/news.canadamotorjobs.com\/wp-content\/uploads\/2024\/08\/bmw-x-series-x5-sp-desktop.jpg","type":"image\/jpeg"}],"author":"Benoit Charette","twitter_card":"summary_large_image","twitter_creator":"@canadamotorjobs","twitter_site":"@canadamotorjobs","twitter_misc":{"\u00c9crit par":"Benoit Charette","Estimation du temps de lecture":"1 minute"},"schema":{"@context":"https:\/\/schema.org","@graph":[{"@type":"Article","@id":"https:\/\/news.canadamotorjobs.com\/fr\/bmw-rappelle-plus-de-720-000-vehicules-en-raison-dun-risque-de-court-circuit\/#article","isPartOf":{"@id":"https:\/\/news.canadamotorjobs.com\/fr\/bmw-rappelle-plus-de-720-000-vehicules-en-raison-dun-risque-de-court-circuit\/"},"author":{"name":"Benoit Charette","@id":"https:\/\/news.canadamotorjobs.com\/#\/schema\/person\/51793d1f87d44011d7bcc2ed99269a90"},"headline":"BMW rappelle plus de 720 000 v\u00e9hicules en raison d\u2019un risque de court-circuit","datePublished":"2024-08-20T11:02:44+00:00","dateModified":"2024-08-20T11:14:12+00:00","mainEntityOfPage":{"@id":"https:\/\/news.canadamotorjobs.com\/fr\/bmw-rappelle-plus-de-720-000-vehicules-en-raison-dun-risque-de-court-circuit\/"},"wordCount":216,"publisher":{"@id":"https:\/\/news.canadamotorjobs.com\/#organization"},"image":{"@id":"https:\/\/news.canadamotorjobs.com\/fr\/bmw-rappelle-plus-de-720-000-vehicules-en-raison-dun-risque-de-court-circuit\/#primaryimage"},"thumbnailUrl":"https:\/\/news.canadamotorjobs.com\/wp-content\/uploads\/2024\/08\/bmw-x-series-x5-sp-desktop.jpg","articleSection":["Annuel automobile"],"inLanguage":"fr-CA"},{"@type":"WebPage","@id":"https:\/\/news.canadamotorjobs.com\/fr\/bmw-rappelle-plus-de-720-000-vehicules-en-raison-dun-risque-de-court-circuit\/","url":"https:\/\/news.canadamotorjobs.com\/fr\/bmw-rappelle-plus-de-720-000-vehicules-en-raison-dun-risque-de-court-circuit\/","name":"BMW rappelle plus de 720 000 v\u00e9hicules en raison d\u2019un risque de court-circuit - CanadaMotorJobs.com","isPartOf":{"@id":"https:\/\/news.canadamotorjobs.com\/#website"},"primaryImageOfPage":{"@id":"https:\/\/news.canadamotorjobs.com\/fr\/bmw-rappelle-plus-de-720-000-vehicules-en-raison-dun-risque-de-court-circuit\/#primaryimage"},"image":{"@id":"https:\/\/news.canadamotorjobs.com\/fr\/bmw-rappelle-plus-de-720-000-vehicules-en-raison-dun-risque-de-court-circuit\/#primaryimage"},"thumbnailUrl":"https:\/\/news.canadamotorjobs.com\/wp-content\/uploads\/2024\/08\/bmw-x-series-x5-sp-desktop.jpg","datePublished":"2024-08-20T11:02:44+00:00","dateModified":"2024-08-20T11:14:12+00:00","description":"BMW rappelle plus de 720 000 v\u00e9hicules en raison d\u2019un risque de court-circuit - Benoit Charette - Annuel automobile - CanadaMotorJobs.com.","breadcrumb":{"@id":"https:\/\/news.canadamotorjobs.com\/fr\/bmw-rappelle-plus-de-720-000-vehicules-en-raison-dun-risque-de-court-circuit\/#breadcrumb"},"inLanguage":"fr-CA","potentialAction":[{"@type":"ReadAction","target":["https:\/\/news.canadamotorjobs.com\/fr\/bmw-rappelle-plus-de-720-000-vehicules-en-raison-dun-risque-de-court-circuit\/"]}]},{"@type":"ImageObject","inLanguage":"fr-CA","@id":"https:\/\/news.canadamotorjobs.com\/fr\/bmw-rappelle-plus-de-720-000-vehicules-en-raison-dun-risque-de-court-circuit\/#primaryimage","url":"https:\/\/news.canadamotorjobs.com\/wp-content\/uploads\/2024\/08\/bmw-x-series-x5-sp-desktop.jpg","contentUrl":"https:\/\/news.canadamotorjobs.com\/wp-content\/uploads\/2024\/08\/bmw-x-series-x5-sp-desktop.jpg","width":1680,"height":756},{"@type":"BreadcrumbList","@id":"https:\/\/news.canadamotorjobs.com\/fr\/bmw-rappelle-plus-de-720-000-vehicules-en-raison-dun-risque-de-court-circuit\/#breadcrumb","itemListElement":[{"@type":"ListItem","position":1,"name":"Home","item":"https:\/\/news.canadamotorjobs.com\/fr\/blog\/"},{"@type":"ListItem","position":2,"name":"BMW rappelle plus de 720 000 v\u00e9hicules en raison d\u2019un risque de court-circuit"}]},{"@type":"WebSite","@id":"https:\/\/news.canadamotorjobs.com\/#website","url":"https:\/\/news.canadamotorjobs.com\/","name":"CanadaMotorJobs.com","description":"Automotive Jobs","publisher":{"@id":"https:\/\/news.canadamotorjobs.com\/#organization"},"potentialAction":[{"@type":"SearchAction","target":{"@type":"EntryPoint","urlTemplate":"https:\/\/news.canadamotorjobs.com\/?s={search_term_string}"},"query-input":"required name=search_term_string"}],"inLanguage":"fr-CA"},{"@type":"Organization","@id":"https:\/\/news.canadamotorjobs.com\/#organization","name":"Canada Motor Jobs","url":"https:\/\/news.canadamotorjobs.com\/","logo":{"@type":"ImageObject","inLanguage":"fr-CA","@id":"https:\/\/news.canadamotorjobs.com\/#\/schema\/logo\/image\/","url":"https:\/\/news.canadamotorjobs.com\/wp-content\/uploads\/2022\/10\/logo-canada-motor-jobs-1.png","contentUrl":"https:\/\/news.canadamotorjobs.com\/wp-content\/uploads\/2022\/10\/logo-canada-motor-jobs-1.png","width":800,"height":400,"caption":"Canada Motor Jobs"},"image":{"@id":"https:\/\/news.canadamotorjobs.com\/#\/schema\/logo\/image\/"},"sameAs":["https:\/\/www.facebook.com\/canadamotorjobs\/","https:\/\/x.com\/canadamotorjobs","https:\/\/www.instagram.com\/canadamotorjobs\/","https:\/\/www.linkedin.com\/company\/canadamotorjobs"]},{"@type":"Person","@id":"https:\/\/news.canadamotorjobs.com\/#\/schema\/person\/51793d1f87d44011d7bcc2ed99269a90","name":"Benoit Charette","image":{"@type":"ImageObject","inLanguage":"fr-CA","@id":"https:\/\/news.canadamotorjobs.com\/#\/schema\/person\/image\/","url":"https:\/\/secure.gravatar.com\/avatar\/45f3d2eebcccd909668d7ce7ea7267b6?s=96&d=mm&r=g","contentUrl":"https:\/\/secure.gravatar.com\/avatar\/45f3d2eebcccd909668d7ce7ea7267b6?s=96&d=mm&r=g","caption":"Benoit Charette"},"description":"Benoit Charette \/ Propri\u00e9taire et r\u00e9dacteur en chef Benoit Charette pratique le journalisme automobile depuis bient\u00f4t 30 ans. Il a fait ses classes au c\u00f4t\u00e9 de Daniel H\u00e9raud et au Carnet de route de 1992 \u00e0 2001. Il est fondateur, copropri\u00e9taire et r\u00e9dacteur en chef de L\u2019Annuel de l\u2019automobile, qu\u2019il publie depuis 2001. Il a anim\u00e9 les \u00e9missions RPM et RPM+ sur V et les L\u00e9gendes de la route sur Historia. \u00c0 la radio depuis 1986, il reprend l\u2019antenne cette ann\u00e9e sur les ondes de Cogeco et participe pour la deuxi\u00e8me ann\u00e9e \u00e0 l\u2019\u00e9mission Passion Auto sur RDS en plus de mettre en ligne le site Web officiel de L\u2019Annuel de l\u2019automobile sur annuelauto.ca.","sameAs":["https:\/\/annuelauto.ca\/"],"url":"https:\/\/news.canadamotorjobs.com\/fr\/author\/benoit-charette\/"}]}},"_links":{"self":[{"href":"https:\/\/news.canadamotorjobs.com\/fr\/wp-json\/wp\/v2\/posts\/171010"}],"collection":[{"href":"https:\/\/news.canadamotorjobs.com\/fr\/wp-json\/wp\/v2\/posts"}],"about":[{"href":"https:\/\/news.canadamotorjobs.com\/fr\/wp-json\/wp\/v2\/types\/post"}],"author":[{"embeddable":true,"href":"https:\/\/news.canadamotorjobs.com\/fr\/wp-json\/wp\/v2\/users\/8"}],"replies":[{"embeddable":true,"href":"https:\/\/news.canadamotorjobs.com\/fr\/wp-json\/wp\/v2\/comments?post=171010"}],"version-history":[{"count":2,"href":"https:\/\/news.canadamotorjobs.com\/fr\/wp-json\/wp\/v2\/posts\/171010\/revisions"}],"predecessor-version":[{"id":171014,"href":"https:\/\/news.canadamotorjobs.com\/fr\/wp-json\/wp\/v2\/posts\/171010\/revisions\/171014"}],"wp:featuredmedia":[{"embeddable":true,"href":"https:\/\/news.canadamotorjobs.com\/fr\/wp-json\/wp\/v2\/media\/171012"}],"wp:attachment":[{"href":"https:\/\/news.canadamotorjobs.com\/fr\/wp-json\/wp\/v2\/media?parent=171010"}],"wp:term":[{"taxonomy":"category","embeddable":true,"href":"https:\/\/news.canadamotorjobs.com\/fr\/wp-json\/wp\/v2\/categories?post=171010"},{"taxonomy":"post_tag","embeddable":true,"href":"https:\/\/news.canadamotorjobs.com\/fr\/wp-json\/wp\/v2\/tags?post=171010"}],"curies":[{"name":"wp","href":"https:\/\/api.w.org\/{rel}","templated":true}]}}