{"id":170991,"date":"2024-08-19T17:14:21","date_gmt":"2024-08-19T21:14:21","guid":{"rendered":"https:\/\/news.canadamotorjobs.com\/?p=170991"},"modified":"2024-08-19T17:29:00","modified_gmt":"2024-08-19T21:29:00","slug":"le-karma-ivara-sera-le-premier-utilitaire-de-cette-marque-californienne","status":"publish","type":"post","link":"https:\/\/news.canadamotorjobs.com\/fr\/le-karma-ivara-sera-le-premier-utilitaire-de-cette-marque-californienne\/","title":{"rendered":"Le Karma Ivara sera le premier utilitaire de cette marque californienne"},"content":{"rendered":"<\/p>\n<p>En d\u00e9voilant le prototype Ivara GT-UV vendredi dernier, en Californie, le constructeur de v\u00e9hicules de luxe \u00e9lectrifi\u00e9s Karma confirme l\u2019arriv\u00e9e prochaine d\u2019un premier utilitaire au sein de sa gamme de produits. Ce d\u00e9voilement a eu lieu lors de l\u2019\u00e9v\u00e9nement <em>The Quail, a Motorsports Gathering<\/em> pr\u00e9sent\u00e9 au centre r\u00e9cr\u00e9otouristique carlifornien Quail Lodge &amp; Golf Club \u00e0 Carmel Valley, dans le cadre de la Semaine de l\u2019automobile de Monterey.<\/p>\n<p>Lors du d\u00e9voilement, l\u2019Ivara a \u00e9t\u00e9 pr\u00e9sent\u00e9 comme une \u00ab \u00e9tude de style de super coup\u00e9 tout-terrain \u00bb, une description certes plus inspirante que la signification de l\u2019acronyme GT-UV : <em>Grand Touring Utility Vehicle<\/em> (v\u00e9hicule utilitaire de grand tourisme).<\/p>\n<p>Ce prototype reprend tout naturellement certains traits des deux nouveaut\u00e9s \u00e9lectriques r\u00e9centes promises par la marque pour bient\u00f4t\u00a0: la Gyesera, qui sera la premi\u00e8re berline \u00e9lectrique de Karma, et le coup\u00e9 de haute performance Kaveya, un bolide de 1\u00a0000\u00a0ch qui sera vendu environ 300\u00a0000\u00a0$US.<\/p>\n<p>On ignore cependant tout de la motorisation qu\u2019aura l\u2019Ivara lorsqu\u2019il atteindra le stade de la production. Lors de son d\u00e9voilement, le pr\u00e9sident de Karma, Marques McCammon, s\u2019est content\u00e9 d\u2019affirmer qu\u2019il <em>pourrait<\/em> avoir une motorisation hybride branchable, comme celle des berlines GS-6 et Revero, ou une motorisation \u00e9lectrique, comme les Gyesera et Kaveya.<\/p>\n<p>\u00ab\u00a0Karma Automotive peut adapter ses groupes motopropulseurs rapidement pour r\u00e9pondre aux besoins changeants de notre client\u00e8le et du march\u00e9, et pour assurer la p\u00e9rennit\u00e9 de nos mod\u00e8les\u00a0\u00bb, a expliqu\u00e9 M.\u00a0McCammon, qui n\u2019a pas pr\u00e9cis\u00e9 non plus quand l\u2019Ivara sera mis en vente.<\/p>\n<h3><strong>Silhouette aux proportions exotiques<\/strong><\/h3>\n<p>\nEn d\u00e9crivant ce prototype, le constructeur a plut\u00f4t mis l\u2019emphase sur sa silhouette dont les \u00ab\u00a0proportions exotiques\u00a0\u00bb sont caract\u00e9ris\u00e9es par un pare-brise fortement inclin\u00e9 et un pavillon fortement arqu\u00e9, un design surnomm\u00e9 \u00ab\u00a0com\u00e8te\u00a0\u00bb. Cette forme arqu\u00e9e masque, par ailleurs, la pr\u00e9sence d\u2019un toit panoramique enti\u00e8rement transparent qui se fond \u00e0 la partie sup\u00e9rieure de la carrosserie par sa couleur noire.<\/p>\n<p>Enfin, pour souligner les capacit\u00e9s hors route de l\u2019Ivara, on pr\u00e9cise que ses bas de caisse ont un rev\u00eatement mat protecteur que le constructeur qualifie d\u2019autor\u00e9parable\u00a0! Ce rev\u00eatement n\u2019aurait-il pas plus sa place sur les flancs de la carrosserie du mod\u00e8le de s\u00e9rie que pr\u00e9figure ce prototype\u00a0? Apr\u00e8s tout, ce futur Ivara risque de devoir r\u00e9sister aux chocs des portes qui heurtent sa carrosserie dans un stationnement de grand centre commercial, bien plus qu\u2019aux gravillons qui se soul\u00e8vent et mart\u00e8lent les bas de caisse sur un chemin de pourvoirie\u2026<\/p>\n<h3><strong>Une marque qui se fait discr\u00e8te au Canada<\/strong><\/h3>\n<p>\nVous ne connaissez pas la marque Karma\u00a0? Pas surprenant puisqu\u2019en 2023, ce constructeur californien n\u2019a vendu que 154 automobiles aux \u00c9tats-Unis et 88 autres au Canada (40\u00a0GS-6 et 48\u00a0Revero). Puis cette ann\u00e9e, au cours des six premiers mois, seules 30\u00a0berlines GS-6 ont trouv\u00e9 preneurs au pays. Pas surprenant qu\u2019on n\u2019en voit pas tr\u00e8s souvent\u00a0!<\/p>\n<p>On ne compte d\u2019ailleurs que deux concessionnaires de cette marque au Canada. La r\u00e9gion ouest du pays est desservie par Karma Calgary, une filiale du groupe albertain House of Cars, alors que Karma Montr\u00e9al, qui fait partie du Groupe automobile Holand, repr\u00e9sente la marque dans l\u2019est. Cette derni\u00e8re entreprise est dirig\u00e9e par l\u2019homme d\u2019affaires montr\u00e9alais Gad Biton qui est \u00e9galement concessionnaire Rolls-Royce \u00e0 Montr\u00e9al, en plus de repr\u00e9senter les marques BMW et Mini \u00e0 Qu\u00e9bec et L\u00e9vis, de m\u00eame que Lamborghini \u00e0 Palm\u00a0Beach, en Floride.<\/p>\n<p><em>Photos : Karma<\/em><\/p>\n<p>Le texte <a rel=\"nofollow\" href=\"https:\/\/annuelauto.ca\/le-karma-ivara-sera-le-premier-utilitaire-de-cette-marque-californienne\/\">Le Karma Ivara sera le premier utilitaire de cette marque californienne<\/a> provient de <a rel=\"nofollow\" href=\"https:\/\/annuelauto.ca\">L&#8217;annuel de l&#8217;automobile &#8211; Actualit\u00e9 automobile<\/a><\/p>\n<p><\/p>\n","protected":false},"excerpt":{"rendered":"<p>En d\u00e9voilant le prototype Ivara GT-UV vendredi dernier, en Californie, le constructeur de v\u00e9hicules de luxe \u00e9lectrifi\u00e9s Karma confirme l\u2019arriv\u00e9e prochaine d\u2019un premier utilitaire au sein de sa gamme de produits. Ce d\u00e9voilement a eu lieu lors de l\u2019\u00e9v\u00e9nement The Quail, a Motorsports Gathering pr\u00e9sent\u00e9 au centre r\u00e9cr\u00e9otouristique carlifornien Quail Lodge &amp; Golf Club \u00e0 [&hellip;]<\/p>\n","protected":false},"author":8,"featured_media":170993,"comment_status":"close","ping_status":"closed","sticky":false,"template":"","format":"standard","meta":{"_monsterinsights_skip_tracking":false,"_monsterinsights_sitenote_active":false,"_monsterinsights_sitenote_note":"","_monsterinsights_sitenote_category":0,"footnotes":""},"categories":[101],"tags":[],"yoast_head":"<!-- This site is optimized with the Yoast SEO plugin v23.2 - https:\/\/yoast.com\/wordpress\/plugins\/seo\/ -->\n<title>Le Karma Ivara sera le premier utilitaire de cette marque californienne - CanadaMotorJobs.com<\/title>\n<meta name=\"description\" content=\"Le Karma Ivara sera le premier utilitaire de cette marque californienne - Benoit Charette - Annuel automobile - CanadaMotorJobs.com.\" \/>\n<meta name=\"robots\" content=\"index, follow, max-snippet:-1, max-image-preview:large, max-video-preview:-1\" \/>\n<meta property=\"og:locale\" content=\"fr_CA\" \/>\n<meta property=\"og:type\" content=\"article\" \/>\n<meta property=\"og:title\" content=\"Le Karma Ivara sera le premier utilitaire de cette marque californienne - CanadaMotorJobs.com\" \/>\n<meta property=\"og:description\" content=\"Le Karma Ivara sera le premier utilitaire de cette marque californienne - Benoit Charette - Annuel automobile - CanadaMotorJobs.com.\" \/>\n<meta property=\"og:url\" content=\"https:\/\/news.canadamotorjobs.com\/fr\/le-karma-ivara-sera-le-premier-utilitaire-de-cette-marque-californienne\/\" \/>\n<meta property=\"og:site_name\" content=\"CanadaMotorJobs.com\" \/>\n<meta property=\"article:publisher\" content=\"https:\/\/www.facebook.com\/canadamotorjobs\/\" \/>\n<meta property=\"article:published_time\" content=\"2024-08-19T21:14:21+00:00\" \/>\n<meta property=\"article:modified_time\" content=\"2024-08-19T21:29:00+00:00\" \/>\n<meta property=\"og:image\" content=\"https:\/\/news.canadamotorjobs.com\/wp-content\/uploads\/2024\/08\/Ivara-GT-UV-10.jpg\" \/>\n\t<meta property=\"og:image:width\" content=\"1024\" \/>\n\t<meta property=\"og:image:height\" content=\"683\" \/>\n\t<meta property=\"og:image:type\" content=\"image\/jpeg\" \/>\n<meta name=\"author\" content=\"Benoit Charette\" \/>\n<meta name=\"twitter:card\" content=\"summary_large_image\" \/>\n<meta name=\"twitter:creator\" content=\"@canadamotorjobs\" \/>\n<meta name=\"twitter:site\" content=\"@canadamotorjobs\" \/>\n<meta name=\"twitter:label1\" content=\"\u00c9crit par\" \/>\n\t<meta name=\"twitter:data1\" content=\"Benoit Charette\" \/>\n\t<meta name=\"twitter:label2\" content=\"Estimation du temps de lecture\" \/>\n\t<meta name=\"twitter:data2\" content=\"3 minutes\" \/>\n<!-- \/ Yoast SEO plugin. -->","yoast_head_json":{"title":"Le Karma Ivara sera le premier utilitaire de cette marque californienne - CanadaMotorJobs.com","description":"Le Karma Ivara sera le premier utilitaire de cette marque californienne - Benoit Charette - Annuel automobile - CanadaMotorJobs.com.","robots":{"index":"index","follow":"follow","max-snippet":"max-snippet:-1","max-image-preview":"max-image-preview:large","max-video-preview":"max-video-preview:-1"},"og_locale":"fr_CA","og_type":"article","og_title":"Le Karma Ivara sera le premier utilitaire de cette marque californienne - CanadaMotorJobs.com","og_description":"Le Karma Ivara sera le premier utilitaire de cette marque californienne - Benoit Charette - Annuel automobile - CanadaMotorJobs.com.","og_url":"https:\/\/news.canadamotorjobs.com\/fr\/le-karma-ivara-sera-le-premier-utilitaire-de-cette-marque-californienne\/","og_site_name":"CanadaMotorJobs.com","article_publisher":"https:\/\/www.facebook.com\/canadamotorjobs\/","article_published_time":"2024-08-19T21:14:21+00:00","article_modified_time":"2024-08-19T21:29:00+00:00","og_image":[{"width":1024,"height":683,"url":"https:\/\/news.canadamotorjobs.com\/wp-content\/uploads\/2024\/08\/Ivara-GT-UV-10.jpg","type":"image\/jpeg"}],"author":"Benoit Charette","twitter_card":"summary_large_image","twitter_creator":"@canadamotorjobs","twitter_site":"@canadamotorjobs","twitter_misc":{"\u00c9crit par":"Benoit Charette","Estimation du temps de lecture":"3 minutes"},"schema":{"@context":"https:\/\/schema.org","@graph":[{"@type":"Article","@id":"https:\/\/news.canadamotorjobs.com\/fr\/le-karma-ivara-sera-le-premier-utilitaire-de-cette-marque-californienne\/#article","isPartOf":{"@id":"https:\/\/news.canadamotorjobs.com\/fr\/le-karma-ivara-sera-le-premier-utilitaire-de-cette-marque-californienne\/"},"author":{"name":"Benoit Charette","@id":"https:\/\/news.canadamotorjobs.com\/#\/schema\/person\/51793d1f87d44011d7bcc2ed99269a90"},"headline":"Le Karma Ivara sera le premier utilitaire de cette marque californienne","datePublished":"2024-08-19T21:14:21+00:00","dateModified":"2024-08-19T21:29:00+00:00","mainEntityOfPage":{"@id":"https:\/\/news.canadamotorjobs.com\/fr\/le-karma-ivara-sera-le-premier-utilitaire-de-cette-marque-californienne\/"},"wordCount":657,"publisher":{"@id":"https:\/\/news.canadamotorjobs.com\/#organization"},"image":{"@id":"https:\/\/news.canadamotorjobs.com\/fr\/le-karma-ivara-sera-le-premier-utilitaire-de-cette-marque-californienne\/#primaryimage"},"thumbnailUrl":"https:\/\/news.canadamotorjobs.com\/wp-content\/uploads\/2024\/08\/Ivara-GT-UV-10.jpg","articleSection":["Annuel automobile"],"inLanguage":"fr-CA"},{"@type":"WebPage","@id":"https:\/\/news.canadamotorjobs.com\/fr\/le-karma-ivara-sera-le-premier-utilitaire-de-cette-marque-californienne\/","url":"https:\/\/news.canadamotorjobs.com\/fr\/le-karma-ivara-sera-le-premier-utilitaire-de-cette-marque-californienne\/","name":"Le Karma Ivara sera le premier utilitaire de cette marque californienne - CanadaMotorJobs.com","isPartOf":{"@id":"https:\/\/news.canadamotorjobs.com\/#website"},"primaryImageOfPage":{"@id":"https:\/\/news.canadamotorjobs.com\/fr\/le-karma-ivara-sera-le-premier-utilitaire-de-cette-marque-californienne\/#primaryimage"},"image":{"@id":"https:\/\/news.canadamotorjobs.com\/fr\/le-karma-ivara-sera-le-premier-utilitaire-de-cette-marque-californienne\/#primaryimage"},"thumbnailUrl":"https:\/\/news.canadamotorjobs.com\/wp-content\/uploads\/2024\/08\/Ivara-GT-UV-10.jpg","datePublished":"2024-08-19T21:14:21+00:00","dateModified":"2024-08-19T21:29:00+00:00","description":"Le Karma Ivara sera le premier utilitaire de cette marque californienne - Benoit Charette - Annuel automobile - CanadaMotorJobs.com.","breadcrumb":{"@id":"https:\/\/news.canadamotorjobs.com\/fr\/le-karma-ivara-sera-le-premier-utilitaire-de-cette-marque-californienne\/#breadcrumb"},"inLanguage":"fr-CA","potentialAction":[{"@type":"ReadAction","target":["https:\/\/news.canadamotorjobs.com\/fr\/le-karma-ivara-sera-le-premier-utilitaire-de-cette-marque-californienne\/"]}]},{"@type":"ImageObject","inLanguage":"fr-CA","@id":"https:\/\/news.canadamotorjobs.com\/fr\/le-karma-ivara-sera-le-premier-utilitaire-de-cette-marque-californienne\/#primaryimage","url":"https:\/\/news.canadamotorjobs.com\/wp-content\/uploads\/2024\/08\/Ivara-GT-UV-10.jpg","contentUrl":"https:\/\/news.canadamotorjobs.com\/wp-content\/uploads\/2024\/08\/Ivara-GT-UV-10.jpg","width":1024,"height":683},{"@type":"BreadcrumbList","@id":"https:\/\/news.canadamotorjobs.com\/fr\/le-karma-ivara-sera-le-premier-utilitaire-de-cette-marque-californienne\/#breadcrumb","itemListElement":[{"@type":"ListItem","position":1,"name":"Home","item":"https:\/\/news.canadamotorjobs.com\/fr\/blog\/"},{"@type":"ListItem","position":2,"name":"Le Karma Ivara sera le premier utilitaire de cette marque californienne"}]},{"@type":"WebSite","@id":"https:\/\/news.canadamotorjobs.com\/#website","url":"https:\/\/news.canadamotorjobs.com\/","name":"CanadaMotorJobs.com","description":"Automotive Jobs","publisher":{"@id":"https:\/\/news.canadamotorjobs.com\/#organization"},"potentialAction":[{"@type":"SearchAction","target":{"@type":"EntryPoint","urlTemplate":"https:\/\/news.canadamotorjobs.com\/?s={search_term_string}"},"query-input":"required name=search_term_string"}],"inLanguage":"fr-CA"},{"@type":"Organization","@id":"https:\/\/news.canadamotorjobs.com\/#organization","name":"Canada Motor Jobs","url":"https:\/\/news.canadamotorjobs.com\/","logo":{"@type":"ImageObject","inLanguage":"fr-CA","@id":"https:\/\/news.canadamotorjobs.com\/#\/schema\/logo\/image\/","url":"https:\/\/news.canadamotorjobs.com\/wp-content\/uploads\/2022\/10\/logo-canada-motor-jobs-1.png","contentUrl":"https:\/\/news.canadamotorjobs.com\/wp-content\/uploads\/2022\/10\/logo-canada-motor-jobs-1.png","width":800,"height":400,"caption":"Canada Motor Jobs"},"image":{"@id":"https:\/\/news.canadamotorjobs.com\/#\/schema\/logo\/image\/"},"sameAs":["https:\/\/www.facebook.com\/canadamotorjobs\/","https:\/\/x.com\/canadamotorjobs","https:\/\/www.instagram.com\/canadamotorjobs\/","https:\/\/www.linkedin.com\/company\/canadamotorjobs"]},{"@type":"Person","@id":"https:\/\/news.canadamotorjobs.com\/#\/schema\/person\/51793d1f87d44011d7bcc2ed99269a90","name":"Benoit Charette","image":{"@type":"ImageObject","inLanguage":"fr-CA","@id":"https:\/\/news.canadamotorjobs.com\/#\/schema\/person\/image\/","url":"https:\/\/secure.gravatar.com\/avatar\/45f3d2eebcccd909668d7ce7ea7267b6?s=96&d=mm&r=g","contentUrl":"https:\/\/secure.gravatar.com\/avatar\/45f3d2eebcccd909668d7ce7ea7267b6?s=96&d=mm&r=g","caption":"Benoit Charette"},"description":"Benoit Charette \/ Propri\u00e9taire et r\u00e9dacteur en chef Benoit Charette pratique le journalisme automobile depuis bient\u00f4t 30 ans. Il a fait ses classes au c\u00f4t\u00e9 de Daniel H\u00e9raud et au Carnet de route de 1992 \u00e0 2001. Il est fondateur, copropri\u00e9taire et r\u00e9dacteur en chef de L\u2019Annuel de l\u2019automobile, qu\u2019il publie depuis 2001. Il a anim\u00e9 les \u00e9missions RPM et RPM+ sur V et les L\u00e9gendes de la route sur Historia. \u00c0 la radio depuis 1986, il reprend l\u2019antenne cette ann\u00e9e sur les ondes de Cogeco et participe pour la deuxi\u00e8me ann\u00e9e \u00e0 l\u2019\u00e9mission Passion Auto sur RDS en plus de mettre en ligne le site Web officiel de L\u2019Annuel de l\u2019automobile sur annuelauto.ca.","sameAs":["https:\/\/annuelauto.ca\/"],"url":"https:\/\/news.canadamotorjobs.com\/fr\/author\/benoit-charette\/"}]}},"_links":{"self":[{"href":"https:\/\/news.canadamotorjobs.com\/fr\/wp-json\/wp\/v2\/posts\/170991"}],"collection":[{"href":"https:\/\/news.canadamotorjobs.com\/fr\/wp-json\/wp\/v2\/posts"}],"about":[{"href":"https:\/\/news.canadamotorjobs.com\/fr\/wp-json\/wp\/v2\/types\/post"}],"author":[{"embeddable":true,"href":"https:\/\/news.canadamotorjobs.com\/fr\/wp-json\/wp\/v2\/users\/8"}],"replies":[{"embeddable":true,"href":"https:\/\/news.canadamotorjobs.com\/fr\/wp-json\/wp\/v2\/comments?post=170991"}],"version-history":[{"count":2,"href":"https:\/\/news.canadamotorjobs.com\/fr\/wp-json\/wp\/v2\/posts\/170991\/revisions"}],"predecessor-version":[{"id":170995,"href":"https:\/\/news.canadamotorjobs.com\/fr\/wp-json\/wp\/v2\/posts\/170991\/revisions\/170995"}],"wp:featuredmedia":[{"embeddable":true,"href":"https:\/\/news.canadamotorjobs.com\/fr\/wp-json\/wp\/v2\/media\/170993"}],"wp:attachment":[{"href":"https:\/\/news.canadamotorjobs.com\/fr\/wp-json\/wp\/v2\/media?parent=170991"}],"wp:term":[{"taxonomy":"category","embeddable":true,"href":"https:\/\/news.canadamotorjobs.com\/fr\/wp-json\/wp\/v2\/categories?post=170991"},{"taxonomy":"post_tag","embeddable":true,"href":"https:\/\/news.canadamotorjobs.com\/fr\/wp-json\/wp\/v2\/tags?post=170991"}],"curies":[{"name":"wp","href":"https:\/\/api.w.org\/{rel}","templated":true}]}}