{"id":170968,"date":"2024-08-19T10:11:11","date_gmt":"2024-08-19T14:11:11","guid":{"rendered":"https:\/\/news.canadamotorjobs.com\/?p=170968"},"modified":"2024-08-19T10:13:55","modified_gmt":"2024-08-19T14:13:55","slug":"acura-prepare-une-nsx-electrique","status":"publish","type":"post","link":"https:\/\/news.canadamotorjobs.com\/fr\/acura-prepare-une-nsx-electrique\/","title":{"rendered":"Acura pr\u00e9pare une NSX \u00e9lectrique"},"content":{"rendered":"<\/p>\n<p>Un v\u00e9hicule \u00e9lectrique haute performance viendra s\u2019ajouter \u00e0 la future gamme Acura, a annonc\u00e9 r\u00e9cemment Shinji Aoyama, vice-pr\u00e9sident ex\u00e9cutif mondial de Honda lors du Monterey Car Week 2024.<\/p>\n<h3>Une plateforme \u00e9lectrique innovante<\/h3>\n<p>\nLe v\u00e9hicule sera bas\u00e9 sur la nouvelle plateforme \u00e9lectrique 0 (Zero) de Honda, con\u00e7ue sp\u00e9cialement pour les v\u00e9hicules \u00e9lectriques (VE). Cette plateforme, d\u00e9velopp\u00e9e par Honda, sera d\u2019abord utilis\u00e9e sur un VUS Acura qui sera lanc\u00e9 l\u2019ann\u00e9e prochaine. Elle servira \u00e9galement de base pour la future S\u00e9rie 0 de Honda, une gamme de v\u00e9hicules \u00e9lectriques attendue avec impatience.<\/p>\n<h3>Production \u00e0 l\u2019usine de l\u2019Ohio<\/h3>\n<p>\nAcura pr\u00e9voit de produire ce nouveau mod\u00e8le \u00e9lectrique dans son usine de production de l\u2019Ohio, \u00e0 proximit\u00e9 de Marysville. Ce site abrite \u00e9galement le Centre de Fabrication de Performance Acura, o\u00f9 la derni\u00e8re g\u00e9n\u00e9ration de l\u2019Acura NSX a \u00e9t\u00e9 fabriqu\u00e9e. L&#8217;usine est actuellement en cours de r\u00e9am\u00e9nagement pour se sp\u00e9cialiser dans la production de v\u00e9hicules \u00e9lectriques et de leurs composants, y compris les batteries. D\u00e9sormais, cette installation est connue en interne sous le nom de \u00ab Honda EV Hub \u00bb.<\/p>\n<h3>Un H\u00e9ritier de la NSX?<\/h3>\n<p>\nShinji Aoyama a d\u00e9crit le nouveau v\u00e9hicule comme un mod\u00e8le \u00ab type NSX \u00bb, tout en pr\u00e9cisant qu\u2019il ne porterait pas n\u00e9cessairement ce nom. Contrairement aux attentes, le v\u00e9hicule n\u2019utilisera pas de batteries \u00e0 l\u2019\u00e9tat solide, mais b\u00e9n\u00e9ficiera de la nouvelle approche de Honda, qui privil\u00e9gie un d\u00e9veloppement fin et l\u00e9ger pour sa plateforme d\u00e9di\u00e9e aux VE.<\/p>\n<h3>Un futur inspir\u00e9 par la vision \u00e9lectrique d\u2019Acura<\/h3>\n<p>\nLa perspective d\u2019un v\u00e9hicule \u00e9lectrique rappelant la NSX n\u2019est pas une surprise totale, surtout apr\u00e8s qu\u2019Acura a d\u00e9voil\u00e9 l\u2019ann\u00e9e derni\u00e8re un concept de VE qui semblait repr\u00e9senter une \u00e9volution future de la NSX. Ce concept, appel\u00e9 Acura Electric Vision Design, a \u00e9t\u00e9 con\u00e7u pour inspirer les \u00e9quipes de design d\u2019Acura dans le d\u00e9veloppement de la future gamme \u00e9lectrique de la marque.<\/p>\n<p>Le directeur d\u2019Acura, Jon Ikeda, avait d\u00e9j\u00e0 laiss\u00e9 entendre en 2021 que des plans pour une troisi\u00e8me g\u00e9n\u00e9ration de NSX \u00e9taient \u00e0 l\u2019\u00e9tude, sugg\u00e9rant que cette future it\u00e9ration serait aliment\u00e9e par autre chose qu&#8217;un simple moteur \u00e0 combustion interne ou une configuration hybride, comme ce fut le cas pour les deux premi\u00e8res g\u00e9n\u00e9rations.<\/p>\n<p>Avec des renseignements de Motor Authority<\/p>\n<p>Le texte <a rel=\"nofollow\" href=\"https:\/\/annuelauto.ca\/acura-prepare-une-nsx-electrique\/\">Acura pr\u00e9pare une NSX \u00e9lectrique<\/a> provient de <a rel=\"nofollow\" href=\"https:\/\/annuelauto.ca\">L&#8217;annuel de l&#8217;automobile &#8211; Actualit\u00e9 automobile<\/a><\/p>\n<p><\/p>\n","protected":false},"excerpt":{"rendered":"<p>Un v\u00e9hicule \u00e9lectrique haute performance viendra s\u2019ajouter \u00e0 la future gamme Acura, a annonc\u00e9 r\u00e9cemment Shinji Aoyama, vice-pr\u00e9sident ex\u00e9cutif mondial de Honda lors du Monterey Car Week 2024. Une plateforme \u00e9lectrique innovante Le v\u00e9hicule sera bas\u00e9 sur la nouvelle plateforme \u00e9lectrique 0 (Zero) de Honda, con\u00e7ue sp\u00e9cialement pour les v\u00e9hicules \u00e9lectriques (VE). Cette plateforme, d\u00e9velopp\u00e9e [&hellip;]<\/p>\n","protected":false},"author":8,"featured_media":170970,"comment_status":"close","ping_status":"closed","sticky":false,"template":"","format":"standard","meta":{"_monsterinsights_skip_tracking":false,"_monsterinsights_sitenote_active":false,"_monsterinsights_sitenote_note":"","_monsterinsights_sitenote_category":0,"footnotes":""},"categories":[101],"tags":[],"yoast_head":"<!-- This site is optimized with the Yoast SEO plugin v23.2 - https:\/\/yoast.com\/wordpress\/plugins\/seo\/ -->\n<title>Acura pr\u00e9pare une NSX \u00e9lectrique - CanadaMotorJobs.com<\/title>\n<meta name=\"description\" content=\"Acura pr\u00e9pare une NSX \u00e9lectrique - Benoit Charette - Annuel automobile - CanadaMotorJobs.com.\" \/>\n<meta name=\"robots\" content=\"index, follow, max-snippet:-1, max-image-preview:large, max-video-preview:-1\" \/>\n<meta property=\"og:locale\" content=\"fr_CA\" \/>\n<meta property=\"og:type\" content=\"article\" \/>\n<meta property=\"og:title\" content=\"Acura pr\u00e9pare une NSX \u00e9lectrique - CanadaMotorJobs.com\" \/>\n<meta property=\"og:description\" content=\"Acura pr\u00e9pare une NSX \u00e9lectrique - Benoit Charette - Annuel automobile - CanadaMotorJobs.com.\" \/>\n<meta property=\"og:url\" content=\"https:\/\/news.canadamotorjobs.com\/fr\/acura-prepare-une-nsx-electrique\/\" \/>\n<meta property=\"og:site_name\" content=\"CanadaMotorJobs.com\" \/>\n<meta property=\"article:publisher\" content=\"https:\/\/www.facebook.com\/canadamotorjobs\/\" \/>\n<meta property=\"article:published_time\" content=\"2024-08-19T14:11:11+00:00\" \/>\n<meta property=\"article:modified_time\" content=\"2024-08-19T14:13:55+00:00\" \/>\n<meta property=\"og:image\" content=\"https:\/\/news.canadamotorjobs.com\/wp-content\/uploads\/2024\/08\/next-generation-acura-nsx-147648_1.jpg\" \/>\n\t<meta property=\"og:image:width\" content=\"1074\" \/>\n\t<meta property=\"og:image:height\" content=\"527\" \/>\n\t<meta property=\"og:image:type\" content=\"image\/jpeg\" \/>\n<meta name=\"author\" content=\"Benoit Charette\" \/>\n<meta name=\"twitter:card\" content=\"summary_large_image\" \/>\n<meta name=\"twitter:creator\" content=\"@canadamotorjobs\" \/>\n<meta name=\"twitter:site\" content=\"@canadamotorjobs\" \/>\n<meta name=\"twitter:label1\" content=\"\u00c9crit par\" \/>\n\t<meta name=\"twitter:data1\" content=\"Benoit Charette\" \/>\n\t<meta name=\"twitter:label2\" content=\"Estimation du temps de lecture\" \/>\n\t<meta name=\"twitter:data2\" content=\"2 minutes\" \/>\n<!-- \/ Yoast SEO plugin. -->","yoast_head_json":{"title":"Acura pr\u00e9pare une NSX \u00e9lectrique - CanadaMotorJobs.com","description":"Acura pr\u00e9pare une NSX \u00e9lectrique - Benoit Charette - Annuel automobile - CanadaMotorJobs.com.","robots":{"index":"index","follow":"follow","max-snippet":"max-snippet:-1","max-image-preview":"max-image-preview:large","max-video-preview":"max-video-preview:-1"},"og_locale":"fr_CA","og_type":"article","og_title":"Acura pr\u00e9pare une NSX \u00e9lectrique - CanadaMotorJobs.com","og_description":"Acura pr\u00e9pare une NSX \u00e9lectrique - Benoit Charette - Annuel automobile - CanadaMotorJobs.com.","og_url":"https:\/\/news.canadamotorjobs.com\/fr\/acura-prepare-une-nsx-electrique\/","og_site_name":"CanadaMotorJobs.com","article_publisher":"https:\/\/www.facebook.com\/canadamotorjobs\/","article_published_time":"2024-08-19T14:11:11+00:00","article_modified_time":"2024-08-19T14:13:55+00:00","og_image":[{"width":1074,"height":527,"url":"https:\/\/news.canadamotorjobs.com\/wp-content\/uploads\/2024\/08\/next-generation-acura-nsx-147648_1.jpg","type":"image\/jpeg"}],"author":"Benoit Charette","twitter_card":"summary_large_image","twitter_creator":"@canadamotorjobs","twitter_site":"@canadamotorjobs","twitter_misc":{"\u00c9crit par":"Benoit Charette","Estimation du temps de lecture":"2 minutes"},"schema":{"@context":"https:\/\/schema.org","@graph":[{"@type":"Article","@id":"https:\/\/news.canadamotorjobs.com\/fr\/acura-prepare-une-nsx-electrique\/#article","isPartOf":{"@id":"https:\/\/news.canadamotorjobs.com\/fr\/acura-prepare-une-nsx-electrique\/"},"author":{"name":"Benoit Charette","@id":"https:\/\/news.canadamotorjobs.com\/#\/schema\/person\/51793d1f87d44011d7bcc2ed99269a90"},"headline":"Acura pr\u00e9pare une NSX \u00e9lectrique","datePublished":"2024-08-19T14:11:11+00:00","dateModified":"2024-08-19T14:13:55+00:00","mainEntityOfPage":{"@id":"https:\/\/news.canadamotorjobs.com\/fr\/acura-prepare-une-nsx-electrique\/"},"wordCount":450,"publisher":{"@id":"https:\/\/news.canadamotorjobs.com\/#organization"},"image":{"@id":"https:\/\/news.canadamotorjobs.com\/fr\/acura-prepare-une-nsx-electrique\/#primaryimage"},"thumbnailUrl":"https:\/\/news.canadamotorjobs.com\/wp-content\/uploads\/2024\/08\/next-generation-acura-nsx-147648_1.jpg","articleSection":["Annuel automobile"],"inLanguage":"fr-CA"},{"@type":"WebPage","@id":"https:\/\/news.canadamotorjobs.com\/fr\/acura-prepare-une-nsx-electrique\/","url":"https:\/\/news.canadamotorjobs.com\/fr\/acura-prepare-une-nsx-electrique\/","name":"Acura pr\u00e9pare une NSX \u00e9lectrique - CanadaMotorJobs.com","isPartOf":{"@id":"https:\/\/news.canadamotorjobs.com\/#website"},"primaryImageOfPage":{"@id":"https:\/\/news.canadamotorjobs.com\/fr\/acura-prepare-une-nsx-electrique\/#primaryimage"},"image":{"@id":"https:\/\/news.canadamotorjobs.com\/fr\/acura-prepare-une-nsx-electrique\/#primaryimage"},"thumbnailUrl":"https:\/\/news.canadamotorjobs.com\/wp-content\/uploads\/2024\/08\/next-generation-acura-nsx-147648_1.jpg","datePublished":"2024-08-19T14:11:11+00:00","dateModified":"2024-08-19T14:13:55+00:00","description":"Acura pr\u00e9pare une NSX \u00e9lectrique - Benoit Charette - Annuel automobile - CanadaMotorJobs.com.","breadcrumb":{"@id":"https:\/\/news.canadamotorjobs.com\/fr\/acura-prepare-une-nsx-electrique\/#breadcrumb"},"inLanguage":"fr-CA","potentialAction":[{"@type":"ReadAction","target":["https:\/\/news.canadamotorjobs.com\/fr\/acura-prepare-une-nsx-electrique\/"]}]},{"@type":"ImageObject","inLanguage":"fr-CA","@id":"https:\/\/news.canadamotorjobs.com\/fr\/acura-prepare-une-nsx-electrique\/#primaryimage","url":"https:\/\/news.canadamotorjobs.com\/wp-content\/uploads\/2024\/08\/next-generation-acura-nsx-147648_1.jpg","contentUrl":"https:\/\/news.canadamotorjobs.com\/wp-content\/uploads\/2024\/08\/next-generation-acura-nsx-147648_1.jpg","width":1074,"height":527},{"@type":"BreadcrumbList","@id":"https:\/\/news.canadamotorjobs.com\/fr\/acura-prepare-une-nsx-electrique\/#breadcrumb","itemListElement":[{"@type":"ListItem","position":1,"name":"Home","item":"https:\/\/news.canadamotorjobs.com\/fr\/blog\/"},{"@type":"ListItem","position":2,"name":"Acura pr\u00e9pare une NSX \u00e9lectrique"}]},{"@type":"WebSite","@id":"https:\/\/news.canadamotorjobs.com\/#website","url":"https:\/\/news.canadamotorjobs.com\/","name":"CanadaMotorJobs.com","description":"Automotive Jobs","publisher":{"@id":"https:\/\/news.canadamotorjobs.com\/#organization"},"potentialAction":[{"@type":"SearchAction","target":{"@type":"EntryPoint","urlTemplate":"https:\/\/news.canadamotorjobs.com\/?s={search_term_string}"},"query-input":"required name=search_term_string"}],"inLanguage":"fr-CA"},{"@type":"Organization","@id":"https:\/\/news.canadamotorjobs.com\/#organization","name":"Canada Motor Jobs","url":"https:\/\/news.canadamotorjobs.com\/","logo":{"@type":"ImageObject","inLanguage":"fr-CA","@id":"https:\/\/news.canadamotorjobs.com\/#\/schema\/logo\/image\/","url":"https:\/\/news.canadamotorjobs.com\/wp-content\/uploads\/2022\/10\/logo-canada-motor-jobs-1.png","contentUrl":"https:\/\/news.canadamotorjobs.com\/wp-content\/uploads\/2022\/10\/logo-canada-motor-jobs-1.png","width":800,"height":400,"caption":"Canada Motor Jobs"},"image":{"@id":"https:\/\/news.canadamotorjobs.com\/#\/schema\/logo\/image\/"},"sameAs":["https:\/\/www.facebook.com\/canadamotorjobs\/","https:\/\/x.com\/canadamotorjobs","https:\/\/www.instagram.com\/canadamotorjobs\/","https:\/\/www.linkedin.com\/company\/canadamotorjobs"]},{"@type":"Person","@id":"https:\/\/news.canadamotorjobs.com\/#\/schema\/person\/51793d1f87d44011d7bcc2ed99269a90","name":"Benoit Charette","image":{"@type":"ImageObject","inLanguage":"fr-CA","@id":"https:\/\/news.canadamotorjobs.com\/#\/schema\/person\/image\/","url":"https:\/\/secure.gravatar.com\/avatar\/45f3d2eebcccd909668d7ce7ea7267b6?s=96&d=mm&r=g","contentUrl":"https:\/\/secure.gravatar.com\/avatar\/45f3d2eebcccd909668d7ce7ea7267b6?s=96&d=mm&r=g","caption":"Benoit Charette"},"description":"Benoit Charette \/ Propri\u00e9taire et r\u00e9dacteur en chef Benoit Charette pratique le journalisme automobile depuis bient\u00f4t 30 ans. Il a fait ses classes au c\u00f4t\u00e9 de Daniel H\u00e9raud et au Carnet de route de 1992 \u00e0 2001. Il est fondateur, copropri\u00e9taire et r\u00e9dacteur en chef de L\u2019Annuel de l\u2019automobile, qu\u2019il publie depuis 2001. Il a anim\u00e9 les \u00e9missions RPM et RPM+ sur V et les L\u00e9gendes de la route sur Historia. \u00c0 la radio depuis 1986, il reprend l\u2019antenne cette ann\u00e9e sur les ondes de Cogeco et participe pour la deuxi\u00e8me ann\u00e9e \u00e0 l\u2019\u00e9mission Passion Auto sur RDS en plus de mettre en ligne le site Web officiel de L\u2019Annuel de l\u2019automobile sur annuelauto.ca.","sameAs":["https:\/\/annuelauto.ca\/"],"url":"https:\/\/news.canadamotorjobs.com\/fr\/author\/benoit-charette\/"}]}},"_links":{"self":[{"href":"https:\/\/news.canadamotorjobs.com\/fr\/wp-json\/wp\/v2\/posts\/170968"}],"collection":[{"href":"https:\/\/news.canadamotorjobs.com\/fr\/wp-json\/wp\/v2\/posts"}],"about":[{"href":"https:\/\/news.canadamotorjobs.com\/fr\/wp-json\/wp\/v2\/types\/post"}],"author":[{"embeddable":true,"href":"https:\/\/news.canadamotorjobs.com\/fr\/wp-json\/wp\/v2\/users\/8"}],"replies":[{"embeddable":true,"href":"https:\/\/news.canadamotorjobs.com\/fr\/wp-json\/wp\/v2\/comments?post=170968"}],"version-history":[{"count":2,"href":"https:\/\/news.canadamotorjobs.com\/fr\/wp-json\/wp\/v2\/posts\/170968\/revisions"}],"predecessor-version":[{"id":170972,"href":"https:\/\/news.canadamotorjobs.com\/fr\/wp-json\/wp\/v2\/posts\/170968\/revisions\/170972"}],"wp:featuredmedia":[{"embeddable":true,"href":"https:\/\/news.canadamotorjobs.com\/fr\/wp-json\/wp\/v2\/media\/170970"}],"wp:attachment":[{"href":"https:\/\/news.canadamotorjobs.com\/fr\/wp-json\/wp\/v2\/media?parent=170968"}],"wp:term":[{"taxonomy":"category","embeddable":true,"href":"https:\/\/news.canadamotorjobs.com\/fr\/wp-json\/wp\/v2\/categories?post=170968"},{"taxonomy":"post_tag","embeddable":true,"href":"https:\/\/news.canadamotorjobs.com\/fr\/wp-json\/wp\/v2\/tags?post=170968"}],"curies":[{"name":"wp","href":"https:\/\/api.w.org\/{rel}","templated":true}]}}