{"id":170926,"date":"2024-08-19T09:02:30","date_gmt":"2024-08-19T13:02:30","guid":{"rendered":"https:\/\/news.canadamotorjobs.com\/?p=170926"},"modified":"2024-08-19T09:15:20","modified_gmt":"2024-08-19T13:15:20","slug":"le-cn-et-le-cp-annonce-un-lock-out","status":"publish","type":"post","link":"https:\/\/news.canadamotorjobs.com\/fr\/le-cn-et-le-cp-annonce-un-lock-out\/","title":{"rendered":"Le CN et le CP annonce un lock-out"},"content":{"rendered":"<\/p>\n<p><em>Le Canadien National <\/em>a officiellement inform\u00e9 le syndicat des Teamsters Canada qu&#8217;elle entamerait un lock-out de ses travailleurs syndiqu\u00e9s t\u00f4t le matin du 22 ao\u00fbt. Cette d\u00e9cision pourrait avoir des r\u00e9percussions consid\u00e9rables sur l&#8217;industrie automobile canadienne.<\/p>\n<h3><em>Le transport ferroviaire crucial pour l&#8217;\u00e9conomie canadienne<\/em><\/h3>\n<p>\nLe Canada d\u00e9pend fortement des trains pour le transport des automobiles, du grain, des haricots, de la potasse, du charbon et d&#8217;autres marchandises essentielles. \u00ab \u00c0 moins d&#8217;une r\u00e9solution imm\u00e9diate et d\u00e9finitive du conflit de travail, la CN n&#8217;aura d&#8217;autre choix que de poursuivre la fermeture progressive de son r\u00e9seau, ce qui culminera par un lock-out \u00bb, a d\u00e9clar\u00e9 la compagnie dans un communiqu\u00e9.<\/p>\n<h3><em>Des n\u00e9gociations au point mort<\/em><\/h3>\n<p>\nMalgr\u00e9 des n\u00e9gociations durant le week-end, aucun progr\u00e8s significatif n&#8217;a \u00e9t\u00e9 r\u00e9alis\u00e9, et les parties restent tr\u00e8s \u00e9loign\u00e9es. L&#8217;autre principal op\u00e9rateur ferroviaire du Canada, Canadian Pacific Kansas City (CPKC), a d\u00e9j\u00e0 inform\u00e9 le syndicat des Teamsters qu&#8217;il commencerait \u00e9galement un lock-out de ses membres d\u00e8s le 22 ao\u00fbt, ce qui signifie que la grande majorit\u00e9 du transit ferroviaire de marchandises au Canada pourrait \u00eatre paralys\u00e9e, \u00e0 moins d&#8217;un accord de derni\u00e8re minute.<\/p>\n<h3><em>Une gr\u00e8ve se profile \u00e0 l&#8217;horizon<\/em><\/h3>\n<p>\nEn parall\u00e8le, les Teamsters ont \u00e9mis un pr\u00e9avis de gr\u00e8ve de 72 heures \u00e0 CPKC tard dimanche soir. \u00ab \u00c0 moins que les parties ne parviennent \u00e0 des accords de derni\u00e8re minute, un arr\u00eat de travail surviendra \u00e0 00h01 le jeudi 22 ao\u00fbt \u00bb, a d\u00e9clar\u00e9 le syndicat dans un communiqu\u00e9.<\/p>\n<h3><em>Des accusations de mauvaise foi <\/em><\/h3>\n<p>\nLes compagnies ferroviaires et le syndicat s&#8217;accusent mutuellement de n\u00e9gocier de mauvaise foi. Les Teamsters affirment que la CN et la CPKC recherchent des concessions qui pourraient mettre en danger la s\u00e9curit\u00e9 des travailleurs, une accusation que les op\u00e9rateurs nient.<\/p>\n<h3><em>Appels \u00e0 l&#8217;intervention du gouvernement f\u00e9d\u00e9ral<\/em><\/h3>\n<p>\nLe gouvernement lib\u00e9ral f\u00e9d\u00e9ral a jusqu&#8217;\u00e0 pr\u00e9sent ignor\u00e9 les appels des groupes d&#8217;affaires \u00e0 intervenir, affirmant qu&#8217;il souhaite que les compagnies et le syndicat r\u00e9solvent leurs diff\u00e9rends par le biais de n\u00e9gociations. Cependant, David Adams, PDG de Global Automakers of Canada, repr\u00e9sentant les int\u00e9r\u00eats des constructeurs automobiles \u00e9trangers op\u00e9rant au Canada, a exprim\u00e9 ses pr\u00e9occupations \u00e0 Automotive News Canada le 14 ao\u00fbt. \u00ab Ce conflit de travail est un probl\u00e8me que nous pr\u00e9f\u00e9rerions tous \u00e9viter \u00bb, a-t-il d\u00e9clar\u00e9, appelant \u00e9galement \u00e0 une intervention gouvernementale. \u00ab Bien que nos membres respectent le processus de n\u00e9gociation collective, il semble y avoir une intransigeance depuis plusieurs mois maintenant. Nous pensons qu&#8217;une intervention du gouvernement pour forcer les deux parties \u00e0 une arbitrage obligatoire serait la solution la plus utile \u00e0 ce stade. \u00bb<\/p>\n<p>Avec des renseignements d\u2019Automotive News Canada<\/p>\n<p>Le texte <a rel=\"nofollow\" href=\"https:\/\/annuelauto.ca\/le-cn-et-le-cp-annonce-un-lock-out\/\">Le CN et le CP annonce un lock-out<\/a> provient de <a rel=\"nofollow\" href=\"https:\/\/annuelauto.ca\">L&#8217;annuel de l&#8217;automobile &#8211; Actualit\u00e9 automobile<\/a><\/p>\n<p><\/p>\n","protected":false},"excerpt":{"rendered":"<p>Le Canadien National a officiellement inform\u00e9 le syndicat des Teamsters Canada qu&#8217;elle entamerait un lock-out de ses travailleurs syndiqu\u00e9s t\u00f4t le matin du 22 ao\u00fbt. Cette d\u00e9cision pourrait avoir des r\u00e9percussions consid\u00e9rables sur l&#8217;industrie automobile canadienne. Le transport ferroviaire crucial pour l&#8217;\u00e9conomie canadienne Le Canada d\u00e9pend fortement des trains pour le transport des automobiles, du [&hellip;]<\/p>\n","protected":false},"author":8,"featured_media":170928,"comment_status":"close","ping_status":"closed","sticky":false,"template":"","format":"standard","meta":{"_monsterinsights_skip_tracking":false,"_monsterinsights_sitenote_active":false,"_monsterinsights_sitenote_note":"","_monsterinsights_sitenote_category":0,"footnotes":""},"categories":[101],"tags":[],"yoast_head":"<!-- This site is optimized with the Yoast SEO plugin v23.2 - https:\/\/yoast.com\/wordpress\/plugins\/seo\/ -->\n<title>Le CN et le CP annonce un lock-out - CanadaMotorJobs.com<\/title>\n<meta name=\"description\" content=\"Le CN et le CP annonce un lock-out - Benoit Charette - Annuel automobile - CanadaMotorJobs.com.\" \/>\n<meta name=\"robots\" content=\"index, follow, max-snippet:-1, max-image-preview:large, max-video-preview:-1\" \/>\n<meta property=\"og:locale\" content=\"fr_CA\" \/>\n<meta property=\"og:type\" content=\"article\" \/>\n<meta property=\"og:title\" content=\"Le CN et le CP annonce un lock-out - CanadaMotorJobs.com\" \/>\n<meta property=\"og:description\" content=\"Le CN et le CP annonce un lock-out - Benoit Charette - Annuel automobile - CanadaMotorJobs.com.\" \/>\n<meta property=\"og:url\" content=\"https:\/\/news.canadamotorjobs.com\/fr\/le-cn-et-le-cp-annonce-un-lock-out\/\" \/>\n<meta property=\"og:site_name\" content=\"CanadaMotorJobs.com\" \/>\n<meta property=\"article:publisher\" content=\"https:\/\/www.facebook.com\/canadamotorjobs\/\" \/>\n<meta property=\"article:published_time\" content=\"2024-08-19T13:02:30+00:00\" \/>\n<meta property=\"article:modified_time\" content=\"2024-08-19T13:15:20+00:00\" \/>\n<meta property=\"og:image\" content=\"https:\/\/news.canadamotorjobs.com\/wp-content\/uploads\/2024\/08\/transport-voiture-train.jpg\" \/>\n\t<meta property=\"og:image:width\" content=\"640\" \/>\n\t<meta property=\"og:image:height\" content=\"420\" \/>\n\t<meta property=\"og:image:type\" content=\"image\/jpeg\" \/>\n<meta name=\"author\" content=\"Benoit Charette\" \/>\n<meta name=\"twitter:card\" content=\"summary_large_image\" \/>\n<meta name=\"twitter:creator\" content=\"@canadamotorjobs\" \/>\n<meta name=\"twitter:site\" content=\"@canadamotorjobs\" \/>\n<meta name=\"twitter:label1\" content=\"\u00c9crit par\" \/>\n\t<meta name=\"twitter:data1\" content=\"Benoit Charette\" \/>\n\t<meta name=\"twitter:label2\" content=\"Estimation du temps de lecture\" \/>\n\t<meta name=\"twitter:data2\" content=\"2 minutes\" \/>\n<!-- \/ Yoast SEO plugin. -->","yoast_head_json":{"title":"Le CN et le CP annonce un lock-out - CanadaMotorJobs.com","description":"Le CN et le CP annonce un lock-out - Benoit Charette - Annuel automobile - CanadaMotorJobs.com.","robots":{"index":"index","follow":"follow","max-snippet":"max-snippet:-1","max-image-preview":"max-image-preview:large","max-video-preview":"max-video-preview:-1"},"og_locale":"fr_CA","og_type":"article","og_title":"Le CN et le CP annonce un lock-out - CanadaMotorJobs.com","og_description":"Le CN et le CP annonce un lock-out - Benoit Charette - Annuel automobile - CanadaMotorJobs.com.","og_url":"https:\/\/news.canadamotorjobs.com\/fr\/le-cn-et-le-cp-annonce-un-lock-out\/","og_site_name":"CanadaMotorJobs.com","article_publisher":"https:\/\/www.facebook.com\/canadamotorjobs\/","article_published_time":"2024-08-19T13:02:30+00:00","article_modified_time":"2024-08-19T13:15:20+00:00","og_image":[{"width":640,"height":420,"url":"https:\/\/news.canadamotorjobs.com\/wp-content\/uploads\/2024\/08\/transport-voiture-train.jpg","type":"image\/jpeg"}],"author":"Benoit Charette","twitter_card":"summary_large_image","twitter_creator":"@canadamotorjobs","twitter_site":"@canadamotorjobs","twitter_misc":{"\u00c9crit par":"Benoit Charette","Estimation du temps de lecture":"2 minutes"},"schema":{"@context":"https:\/\/schema.org","@graph":[{"@type":"Article","@id":"https:\/\/news.canadamotorjobs.com\/fr\/le-cn-et-le-cp-annonce-un-lock-out\/#article","isPartOf":{"@id":"https:\/\/news.canadamotorjobs.com\/fr\/le-cn-et-le-cp-annonce-un-lock-out\/"},"author":{"name":"Benoit Charette","@id":"https:\/\/news.canadamotorjobs.com\/#\/schema\/person\/51793d1f87d44011d7bcc2ed99269a90"},"headline":"Le CN et le CP annonce un lock-out","datePublished":"2024-08-19T13:02:30+00:00","dateModified":"2024-08-19T13:15:20+00:00","mainEntityOfPage":{"@id":"https:\/\/news.canadamotorjobs.com\/fr\/le-cn-et-le-cp-annonce-un-lock-out\/"},"wordCount":502,"publisher":{"@id":"https:\/\/news.canadamotorjobs.com\/#organization"},"image":{"@id":"https:\/\/news.canadamotorjobs.com\/fr\/le-cn-et-le-cp-annonce-un-lock-out\/#primaryimage"},"thumbnailUrl":"https:\/\/news.canadamotorjobs.com\/wp-content\/uploads\/2024\/08\/transport-voiture-train.jpg","articleSection":["Annuel automobile"],"inLanguage":"fr-CA"},{"@type":"WebPage","@id":"https:\/\/news.canadamotorjobs.com\/fr\/le-cn-et-le-cp-annonce-un-lock-out\/","url":"https:\/\/news.canadamotorjobs.com\/fr\/le-cn-et-le-cp-annonce-un-lock-out\/","name":"Le CN et le CP annonce un lock-out - CanadaMotorJobs.com","isPartOf":{"@id":"https:\/\/news.canadamotorjobs.com\/#website"},"primaryImageOfPage":{"@id":"https:\/\/news.canadamotorjobs.com\/fr\/le-cn-et-le-cp-annonce-un-lock-out\/#primaryimage"},"image":{"@id":"https:\/\/news.canadamotorjobs.com\/fr\/le-cn-et-le-cp-annonce-un-lock-out\/#primaryimage"},"thumbnailUrl":"https:\/\/news.canadamotorjobs.com\/wp-content\/uploads\/2024\/08\/transport-voiture-train.jpg","datePublished":"2024-08-19T13:02:30+00:00","dateModified":"2024-08-19T13:15:20+00:00","description":"Le CN et le CP annonce un lock-out - Benoit Charette - Annuel automobile - CanadaMotorJobs.com.","breadcrumb":{"@id":"https:\/\/news.canadamotorjobs.com\/fr\/le-cn-et-le-cp-annonce-un-lock-out\/#breadcrumb"},"inLanguage":"fr-CA","potentialAction":[{"@type":"ReadAction","target":["https:\/\/news.canadamotorjobs.com\/fr\/le-cn-et-le-cp-annonce-un-lock-out\/"]}]},{"@type":"ImageObject","inLanguage":"fr-CA","@id":"https:\/\/news.canadamotorjobs.com\/fr\/le-cn-et-le-cp-annonce-un-lock-out\/#primaryimage","url":"https:\/\/news.canadamotorjobs.com\/wp-content\/uploads\/2024\/08\/transport-voiture-train.jpg","contentUrl":"https:\/\/news.canadamotorjobs.com\/wp-content\/uploads\/2024\/08\/transport-voiture-train.jpg","width":640,"height":420},{"@type":"BreadcrumbList","@id":"https:\/\/news.canadamotorjobs.com\/fr\/le-cn-et-le-cp-annonce-un-lock-out\/#breadcrumb","itemListElement":[{"@type":"ListItem","position":1,"name":"Home","item":"https:\/\/news.canadamotorjobs.com\/fr\/blog\/"},{"@type":"ListItem","position":2,"name":"Le CN et le CP annonce un lock-out"}]},{"@type":"WebSite","@id":"https:\/\/news.canadamotorjobs.com\/#website","url":"https:\/\/news.canadamotorjobs.com\/","name":"CanadaMotorJobs.com","description":"Automotive Jobs","publisher":{"@id":"https:\/\/news.canadamotorjobs.com\/#organization"},"potentialAction":[{"@type":"SearchAction","target":{"@type":"EntryPoint","urlTemplate":"https:\/\/news.canadamotorjobs.com\/?s={search_term_string}"},"query-input":"required name=search_term_string"}],"inLanguage":"fr-CA"},{"@type":"Organization","@id":"https:\/\/news.canadamotorjobs.com\/#organization","name":"Canada Motor Jobs","url":"https:\/\/news.canadamotorjobs.com\/","logo":{"@type":"ImageObject","inLanguage":"fr-CA","@id":"https:\/\/news.canadamotorjobs.com\/#\/schema\/logo\/image\/","url":"https:\/\/news.canadamotorjobs.com\/wp-content\/uploads\/2022\/10\/logo-canada-motor-jobs-1.png","contentUrl":"https:\/\/news.canadamotorjobs.com\/wp-content\/uploads\/2022\/10\/logo-canada-motor-jobs-1.png","width":800,"height":400,"caption":"Canada Motor Jobs"},"image":{"@id":"https:\/\/news.canadamotorjobs.com\/#\/schema\/logo\/image\/"},"sameAs":["https:\/\/www.facebook.com\/canadamotorjobs\/","https:\/\/x.com\/canadamotorjobs","https:\/\/www.instagram.com\/canadamotorjobs\/","https:\/\/www.linkedin.com\/company\/canadamotorjobs"]},{"@type":"Person","@id":"https:\/\/news.canadamotorjobs.com\/#\/schema\/person\/51793d1f87d44011d7bcc2ed99269a90","name":"Benoit Charette","image":{"@type":"ImageObject","inLanguage":"fr-CA","@id":"https:\/\/news.canadamotorjobs.com\/#\/schema\/person\/image\/","url":"https:\/\/secure.gravatar.com\/avatar\/45f3d2eebcccd909668d7ce7ea7267b6?s=96&d=mm&r=g","contentUrl":"https:\/\/secure.gravatar.com\/avatar\/45f3d2eebcccd909668d7ce7ea7267b6?s=96&d=mm&r=g","caption":"Benoit Charette"},"description":"Benoit Charette \/ Propri\u00e9taire et r\u00e9dacteur en chef Benoit Charette pratique le journalisme automobile depuis bient\u00f4t 30 ans. Il a fait ses classes au c\u00f4t\u00e9 de Daniel H\u00e9raud et au Carnet de route de 1992 \u00e0 2001. Il est fondateur, copropri\u00e9taire et r\u00e9dacteur en chef de L\u2019Annuel de l\u2019automobile, qu\u2019il publie depuis 2001. Il a anim\u00e9 les \u00e9missions RPM et RPM+ sur V et les L\u00e9gendes de la route sur Historia. \u00c0 la radio depuis 1986, il reprend l\u2019antenne cette ann\u00e9e sur les ondes de Cogeco et participe pour la deuxi\u00e8me ann\u00e9e \u00e0 l\u2019\u00e9mission Passion Auto sur RDS en plus de mettre en ligne le site Web officiel de L\u2019Annuel de l\u2019automobile sur annuelauto.ca.","sameAs":["https:\/\/annuelauto.ca\/"],"url":"https:\/\/news.canadamotorjobs.com\/fr\/author\/benoit-charette\/"}]}},"_links":{"self":[{"href":"https:\/\/news.canadamotorjobs.com\/fr\/wp-json\/wp\/v2\/posts\/170926"}],"collection":[{"href":"https:\/\/news.canadamotorjobs.com\/fr\/wp-json\/wp\/v2\/posts"}],"about":[{"href":"https:\/\/news.canadamotorjobs.com\/fr\/wp-json\/wp\/v2\/types\/post"}],"author":[{"embeddable":true,"href":"https:\/\/news.canadamotorjobs.com\/fr\/wp-json\/wp\/v2\/users\/8"}],"replies":[{"embeddable":true,"href":"https:\/\/news.canadamotorjobs.com\/fr\/wp-json\/wp\/v2\/comments?post=170926"}],"version-history":[{"count":2,"href":"https:\/\/news.canadamotorjobs.com\/fr\/wp-json\/wp\/v2\/posts\/170926\/revisions"}],"predecessor-version":[{"id":170930,"href":"https:\/\/news.canadamotorjobs.com\/fr\/wp-json\/wp\/v2\/posts\/170926\/revisions\/170930"}],"wp:featuredmedia":[{"embeddable":true,"href":"https:\/\/news.canadamotorjobs.com\/fr\/wp-json\/wp\/v2\/media\/170928"}],"wp:attachment":[{"href":"https:\/\/news.canadamotorjobs.com\/fr\/wp-json\/wp\/v2\/media?parent=170926"}],"wp:term":[{"taxonomy":"category","embeddable":true,"href":"https:\/\/news.canadamotorjobs.com\/fr\/wp-json\/wp\/v2\/categories?post=170926"},{"taxonomy":"post_tag","embeddable":true,"href":"https:\/\/news.canadamotorjobs.com\/fr\/wp-json\/wp\/v2\/tags?post=170926"}],"curies":[{"name":"wp","href":"https:\/\/api.w.org\/{rel}","templated":true}]}}