{"id":170903,"date":"2024-08-19T08:44:17","date_gmt":"2024-08-19T12:44:17","guid":{"rendered":"https:\/\/news.canadamotorjobs.com\/?p=170903"},"modified":"2024-08-19T09:01:12","modified_gmt":"2024-08-19T13:01:12","slug":"les-60-ans-de-toyota-jour-3-north-sydney-nouvelle-ecosse-a-halifax-nouvelle-ecosse","status":"publish","type":"post","link":"https:\/\/news.canadamotorjobs.com\/fr\/les-60-ans-de-toyota-jour-3-north-sydney-nouvelle-ecosse-a-halifax-nouvelle-ecosse\/","title":{"rendered":"Les 60\u00a0ans de Toyota\u00a0: jour\u00a03\u2009; North Sydney, Nouvelle-\u00c9cosse, \u00e0 Halifax, Nouvelle-\u00c9cosse"},"content":{"rendered":"<\/p>\n<p>Apr\u00e8s deux journ\u00e9es bien remplies, notre prochaine destination, la derni\u00e8re de la vague\u00a01 de ce voyage qui en compte 6, \u00e9tait Halifax, la capitale de la Nouvelle-\u00c9cosse. C\u2019est de loin la ville la plus importante de cette province. Il est estim\u00e9 que 45\u00a0% de la population totale du territoire y habitent.<\/p>\n<p>Normalement, 400\u00a0km s\u00e9parent les villes de North Sydney et d\u2019Halifax. Cependant, au nord de l\u2019\u00e9tat se trouve l\u2019une des routes les plus c\u00e9l\u00e8bres du Canada, la fameuse piste Cabot, commun\u00e9ment appel\u00e9e la Cabot Trail.<\/p>\n<p>Un d\u00e9tour par cette derni\u00e8re \u00e9tait obligatoire. Elle fait pr\u00e8s de 300\u00a0kilom\u00e8tres, traverse des paysages incroyables dans les hautes terres du Cap-Breton, borde la mer en plusieurs endroits, et repr\u00e9sente un attrait touristique majeur dans la r\u00e9gion. Et pour ceux qui se posent la question, elle a \u00e9t\u00e9 nomm\u00e9e en l\u2019honneur de l\u2019explorateur Jean Cabot, qui a d\u00e9couvert le Canada Atlantique en 1497. Et Jean (John) Cabot, c\u2019est en fait Gionanni Caboto, un explorateur italien, mais qui a r\u00e9alis\u00e9 ses d\u00e9couvertes au service de l\u2019Angleterre.<\/p>\n<p>C\u2019est donc avec anticipation que nous avons pris le volant pour aller d\u00e9couvrir cette r\u00e9gion magnifique du pays. Avant, toutefois, deux arr\u00eats \u00e9taient pr\u00e9vus. Le premier, qui \u00e9tait situ\u00e9 tout pr\u00e8s de notre h\u00f4tel, est l\u2019endroit o\u00f9 se trouve le plus grand violon au Canada. Il symbolise le style pr\u00e9dominant de la musique traditionnelle de l\u2019\u00eele du Cap-Breton, qui a \u00e9t\u00e9 import\u00e9e en Am\u00e9rique du Nord par les immigrants \u00e9cossais.<\/p>\n<p>Le violon (Big Fiddle) fait 17\u00a0m\u00e8tres de haut et p\u00e8se pr\u00e8s de huit tonnes. Huit ans ont \u00e9t\u00e9 n\u00e9cessaires \u00e0 sa construction.<\/p>\n<p>Une notion d\u2019histoire int\u00e9ressante.<\/p>\n<h3><strong>La premi\u00e8re usine de Toyota<\/strong><\/h3>\n<p>\nEnsuite, une deuxi\u00e8me le\u00e7on d\u2019histoire nous attendait, cette fois reli\u00e9e \u00e0 l\u2019automobile, et plus particuli\u00e8rement \u00e0 Toyota. Nous nous sommes en fait rendus \u00e0 l\u2019endroit o\u00f9 la premi\u00e8re usine de Toyota au Canada a \u00e9t\u00e9 construite, l\u00e0 o\u00f9 les premiers mod\u00e8les de la marque ont vu le jour en 1968. Nous avons photographi\u00e9 une Corolla devant le terrain vide qui abritait l\u2019usine. (Voir notre galerie)<\/p>\n<p>Il est triste de constater que l\u2019endroit est aujourd\u2019hui d\u00e9saffect\u00e9, et que le b\u00e2timent principal n\u2019est plus, mais il \u00e9tait int\u00e9ressant de mettre le pied l\u00e0, 56\u00a0ans apr\u00e8s le d\u00e9but des activit\u00e9s de la compagnie au pays, des activit\u00e9s qui se sont av\u00e9r\u00e9s importantes pour la suite des choses.<\/p>\n<p>Et fait int\u00e9ressant, l\u2019usine produisait \u00e0 ses d\u00e9buts une voiture par jour. C\u2019est \u00e0 coup de centaines, parfois de milliers, que les installations d\u2019aujourd\u2019hui produisent des mod\u00e8les.<\/p>\n<h3><strong>Les v\u00e9hicules conduits<\/strong><\/h3>\n<p>\nLors de cette troisi\u00e8me journ\u00e9e de route, nous avons eu la chance de conduire les quatre mod\u00e8les mis \u00e0 notre disposition lors de cette premi\u00e8re vague. La journ\u00e9e s\u2019est amorc\u00e9e au volant d\u2019une GR86, ce qui est toujours un moment appr\u00e9ciable. Nous avons ensuite repris les commandes de la Crown Signia que nous avions conduite la premi\u00e8re journ\u00e9e, pour ensuite passer une partie de la journ\u00e9e au volant d\u2019un Land Cruiser, le temps de traverser la piste Cabot. Nous sommes retourn\u00e9s dans la Crown Signia pour terminer la journ\u00e9e.<\/p>\n<p>Des essais plus complets de ces mod\u00e8les suivront ce r\u00e9cit de voyage, car \u00e0 travers tout cela, nous avons pris des notes sur les qualit\u00e9s et les travers de chacun des produits essay\u00e9s.<\/p>\n<h3><strong>Les v\u00e9hicules \u00e9lectriques<\/strong><\/h3>\n<p>\nEn terminant, je vous mentionnais hier que nous n\u2019avions pas crois\u00e9 beaucoup de v\u00e9hicules \u00e9lectriques sur notre route. La chose n\u2019a pas \u00e9t\u00e9 diff\u00e9rente lors de cette troisi\u00e8me journ\u00e9e, sauf que nous avons crois\u00e9 un jeune couple du Qu\u00e9bec qui venait tout juste de faire l\u2019acquisition d\u2019un Volkswagen\u00a0ID.4 et qui avait d\u00e9cid\u00e9 de partir \u00e0 l\u2019aventure.<\/p>\n<p>Ils nous ont confirm\u00e9 que la situation des bornes \u00e9tait bien diff\u00e9rente dans les maritimes, mais qu\u2019avec une bonne planification, un voyage du genre \u00e9tait tout \u00e0 fait r\u00e9alisable. Ils \u00e9taient encore un peu anxieux avec la question de l\u2019autonomie, puisqu\u2019ils en \u00e9taient \u00e0 leur premi\u00e8re exp\u00e9rience du genre. Ils ont malgr\u00e9 tout pu des bornes sans trop de difficult\u00e9s pour effectuer des recharges bien avant d\u2019atteindre des niveaux critiques sur le plan de l\u2019autonomie.<\/p>\n<p>Il est donc clair qu\u2019il est possible de circuler en v\u00e9hicule \u00e9lectrique dans cette r\u00e9gion du pays, mais on constate tout aussi clairement que le fait que le r\u00e9seau soit moins d\u00e9velopp\u00e9, les acheteurs ne sont pas encore au rendez-vous. C\u2019est ce qui est ressorti de conversations tenues avec les habitants.<\/p>\n<p>Une \u00e9tape \u00e0 la fois, comme dirait l\u2019autre.<\/p>\n<h3><strong>La suite du voyage<\/strong><\/h3>\n<p>\nEn ce qui me concerne, je reprends la route avec Toyota le dimanche\u00a018\u00a0ao\u00fbt, cette fois pour six jours cons\u00e9cutifs, pour un p\u00e9riple qui va nous faire passer de Montr\u00e9al \u00e0 Winnipeg. Au cours des deux prochains jours, il y aura plusieurs arr\u00eats \u00e0 des installations de Toyota qui a ses p\u00e9nates en Ontario\u2009; on va donc vous entretenir un peu plus sur le fonctionnement de la compagnie au pays que de la g\u00e9ographie environnante.<\/p>\n<p>\u00a0<\/p>\n<p>\u00a0<\/p>\n<p>\u00a0<\/p>\n<p>\u00a0<\/p>\n<p>Le texte <a rel=\"nofollow\" href=\"https:\/\/annuelauto.ca\/les-60-ans-de-toyota-jour-3%e2%80%89-north-sydney-nouvelle-ecosse-a-halifax-nouvelle-ecosse\/\">Les 60\u00a0ans de Toyota\u00a0: jour\u00a03\u2009; North Sydney, Nouvelle-\u00c9cosse, \u00e0 Halifax, Nouvelle-\u00c9cosse<\/a> provient de <a rel=\"nofollow\" href=\"https:\/\/annuelauto.ca\">L&#8217;annuel de l&#8217;automobile &#8211; Actualit\u00e9 automobile<\/a><\/p>\n<p><\/p>\n","protected":false},"excerpt":{"rendered":"<p>Apr\u00e8s deux journ\u00e9es bien remplies, notre prochaine destination, la derni\u00e8re de la vague\u00a01 de ce voyage qui en compte 6, \u00e9tait Halifax, la capitale de la Nouvelle-\u00c9cosse. C\u2019est de loin la ville la plus importante de cette province. Il est estim\u00e9 que 45\u00a0% de la population totale du territoire y habitent. Normalement, 400\u00a0km s\u00e9parent les [&hellip;]<\/p>\n","protected":false},"author":8,"featured_media":170905,"comment_status":"close","ping_status":"closed","sticky":false,"template":"","format":"standard","meta":{"_monsterinsights_skip_tracking":false,"_monsterinsights_sitenote_active":false,"_monsterinsights_sitenote_note":"","_monsterinsights_sitenote_category":0,"footnotes":""},"categories":[101],"tags":[],"yoast_head":"<!-- This site is optimized with the Yoast SEO plugin v23.2 - https:\/\/yoast.com\/wordpress\/plugins\/seo\/ -->\n<title>Les 60\u00a0ans de Toyota\u00a0: jour\u00a03\u2009; North Sydney, Nouvelle-\u00c9cosse, \u00e0 Halifax, Nouvelle-\u00c9cosse - CanadaMotorJobs.com<\/title>\n<meta name=\"description\" content=\"Les 60\u00a0ans de Toyota\u00a0: jour\u00a03\u2009; North Sydney, Nouvelle-\u00c9cosse, \u00e0 Halifax, Nouvelle-\u00c9cosse - Benoit Charette - Annuel automobile - CanadaMotorJobs.com.\" \/>\n<meta name=\"robots\" content=\"index, follow, max-snippet:-1, max-image-preview:large, max-video-preview:-1\" \/>\n<meta property=\"og:locale\" content=\"fr_CA\" \/>\n<meta property=\"og:type\" content=\"article\" \/>\n<meta property=\"og:title\" content=\"Les 60\u00a0ans de Toyota\u00a0: jour\u00a03\u2009; North Sydney, Nouvelle-\u00c9cosse, \u00e0 Halifax, Nouvelle-\u00c9cosse - CanadaMotorJobs.com\" \/>\n<meta property=\"og:description\" content=\"Les 60\u00a0ans de Toyota\u00a0: jour\u00a03\u2009; North Sydney, Nouvelle-\u00c9cosse, \u00e0 Halifax, Nouvelle-\u00c9cosse - Benoit Charette - Annuel automobile - CanadaMotorJobs.com.\" \/>\n<meta property=\"og:url\" content=\"https:\/\/news.canadamotorjobs.com\/fr\/les-60-ans-de-toyota-jour-3-north-sydney-nouvelle-ecosse-a-halifax-nouvelle-ecosse\/\" \/>\n<meta property=\"og:site_name\" content=\"CanadaMotorJobs.com\" \/>\n<meta property=\"article:publisher\" content=\"https:\/\/www.facebook.com\/canadamotorjobs\/\" \/>\n<meta property=\"article:published_time\" content=\"2024-08-19T12:44:17+00:00\" \/>\n<meta property=\"article:modified_time\" content=\"2024-08-19T13:01:12+00:00\" \/>\n<meta property=\"og:image\" content=\"https:\/\/news.canadamotorjobs.com\/wp-content\/uploads\/2024\/08\/Toyota-Kanreki-Jour-3-31.jpg\" \/>\n\t<meta property=\"og:image:width\" content=\"1200\" \/>\n\t<meta property=\"og:image:height\" content=\"800\" \/>\n\t<meta property=\"og:image:type\" content=\"image\/jpeg\" \/>\n<meta name=\"author\" content=\"Benoit Charette\" \/>\n<meta name=\"twitter:card\" content=\"summary_large_image\" \/>\n<meta name=\"twitter:creator\" content=\"@canadamotorjobs\" \/>\n<meta name=\"twitter:site\" content=\"@canadamotorjobs\" \/>\n<meta name=\"twitter:label1\" content=\"\u00c9crit par\" \/>\n\t<meta name=\"twitter:data1\" content=\"Benoit Charette\" \/>\n\t<meta name=\"twitter:label2\" content=\"Estimation du temps de lecture\" \/>\n\t<meta name=\"twitter:data2\" content=\"5 minutes\" \/>\n<!-- \/ Yoast SEO plugin. -->","yoast_head_json":{"title":"Les 60\u00a0ans de Toyota\u00a0: jour\u00a03\u2009; North Sydney, Nouvelle-\u00c9cosse, \u00e0 Halifax, Nouvelle-\u00c9cosse - CanadaMotorJobs.com","description":"Les 60\u00a0ans de Toyota\u00a0: jour\u00a03\u2009; North Sydney, Nouvelle-\u00c9cosse, \u00e0 Halifax, Nouvelle-\u00c9cosse - Benoit Charette - Annuel automobile - CanadaMotorJobs.com.","robots":{"index":"index","follow":"follow","max-snippet":"max-snippet:-1","max-image-preview":"max-image-preview:large","max-video-preview":"max-video-preview:-1"},"og_locale":"fr_CA","og_type":"article","og_title":"Les 60\u00a0ans de Toyota\u00a0: jour\u00a03\u2009; North Sydney, Nouvelle-\u00c9cosse, \u00e0 Halifax, Nouvelle-\u00c9cosse - CanadaMotorJobs.com","og_description":"Les 60\u00a0ans de Toyota\u00a0: jour\u00a03\u2009; North Sydney, Nouvelle-\u00c9cosse, \u00e0 Halifax, Nouvelle-\u00c9cosse - Benoit Charette - Annuel automobile - CanadaMotorJobs.com.","og_url":"https:\/\/news.canadamotorjobs.com\/fr\/les-60-ans-de-toyota-jour-3-north-sydney-nouvelle-ecosse-a-halifax-nouvelle-ecosse\/","og_site_name":"CanadaMotorJobs.com","article_publisher":"https:\/\/www.facebook.com\/canadamotorjobs\/","article_published_time":"2024-08-19T12:44:17+00:00","article_modified_time":"2024-08-19T13:01:12+00:00","og_image":[{"width":1200,"height":800,"url":"https:\/\/news.canadamotorjobs.com\/wp-content\/uploads\/2024\/08\/Toyota-Kanreki-Jour-3-31.jpg","type":"image\/jpeg"}],"author":"Benoit Charette","twitter_card":"summary_large_image","twitter_creator":"@canadamotorjobs","twitter_site":"@canadamotorjobs","twitter_misc":{"\u00c9crit par":"Benoit Charette","Estimation du temps de lecture":"5 minutes"},"schema":{"@context":"https:\/\/schema.org","@graph":[{"@type":"Article","@id":"https:\/\/news.canadamotorjobs.com\/fr\/les-60-ans-de-toyota-jour-3-north-sydney-nouvelle-ecosse-a-halifax-nouvelle-ecosse\/#article","isPartOf":{"@id":"https:\/\/news.canadamotorjobs.com\/fr\/les-60-ans-de-toyota-jour-3-north-sydney-nouvelle-ecosse-a-halifax-nouvelle-ecosse\/"},"author":{"name":"Benoit Charette","@id":"https:\/\/news.canadamotorjobs.com\/#\/schema\/person\/51793d1f87d44011d7bcc2ed99269a90"},"headline":"Les 60\u00a0ans de Toyota\u00a0: jour\u00a03\u2009; North Sydney, Nouvelle-\u00c9cosse, \u00e0 Halifax, Nouvelle-\u00c9cosse","datePublished":"2024-08-19T12:44:17+00:00","dateModified":"2024-08-19T13:01:12+00:00","mainEntityOfPage":{"@id":"https:\/\/news.canadamotorjobs.com\/fr\/les-60-ans-de-toyota-jour-3-north-sydney-nouvelle-ecosse-a-halifax-nouvelle-ecosse\/"},"wordCount":959,"publisher":{"@id":"https:\/\/news.canadamotorjobs.com\/#organization"},"image":{"@id":"https:\/\/news.canadamotorjobs.com\/fr\/les-60-ans-de-toyota-jour-3-north-sydney-nouvelle-ecosse-a-halifax-nouvelle-ecosse\/#primaryimage"},"thumbnailUrl":"https:\/\/news.canadamotorjobs.com\/wp-content\/uploads\/2024\/08\/Toyota-Kanreki-Jour-3-31.jpg","articleSection":["Annuel automobile"],"inLanguage":"fr-CA"},{"@type":"WebPage","@id":"https:\/\/news.canadamotorjobs.com\/fr\/les-60-ans-de-toyota-jour-3-north-sydney-nouvelle-ecosse-a-halifax-nouvelle-ecosse\/","url":"https:\/\/news.canadamotorjobs.com\/fr\/les-60-ans-de-toyota-jour-3-north-sydney-nouvelle-ecosse-a-halifax-nouvelle-ecosse\/","name":"Les 60\u00a0ans de Toyota\u00a0: jour\u00a03\u2009; North Sydney, Nouvelle-\u00c9cosse, \u00e0 Halifax, Nouvelle-\u00c9cosse - CanadaMotorJobs.com","isPartOf":{"@id":"https:\/\/news.canadamotorjobs.com\/#website"},"primaryImageOfPage":{"@id":"https:\/\/news.canadamotorjobs.com\/fr\/les-60-ans-de-toyota-jour-3-north-sydney-nouvelle-ecosse-a-halifax-nouvelle-ecosse\/#primaryimage"},"image":{"@id":"https:\/\/news.canadamotorjobs.com\/fr\/les-60-ans-de-toyota-jour-3-north-sydney-nouvelle-ecosse-a-halifax-nouvelle-ecosse\/#primaryimage"},"thumbnailUrl":"https:\/\/news.canadamotorjobs.com\/wp-content\/uploads\/2024\/08\/Toyota-Kanreki-Jour-3-31.jpg","datePublished":"2024-08-19T12:44:17+00:00","dateModified":"2024-08-19T13:01:12+00:00","description":"Les 60\u00a0ans de Toyota\u00a0: jour\u00a03\u2009; North Sydney, Nouvelle-\u00c9cosse, \u00e0 Halifax, Nouvelle-\u00c9cosse - Benoit Charette - Annuel automobile - CanadaMotorJobs.com.","breadcrumb":{"@id":"https:\/\/news.canadamotorjobs.com\/fr\/les-60-ans-de-toyota-jour-3-north-sydney-nouvelle-ecosse-a-halifax-nouvelle-ecosse\/#breadcrumb"},"inLanguage":"fr-CA","potentialAction":[{"@type":"ReadAction","target":["https:\/\/news.canadamotorjobs.com\/fr\/les-60-ans-de-toyota-jour-3-north-sydney-nouvelle-ecosse-a-halifax-nouvelle-ecosse\/"]}]},{"@type":"ImageObject","inLanguage":"fr-CA","@id":"https:\/\/news.canadamotorjobs.com\/fr\/les-60-ans-de-toyota-jour-3-north-sydney-nouvelle-ecosse-a-halifax-nouvelle-ecosse\/#primaryimage","url":"https:\/\/news.canadamotorjobs.com\/wp-content\/uploads\/2024\/08\/Toyota-Kanreki-Jour-3-31.jpg","contentUrl":"https:\/\/news.canadamotorjobs.com\/wp-content\/uploads\/2024\/08\/Toyota-Kanreki-Jour-3-31.jpg","width":1200,"height":800},{"@type":"BreadcrumbList","@id":"https:\/\/news.canadamotorjobs.com\/fr\/les-60-ans-de-toyota-jour-3-north-sydney-nouvelle-ecosse-a-halifax-nouvelle-ecosse\/#breadcrumb","itemListElement":[{"@type":"ListItem","position":1,"name":"Home","item":"https:\/\/news.canadamotorjobs.com\/fr\/blog\/"},{"@type":"ListItem","position":2,"name":"Les 60\u00a0ans de Toyota\u00a0: jour\u00a03\u2009; North Sydney, Nouvelle-\u00c9cosse, \u00e0 Halifax, Nouvelle-\u00c9cosse"}]},{"@type":"WebSite","@id":"https:\/\/news.canadamotorjobs.com\/#website","url":"https:\/\/news.canadamotorjobs.com\/","name":"CanadaMotorJobs.com","description":"Automotive Jobs","publisher":{"@id":"https:\/\/news.canadamotorjobs.com\/#organization"},"potentialAction":[{"@type":"SearchAction","target":{"@type":"EntryPoint","urlTemplate":"https:\/\/news.canadamotorjobs.com\/?s={search_term_string}"},"query-input":"required name=search_term_string"}],"inLanguage":"fr-CA"},{"@type":"Organization","@id":"https:\/\/news.canadamotorjobs.com\/#organization","name":"Canada Motor Jobs","url":"https:\/\/news.canadamotorjobs.com\/","logo":{"@type":"ImageObject","inLanguage":"fr-CA","@id":"https:\/\/news.canadamotorjobs.com\/#\/schema\/logo\/image\/","url":"https:\/\/news.canadamotorjobs.com\/wp-content\/uploads\/2022\/10\/logo-canada-motor-jobs-1.png","contentUrl":"https:\/\/news.canadamotorjobs.com\/wp-content\/uploads\/2022\/10\/logo-canada-motor-jobs-1.png","width":800,"height":400,"caption":"Canada Motor Jobs"},"image":{"@id":"https:\/\/news.canadamotorjobs.com\/#\/schema\/logo\/image\/"},"sameAs":["https:\/\/www.facebook.com\/canadamotorjobs\/","https:\/\/x.com\/canadamotorjobs","https:\/\/www.instagram.com\/canadamotorjobs\/","https:\/\/www.linkedin.com\/company\/canadamotorjobs"]},{"@type":"Person","@id":"https:\/\/news.canadamotorjobs.com\/#\/schema\/person\/51793d1f87d44011d7bcc2ed99269a90","name":"Benoit Charette","image":{"@type":"ImageObject","inLanguage":"fr-CA","@id":"https:\/\/news.canadamotorjobs.com\/#\/schema\/person\/image\/","url":"https:\/\/secure.gravatar.com\/avatar\/45f3d2eebcccd909668d7ce7ea7267b6?s=96&d=mm&r=g","contentUrl":"https:\/\/secure.gravatar.com\/avatar\/45f3d2eebcccd909668d7ce7ea7267b6?s=96&d=mm&r=g","caption":"Benoit Charette"},"description":"Benoit Charette \/ Propri\u00e9taire et r\u00e9dacteur en chef Benoit Charette pratique le journalisme automobile depuis bient\u00f4t 30 ans. Il a fait ses classes au c\u00f4t\u00e9 de Daniel H\u00e9raud et au Carnet de route de 1992 \u00e0 2001. Il est fondateur, copropri\u00e9taire et r\u00e9dacteur en chef de L\u2019Annuel de l\u2019automobile, qu\u2019il publie depuis 2001. Il a anim\u00e9 les \u00e9missions RPM et RPM+ sur V et les L\u00e9gendes de la route sur Historia. \u00c0 la radio depuis 1986, il reprend l\u2019antenne cette ann\u00e9e sur les ondes de Cogeco et participe pour la deuxi\u00e8me ann\u00e9e \u00e0 l\u2019\u00e9mission Passion Auto sur RDS en plus de mettre en ligne le site Web officiel de L\u2019Annuel de l\u2019automobile sur annuelauto.ca.","sameAs":["https:\/\/annuelauto.ca\/"],"url":"https:\/\/news.canadamotorjobs.com\/fr\/author\/benoit-charette\/"}]}},"_links":{"self":[{"href":"https:\/\/news.canadamotorjobs.com\/fr\/wp-json\/wp\/v2\/posts\/170903"}],"collection":[{"href":"https:\/\/news.canadamotorjobs.com\/fr\/wp-json\/wp\/v2\/posts"}],"about":[{"href":"https:\/\/news.canadamotorjobs.com\/fr\/wp-json\/wp\/v2\/types\/post"}],"author":[{"embeddable":true,"href":"https:\/\/news.canadamotorjobs.com\/fr\/wp-json\/wp\/v2\/users\/8"}],"replies":[{"embeddable":true,"href":"https:\/\/news.canadamotorjobs.com\/fr\/wp-json\/wp\/v2\/comments?post=170903"}],"version-history":[{"count":2,"href":"https:\/\/news.canadamotorjobs.com\/fr\/wp-json\/wp\/v2\/posts\/170903\/revisions"}],"predecessor-version":[{"id":170907,"href":"https:\/\/news.canadamotorjobs.com\/fr\/wp-json\/wp\/v2\/posts\/170903\/revisions\/170907"}],"wp:featuredmedia":[{"embeddable":true,"href":"https:\/\/news.canadamotorjobs.com\/fr\/wp-json\/wp\/v2\/media\/170905"}],"wp:attachment":[{"href":"https:\/\/news.canadamotorjobs.com\/fr\/wp-json\/wp\/v2\/media?parent=170903"}],"wp:term":[{"taxonomy":"category","embeddable":true,"href":"https:\/\/news.canadamotorjobs.com\/fr\/wp-json\/wp\/v2\/categories?post=170903"},{"taxonomy":"post_tag","embeddable":true,"href":"https:\/\/news.canadamotorjobs.com\/fr\/wp-json\/wp\/v2\/tags?post=170903"}],"curies":[{"name":"wp","href":"https:\/\/api.w.org\/{rel}","templated":true}]}}