{"id":170880,"date":"2024-08-17T09:18:23","date_gmt":"2024-08-17T13:18:23","guid":{"rendered":"https:\/\/news.canadamotorjobs.com\/?p=170880"},"modified":"2024-08-17T09:29:30","modified_gmt":"2024-08-17T13:29:30","slug":"maybach-presente-sa-version-de-la-mercedes-benz-sl","status":"publish","type":"post","link":"https:\/\/news.canadamotorjobs.com\/fr\/maybach-presente-sa-version-de-la-mercedes-benz-sl\/","title":{"rendered":"Maybach pr\u00e9sente sa version de la Mercedes-Benz SL"},"content":{"rendered":"<\/p>\n<p><strong>MONTEREY, Californie<\/strong> Dans le cadre de la prestigieuse semaine de la voiture de Monterey, Mercedes-Benz pr\u00e9sentait hier soir le plus sportif des mod\u00e8les Maybach, la SL 680 Monogram Series, un cabriolet deux places d&#8217;exception. Bien que le prix n&#8217;ait pas encore \u00e9t\u00e9 communiqu\u00e9, ce mod\u00e8le 2026 promet de faire sensation sur le march\u00e9 de l&#8217;automobile de luxe et va sans l\u2019ombre d\u2019un doute s\u2019adress\u00e9 au 1 % des plus nantis<\/p>\n<h3><strong>Performances impressionnantes<\/strong><\/h3>\n<p>\nDot\u00e9e du m\u00eame moteur V8 biturbo de 4,0 litres d\u00e9veloppant 577 chevaux que l\u2019on retrouve dans la Mercedes SL, la SL 680 peut passer de 0 \u00e0 100 km\/h en seulement 4 secondes. Le rouage int\u00e9gral vient lui aussi de la Mercedes-AMG SL, mais se positionne comme un concurrent direct de la Bentley Continental GTC. Mercedes avait d\u00e9j\u00e0 propos\u00e9 une variante Maybach de son S-Class Cabriolet en 2017, mais avait abandonn\u00e9 cette carrosserie apr\u00e8s l&#8217;ann\u00e9e mod\u00e8le 2021.<\/p>\n<h3><strong>Un design somptueux<\/strong><\/h3>\n<p>\nLa Mercedes-Maybach SL 680 sera disponible en deux finitions m\u00e9talliques \u00ab sp\u00e9cialement s\u00e9lectionn\u00e9es \u00bb. Le concept &#8220;Red Ambience&#8221; pr\u00e9sente une finition bicolore noire et rouge, tandis que le &#8220;White Ambience&#8221; remplace le rouge par du blanc. Le capot monogramme \u00e0 la mani\u00e8re Louis Vuitton feront dire \u00e0 certains que Maybach a peut-\u00eatre aller un peu loin, d\u2019autres adoreront. La face avant met en valeur la largeur du v\u00e9hicule avec des prises d&#8217;air horizontales et une calandre sp\u00e9cifique \u00e0 Maybach, illumin\u00e9e par des contours lumineux. Le capot arbore une \u00e9toile Mercedes fi\u00e8rement dress\u00e9e, et des accents en or rose ornent les phares. Le cadre du pare-brise est chrom\u00e9 et les bas de caisse lat\u00e9raux int\u00e8grent un \u00e9l\u00e9ment chrom\u00e9.<\/p>\n<p>\u00c0 l&#8217;arri\u00e8re, des feux caract\u00e9ristiques de Maybach, une fascia accentu\u00e9e de chrome et un diffuseur soulignent l&#8217;\u00e9l\u00e9gance de la voiture. Derri\u00e8re les si\u00e8ges, un double arceau a\u00e9rodynamique conf\u00e8re au cabriolet une allure sportive.<\/p>\n<h3><strong>Luxe et confort \u00e0 l&#8217;int\u00e9rieur<\/strong><\/h3>\n<p>\nL\u2019int\u00e9rieur de la SL 680 se distingue par l\u2019utilisation de cuir nappa blanc cristal pour les si\u00e8ges, le volant, le tableau de bord inf\u00e9rieur et les panneaux de porte. L\u2019affichage m\u00e9dia et le tableau de bord num\u00e9rique offrent des animations et des graphismes sp\u00e9cifiques \u00e0 Maybach, renfor\u00e7ant ainsi l&#8217;exclusivit\u00e9 du mod\u00e8le.<\/p>\n<p>Bien que Mercedes n&#8217;ait pas divulgu\u00e9 le poids exact de la SL 680, elle affiche des performances l\u00e9g\u00e8rement inf\u00e9rieures \u00e0 celles de la SL63, avec une vitesse maximale r\u00e9duite \u00e0 260 km\/h, limit\u00e9e \u00e9lectroniquement.<\/p>\n<p>Les ing\u00e9nieurs de Maybach ont apport\u00e9 des modifications importantes pour rendre le V8 aussi raffin\u00e9 qu\u2019un V12, notamment en ajustant les supports moteurs et le syst\u00e8me d\u2019\u00e9chappement pour r\u00e9duire le bruit, en am\u00e9liorant l\u2019insonorisation et en adoucissant la suspension.<\/p>\n<h3><strong>Un cabriolet unique en son genre<\/strong><\/h3>\n<p>\nLa SL 680 se distingue \u00e9galement des autres mod\u00e8les SL en n&#8217;offrant que deux si\u00e8ges, contrairement \u00e0 la configuration 2+2 des mod\u00e8les pr\u00e9c\u00e9dents. Le petit espace arri\u00e8re est remplac\u00e9 par une couverture a\u00e9rodynamique qui s&#8217;\u00e9tend jusqu&#8217;aux appuie-t\u00eates des si\u00e8ges avant, renfor\u00e7ant ainsi l\u2019aspect sportif du v\u00e9hicule. Bien que personne N\u2019ait encore conduit ce mod\u00e8le, Mercedes laisse savoir que , malgr\u00e9 sa vocation sportive, la conduite confortable et plus douce sera mise en valeur. La suspension plus souple que la SL de Mercedes, l\u2019insonorisation plus pouss\u00e9e. On veut une exp\u00e9rience incomparable \u00e0 tous les points de vues.<\/p>\n<h3><strong>Des prix \u00e0 la hauteur de l&#8217;exclusivit\u00e9<\/strong><\/h3>\n<p>\nBien que les prix n\u2019aient pas encore \u00e9t\u00e9 d\u00e9voil\u00e9s, il est probable que la SL 680 se situe bien au-del\u00e0 des 250\u00a0000 $ de la SL. Les premi\u00e8res livraisons en Europe sont pr\u00e9vues pour le printemps 2025, tandis que les autres march\u00e9s, y compris le Canada, devront patienter jusqu&#8217;\u00e0 la fin de l&#8217;ann\u00e9e.<\/p>\n<p>Cette nouvelle SL 680 Monogram Series s&#8217;annonce donc comme un mod\u00e8le incontournable pour les amateurs de voitures de luxe qui recherchent \u00e0 la fois performance et exclusivit\u00e9.<\/p>\n<p>https:\/\/youtu.be\/fFf5o-YbgEI<\/p>\n<p>Le texte <a rel=\"nofollow\" href=\"https:\/\/annuelauto.ca\/maybach-presente-sa-version-de-la-mercedes-benz-sl\/\">Maybach pr\u00e9sente sa version de la Mercedes-Benz SL<\/a> provient de <a rel=\"nofollow\" href=\"https:\/\/annuelauto.ca\">L&#8217;annuel de l&#8217;automobile &#8211; Actualit\u00e9 automobile<\/a><\/p>\n<p><\/p>\n","protected":false},"excerpt":{"rendered":"<p>MONTEREY, Californie Dans le cadre de la prestigieuse semaine de la voiture de Monterey, Mercedes-Benz pr\u00e9sentait hier soir le plus sportif des mod\u00e8les Maybach, la SL 680 Monogram Series, un cabriolet deux places d&#8217;exception. Bien que le prix n&#8217;ait pas encore \u00e9t\u00e9 communiqu\u00e9, ce mod\u00e8le 2026 promet de faire sensation sur le march\u00e9 de l&#8217;automobile [&hellip;]<\/p>\n","protected":false},"author":8,"featured_media":170882,"comment_status":"close","ping_status":"closed","sticky":false,"template":"","format":"standard","meta":{"_monsterinsights_skip_tracking":false,"_monsterinsights_sitenote_active":false,"_monsterinsights_sitenote_note":"","_monsterinsights_sitenote_category":0,"footnotes":""},"categories":[101],"tags":[],"yoast_head":"<!-- This site is optimized with the Yoast SEO plugin v23.2 - https:\/\/yoast.com\/wordpress\/plugins\/seo\/ -->\n<title>Maybach pr\u00e9sente sa version de la Mercedes-Benz SL - CanadaMotorJobs.com<\/title>\n<meta name=\"description\" content=\"Maybach pr\u00e9sente sa version de la Mercedes-Benz SL - Benoit Charette - Annuel automobile - CanadaMotorJobs.com.\" \/>\n<meta name=\"robots\" content=\"index, follow, max-snippet:-1, max-image-preview:large, max-video-preview:-1\" \/>\n<meta property=\"og:locale\" content=\"fr_CA\" \/>\n<meta property=\"og:type\" content=\"article\" \/>\n<meta property=\"og:title\" content=\"Maybach pr\u00e9sente sa version de la Mercedes-Benz SL - CanadaMotorJobs.com\" \/>\n<meta property=\"og:description\" content=\"Maybach pr\u00e9sente sa version de la Mercedes-Benz SL - Benoit Charette - Annuel automobile - CanadaMotorJobs.com.\" \/>\n<meta property=\"og:url\" content=\"https:\/\/news.canadamotorjobs.com\/fr\/maybach-presente-sa-version-de-la-mercedes-benz-sl\/\" \/>\n<meta property=\"og:site_name\" content=\"CanadaMotorJobs.com\" \/>\n<meta property=\"article:publisher\" content=\"https:\/\/www.facebook.com\/canadamotorjobs\/\" \/>\n<meta property=\"article:published_time\" content=\"2024-08-17T13:18:23+00:00\" \/>\n<meta property=\"article:modified_time\" content=\"2024-08-17T13:29:30+00:00\" \/>\n<meta property=\"og:image\" content=\"https:\/\/news.canadamotorjobs.com\/wp-content\/uploads\/2024\/08\/24C0283_010.jpg\" \/>\n\t<meta property=\"og:image:width\" content=\"1200\" \/>\n\t<meta property=\"og:image:height\" content=\"800\" \/>\n\t<meta property=\"og:image:type\" content=\"image\/jpeg\" \/>\n<meta name=\"author\" content=\"Benoit Charette\" \/>\n<meta name=\"twitter:card\" content=\"summary_large_image\" \/>\n<meta name=\"twitter:creator\" content=\"@canadamotorjobs\" \/>\n<meta name=\"twitter:site\" content=\"@canadamotorjobs\" \/>\n<meta name=\"twitter:label1\" content=\"\u00c9crit par\" \/>\n\t<meta name=\"twitter:data1\" content=\"Benoit Charette\" \/>\n\t<meta name=\"twitter:label2\" content=\"Estimation du temps de lecture\" \/>\n\t<meta name=\"twitter:data2\" content=\"3 minutes\" \/>\n<!-- \/ Yoast SEO plugin. -->","yoast_head_json":{"title":"Maybach pr\u00e9sente sa version de la Mercedes-Benz SL - CanadaMotorJobs.com","description":"Maybach pr\u00e9sente sa version de la Mercedes-Benz SL - Benoit Charette - Annuel automobile - CanadaMotorJobs.com.","robots":{"index":"index","follow":"follow","max-snippet":"max-snippet:-1","max-image-preview":"max-image-preview:large","max-video-preview":"max-video-preview:-1"},"og_locale":"fr_CA","og_type":"article","og_title":"Maybach pr\u00e9sente sa version de la Mercedes-Benz SL - CanadaMotorJobs.com","og_description":"Maybach pr\u00e9sente sa version de la Mercedes-Benz SL - Benoit Charette - Annuel automobile - CanadaMotorJobs.com.","og_url":"https:\/\/news.canadamotorjobs.com\/fr\/maybach-presente-sa-version-de-la-mercedes-benz-sl\/","og_site_name":"CanadaMotorJobs.com","article_publisher":"https:\/\/www.facebook.com\/canadamotorjobs\/","article_published_time":"2024-08-17T13:18:23+00:00","article_modified_time":"2024-08-17T13:29:30+00:00","og_image":[{"width":1200,"height":800,"url":"https:\/\/news.canadamotorjobs.com\/wp-content\/uploads\/2024\/08\/24C0283_010.jpg","type":"image\/jpeg"}],"author":"Benoit Charette","twitter_card":"summary_large_image","twitter_creator":"@canadamotorjobs","twitter_site":"@canadamotorjobs","twitter_misc":{"\u00c9crit par":"Benoit Charette","Estimation du temps de lecture":"3 minutes"},"schema":{"@context":"https:\/\/schema.org","@graph":[{"@type":"Article","@id":"https:\/\/news.canadamotorjobs.com\/fr\/maybach-presente-sa-version-de-la-mercedes-benz-sl\/#article","isPartOf":{"@id":"https:\/\/news.canadamotorjobs.com\/fr\/maybach-presente-sa-version-de-la-mercedes-benz-sl\/"},"author":{"name":"Benoit Charette","@id":"https:\/\/news.canadamotorjobs.com\/#\/schema\/person\/51793d1f87d44011d7bcc2ed99269a90"},"headline":"Maybach pr\u00e9sente sa version de la Mercedes-Benz SL","datePublished":"2024-08-17T13:18:23+00:00","dateModified":"2024-08-17T13:29:30+00:00","mainEntityOfPage":{"@id":"https:\/\/news.canadamotorjobs.com\/fr\/maybach-presente-sa-version-de-la-mercedes-benz-sl\/"},"wordCount":721,"publisher":{"@id":"https:\/\/news.canadamotorjobs.com\/#organization"},"image":{"@id":"https:\/\/news.canadamotorjobs.com\/fr\/maybach-presente-sa-version-de-la-mercedes-benz-sl\/#primaryimage"},"thumbnailUrl":"https:\/\/news.canadamotorjobs.com\/wp-content\/uploads\/2024\/08\/24C0283_010.jpg","articleSection":["Annuel automobile"],"inLanguage":"fr-CA"},{"@type":"WebPage","@id":"https:\/\/news.canadamotorjobs.com\/fr\/maybach-presente-sa-version-de-la-mercedes-benz-sl\/","url":"https:\/\/news.canadamotorjobs.com\/fr\/maybach-presente-sa-version-de-la-mercedes-benz-sl\/","name":"Maybach pr\u00e9sente sa version de la Mercedes-Benz SL - CanadaMotorJobs.com","isPartOf":{"@id":"https:\/\/news.canadamotorjobs.com\/#website"},"primaryImageOfPage":{"@id":"https:\/\/news.canadamotorjobs.com\/fr\/maybach-presente-sa-version-de-la-mercedes-benz-sl\/#primaryimage"},"image":{"@id":"https:\/\/news.canadamotorjobs.com\/fr\/maybach-presente-sa-version-de-la-mercedes-benz-sl\/#primaryimage"},"thumbnailUrl":"https:\/\/news.canadamotorjobs.com\/wp-content\/uploads\/2024\/08\/24C0283_010.jpg","datePublished":"2024-08-17T13:18:23+00:00","dateModified":"2024-08-17T13:29:30+00:00","description":"Maybach pr\u00e9sente sa version de la Mercedes-Benz SL - Benoit Charette - Annuel automobile - CanadaMotorJobs.com.","breadcrumb":{"@id":"https:\/\/news.canadamotorjobs.com\/fr\/maybach-presente-sa-version-de-la-mercedes-benz-sl\/#breadcrumb"},"inLanguage":"fr-CA","potentialAction":[{"@type":"ReadAction","target":["https:\/\/news.canadamotorjobs.com\/fr\/maybach-presente-sa-version-de-la-mercedes-benz-sl\/"]}]},{"@type":"ImageObject","inLanguage":"fr-CA","@id":"https:\/\/news.canadamotorjobs.com\/fr\/maybach-presente-sa-version-de-la-mercedes-benz-sl\/#primaryimage","url":"https:\/\/news.canadamotorjobs.com\/wp-content\/uploads\/2024\/08\/24C0283_010.jpg","contentUrl":"https:\/\/news.canadamotorjobs.com\/wp-content\/uploads\/2024\/08\/24C0283_010.jpg","width":1200,"height":800},{"@type":"BreadcrumbList","@id":"https:\/\/news.canadamotorjobs.com\/fr\/maybach-presente-sa-version-de-la-mercedes-benz-sl\/#breadcrumb","itemListElement":[{"@type":"ListItem","position":1,"name":"Home","item":"https:\/\/news.canadamotorjobs.com\/fr\/blog\/"},{"@type":"ListItem","position":2,"name":"Maybach pr\u00e9sente sa version de la Mercedes-Benz SL"}]},{"@type":"WebSite","@id":"https:\/\/news.canadamotorjobs.com\/#website","url":"https:\/\/news.canadamotorjobs.com\/","name":"CanadaMotorJobs.com","description":"Automotive Jobs","publisher":{"@id":"https:\/\/news.canadamotorjobs.com\/#organization"},"potentialAction":[{"@type":"SearchAction","target":{"@type":"EntryPoint","urlTemplate":"https:\/\/news.canadamotorjobs.com\/?s={search_term_string}"},"query-input":"required name=search_term_string"}],"inLanguage":"fr-CA"},{"@type":"Organization","@id":"https:\/\/news.canadamotorjobs.com\/#organization","name":"Canada Motor Jobs","url":"https:\/\/news.canadamotorjobs.com\/","logo":{"@type":"ImageObject","inLanguage":"fr-CA","@id":"https:\/\/news.canadamotorjobs.com\/#\/schema\/logo\/image\/","url":"https:\/\/news.canadamotorjobs.com\/wp-content\/uploads\/2022\/10\/logo-canada-motor-jobs-1.png","contentUrl":"https:\/\/news.canadamotorjobs.com\/wp-content\/uploads\/2022\/10\/logo-canada-motor-jobs-1.png","width":800,"height":400,"caption":"Canada Motor Jobs"},"image":{"@id":"https:\/\/news.canadamotorjobs.com\/#\/schema\/logo\/image\/"},"sameAs":["https:\/\/www.facebook.com\/canadamotorjobs\/","https:\/\/x.com\/canadamotorjobs","https:\/\/www.instagram.com\/canadamotorjobs\/","https:\/\/www.linkedin.com\/company\/canadamotorjobs"]},{"@type":"Person","@id":"https:\/\/news.canadamotorjobs.com\/#\/schema\/person\/51793d1f87d44011d7bcc2ed99269a90","name":"Benoit Charette","image":{"@type":"ImageObject","inLanguage":"fr-CA","@id":"https:\/\/news.canadamotorjobs.com\/#\/schema\/person\/image\/","url":"https:\/\/secure.gravatar.com\/avatar\/45f3d2eebcccd909668d7ce7ea7267b6?s=96&d=mm&r=g","contentUrl":"https:\/\/secure.gravatar.com\/avatar\/45f3d2eebcccd909668d7ce7ea7267b6?s=96&d=mm&r=g","caption":"Benoit Charette"},"description":"Benoit Charette \/ Propri\u00e9taire et r\u00e9dacteur en chef Benoit Charette pratique le journalisme automobile depuis bient\u00f4t 30 ans. Il a fait ses classes au c\u00f4t\u00e9 de Daniel H\u00e9raud et au Carnet de route de 1992 \u00e0 2001. Il est fondateur, copropri\u00e9taire et r\u00e9dacteur en chef de L\u2019Annuel de l\u2019automobile, qu\u2019il publie depuis 2001. Il a anim\u00e9 les \u00e9missions RPM et RPM+ sur V et les L\u00e9gendes de la route sur Historia. \u00c0 la radio depuis 1986, il reprend l\u2019antenne cette ann\u00e9e sur les ondes de Cogeco et participe pour la deuxi\u00e8me ann\u00e9e \u00e0 l\u2019\u00e9mission Passion Auto sur RDS en plus de mettre en ligne le site Web officiel de L\u2019Annuel de l\u2019automobile sur annuelauto.ca.","sameAs":["https:\/\/annuelauto.ca\/"],"url":"https:\/\/news.canadamotorjobs.com\/fr\/author\/benoit-charette\/"}]}},"_links":{"self":[{"href":"https:\/\/news.canadamotorjobs.com\/fr\/wp-json\/wp\/v2\/posts\/170880"}],"collection":[{"href":"https:\/\/news.canadamotorjobs.com\/fr\/wp-json\/wp\/v2\/posts"}],"about":[{"href":"https:\/\/news.canadamotorjobs.com\/fr\/wp-json\/wp\/v2\/types\/post"}],"author":[{"embeddable":true,"href":"https:\/\/news.canadamotorjobs.com\/fr\/wp-json\/wp\/v2\/users\/8"}],"replies":[{"embeddable":true,"href":"https:\/\/news.canadamotorjobs.com\/fr\/wp-json\/wp\/v2\/comments?post=170880"}],"version-history":[{"count":2,"href":"https:\/\/news.canadamotorjobs.com\/fr\/wp-json\/wp\/v2\/posts\/170880\/revisions"}],"predecessor-version":[{"id":170884,"href":"https:\/\/news.canadamotorjobs.com\/fr\/wp-json\/wp\/v2\/posts\/170880\/revisions\/170884"}],"wp:featuredmedia":[{"embeddable":true,"href":"https:\/\/news.canadamotorjobs.com\/fr\/wp-json\/wp\/v2\/media\/170882"}],"wp:attachment":[{"href":"https:\/\/news.canadamotorjobs.com\/fr\/wp-json\/wp\/v2\/media?parent=170880"}],"wp:term":[{"taxonomy":"category","embeddable":true,"href":"https:\/\/news.canadamotorjobs.com\/fr\/wp-json\/wp\/v2\/categories?post=170880"},{"taxonomy":"post_tag","embeddable":true,"href":"https:\/\/news.canadamotorjobs.com\/fr\/wp-json\/wp\/v2\/tags?post=170880"}],"curies":[{"name":"wp","href":"https:\/\/api.w.org\/{rel}","templated":true}]}}