{"id":170857,"date":"2024-08-17T08:36:22","date_gmt":"2024-08-17T12:36:22","guid":{"rendered":"https:\/\/news.canadamotorjobs.com\/?p=170857"},"modified":"2024-08-17T08:43:50","modified_gmt":"2024-08-17T12:43:50","slug":"les-60-ans-de-toyota-jour-1-et-2-de-saint-jean-terre-neuve-deer-lake-north-sydney-nouvelle-ecosse","status":"publish","type":"post","link":"https:\/\/news.canadamotorjobs.com\/fr\/les-60-ans-de-toyota-jour-1-et-2-de-saint-jean-terre-neuve-deer-lake-north-sydney-nouvelle-ecosse\/","title":{"rendered":"Les 60\u00a0ans de Toyota\u00a0: jour\u00a01 et 2, de Saint-Jean Terre-Neuve \u2014 Deer Lake \u2014 North Sydney, Nouvelle-\u00c9cosse"},"content":{"rendered":"<\/p>\n<p>Saint-Jean, Terre-Neuve \u2013 La premi\u00e8re journ\u00e9e du p\u00e9riple qu\u2019entreprend Toyota \u00e0 travers le Canada n\u2019a pas \u00e9t\u00e9 de tout repos. Apr\u00e8s une pr\u00e9sentation qui a eu lieu en matin\u00e9e sous le coup de huit heures, o\u00f9 l\u2019on nous a pr\u00e9sent\u00e9 un peu la pr\u00e9misse de l\u2019\u00e9v\u00e9nement, on a pris la route au volant de notre premier v\u00e9hicule d\u2019essai, un Land Cruiser\u00a02024, avec devant nous un trac\u00e9 planifi\u00e9 de 674\u00a0kilom\u00e8tres.<\/p>\n<p>Cependant, quelques arr\u00eats \u00e9taient au programme, avant de d\u00e9finitivement prendre la route.<\/p>\n<p>D\u2019abord, direction du centre-ville de Saint-Jean, \u00e0 l\u2019endroit pr\u00e9cis o\u00f9 se situe le kilom\u00e8tre\u00a00, soit pr\u00e8s l\u2019endroit o\u00f9 la construction de l\u2019autoroute transcanadienne s\u2019est amorc\u00e9e en 1962. Projet d\u2019envergure \u00e0 l\u2019\u00e9poque, il avait \u00e9t\u00e9 rendu possible gr\u00e2ce \u00e0 la collaboration des gouvernements f\u00e9d\u00e9raux et provinciaux, ainsi que du CAA (Canadian Automobile Club), dont le fondateur, Perry Doolittle, \u00e9tait \u00e0 l\u2019origine du projet.<\/p>\n<p>D\u2019ici quelques semaines, l\u2019\u00e9quipe de Toyota Canada aura travers\u00e9 le pays en empruntant cette autoroute pour rejoindre Victoria, en Colombie-Britannique.<\/p>\n<p>Disons que l\u2019arr\u00eat \u00e9tait obligatoire.<\/p>\n<p>Par la suite, nous avons mis le cap sur Cape Spear, l\u2019endroit qui est identifi\u00e9 comme le plus \u00e0 l\u2019est du Canada. On y trouve aussi un des plus vieux phares, endroit o\u00f9 se trouve l\u2019un des plus vieux phares du pays, lui qui a commenc\u00e9 \u00e0 guider les navires dans le port de Saint-Jean en 1836.<\/p>\n<p>Un autre arr\u00eat incontournable.<\/p>\n<p>Ce qui a \u00e9t\u00e9 particulier \u00e0 propos de ces arr\u00eats, c\u2019est qu\u2019un concessionnaire local avait mis \u00e0 notre disposition une Toyota Cressida\u00a01979 pour effectuer les courts trajets (Hotel-Cape Spear- Kilom\u00e8tres\u00a00).<\/p>\n<p>Ainsi, en quittant Cape Spear, votre humble serviteur a pu s\u2019installer au volant de cette relique que vous pouvez voir dans nos photos, afin de parcourir une vingtaine de kilom\u00e8tres.<\/p>\n<p>Un compte rendu complet de ce mod\u00e8le va suivre cette semaine.<\/p>\n<h3><strong>La route<\/strong><\/h3>\n<p>\nPar la suite, avons pris la route. Et avec les petits retards attendus lorsqu\u2019on effectue plusieurs arr\u00eats, disons qu\u2019il nous restait de nombreux kilom\u00e8tres \u00e0 abattre avant d\u2019arriver \u00e0 notre premi\u00e8re destination, soit Deer Lake. Pour vous donner une id\u00e9e, le trac\u00e9 est de 636\u00a0kilom\u00e8tres entre cette ville et Saint-Jean. Un arr\u00eat dans la r\u00e9gion de Gander a \u00e9t\u00e9 notre seule vraie pause de la journ\u00e9e.<\/p>\n<p>Lors de cette premi\u00e8re journ\u00e9e, nous avons pris le volant de deux v\u00e9hicules, soit du Crown Signia, ainsi que d\u2019une version hybride de la Corolla. Le Crown Signia sera de toutes les \u00e9tapes du voyage, tout comme le Land Cruiser, car lors de ses d\u00e9buts au Canada, la compagnie offrait au public la berline Crown, ainsi que le Land Cruiser.<\/p>\n<p>Pour ceux qui n\u2019ont jamais eu la chance de rouler dans ce coin du pays, on peut vous mentionner que les paysages, sans \u00eatre spectaculaires, ne sont jamais ennuyeux. La circulation n\u2019est pas tr\u00e8s dense, vous l\u2019aurez devin\u00e9. \u00c0 la tomb\u00e9e du jour, on ne croise pratiquement que des camions.<\/p>\n<h3>Jour\u00a02<\/h3>\n<p>\nNotre deuxi\u00e8me journ\u00e9e a \u00e9t\u00e9 pratiquement sans histoire. En fait, il a fallu se lever tr\u00e8s t\u00f4t afin d\u2019\u00eatre certains de ne pas manquer le traversier qui s\u2019\u00e9lance de Port-aux-Basques pour relier North Sydney, en Nouvelle-\u00c9cosse. Un peu plus de 260\u00a0km nous s\u00e9paraient du bateau \u00e0 partir de notre h\u00f4tel. Une fois sur le navire, c\u2019est un p\u00e9riple de pr\u00e8s de sept heures qui nous attendait.<\/p>\n<p>Et catastrophe (ou v\u00e9ritable gr\u00e2ce), aucun service internet, ni r\u00e9ception t\u00e9l\u00e9phonique. L\u2019occasion parfaite pour un petit roupillon et un peu de lecture.<\/p>\n<p>En d\u00e9barquant du traversier, nous avions 20\u00a0minutes \u00e0 nous taper pour rejoindre notre h\u00f4tel pour la deuxi\u00e8me soir\u00e9e.<\/p>\n<h3>Conclusion<\/h3>\n<p>\nCe qui a \u00e9t\u00e9 frappant lors de ces deux premi\u00e8res journ\u00e9es, c\u2019est l\u2019absence presque totale de v\u00e9hicules \u00e9lectriques. Au Qu\u00e9bec, on est d\u00e9sormais habitu\u00e9 \u00e0 en voir partout, mais l\u00e0-bas, c\u2019est l\u2019exception. Bien s\u00fbr, le r\u00e9seau n\u2019est pas encore celui du Qu\u00e9bec et du travail reste \u00e0 faire. J\u2019aurais l\u2019occasion de vous reparler plus en d\u00e9tail de v\u00e9hicules \u00e9lectriques lors de mon r\u00e9cit de la troisi\u00e8me journ\u00e9e de ce voyage.<\/p>\n<p>Suivront \u00e9galement des essais routiers des mod\u00e8les essay\u00e9s, une fois ma participation \u00e0 deux autres segments de ce voyage compl\u00e9t\u00e9e, soit du 18 au 23\u00a0juillet, pour rallier Winnipeg \u00e0 partir de Montr\u00e9al.<\/p>\n<p>On se donne rendez-vous tr\u00e8s bient\u00f4t pour le r\u00e9cit de la troisi\u00e8me journ\u00e9e de ce voyage plut\u00f4t unique.<\/p>\n<p>N.B. Les photos qui accompagnent ce billet sont pr\u00e9sent\u00e9es dans l\u2019ordre, afin de faciliter le suivi de ce p\u00e9riple.<\/p>\n<p>\u00a0<\/p>\n<p>\u00a0<\/p>\n<p>\u00a0<\/p>\n<p>\u00a0<\/p>\n<p>\u00a0<\/p>\n<p>\u00a0<\/p>\n<p>\u00a0<\/p>\n<p>Le texte <a rel=\"nofollow\" href=\"https:\/\/annuelauto.ca\/les-60-ans-de-toyota-jour-1-et-2-de-saint-jean-terre-neuve-deer-lake-north-sydney-nouvelle-ecosse\/\">Les 60\u00a0ans de Toyota\u00a0: jour\u00a01 et 2, de Saint-Jean Terre-Neuve \u2014 Deer Lake \u2014 North Sydney, Nouvelle-\u00c9cosse<\/a> provient de <a rel=\"nofollow\" href=\"https:\/\/annuelauto.ca\">L&#8217;annuel de l&#8217;automobile &#8211; Actualit\u00e9 automobile<\/a><\/p>\n<p><\/p>\n","protected":false},"excerpt":{"rendered":"<p>Saint-Jean, Terre-Neuve \u2013 La premi\u00e8re journ\u00e9e du p\u00e9riple qu\u2019entreprend Toyota \u00e0 travers le Canada n\u2019a pas \u00e9t\u00e9 de tout repos. Apr\u00e8s une pr\u00e9sentation qui a eu lieu en matin\u00e9e sous le coup de huit heures, o\u00f9 l\u2019on nous a pr\u00e9sent\u00e9 un peu la pr\u00e9misse de l\u2019\u00e9v\u00e9nement, on a pris la route au volant de notre [&hellip;]<\/p>\n","protected":false},"author":8,"featured_media":170859,"comment_status":"close","ping_status":"closed","sticky":false,"template":"","format":"standard","meta":{"_monsterinsights_skip_tracking":false,"_monsterinsights_sitenote_active":false,"_monsterinsights_sitenote_note":"","_monsterinsights_sitenote_category":0,"footnotes":""},"categories":[101],"tags":[],"yoast_head":"<!-- This site is optimized with the Yoast SEO plugin v23.2 - https:\/\/yoast.com\/wordpress\/plugins\/seo\/ -->\n<title>Les 60\u00a0ans de Toyota\u00a0: jour\u00a01 et 2, de Saint-Jean Terre-Neuve \u2014 Deer Lake \u2014 North Sydney, Nouvelle-\u00c9cosse - CanadaMotorJobs.com<\/title>\n<meta name=\"description\" content=\"Les 60\u00a0ans de Toyota\u00a0: jour\u00a01 et 2, de Saint-Jean Terre-Neuve \u2014 Deer Lake \u2014 North Sydney, Nouvelle-\u00c9cosse - Benoit Charette - Annuel automobile - CanadaMotorJobs.com.\" \/>\n<meta name=\"robots\" content=\"index, follow, max-snippet:-1, max-image-preview:large, max-video-preview:-1\" \/>\n<meta property=\"og:locale\" content=\"fr_CA\" \/>\n<meta property=\"og:type\" content=\"article\" \/>\n<meta property=\"og:title\" content=\"Les 60\u00a0ans de Toyota\u00a0: jour\u00a01 et 2, de Saint-Jean Terre-Neuve \u2014 Deer Lake \u2014 North Sydney, Nouvelle-\u00c9cosse - CanadaMotorJobs.com\" \/>\n<meta property=\"og:description\" content=\"Les 60\u00a0ans de Toyota\u00a0: jour\u00a01 et 2, de Saint-Jean Terre-Neuve \u2014 Deer Lake \u2014 North Sydney, Nouvelle-\u00c9cosse - Benoit Charette - Annuel automobile - CanadaMotorJobs.com.\" \/>\n<meta property=\"og:url\" content=\"https:\/\/news.canadamotorjobs.com\/fr\/les-60-ans-de-toyota-jour-1-et-2-de-saint-jean-terre-neuve-deer-lake-north-sydney-nouvelle-ecosse\/\" \/>\n<meta property=\"og:site_name\" content=\"CanadaMotorJobs.com\" \/>\n<meta property=\"article:publisher\" content=\"https:\/\/www.facebook.com\/canadamotorjobs\/\" \/>\n<meta property=\"article:published_time\" content=\"2024-08-17T12:36:22+00:00\" \/>\n<meta property=\"article:modified_time\" content=\"2024-08-17T12:43:50+00:00\" \/>\n<meta property=\"og:image\" content=\"https:\/\/news.canadamotorjobs.com\/wp-content\/uploads\/2024\/08\/Toyota-Kanreki-Jour-1-et-2-05.jpg\" \/>\n\t<meta property=\"og:image:width\" content=\"1200\" \/>\n\t<meta property=\"og:image:height\" content=\"800\" \/>\n\t<meta property=\"og:image:type\" content=\"image\/jpeg\" \/>\n<meta name=\"author\" content=\"Benoit Charette\" \/>\n<meta name=\"twitter:card\" content=\"summary_large_image\" \/>\n<meta name=\"twitter:creator\" content=\"@canadamotorjobs\" \/>\n<meta name=\"twitter:site\" content=\"@canadamotorjobs\" \/>\n<meta name=\"twitter:label1\" content=\"\u00c9crit par\" \/>\n\t<meta name=\"twitter:data1\" content=\"Benoit Charette\" \/>\n\t<meta name=\"twitter:label2\" content=\"Estimation du temps de lecture\" \/>\n\t<meta name=\"twitter:data2\" content=\"4 minutes\" \/>\n<!-- \/ Yoast SEO plugin. -->","yoast_head_json":{"title":"Les 60\u00a0ans de Toyota\u00a0: jour\u00a01 et 2, de Saint-Jean Terre-Neuve \u2014 Deer Lake \u2014 North Sydney, Nouvelle-\u00c9cosse - CanadaMotorJobs.com","description":"Les 60\u00a0ans de Toyota\u00a0: jour\u00a01 et 2, de Saint-Jean Terre-Neuve \u2014 Deer Lake \u2014 North Sydney, Nouvelle-\u00c9cosse - Benoit Charette - Annuel automobile - CanadaMotorJobs.com.","robots":{"index":"index","follow":"follow","max-snippet":"max-snippet:-1","max-image-preview":"max-image-preview:large","max-video-preview":"max-video-preview:-1"},"og_locale":"fr_CA","og_type":"article","og_title":"Les 60\u00a0ans de Toyota\u00a0: jour\u00a01 et 2, de Saint-Jean Terre-Neuve \u2014 Deer Lake \u2014 North Sydney, Nouvelle-\u00c9cosse - CanadaMotorJobs.com","og_description":"Les 60\u00a0ans de Toyota\u00a0: jour\u00a01 et 2, de Saint-Jean Terre-Neuve \u2014 Deer Lake \u2014 North Sydney, Nouvelle-\u00c9cosse - Benoit Charette - Annuel automobile - CanadaMotorJobs.com.","og_url":"https:\/\/news.canadamotorjobs.com\/fr\/les-60-ans-de-toyota-jour-1-et-2-de-saint-jean-terre-neuve-deer-lake-north-sydney-nouvelle-ecosse\/","og_site_name":"CanadaMotorJobs.com","article_publisher":"https:\/\/www.facebook.com\/canadamotorjobs\/","article_published_time":"2024-08-17T12:36:22+00:00","article_modified_time":"2024-08-17T12:43:50+00:00","og_image":[{"width":1200,"height":800,"url":"https:\/\/news.canadamotorjobs.com\/wp-content\/uploads\/2024\/08\/Toyota-Kanreki-Jour-1-et-2-05.jpg","type":"image\/jpeg"}],"author":"Benoit Charette","twitter_card":"summary_large_image","twitter_creator":"@canadamotorjobs","twitter_site":"@canadamotorjobs","twitter_misc":{"\u00c9crit par":"Benoit Charette","Estimation du temps de lecture":"4 minutes"},"schema":{"@context":"https:\/\/schema.org","@graph":[{"@type":"Article","@id":"https:\/\/news.canadamotorjobs.com\/fr\/les-60-ans-de-toyota-jour-1-et-2-de-saint-jean-terre-neuve-deer-lake-north-sydney-nouvelle-ecosse\/#article","isPartOf":{"@id":"https:\/\/news.canadamotorjobs.com\/fr\/les-60-ans-de-toyota-jour-1-et-2-de-saint-jean-terre-neuve-deer-lake-north-sydney-nouvelle-ecosse\/"},"author":{"name":"Benoit Charette","@id":"https:\/\/news.canadamotorjobs.com\/#\/schema\/person\/51793d1f87d44011d7bcc2ed99269a90"},"headline":"Les 60\u00a0ans de Toyota\u00a0: jour\u00a01 et 2, de Saint-Jean Terre-Neuve \u2014 Deer Lake \u2014 North Sydney, Nouvelle-\u00c9cosse","datePublished":"2024-08-17T12:36:22+00:00","dateModified":"2024-08-17T12:43:50+00:00","mainEntityOfPage":{"@id":"https:\/\/news.canadamotorjobs.com\/fr\/les-60-ans-de-toyota-jour-1-et-2-de-saint-jean-terre-neuve-deer-lake-north-sydney-nouvelle-ecosse\/"},"wordCount":873,"publisher":{"@id":"https:\/\/news.canadamotorjobs.com\/#organization"},"image":{"@id":"https:\/\/news.canadamotorjobs.com\/fr\/les-60-ans-de-toyota-jour-1-et-2-de-saint-jean-terre-neuve-deer-lake-north-sydney-nouvelle-ecosse\/#primaryimage"},"thumbnailUrl":"https:\/\/news.canadamotorjobs.com\/wp-content\/uploads\/2024\/08\/Toyota-Kanreki-Jour-1-et-2-05.jpg","articleSection":["Annuel automobile"],"inLanguage":"fr-CA"},{"@type":"WebPage","@id":"https:\/\/news.canadamotorjobs.com\/fr\/les-60-ans-de-toyota-jour-1-et-2-de-saint-jean-terre-neuve-deer-lake-north-sydney-nouvelle-ecosse\/","url":"https:\/\/news.canadamotorjobs.com\/fr\/les-60-ans-de-toyota-jour-1-et-2-de-saint-jean-terre-neuve-deer-lake-north-sydney-nouvelle-ecosse\/","name":"Les 60\u00a0ans de Toyota\u00a0: jour\u00a01 et 2, de Saint-Jean Terre-Neuve \u2014 Deer Lake \u2014 North Sydney, Nouvelle-\u00c9cosse - CanadaMotorJobs.com","isPartOf":{"@id":"https:\/\/news.canadamotorjobs.com\/#website"},"primaryImageOfPage":{"@id":"https:\/\/news.canadamotorjobs.com\/fr\/les-60-ans-de-toyota-jour-1-et-2-de-saint-jean-terre-neuve-deer-lake-north-sydney-nouvelle-ecosse\/#primaryimage"},"image":{"@id":"https:\/\/news.canadamotorjobs.com\/fr\/les-60-ans-de-toyota-jour-1-et-2-de-saint-jean-terre-neuve-deer-lake-north-sydney-nouvelle-ecosse\/#primaryimage"},"thumbnailUrl":"https:\/\/news.canadamotorjobs.com\/wp-content\/uploads\/2024\/08\/Toyota-Kanreki-Jour-1-et-2-05.jpg","datePublished":"2024-08-17T12:36:22+00:00","dateModified":"2024-08-17T12:43:50+00:00","description":"Les 60\u00a0ans de Toyota\u00a0: jour\u00a01 et 2, de Saint-Jean Terre-Neuve \u2014 Deer Lake \u2014 North Sydney, Nouvelle-\u00c9cosse - Benoit Charette - Annuel automobile - CanadaMotorJobs.com.","breadcrumb":{"@id":"https:\/\/news.canadamotorjobs.com\/fr\/les-60-ans-de-toyota-jour-1-et-2-de-saint-jean-terre-neuve-deer-lake-north-sydney-nouvelle-ecosse\/#breadcrumb"},"inLanguage":"fr-CA","potentialAction":[{"@type":"ReadAction","target":["https:\/\/news.canadamotorjobs.com\/fr\/les-60-ans-de-toyota-jour-1-et-2-de-saint-jean-terre-neuve-deer-lake-north-sydney-nouvelle-ecosse\/"]}]},{"@type":"ImageObject","inLanguage":"fr-CA","@id":"https:\/\/news.canadamotorjobs.com\/fr\/les-60-ans-de-toyota-jour-1-et-2-de-saint-jean-terre-neuve-deer-lake-north-sydney-nouvelle-ecosse\/#primaryimage","url":"https:\/\/news.canadamotorjobs.com\/wp-content\/uploads\/2024\/08\/Toyota-Kanreki-Jour-1-et-2-05.jpg","contentUrl":"https:\/\/news.canadamotorjobs.com\/wp-content\/uploads\/2024\/08\/Toyota-Kanreki-Jour-1-et-2-05.jpg","width":1200,"height":800},{"@type":"BreadcrumbList","@id":"https:\/\/news.canadamotorjobs.com\/fr\/les-60-ans-de-toyota-jour-1-et-2-de-saint-jean-terre-neuve-deer-lake-north-sydney-nouvelle-ecosse\/#breadcrumb","itemListElement":[{"@type":"ListItem","position":1,"name":"Home","item":"https:\/\/news.canadamotorjobs.com\/fr\/blog\/"},{"@type":"ListItem","position":2,"name":"Les 60\u00a0ans de Toyota\u00a0: jour\u00a01 et 2, de Saint-Jean Terre-Neuve \u2014 Deer Lake \u2014 North Sydney, Nouvelle-\u00c9cosse"}]},{"@type":"WebSite","@id":"https:\/\/news.canadamotorjobs.com\/#website","url":"https:\/\/news.canadamotorjobs.com\/","name":"CanadaMotorJobs.com","description":"Automotive Jobs","publisher":{"@id":"https:\/\/news.canadamotorjobs.com\/#organization"},"potentialAction":[{"@type":"SearchAction","target":{"@type":"EntryPoint","urlTemplate":"https:\/\/news.canadamotorjobs.com\/?s={search_term_string}"},"query-input":"required name=search_term_string"}],"inLanguage":"fr-CA"},{"@type":"Organization","@id":"https:\/\/news.canadamotorjobs.com\/#organization","name":"Canada Motor Jobs","url":"https:\/\/news.canadamotorjobs.com\/","logo":{"@type":"ImageObject","inLanguage":"fr-CA","@id":"https:\/\/news.canadamotorjobs.com\/#\/schema\/logo\/image\/","url":"https:\/\/news.canadamotorjobs.com\/wp-content\/uploads\/2022\/10\/logo-canada-motor-jobs-1.png","contentUrl":"https:\/\/news.canadamotorjobs.com\/wp-content\/uploads\/2022\/10\/logo-canada-motor-jobs-1.png","width":800,"height":400,"caption":"Canada Motor Jobs"},"image":{"@id":"https:\/\/news.canadamotorjobs.com\/#\/schema\/logo\/image\/"},"sameAs":["https:\/\/www.facebook.com\/canadamotorjobs\/","https:\/\/x.com\/canadamotorjobs","https:\/\/www.instagram.com\/canadamotorjobs\/","https:\/\/www.linkedin.com\/company\/canadamotorjobs"]},{"@type":"Person","@id":"https:\/\/news.canadamotorjobs.com\/#\/schema\/person\/51793d1f87d44011d7bcc2ed99269a90","name":"Benoit Charette","image":{"@type":"ImageObject","inLanguage":"fr-CA","@id":"https:\/\/news.canadamotorjobs.com\/#\/schema\/person\/image\/","url":"https:\/\/secure.gravatar.com\/avatar\/45f3d2eebcccd909668d7ce7ea7267b6?s=96&d=mm&r=g","contentUrl":"https:\/\/secure.gravatar.com\/avatar\/45f3d2eebcccd909668d7ce7ea7267b6?s=96&d=mm&r=g","caption":"Benoit Charette"},"description":"Benoit Charette \/ Propri\u00e9taire et r\u00e9dacteur en chef Benoit Charette pratique le journalisme automobile depuis bient\u00f4t 30 ans. Il a fait ses classes au c\u00f4t\u00e9 de Daniel H\u00e9raud et au Carnet de route de 1992 \u00e0 2001. Il est fondateur, copropri\u00e9taire et r\u00e9dacteur en chef de L\u2019Annuel de l\u2019automobile, qu\u2019il publie depuis 2001. Il a anim\u00e9 les \u00e9missions RPM et RPM+ sur V et les L\u00e9gendes de la route sur Historia. \u00c0 la radio depuis 1986, il reprend l\u2019antenne cette ann\u00e9e sur les ondes de Cogeco et participe pour la deuxi\u00e8me ann\u00e9e \u00e0 l\u2019\u00e9mission Passion Auto sur RDS en plus de mettre en ligne le site Web officiel de L\u2019Annuel de l\u2019automobile sur annuelauto.ca.","sameAs":["https:\/\/annuelauto.ca\/"],"url":"https:\/\/news.canadamotorjobs.com\/fr\/author\/benoit-charette\/"}]}},"_links":{"self":[{"href":"https:\/\/news.canadamotorjobs.com\/fr\/wp-json\/wp\/v2\/posts\/170857"}],"collection":[{"href":"https:\/\/news.canadamotorjobs.com\/fr\/wp-json\/wp\/v2\/posts"}],"about":[{"href":"https:\/\/news.canadamotorjobs.com\/fr\/wp-json\/wp\/v2\/types\/post"}],"author":[{"embeddable":true,"href":"https:\/\/news.canadamotorjobs.com\/fr\/wp-json\/wp\/v2\/users\/8"}],"replies":[{"embeddable":true,"href":"https:\/\/news.canadamotorjobs.com\/fr\/wp-json\/wp\/v2\/comments?post=170857"}],"version-history":[{"count":2,"href":"https:\/\/news.canadamotorjobs.com\/fr\/wp-json\/wp\/v2\/posts\/170857\/revisions"}],"predecessor-version":[{"id":170861,"href":"https:\/\/news.canadamotorjobs.com\/fr\/wp-json\/wp\/v2\/posts\/170857\/revisions\/170861"}],"wp:featuredmedia":[{"embeddable":true,"href":"https:\/\/news.canadamotorjobs.com\/fr\/wp-json\/wp\/v2\/media\/170859"}],"wp:attachment":[{"href":"https:\/\/news.canadamotorjobs.com\/fr\/wp-json\/wp\/v2\/media?parent=170857"}],"wp:term":[{"taxonomy":"category","embeddable":true,"href":"https:\/\/news.canadamotorjobs.com\/fr\/wp-json\/wp\/v2\/categories?post=170857"},{"taxonomy":"post_tag","embeddable":true,"href":"https:\/\/news.canadamotorjobs.com\/fr\/wp-json\/wp\/v2\/tags?post=170857"}],"curies":[{"name":"wp","href":"https:\/\/api.w.org\/{rel}","templated":true}]}}