{"id":170838,"date":"2024-08-16T21:10:21","date_gmt":"2024-08-17T01:10:21","guid":{"rendered":"https:\/\/news.canadamotorjobs.com\/?p=170838"},"modified":"2024-08-16T21:30:45","modified_gmt":"2024-08-17T01:30:45","slug":"la-porsche-917k-pilotee-par-steve-mcqueen-dans-le-mans-est-a-vendre","status":"publish","type":"post","link":"https:\/\/news.canadamotorjobs.com\/fr\/la-porsche-917k-pilotee-par-steve-mcqueen-dans-le-mans-est-a-vendre\/","title":{"rendered":"La Porsche 917K pilot\u00e9e par Steve McQueen dans \u00ab\u00a0Le Mans\u00a0\u00bb est \u00e0 vendre"},"content":{"rendered":"<\/p>\n<p>Une vente aux ench\u00e8res en cache parfois une autre. C\u2019est le cas de la vente organis\u00e9e par <a href=\"https:\/\/annuelauto.ca\/un-collectionneur-paye-plus-de-400-000-pour-une-stutz-blackhawk-1971-delvis-presley\/\" target=\"_blank\" rel=\"noopener noreferrer\">Mecum<\/a> \u00e0 <a href=\"https:\/\/www.mecum.com\/auctions\/monterey-2024\/\" target=\"_blank\" rel=\"noopener noreferrer\">Monterey<\/a> cette fin de semaine. On y a d\u00e9voil\u00e9 la <a href=\"https:\/\/annuelauto.ca\/une-porsche-qui-pourrait-se-vendre-18-millions-us\/\" target=\"_blank\" rel=\"noopener noreferrer\">Porsche 917K<\/a> pilot\u00e9e par <a href=\"https:\/\/annuelauto.ca\/7-novembre-1980-deces-de-steve-mcqueen\/\" target=\"_blank\" rel=\"noopener noreferrer\">Steve McQueen<\/a> dans le film <em>Le\u00a0Mans<\/em> de 1971. Cette voiture mythique sera une de grandes vedettes d\u2019une autre vente que Mecum pr\u00e9sentera \u00e0 Kissimmee, en Floride, l\u2019ann\u00e9e prochaine.<\/p>\n<p>L&#8217;annonce de la vente de cette Porsche \u00e0 l\u2019encan de Kissimmee, qui aura lieu du 7 au 19\u00a0janvier\u00a02025, a eu lieu devant une foule \u00e9bahie sous le chapiteau o\u00f9 la vente de Monterey doit se d\u00e9rouler. Pour les jours \u00e0 venir, le bolide repose dans une cage pour le plus grand plaisir des badauds.<\/p>\n<p>Restaur\u00e9e r\u00e9cemment de mani\u00e8re \u00ab\u00a0m\u00e9ticuleuse\u00a0\u00bb, pr\u00e9cisent les gens de Mecum, cette Porsche est une des trois voitures qui ont servi au tournage du film r\u00e9alis\u00e9 par Lee Katzin. Sa restauration lui a redonn\u00e9 son apparence de 1970, avec les logos Gulf, tel qu\u2019on la voit dans le film.<\/p>\n<p>Les vedettes \u00e0 quatre roues qu\u2019on voit au grand \u00e9cran doivent g\u00e9n\u00e9ralement leur renomm\u00e9e \u00e0 l\u2019engouement qu\u2019exerce le sc\u00e9nario du film, bien plus qu\u2019\u00e0 leur pedigree m\u00e9canique ou leur design aussi saisissant soit-il. Mais la Porsche 917K de McQueen constitue sans \u00e9quivoque une exception. Apr\u00e8s tout, en plus d\u2019\u00eatre une ic\u00f4ne cin\u00e9matographique qui a \u00e9t\u00e9 achet\u00e9e neuve par le \u00ab\u00a0roi du <em>cool<\/em>\u00a0\u00bb, elle est aussi une v\u00e9ritable b\u00eate de course de classe mondiale.<\/p>\n<p>Montr\u00e9e pour la premi\u00e8re fois au grand public dans le cadre du Salon de l\u2019auto de Gen\u00e8ve, en mars 1969, la Porsche 917 a \u00e9t\u00e9 cr\u00e9\u00e9e sous la direction de Ferdinand Piech pour affronter les plus grandes \u00e9preuves d&#8217;endurance, notamment les 24\u00a0Heures du Mans o\u00f9 elle d\u00e9crochera la 1re et 2e place en 1971.<\/p>\n<p>Les gens de Mecum rappellent, en outre, que la 917K qu\u2019ils offriront en janvier est pass\u00e9e du plateau de tournage aux plus hauts \u00e9chelons de la course d\u2019endurance pour remporter plusieurs victoires. Achet\u00e9e et pilot\u00e9e par McQueen lui-m\u00eame, elle a ensuite appartenu \u00e0 divers pilotes et autres personnalit\u00e9s de renom dont, entre autres, l\u2019humoriste, com\u00e9dien et producteur \u00e9tatsunien Jerry Seinfeld. L\u2019encanteur dispose d\u2019ailleurs de l\u2019historique complet de cette voiture.<\/p>\n<p>Cette 917K a chang\u00e9 de mains pour la derni\u00e8re fois en 2000. Elle avait alors \u00e9t\u00e9 vendue pour la somme de 1,2\u00a0M$ US. Sachant qu\u2019une des deux autres voitures du film a \u00e9t\u00e9 vendue pour 14,1\u00a0M$ US par Gooding \u00e0 Pebble Beach, en 2017, tous les experts s\u2019entendent pour dire que cette 917K fera un nouvel heureux pour beaucoup plus que cela en janvier prochain\u00a0!<\/p>\n<p><em>Photos : Mecum et Gianni Cabiglio\/Mecum<br \/>\n<\/em><\/p>\n<p>Le texte <a rel=\"nofollow\" href=\"https:\/\/annuelauto.ca\/la-porsche-917k-conduite-par-steve-mcqueen-dans-le-mans-est-a-vendre\/\">La Porsche 917K pilot\u00e9e par Steve McQueen dans \u00ab\u00a0Le Mans\u00a0\u00bb est \u00e0 vendre<\/a> provient de <a rel=\"nofollow\" href=\"https:\/\/annuelauto.ca\">L&#8217;annuel de l&#8217;automobile &#8211; Actualit\u00e9 automobile<\/a><\/p>\n<p><\/p>\n","protected":false},"excerpt":{"rendered":"<p>Une vente aux ench\u00e8res en cache parfois une autre. C\u2019est le cas de la vente organis\u00e9e par Mecum \u00e0 Monterey cette fin de semaine. On y a d\u00e9voil\u00e9 la Porsche 917K pilot\u00e9e par Steve McQueen dans le film Le\u00a0Mans de 1971. Cette voiture mythique sera une de grandes vedettes d\u2019une autre vente que Mecum pr\u00e9sentera [&hellip;]<\/p>\n","protected":false},"author":8,"featured_media":170840,"comment_status":"close","ping_status":"closed","sticky":false,"template":"","format":"standard","meta":{"_monsterinsights_skip_tracking":false,"_monsterinsights_sitenote_active":false,"_monsterinsights_sitenote_note":"","_monsterinsights_sitenote_category":0,"footnotes":""},"categories":[101],"tags":[],"yoast_head":"<!-- This site is optimized with the Yoast SEO plugin v23.2 - https:\/\/yoast.com\/wordpress\/plugins\/seo\/ -->\n<title>La Porsche 917K pilot\u00e9e par Steve McQueen dans \u00ab\u00a0Le Mans\u00a0\u00bb est \u00e0 vendre - CanadaMotorJobs.com<\/title>\n<meta name=\"description\" content=\"La Porsche 917K pilot\u00e9e par Steve McQueen dans \u00ab\u00a0Le Mans\u00a0\u00bb est \u00e0 vendre - Benoit Charette - Annuel automobile - CanadaMotorJobs.com.\" \/>\n<meta name=\"robots\" content=\"index, follow, max-snippet:-1, max-image-preview:large, max-video-preview:-1\" \/>\n<meta property=\"og:locale\" content=\"fr_CA\" \/>\n<meta property=\"og:type\" content=\"article\" \/>\n<meta property=\"og:title\" content=\"La Porsche 917K pilot\u00e9e par Steve McQueen dans \u00ab\u00a0Le Mans\u00a0\u00bb est \u00e0 vendre - CanadaMotorJobs.com\" \/>\n<meta property=\"og:description\" content=\"La Porsche 917K pilot\u00e9e par Steve McQueen dans \u00ab\u00a0Le Mans\u00a0\u00bb est \u00e0 vendre - Benoit Charette - Annuel automobile - CanadaMotorJobs.com.\" \/>\n<meta property=\"og:url\" content=\"https:\/\/news.canadamotorjobs.com\/fr\/la-porsche-917k-pilotee-par-steve-mcqueen-dans-le-mans-est-a-vendre\/\" \/>\n<meta property=\"og:site_name\" content=\"CanadaMotorJobs.com\" \/>\n<meta property=\"article:publisher\" content=\"https:\/\/www.facebook.com\/canadamotorjobs\/\" \/>\n<meta property=\"article:published_time\" content=\"2024-08-17T01:10:21+00:00\" \/>\n<meta property=\"article:modified_time\" content=\"2024-08-17T01:30:45+00:00\" \/>\n<meta property=\"og:image\" content=\"https:\/\/news.canadamotorjobs.com\/wp-content\/uploads\/2024\/08\/Porsche-917K-1970-ex-Steve-McQueen-3.jpg\" \/>\n\t<meta property=\"og:image:width\" content=\"1024\" \/>\n\t<meta property=\"og:image:height\" content=\"683\" \/>\n\t<meta property=\"og:image:type\" content=\"image\/jpeg\" \/>\n<meta name=\"author\" content=\"Benoit Charette\" \/>\n<meta name=\"twitter:card\" content=\"summary_large_image\" \/>\n<meta name=\"twitter:creator\" content=\"@canadamotorjobs\" \/>\n<meta name=\"twitter:site\" content=\"@canadamotorjobs\" \/>\n<meta name=\"twitter:label1\" content=\"\u00c9crit par\" \/>\n\t<meta name=\"twitter:data1\" content=\"Benoit Charette\" \/>\n\t<meta name=\"twitter:label2\" content=\"Estimation du temps de lecture\" \/>\n\t<meta name=\"twitter:data2\" content=\"2 minutes\" \/>\n<!-- \/ Yoast SEO plugin. -->","yoast_head_json":{"title":"La Porsche 917K pilot\u00e9e par Steve McQueen dans \u00ab\u00a0Le Mans\u00a0\u00bb est \u00e0 vendre - CanadaMotorJobs.com","description":"La Porsche 917K pilot\u00e9e par Steve McQueen dans \u00ab\u00a0Le Mans\u00a0\u00bb est \u00e0 vendre - Benoit Charette - Annuel automobile - CanadaMotorJobs.com.","robots":{"index":"index","follow":"follow","max-snippet":"max-snippet:-1","max-image-preview":"max-image-preview:large","max-video-preview":"max-video-preview:-1"},"og_locale":"fr_CA","og_type":"article","og_title":"La Porsche 917K pilot\u00e9e par Steve McQueen dans \u00ab\u00a0Le Mans\u00a0\u00bb est \u00e0 vendre - CanadaMotorJobs.com","og_description":"La Porsche 917K pilot\u00e9e par Steve McQueen dans \u00ab\u00a0Le Mans\u00a0\u00bb est \u00e0 vendre - Benoit Charette - Annuel automobile - CanadaMotorJobs.com.","og_url":"https:\/\/news.canadamotorjobs.com\/fr\/la-porsche-917k-pilotee-par-steve-mcqueen-dans-le-mans-est-a-vendre\/","og_site_name":"CanadaMotorJobs.com","article_publisher":"https:\/\/www.facebook.com\/canadamotorjobs\/","article_published_time":"2024-08-17T01:10:21+00:00","article_modified_time":"2024-08-17T01:30:45+00:00","og_image":[{"width":1024,"height":683,"url":"https:\/\/news.canadamotorjobs.com\/wp-content\/uploads\/2024\/08\/Porsche-917K-1970-ex-Steve-McQueen-3.jpg","type":"image\/jpeg"}],"author":"Benoit Charette","twitter_card":"summary_large_image","twitter_creator":"@canadamotorjobs","twitter_site":"@canadamotorjobs","twitter_misc":{"\u00c9crit par":"Benoit Charette","Estimation du temps de lecture":"2 minutes"},"schema":{"@context":"https:\/\/schema.org","@graph":[{"@type":"Article","@id":"https:\/\/news.canadamotorjobs.com\/fr\/la-porsche-917k-pilotee-par-steve-mcqueen-dans-le-mans-est-a-vendre\/#article","isPartOf":{"@id":"https:\/\/news.canadamotorjobs.com\/fr\/la-porsche-917k-pilotee-par-steve-mcqueen-dans-le-mans-est-a-vendre\/"},"author":{"name":"Benoit Charette","@id":"https:\/\/news.canadamotorjobs.com\/#\/schema\/person\/51793d1f87d44011d7bcc2ed99269a90"},"headline":"La Porsche 917K pilot\u00e9e par Steve McQueen dans \u00ab\u00a0Le Mans\u00a0\u00bb est \u00e0 vendre","datePublished":"2024-08-17T01:10:21+00:00","dateModified":"2024-08-17T01:30:45+00:00","mainEntityOfPage":{"@id":"https:\/\/news.canadamotorjobs.com\/fr\/la-porsche-917k-pilotee-par-steve-mcqueen-dans-le-mans-est-a-vendre\/"},"wordCount":509,"publisher":{"@id":"https:\/\/news.canadamotorjobs.com\/#organization"},"image":{"@id":"https:\/\/news.canadamotorjobs.com\/fr\/la-porsche-917k-pilotee-par-steve-mcqueen-dans-le-mans-est-a-vendre\/#primaryimage"},"thumbnailUrl":"https:\/\/news.canadamotorjobs.com\/wp-content\/uploads\/2024\/08\/Porsche-917K-1970-ex-Steve-McQueen-3.jpg","articleSection":["Annuel automobile"],"inLanguage":"fr-CA"},{"@type":"WebPage","@id":"https:\/\/news.canadamotorjobs.com\/fr\/la-porsche-917k-pilotee-par-steve-mcqueen-dans-le-mans-est-a-vendre\/","url":"https:\/\/news.canadamotorjobs.com\/fr\/la-porsche-917k-pilotee-par-steve-mcqueen-dans-le-mans-est-a-vendre\/","name":"La Porsche 917K pilot\u00e9e par Steve McQueen dans \u00ab\u00a0Le Mans\u00a0\u00bb est \u00e0 vendre - CanadaMotorJobs.com","isPartOf":{"@id":"https:\/\/news.canadamotorjobs.com\/#website"},"primaryImageOfPage":{"@id":"https:\/\/news.canadamotorjobs.com\/fr\/la-porsche-917k-pilotee-par-steve-mcqueen-dans-le-mans-est-a-vendre\/#primaryimage"},"image":{"@id":"https:\/\/news.canadamotorjobs.com\/fr\/la-porsche-917k-pilotee-par-steve-mcqueen-dans-le-mans-est-a-vendre\/#primaryimage"},"thumbnailUrl":"https:\/\/news.canadamotorjobs.com\/wp-content\/uploads\/2024\/08\/Porsche-917K-1970-ex-Steve-McQueen-3.jpg","datePublished":"2024-08-17T01:10:21+00:00","dateModified":"2024-08-17T01:30:45+00:00","description":"La Porsche 917K pilot\u00e9e par Steve McQueen dans \u00ab\u00a0Le Mans\u00a0\u00bb est \u00e0 vendre - Benoit Charette - Annuel automobile - CanadaMotorJobs.com.","breadcrumb":{"@id":"https:\/\/news.canadamotorjobs.com\/fr\/la-porsche-917k-pilotee-par-steve-mcqueen-dans-le-mans-est-a-vendre\/#breadcrumb"},"inLanguage":"fr-CA","potentialAction":[{"@type":"ReadAction","target":["https:\/\/news.canadamotorjobs.com\/fr\/la-porsche-917k-pilotee-par-steve-mcqueen-dans-le-mans-est-a-vendre\/"]}]},{"@type":"ImageObject","inLanguage":"fr-CA","@id":"https:\/\/news.canadamotorjobs.com\/fr\/la-porsche-917k-pilotee-par-steve-mcqueen-dans-le-mans-est-a-vendre\/#primaryimage","url":"https:\/\/news.canadamotorjobs.com\/wp-content\/uploads\/2024\/08\/Porsche-917K-1970-ex-Steve-McQueen-3.jpg","contentUrl":"https:\/\/news.canadamotorjobs.com\/wp-content\/uploads\/2024\/08\/Porsche-917K-1970-ex-Steve-McQueen-3.jpg","width":1024,"height":683},{"@type":"BreadcrumbList","@id":"https:\/\/news.canadamotorjobs.com\/fr\/la-porsche-917k-pilotee-par-steve-mcqueen-dans-le-mans-est-a-vendre\/#breadcrumb","itemListElement":[{"@type":"ListItem","position":1,"name":"Home","item":"https:\/\/news.canadamotorjobs.com\/fr\/blog\/"},{"@type":"ListItem","position":2,"name":"La Porsche 917K pilot\u00e9e par Steve McQueen dans \u00ab\u00a0Le Mans\u00a0\u00bb est \u00e0 vendre"}]},{"@type":"WebSite","@id":"https:\/\/news.canadamotorjobs.com\/#website","url":"https:\/\/news.canadamotorjobs.com\/","name":"CanadaMotorJobs.com","description":"Automotive Jobs","publisher":{"@id":"https:\/\/news.canadamotorjobs.com\/#organization"},"potentialAction":[{"@type":"SearchAction","target":{"@type":"EntryPoint","urlTemplate":"https:\/\/news.canadamotorjobs.com\/?s={search_term_string}"},"query-input":"required name=search_term_string"}],"inLanguage":"fr-CA"},{"@type":"Organization","@id":"https:\/\/news.canadamotorjobs.com\/#organization","name":"Canada Motor Jobs","url":"https:\/\/news.canadamotorjobs.com\/","logo":{"@type":"ImageObject","inLanguage":"fr-CA","@id":"https:\/\/news.canadamotorjobs.com\/#\/schema\/logo\/image\/","url":"https:\/\/news.canadamotorjobs.com\/wp-content\/uploads\/2022\/10\/logo-canada-motor-jobs-1.png","contentUrl":"https:\/\/news.canadamotorjobs.com\/wp-content\/uploads\/2022\/10\/logo-canada-motor-jobs-1.png","width":800,"height":400,"caption":"Canada Motor Jobs"},"image":{"@id":"https:\/\/news.canadamotorjobs.com\/#\/schema\/logo\/image\/"},"sameAs":["https:\/\/www.facebook.com\/canadamotorjobs\/","https:\/\/x.com\/canadamotorjobs","https:\/\/www.instagram.com\/canadamotorjobs\/","https:\/\/www.linkedin.com\/company\/canadamotorjobs"]},{"@type":"Person","@id":"https:\/\/news.canadamotorjobs.com\/#\/schema\/person\/51793d1f87d44011d7bcc2ed99269a90","name":"Benoit Charette","image":{"@type":"ImageObject","inLanguage":"fr-CA","@id":"https:\/\/news.canadamotorjobs.com\/#\/schema\/person\/image\/","url":"https:\/\/secure.gravatar.com\/avatar\/45f3d2eebcccd909668d7ce7ea7267b6?s=96&d=mm&r=g","contentUrl":"https:\/\/secure.gravatar.com\/avatar\/45f3d2eebcccd909668d7ce7ea7267b6?s=96&d=mm&r=g","caption":"Benoit Charette"},"description":"Benoit Charette \/ Propri\u00e9taire et r\u00e9dacteur en chef Benoit Charette pratique le journalisme automobile depuis bient\u00f4t 30 ans. Il a fait ses classes au c\u00f4t\u00e9 de Daniel H\u00e9raud et au Carnet de route de 1992 \u00e0 2001. Il est fondateur, copropri\u00e9taire et r\u00e9dacteur en chef de L\u2019Annuel de l\u2019automobile, qu\u2019il publie depuis 2001. Il a anim\u00e9 les \u00e9missions RPM et RPM+ sur V et les L\u00e9gendes de la route sur Historia. \u00c0 la radio depuis 1986, il reprend l\u2019antenne cette ann\u00e9e sur les ondes de Cogeco et participe pour la deuxi\u00e8me ann\u00e9e \u00e0 l\u2019\u00e9mission Passion Auto sur RDS en plus de mettre en ligne le site Web officiel de L\u2019Annuel de l\u2019automobile sur annuelauto.ca.","sameAs":["https:\/\/annuelauto.ca\/"],"url":"https:\/\/news.canadamotorjobs.com\/fr\/author\/benoit-charette\/"}]}},"_links":{"self":[{"href":"https:\/\/news.canadamotorjobs.com\/fr\/wp-json\/wp\/v2\/posts\/170838"}],"collection":[{"href":"https:\/\/news.canadamotorjobs.com\/fr\/wp-json\/wp\/v2\/posts"}],"about":[{"href":"https:\/\/news.canadamotorjobs.com\/fr\/wp-json\/wp\/v2\/types\/post"}],"author":[{"embeddable":true,"href":"https:\/\/news.canadamotorjobs.com\/fr\/wp-json\/wp\/v2\/users\/8"}],"replies":[{"embeddable":true,"href":"https:\/\/news.canadamotorjobs.com\/fr\/wp-json\/wp\/v2\/comments?post=170838"}],"version-history":[{"count":2,"href":"https:\/\/news.canadamotorjobs.com\/fr\/wp-json\/wp\/v2\/posts\/170838\/revisions"}],"predecessor-version":[{"id":170842,"href":"https:\/\/news.canadamotorjobs.com\/fr\/wp-json\/wp\/v2\/posts\/170838\/revisions\/170842"}],"wp:featuredmedia":[{"embeddable":true,"href":"https:\/\/news.canadamotorjobs.com\/fr\/wp-json\/wp\/v2\/media\/170840"}],"wp:attachment":[{"href":"https:\/\/news.canadamotorjobs.com\/fr\/wp-json\/wp\/v2\/media?parent=170838"}],"wp:term":[{"taxonomy":"category","embeddable":true,"href":"https:\/\/news.canadamotorjobs.com\/fr\/wp-json\/wp\/v2\/categories?post=170838"},{"taxonomy":"post_tag","embeddable":true,"href":"https:\/\/news.canadamotorjobs.com\/fr\/wp-json\/wp\/v2\/tags?post=170838"}],"curies":[{"name":"wp","href":"https:\/\/api.w.org\/{rel}","templated":true}]}}