{"id":170812,"date":"2024-08-16T12:21:21","date_gmt":"2024-08-16T16:21:21","guid":{"rendered":"https:\/\/news.canadamotorjobs.com\/?p=170812"},"modified":"2024-08-16T12:43:44","modified_gmt":"2024-08-16T16:43:44","slug":"zeekr-pretend-avoir-la-batterie-qui-se-recharge-le-plus-vite-au-monde","status":"publish","type":"post","link":"https:\/\/news.canadamotorjobs.com\/fr\/zeekr-pretend-avoir-la-batterie-qui-se-recharge-le-plus-vite-au-monde\/","title":{"rendered":"Zeekr pr\u00e9tend avoir la batterie qui se recharge le plus vite au monde"},"content":{"rendered":"<\/p>\n<p>Le constructeur chinois <a href=\"https:\/\/annuelauto.ca\/volvo-pourrait-offrir-une-fourgonnette-electrique-en-2023\/\" target=\"_blank\" rel=\"noopener noreferrer\">Zeekr<\/a> a un nouvel argument pour accro\u00eetre l\u2019attrait des v\u00e9hicules \u00e9lectriques. Il pr\u00e9tend d\u00e9sormais disposer de la batterie qui se recharge le plus vite au monde. Dans un communiqu\u00e9 publi\u00e9 le 13\u00a0ao\u00fbt, on apprend qu\u2019un nouveau syst\u00e8me de gestion permet \u00e0 sa batterie au lithium-fer-phosphate (LFP) d\u2019avoir un taux de charge ultrarapide de 5,5C permettant de la recharger de 10 \u00e0 80\u00a0% en tout juste 10,5\u00a0minutes.<\/p>\n<p>La berline Zeekr\u00a0007\u00a02025 sera, par ailleurs, le premier mod\u00e8le de sa gamme \u00e0 b\u00e9n\u00e9ficier de cette nouvelle technologie et les livraisons de ce mod\u00e8le, appel\u00e9 Luxury\u00a0Sedan en Chine, commencent la semaine prochaine.<\/p>\n<p>Selon Zeekr, m\u00eame les basses temp\u00e9ratures n\u2019affecteront pas autant la batterie de 75\u00a0kWh de son mod\u00e8le\u00a0007. On affirme, en effet, qu\u2019\u00e0 une temp\u00e9rature aussi basse que -10\u00a0degr\u00e9s Celsius, elle pourra \u00eatre recharg\u00e9e de 10 et 80\u00a0% en 30\u00a0minutes.<\/p>\n<p>Il faut pr\u00e9ciser que ces performances ont \u00e9t\u00e9 r\u00e9alis\u00e9es \u00e0 l\u2019aide des bornes de recharge ultrarapides Zeekr\u00a0V3. \u00c0 l\u2019instar de plusieurs autres grandes marques, Zeekr a cr\u00e9\u00e9 son propre r\u00e9seau de bornes de recharge en Chine. Ses 500\u00a0stations comptent actuellement plus de 2\u00a0700\u00a0bornes de 800\u00a0v. En 2024, Zeekr compte doubler le nombre de bornes et, d\u2019ici 2026, le constructeur pr\u00e9tend qu\u2019il en aura plus de 10\u00a0000.<\/p>\n<h3><strong>L\u2019indice C, un facteur qui distingue les V\u00c9<\/strong><\/h3>\n<p>\nL\u2019annonce de Zeekr rappelle celle faite en janvier\u00a02021 par GAC, une marque rivale. Ce constructeur faisait alors miroiter la rapidit\u00e9 de recharge de sa nouvelle borne A480 de 600\u00a0A capable de livrer 480\u00a0kW \u00e0 1\u00a0000\u00a0v. Elle devait permettre de recharger la batterie de son utilitaire \u00e9lectrique Aion\u00a0V \u00e0 80\u00a0% en 8\u00a0minutes avec un taux de charge de 6C.<\/p>\n<p>L\u2019indice 6C fait r\u00e9f\u00e9rence au taux de charge et de d\u00e9charge de la batterie par rapport \u00e0 sa capacit\u00e9. Selon le <em>Grand dictionnaire terminologique<\/em>, c\u2019est la \u00ab\u00a0mesure de l&#8217;intensit\u00e9 du courant de recharge, exprim\u00e9e comme un rapport entre la capacit\u00e9 nominale et le temps n\u00e9cessaire pour charger compl\u00e8tement un syst\u00e8me de stockage d\u2019\u00e9nergie\u00a0\u00bb. Les anglophones appellent cet indice <em>C-Rate<\/em>, pour <em>capacity rate<\/em>.<\/p>\n<p>Cet indice indique, en quelque sorte, \u00e0 quel rythme une batterie peut \u00eatre recharg\u00e9e. Avec une borne donn\u00e9e, l\u2019indice 5,5C de la Zeekr 007 2025 sugg\u00e8re que sa batterie de 75\u00a0kWh pourrait \u00eatre recharg\u00e9e relativement plus vite que la batterie de 82\u00a0kWh d\u2019un Tesla Mod\u00e8le\u00a0Y, qui a un indice maximal de 3,05C selon le site <em>EVKX.net<\/em>, et peut-\u00eatre plus encore que celle de 66\u00a0kWh d\u2019un Nissan Ariya, dont l\u2019indice maximal est 1,76C.<\/p>\n<p>Rappelons que Zeekr est une marque de <a href=\"https:\/\/annuelauto.ca\/izera-les-ve-polonais-qui-auront-un-coeur-chinois\/\" target=\"_blank\" rel=\"noopener noreferrer\">Geely<\/a>, un conglom\u00e9rat r\u00e9unissant pr\u00e8s de 20 marques chinoises et d\u2019autres pays, incluant Volvo, Polestar et Lotus. Fond\u00e9e de mars 2021, Zeekr ne produit que des v\u00e9hicules \u00e9lectriques. Elle en a livr\u00e9 plus de 300\u00a0000 depuis sa cr\u00e9ation.<\/p>\n<p><em>Photos : Zeekr<\/em><\/p>\n<p>Le texte <a rel=\"nofollow\" href=\"https:\/\/annuelauto.ca\/zeekr-pretend-avoir-la-batterie-qui-se-recharge-le-plus-vite-au-monde\/\">Zeekr pr\u00e9tend avoir la batterie qui se recharge le plus vite au monde<\/a> provient de <a rel=\"nofollow\" href=\"https:\/\/annuelauto.ca\">L&#8217;annuel de l&#8217;automobile &#8211; Actualit\u00e9 automobile<\/a><\/p>\n<p><\/p>\n","protected":false},"excerpt":{"rendered":"<p>Le constructeur chinois Zeekr a un nouvel argument pour accro\u00eetre l\u2019attrait des v\u00e9hicules \u00e9lectriques. Il pr\u00e9tend d\u00e9sormais disposer de la batterie qui se recharge le plus vite au monde. Dans un communiqu\u00e9 publi\u00e9 le 13\u00a0ao\u00fbt, on apprend qu\u2019un nouveau syst\u00e8me de gestion permet \u00e0 sa batterie au lithium-fer-phosphate (LFP) d\u2019avoir un taux de charge ultrarapide [&hellip;]<\/p>\n","protected":false},"author":8,"featured_media":170814,"comment_status":"close","ping_status":"closed","sticky":false,"template":"","format":"standard","meta":{"_monsterinsights_skip_tracking":false,"_monsterinsights_sitenote_active":false,"_monsterinsights_sitenote_note":"","_monsterinsights_sitenote_category":0,"footnotes":""},"categories":[101],"tags":[],"yoast_head":"<!-- This site is optimized with the Yoast SEO plugin v23.2 - https:\/\/yoast.com\/wordpress\/plugins\/seo\/ -->\n<title>Zeekr pr\u00e9tend avoir la batterie qui se recharge le plus vite au monde - CanadaMotorJobs.com<\/title>\n<meta name=\"description\" content=\"Zeekr pr\u00e9tend avoir la batterie qui se recharge le plus vite au monde - Benoit Charette - Annuel automobile - CanadaMotorJobs.com.\" \/>\n<meta name=\"robots\" content=\"index, follow, max-snippet:-1, max-image-preview:large, max-video-preview:-1\" \/>\n<meta property=\"og:locale\" content=\"fr_CA\" \/>\n<meta property=\"og:type\" content=\"article\" \/>\n<meta property=\"og:title\" content=\"Zeekr pr\u00e9tend avoir la batterie qui se recharge le plus vite au monde - CanadaMotorJobs.com\" \/>\n<meta property=\"og:description\" content=\"Zeekr pr\u00e9tend avoir la batterie qui se recharge le plus vite au monde - Benoit Charette - Annuel automobile - CanadaMotorJobs.com.\" \/>\n<meta property=\"og:url\" content=\"https:\/\/news.canadamotorjobs.com\/fr\/zeekr-pretend-avoir-la-batterie-qui-se-recharge-le-plus-vite-au-monde\/\" \/>\n<meta property=\"og:site_name\" content=\"CanadaMotorJobs.com\" \/>\n<meta property=\"article:publisher\" content=\"https:\/\/www.facebook.com\/canadamotorjobs\/\" \/>\n<meta property=\"article:published_time\" content=\"2024-08-16T16:21:21+00:00\" \/>\n<meta property=\"article:modified_time\" content=\"2024-08-16T16:43:44+00:00\" \/>\n<meta property=\"og:image\" content=\"https:\/\/news.canadamotorjobs.com\/wp-content\/uploads\/2024\/08\/Zeekr-007-2025-1.jpg\" \/>\n\t<meta property=\"og:image:width\" content=\"1024\" \/>\n\t<meta property=\"og:image:height\" content=\"683\" \/>\n\t<meta property=\"og:image:type\" content=\"image\/jpeg\" \/>\n<meta name=\"author\" content=\"Benoit Charette\" \/>\n<meta name=\"twitter:card\" content=\"summary_large_image\" \/>\n<meta name=\"twitter:creator\" content=\"@canadamotorjobs\" \/>\n<meta name=\"twitter:site\" content=\"@canadamotorjobs\" \/>\n<meta name=\"twitter:label1\" content=\"\u00c9crit par\" \/>\n\t<meta name=\"twitter:data1\" content=\"Benoit Charette\" \/>\n\t<meta name=\"twitter:label2\" content=\"Estimation du temps de lecture\" \/>\n\t<meta name=\"twitter:data2\" content=\"3 minutes\" \/>\n<!-- \/ Yoast SEO plugin. -->","yoast_head_json":{"title":"Zeekr pr\u00e9tend avoir la batterie qui se recharge le plus vite au monde - CanadaMotorJobs.com","description":"Zeekr pr\u00e9tend avoir la batterie qui se recharge le plus vite au monde - Benoit Charette - Annuel automobile - CanadaMotorJobs.com.","robots":{"index":"index","follow":"follow","max-snippet":"max-snippet:-1","max-image-preview":"max-image-preview:large","max-video-preview":"max-video-preview:-1"},"og_locale":"fr_CA","og_type":"article","og_title":"Zeekr pr\u00e9tend avoir la batterie qui se recharge le plus vite au monde - CanadaMotorJobs.com","og_description":"Zeekr pr\u00e9tend avoir la batterie qui se recharge le plus vite au monde - Benoit Charette - Annuel automobile - CanadaMotorJobs.com.","og_url":"https:\/\/news.canadamotorjobs.com\/fr\/zeekr-pretend-avoir-la-batterie-qui-se-recharge-le-plus-vite-au-monde\/","og_site_name":"CanadaMotorJobs.com","article_publisher":"https:\/\/www.facebook.com\/canadamotorjobs\/","article_published_time":"2024-08-16T16:21:21+00:00","article_modified_time":"2024-08-16T16:43:44+00:00","og_image":[{"width":1024,"height":683,"url":"https:\/\/news.canadamotorjobs.com\/wp-content\/uploads\/2024\/08\/Zeekr-007-2025-1.jpg","type":"image\/jpeg"}],"author":"Benoit Charette","twitter_card":"summary_large_image","twitter_creator":"@canadamotorjobs","twitter_site":"@canadamotorjobs","twitter_misc":{"\u00c9crit par":"Benoit Charette","Estimation du temps de lecture":"3 minutes"},"schema":{"@context":"https:\/\/schema.org","@graph":[{"@type":"Article","@id":"https:\/\/news.canadamotorjobs.com\/fr\/zeekr-pretend-avoir-la-batterie-qui-se-recharge-le-plus-vite-au-monde\/#article","isPartOf":{"@id":"https:\/\/news.canadamotorjobs.com\/fr\/zeekr-pretend-avoir-la-batterie-qui-se-recharge-le-plus-vite-au-monde\/"},"author":{"name":"Benoit Charette","@id":"https:\/\/news.canadamotorjobs.com\/#\/schema\/person\/51793d1f87d44011d7bcc2ed99269a90"},"headline":"Zeekr pr\u00e9tend avoir la batterie qui se recharge le plus vite au monde","datePublished":"2024-08-16T16:21:21+00:00","dateModified":"2024-08-16T16:43:44+00:00","mainEntityOfPage":{"@id":"https:\/\/news.canadamotorjobs.com\/fr\/zeekr-pretend-avoir-la-batterie-qui-se-recharge-le-plus-vite-au-monde\/"},"wordCount":535,"publisher":{"@id":"https:\/\/news.canadamotorjobs.com\/#organization"},"image":{"@id":"https:\/\/news.canadamotorjobs.com\/fr\/zeekr-pretend-avoir-la-batterie-qui-se-recharge-le-plus-vite-au-monde\/#primaryimage"},"thumbnailUrl":"https:\/\/news.canadamotorjobs.com\/wp-content\/uploads\/2024\/08\/Zeekr-007-2025-1.jpg","articleSection":["Annuel automobile"],"inLanguage":"fr-CA"},{"@type":"WebPage","@id":"https:\/\/news.canadamotorjobs.com\/fr\/zeekr-pretend-avoir-la-batterie-qui-se-recharge-le-plus-vite-au-monde\/","url":"https:\/\/news.canadamotorjobs.com\/fr\/zeekr-pretend-avoir-la-batterie-qui-se-recharge-le-plus-vite-au-monde\/","name":"Zeekr pr\u00e9tend avoir la batterie qui se recharge le plus vite au monde - CanadaMotorJobs.com","isPartOf":{"@id":"https:\/\/news.canadamotorjobs.com\/#website"},"primaryImageOfPage":{"@id":"https:\/\/news.canadamotorjobs.com\/fr\/zeekr-pretend-avoir-la-batterie-qui-se-recharge-le-plus-vite-au-monde\/#primaryimage"},"image":{"@id":"https:\/\/news.canadamotorjobs.com\/fr\/zeekr-pretend-avoir-la-batterie-qui-se-recharge-le-plus-vite-au-monde\/#primaryimage"},"thumbnailUrl":"https:\/\/news.canadamotorjobs.com\/wp-content\/uploads\/2024\/08\/Zeekr-007-2025-1.jpg","datePublished":"2024-08-16T16:21:21+00:00","dateModified":"2024-08-16T16:43:44+00:00","description":"Zeekr pr\u00e9tend avoir la batterie qui se recharge le plus vite au monde - Benoit Charette - Annuel automobile - CanadaMotorJobs.com.","breadcrumb":{"@id":"https:\/\/news.canadamotorjobs.com\/fr\/zeekr-pretend-avoir-la-batterie-qui-se-recharge-le-plus-vite-au-monde\/#breadcrumb"},"inLanguage":"fr-CA","potentialAction":[{"@type":"ReadAction","target":["https:\/\/news.canadamotorjobs.com\/fr\/zeekr-pretend-avoir-la-batterie-qui-se-recharge-le-plus-vite-au-monde\/"]}]},{"@type":"ImageObject","inLanguage":"fr-CA","@id":"https:\/\/news.canadamotorjobs.com\/fr\/zeekr-pretend-avoir-la-batterie-qui-se-recharge-le-plus-vite-au-monde\/#primaryimage","url":"https:\/\/news.canadamotorjobs.com\/wp-content\/uploads\/2024\/08\/Zeekr-007-2025-1.jpg","contentUrl":"https:\/\/news.canadamotorjobs.com\/wp-content\/uploads\/2024\/08\/Zeekr-007-2025-1.jpg","width":1024,"height":683},{"@type":"BreadcrumbList","@id":"https:\/\/news.canadamotorjobs.com\/fr\/zeekr-pretend-avoir-la-batterie-qui-se-recharge-le-plus-vite-au-monde\/#breadcrumb","itemListElement":[{"@type":"ListItem","position":1,"name":"Home","item":"https:\/\/news.canadamotorjobs.com\/fr\/blog\/"},{"@type":"ListItem","position":2,"name":"Zeekr pr\u00e9tend avoir la batterie qui se recharge le plus vite au monde"}]},{"@type":"WebSite","@id":"https:\/\/news.canadamotorjobs.com\/#website","url":"https:\/\/news.canadamotorjobs.com\/","name":"CanadaMotorJobs.com","description":"Automotive Jobs","publisher":{"@id":"https:\/\/news.canadamotorjobs.com\/#organization"},"potentialAction":[{"@type":"SearchAction","target":{"@type":"EntryPoint","urlTemplate":"https:\/\/news.canadamotorjobs.com\/?s={search_term_string}"},"query-input":"required name=search_term_string"}],"inLanguage":"fr-CA"},{"@type":"Organization","@id":"https:\/\/news.canadamotorjobs.com\/#organization","name":"Canada Motor Jobs","url":"https:\/\/news.canadamotorjobs.com\/","logo":{"@type":"ImageObject","inLanguage":"fr-CA","@id":"https:\/\/news.canadamotorjobs.com\/#\/schema\/logo\/image\/","url":"https:\/\/news.canadamotorjobs.com\/wp-content\/uploads\/2022\/10\/logo-canada-motor-jobs-1.png","contentUrl":"https:\/\/news.canadamotorjobs.com\/wp-content\/uploads\/2022\/10\/logo-canada-motor-jobs-1.png","width":800,"height":400,"caption":"Canada Motor Jobs"},"image":{"@id":"https:\/\/news.canadamotorjobs.com\/#\/schema\/logo\/image\/"},"sameAs":["https:\/\/www.facebook.com\/canadamotorjobs\/","https:\/\/x.com\/canadamotorjobs","https:\/\/www.instagram.com\/canadamotorjobs\/","https:\/\/www.linkedin.com\/company\/canadamotorjobs"]},{"@type":"Person","@id":"https:\/\/news.canadamotorjobs.com\/#\/schema\/person\/51793d1f87d44011d7bcc2ed99269a90","name":"Benoit Charette","image":{"@type":"ImageObject","inLanguage":"fr-CA","@id":"https:\/\/news.canadamotorjobs.com\/#\/schema\/person\/image\/","url":"https:\/\/secure.gravatar.com\/avatar\/45f3d2eebcccd909668d7ce7ea7267b6?s=96&d=mm&r=g","contentUrl":"https:\/\/secure.gravatar.com\/avatar\/45f3d2eebcccd909668d7ce7ea7267b6?s=96&d=mm&r=g","caption":"Benoit Charette"},"description":"Benoit Charette \/ Propri\u00e9taire et r\u00e9dacteur en chef Benoit Charette pratique le journalisme automobile depuis bient\u00f4t 30 ans. Il a fait ses classes au c\u00f4t\u00e9 de Daniel H\u00e9raud et au Carnet de route de 1992 \u00e0 2001. Il est fondateur, copropri\u00e9taire et r\u00e9dacteur en chef de L\u2019Annuel de l\u2019automobile, qu\u2019il publie depuis 2001. Il a anim\u00e9 les \u00e9missions RPM et RPM+ sur V et les L\u00e9gendes de la route sur Historia. \u00c0 la radio depuis 1986, il reprend l\u2019antenne cette ann\u00e9e sur les ondes de Cogeco et participe pour la deuxi\u00e8me ann\u00e9e \u00e0 l\u2019\u00e9mission Passion Auto sur RDS en plus de mettre en ligne le site Web officiel de L\u2019Annuel de l\u2019automobile sur annuelauto.ca.","sameAs":["https:\/\/annuelauto.ca\/"],"url":"https:\/\/news.canadamotorjobs.com\/fr\/author\/benoit-charette\/"}]}},"_links":{"self":[{"href":"https:\/\/news.canadamotorjobs.com\/fr\/wp-json\/wp\/v2\/posts\/170812"}],"collection":[{"href":"https:\/\/news.canadamotorjobs.com\/fr\/wp-json\/wp\/v2\/posts"}],"about":[{"href":"https:\/\/news.canadamotorjobs.com\/fr\/wp-json\/wp\/v2\/types\/post"}],"author":[{"embeddable":true,"href":"https:\/\/news.canadamotorjobs.com\/fr\/wp-json\/wp\/v2\/users\/8"}],"replies":[{"embeddable":true,"href":"https:\/\/news.canadamotorjobs.com\/fr\/wp-json\/wp\/v2\/comments?post=170812"}],"version-history":[{"count":2,"href":"https:\/\/news.canadamotorjobs.com\/fr\/wp-json\/wp\/v2\/posts\/170812\/revisions"}],"predecessor-version":[{"id":170816,"href":"https:\/\/news.canadamotorjobs.com\/fr\/wp-json\/wp\/v2\/posts\/170812\/revisions\/170816"}],"wp:featuredmedia":[{"embeddable":true,"href":"https:\/\/news.canadamotorjobs.com\/fr\/wp-json\/wp\/v2\/media\/170814"}],"wp:attachment":[{"href":"https:\/\/news.canadamotorjobs.com\/fr\/wp-json\/wp\/v2\/media?parent=170812"}],"wp:term":[{"taxonomy":"category","embeddable":true,"href":"https:\/\/news.canadamotorjobs.com\/fr\/wp-json\/wp\/v2\/categories?post=170812"},{"taxonomy":"post_tag","embeddable":true,"href":"https:\/\/news.canadamotorjobs.com\/fr\/wp-json\/wp\/v2\/tags?post=170812"}],"curies":[{"name":"wp","href":"https:\/\/api.w.org\/{rel}","templated":true}]}}