{"id":170770,"date":"2024-08-16T08:59:42","date_gmt":"2024-08-16T12:59:42","guid":{"rendered":"https:\/\/news.canadamotorjobs.com\/?p=170770"},"modified":"2024-08-16T09:13:56","modified_gmt":"2024-08-16T13:13:56","slug":"porsche-celebre-les-50-ans-de-la-911-turbo-avec-un-modele-anniversaire","status":"publish","type":"post","link":"https:\/\/news.canadamotorjobs.com\/fr\/porsche-celebre-les-50-ans-de-la-911-turbo-avec-un-modele-anniversaire\/","title":{"rendered":"Porsche c\u00e9l\u00e8bre les 50 ans de la 911 Turbo avec un mod\u00e8le anniversaire"},"content":{"rendered":"<\/p>\n<p>Pour marquer le 50e anniversaire de la l\u00e9gendaire 911 Turbo, Porsche d\u00e9voile une\u00a0<strong> 911 Turbo 50 Years.<\/strong> Cette \u00e9dition limit\u00e9e combine performances exceptionnelles, mat\u00e9riaux de haute qualit\u00e9 et design exclusif, en hommage aux premiers mod\u00e8les de la 911 Turbo.<\/p>\n<h3>Un mod\u00e8le anniversaire unique, inspir\u00e9 de la Turbo originale<\/h3>\n<p>\nLanc\u00e9e en 1974, la Porsche 911 Turbo type 930 a red\u00e9fini les standards de l&#8217;industrie automobile. Le mod\u00e8le anniversaire <strong>911 Turbo 50 Years<\/strong>, bas\u00e9 sur la 911 Turbo S de derni\u00e8re g\u00e9n\u00e9ration, c\u00e9l\u00e8bre cet h\u00e9ritage avec des r\u00e9f\u00e9rences stylistiques pr\u00e9cises. Les \u00e9l\u00e9ments graphiques lat\u00e9raux rappellent la Porsche 911 RSR Turbo de 1973, tandis que le <strong>Turbonite<\/strong>, une finition unique, orne plusieurs parties du v\u00e9hicule, du bouchon du r\u00e9servoir \u00e0 l\u2019\u00e9cusson Porsche.<\/p>\n<h3>Un int\u00e9rieur nostalgique, hommage aux ann\u00e9es 1970<\/h3>\n<p>\nL\u2019int\u00e9rieur de la <strong>911 Turbo 50 Years<\/strong> est un clin d\u2019\u0153il raffin\u00e9 aux premiers mod\u00e8les. Le tartan McKenzie, embl\u00e8me des ann\u00e9es 70, habille les si\u00e8ges et les panneaux de porte. Des finitions en <strong>Turbonite\u00a0<\/strong> apportent une touche moderne, s\u2019\u00e9tendant aux ceintures de s\u00e9curit\u00e9 et aux piq\u00fbres d\u00e9coratives. Le logo <strong>Turbo 50<\/strong> est subtilement int\u00e9gr\u00e9 sur les plaques de seuil et les appuie-t\u00eates, soulignant l\u2019exclusivit\u00e9 de ce mod\u00e8le.<\/p>\n<h3>L\u2019ensemble Heritage Design, une touche d\u2019histoire suppl\u00e9mentaire<\/h3>\n<p>\nDisponible en option, l\u2019ensemble <strong>Heritage Design 50 Years of Turbo<\/strong> compl\u00e8te l\u2019esth\u00e9tique r\u00e9tro de la 911 Turbo 50 Years. Ce pack inclut une teinte verte aventurine m\u00e9tallis\u00e9e et des \u00e9l\u00e9ments d\u00e9coratifs comme des graphiques satin\u00e9s en blanc, des logos dor\u00e9s et des finitions en cuir tartan \u00e0 l\u2019int\u00e9rieur. L\u2019\u00e9cusson Porsche historique de 1964 est fi\u00e8rement affich\u00e9 sur le capot avant et les chapeaux de roues.<\/p>\n<h3>Performances et innovations \u00e0 la hauteur de la l\u00e9gende<\/h3>\n<p>\nSous le capot, la <strong>Porsche 911 Turbo 50 Years<\/strong> cache un moteur Boxer de 3,7 litres, d\u00e9livrant 640 chevaux pour un couple de 590 lb-pi. Coupl\u00e9 \u00e0 une bo\u00eete PDK \u00e0 8 vitesses et un syst\u00e8me de transmission int\u00e9grale, ce moteur propulse la voiture de 0 \u00e0 100 km\/h en seulement 2,7 secondes. Les technologies de pointe comme le <strong>Porsche Traction Management (PTM)<\/strong> et le <strong>Porsche Active Suspension Management (PASM)<\/strong> assurent une tenue de route et une agilit\u00e9 exceptionnelles.<\/p>\n<h3>Un chronographe exclusif pour une voiture intemporelle<\/h3>\n<p>\nEn parall\u00e8le de ce mod\u00e8le, <strong>Porsche Design Timepieces<\/strong> propose un chronographe d\u00e9di\u00e9 aux propri\u00e9taires de la 911 Turbo 50 Years. Limit\u00e9e \u00e0 1 974 exemplaires, cette montre int\u00e8gre un mouvement certifi\u00e9 par le Contr\u00f4le officiel suisse des chronom\u00e8tres, reprenant les codes esth\u00e9tiques de la voiture avec un cadran en <strong>Turbonite<\/strong> et un bracelet en cuir assorti.<\/p>\n<h3>Commandes ouvertes pour un mod\u00e8le de collection<\/h3>\n<p>\nLa <strong>Porsche 911 Turbo 50 Years<\/strong> est d\u00e9sormais disponible \u00e0 la commande au prix de d\u00e9part de 291 700$, avec des livraisons pr\u00e9vues pour d\u00e9but 2025. Limit\u00e9 \u00e0 1 974 unit\u00e9s, ce mod\u00e8le anniversaire est destin\u00e9 \u00e0 devenir un objet de collection pour les amateurs de la marque et les passionn\u00e9s d&#8217;automobiles de prestige.<\/p>\n<p>Source: Porsche<\/p>\n<p>Le texte <a rel=\"nofollow\" href=\"https:\/\/annuelauto.ca\/porsche-celebre-les-50-ans-de-la-911-turbo-avec-un-modele-anniversaire\/\">Porsche c\u00e9l\u00e8bre les 50 ans de la 911 Turbo avec un mod\u00e8le anniversaire<\/a> provient de <a rel=\"nofollow\" href=\"https:\/\/annuelauto.ca\">L&#8217;annuel de l&#8217;automobile &#8211; Actualit\u00e9 automobile<\/a><\/p>\n<p><\/p>\n","protected":false},"excerpt":{"rendered":"<p>Pour marquer le 50e anniversaire de la l\u00e9gendaire 911 Turbo, Porsche d\u00e9voile une\u00a0 911 Turbo 50 Years. Cette \u00e9dition limit\u00e9e combine performances exceptionnelles, mat\u00e9riaux de haute qualit\u00e9 et design exclusif, en hommage aux premiers mod\u00e8les de la 911 Turbo. Un mod\u00e8le anniversaire unique, inspir\u00e9 de la Turbo originale Lanc\u00e9e en 1974, la Porsche 911 Turbo [&hellip;]<\/p>\n","protected":false},"author":8,"featured_media":170772,"comment_status":"close","ping_status":"closed","sticky":false,"template":"","format":"standard","meta":{"_monsterinsights_skip_tracking":false,"_monsterinsights_sitenote_active":false,"_monsterinsights_sitenote_note":"","_monsterinsights_sitenote_category":0,"footnotes":""},"categories":[101],"tags":[],"yoast_head":"<!-- This site is optimized with the Yoast SEO plugin v23.2 - https:\/\/yoast.com\/wordpress\/plugins\/seo\/ -->\n<title>Porsche c\u00e9l\u00e8bre les 50 ans de la 911 Turbo avec un mod\u00e8le anniversaire - CanadaMotorJobs.com<\/title>\n<meta name=\"description\" content=\"Porsche c\u00e9l\u00e8bre les 50 ans de la 911 Turbo avec un mod\u00e8le anniversaire - Benoit Charette - Annuel automobile - CanadaMotorJobs.com.\" \/>\n<meta name=\"robots\" content=\"index, follow, max-snippet:-1, max-image-preview:large, max-video-preview:-1\" \/>\n<meta property=\"og:locale\" content=\"fr_CA\" \/>\n<meta property=\"og:type\" content=\"article\" \/>\n<meta property=\"og:title\" content=\"Porsche c\u00e9l\u00e8bre les 50 ans de la 911 Turbo avec un mod\u00e8le anniversaire - CanadaMotorJobs.com\" \/>\n<meta property=\"og:description\" content=\"Porsche c\u00e9l\u00e8bre les 50 ans de la 911 Turbo avec un mod\u00e8le anniversaire - Benoit Charette - Annuel automobile - CanadaMotorJobs.com.\" \/>\n<meta property=\"og:url\" content=\"https:\/\/news.canadamotorjobs.com\/fr\/porsche-celebre-les-50-ans-de-la-911-turbo-avec-un-modele-anniversaire\/\" \/>\n<meta property=\"og:site_name\" content=\"CanadaMotorJobs.com\" \/>\n<meta property=\"article:publisher\" content=\"https:\/\/www.facebook.com\/canadamotorjobs\/\" \/>\n<meta property=\"article:published_time\" content=\"2024-08-16T12:59:42+00:00\" \/>\n<meta property=\"article:modified_time\" content=\"2024-08-16T13:13:56+00:00\" \/>\n<meta property=\"og:image\" content=\"https:\/\/news.canadamotorjobs.com\/wp-content\/uploads\/2024\/08\/S24_2405.jpg\" \/>\n\t<meta property=\"og:image:width\" content=\"1000\" \/>\n\t<meta property=\"og:image:height\" content=\"750\" \/>\n\t<meta property=\"og:image:type\" content=\"image\/jpeg\" \/>\n<meta name=\"author\" content=\"Benoit Charette\" \/>\n<meta name=\"twitter:card\" content=\"summary_large_image\" \/>\n<meta name=\"twitter:creator\" content=\"@canadamotorjobs\" \/>\n<meta name=\"twitter:site\" content=\"@canadamotorjobs\" \/>\n<meta name=\"twitter:label1\" content=\"\u00c9crit par\" \/>\n\t<meta name=\"twitter:data1\" content=\"Benoit Charette\" \/>\n\t<meta name=\"twitter:label2\" content=\"Estimation du temps de lecture\" \/>\n\t<meta name=\"twitter:data2\" content=\"3 minutes\" \/>\n<!-- \/ Yoast SEO plugin. -->","yoast_head_json":{"title":"Porsche c\u00e9l\u00e8bre les 50 ans de la 911 Turbo avec un mod\u00e8le anniversaire - CanadaMotorJobs.com","description":"Porsche c\u00e9l\u00e8bre les 50 ans de la 911 Turbo avec un mod\u00e8le anniversaire - Benoit Charette - Annuel automobile - CanadaMotorJobs.com.","robots":{"index":"index","follow":"follow","max-snippet":"max-snippet:-1","max-image-preview":"max-image-preview:large","max-video-preview":"max-video-preview:-1"},"og_locale":"fr_CA","og_type":"article","og_title":"Porsche c\u00e9l\u00e8bre les 50 ans de la 911 Turbo avec un mod\u00e8le anniversaire - CanadaMotorJobs.com","og_description":"Porsche c\u00e9l\u00e8bre les 50 ans de la 911 Turbo avec un mod\u00e8le anniversaire - Benoit Charette - Annuel automobile - CanadaMotorJobs.com.","og_url":"https:\/\/news.canadamotorjobs.com\/fr\/porsche-celebre-les-50-ans-de-la-911-turbo-avec-un-modele-anniversaire\/","og_site_name":"CanadaMotorJobs.com","article_publisher":"https:\/\/www.facebook.com\/canadamotorjobs\/","article_published_time":"2024-08-16T12:59:42+00:00","article_modified_time":"2024-08-16T13:13:56+00:00","og_image":[{"width":1000,"height":750,"url":"https:\/\/news.canadamotorjobs.com\/wp-content\/uploads\/2024\/08\/S24_2405.jpg","type":"image\/jpeg"}],"author":"Benoit Charette","twitter_card":"summary_large_image","twitter_creator":"@canadamotorjobs","twitter_site":"@canadamotorjobs","twitter_misc":{"\u00c9crit par":"Benoit Charette","Estimation du temps de lecture":"3 minutes"},"schema":{"@context":"https:\/\/schema.org","@graph":[{"@type":"Article","@id":"https:\/\/news.canadamotorjobs.com\/fr\/porsche-celebre-les-50-ans-de-la-911-turbo-avec-un-modele-anniversaire\/#article","isPartOf":{"@id":"https:\/\/news.canadamotorjobs.com\/fr\/porsche-celebre-les-50-ans-de-la-911-turbo-avec-un-modele-anniversaire\/"},"author":{"name":"Benoit Charette","@id":"https:\/\/news.canadamotorjobs.com\/#\/schema\/person\/51793d1f87d44011d7bcc2ed99269a90"},"headline":"Porsche c\u00e9l\u00e8bre les 50 ans de la 911 Turbo avec un mod\u00e8le anniversaire","datePublished":"2024-08-16T12:59:42+00:00","dateModified":"2024-08-16T13:13:56+00:00","mainEntityOfPage":{"@id":"https:\/\/news.canadamotorjobs.com\/fr\/porsche-celebre-les-50-ans-de-la-911-turbo-avec-un-modele-anniversaire\/"},"wordCount":550,"publisher":{"@id":"https:\/\/news.canadamotorjobs.com\/#organization"},"image":{"@id":"https:\/\/news.canadamotorjobs.com\/fr\/porsche-celebre-les-50-ans-de-la-911-turbo-avec-un-modele-anniversaire\/#primaryimage"},"thumbnailUrl":"https:\/\/news.canadamotorjobs.com\/wp-content\/uploads\/2024\/08\/S24_2405.jpg","articleSection":["Annuel automobile"],"inLanguage":"fr-CA"},{"@type":"WebPage","@id":"https:\/\/news.canadamotorjobs.com\/fr\/porsche-celebre-les-50-ans-de-la-911-turbo-avec-un-modele-anniversaire\/","url":"https:\/\/news.canadamotorjobs.com\/fr\/porsche-celebre-les-50-ans-de-la-911-turbo-avec-un-modele-anniversaire\/","name":"Porsche c\u00e9l\u00e8bre les 50 ans de la 911 Turbo avec un mod\u00e8le anniversaire - CanadaMotorJobs.com","isPartOf":{"@id":"https:\/\/news.canadamotorjobs.com\/#website"},"primaryImageOfPage":{"@id":"https:\/\/news.canadamotorjobs.com\/fr\/porsche-celebre-les-50-ans-de-la-911-turbo-avec-un-modele-anniversaire\/#primaryimage"},"image":{"@id":"https:\/\/news.canadamotorjobs.com\/fr\/porsche-celebre-les-50-ans-de-la-911-turbo-avec-un-modele-anniversaire\/#primaryimage"},"thumbnailUrl":"https:\/\/news.canadamotorjobs.com\/wp-content\/uploads\/2024\/08\/S24_2405.jpg","datePublished":"2024-08-16T12:59:42+00:00","dateModified":"2024-08-16T13:13:56+00:00","description":"Porsche c\u00e9l\u00e8bre les 50 ans de la 911 Turbo avec un mod\u00e8le anniversaire - Benoit Charette - Annuel automobile - CanadaMotorJobs.com.","breadcrumb":{"@id":"https:\/\/news.canadamotorjobs.com\/fr\/porsche-celebre-les-50-ans-de-la-911-turbo-avec-un-modele-anniversaire\/#breadcrumb"},"inLanguage":"fr-CA","potentialAction":[{"@type":"ReadAction","target":["https:\/\/news.canadamotorjobs.com\/fr\/porsche-celebre-les-50-ans-de-la-911-turbo-avec-un-modele-anniversaire\/"]}]},{"@type":"ImageObject","inLanguage":"fr-CA","@id":"https:\/\/news.canadamotorjobs.com\/fr\/porsche-celebre-les-50-ans-de-la-911-turbo-avec-un-modele-anniversaire\/#primaryimage","url":"https:\/\/news.canadamotorjobs.com\/wp-content\/uploads\/2024\/08\/S24_2405.jpg","contentUrl":"https:\/\/news.canadamotorjobs.com\/wp-content\/uploads\/2024\/08\/S24_2405.jpg","width":1000,"height":750},{"@type":"BreadcrumbList","@id":"https:\/\/news.canadamotorjobs.com\/fr\/porsche-celebre-les-50-ans-de-la-911-turbo-avec-un-modele-anniversaire\/#breadcrumb","itemListElement":[{"@type":"ListItem","position":1,"name":"Home","item":"https:\/\/news.canadamotorjobs.com\/fr\/blog\/"},{"@type":"ListItem","position":2,"name":"Porsche c\u00e9l\u00e8bre les 50 ans de la 911 Turbo avec un mod\u00e8le anniversaire"}]},{"@type":"WebSite","@id":"https:\/\/news.canadamotorjobs.com\/#website","url":"https:\/\/news.canadamotorjobs.com\/","name":"CanadaMotorJobs.com","description":"Automotive Jobs","publisher":{"@id":"https:\/\/news.canadamotorjobs.com\/#organization"},"potentialAction":[{"@type":"SearchAction","target":{"@type":"EntryPoint","urlTemplate":"https:\/\/news.canadamotorjobs.com\/?s={search_term_string}"},"query-input":"required name=search_term_string"}],"inLanguage":"fr-CA"},{"@type":"Organization","@id":"https:\/\/news.canadamotorjobs.com\/#organization","name":"Canada Motor Jobs","url":"https:\/\/news.canadamotorjobs.com\/","logo":{"@type":"ImageObject","inLanguage":"fr-CA","@id":"https:\/\/news.canadamotorjobs.com\/#\/schema\/logo\/image\/","url":"https:\/\/news.canadamotorjobs.com\/wp-content\/uploads\/2022\/10\/logo-canada-motor-jobs-1.png","contentUrl":"https:\/\/news.canadamotorjobs.com\/wp-content\/uploads\/2022\/10\/logo-canada-motor-jobs-1.png","width":800,"height":400,"caption":"Canada Motor Jobs"},"image":{"@id":"https:\/\/news.canadamotorjobs.com\/#\/schema\/logo\/image\/"},"sameAs":["https:\/\/www.facebook.com\/canadamotorjobs\/","https:\/\/x.com\/canadamotorjobs","https:\/\/www.instagram.com\/canadamotorjobs\/","https:\/\/www.linkedin.com\/company\/canadamotorjobs"]},{"@type":"Person","@id":"https:\/\/news.canadamotorjobs.com\/#\/schema\/person\/51793d1f87d44011d7bcc2ed99269a90","name":"Benoit Charette","image":{"@type":"ImageObject","inLanguage":"fr-CA","@id":"https:\/\/news.canadamotorjobs.com\/#\/schema\/person\/image\/","url":"https:\/\/secure.gravatar.com\/avatar\/45f3d2eebcccd909668d7ce7ea7267b6?s=96&d=mm&r=g","contentUrl":"https:\/\/secure.gravatar.com\/avatar\/45f3d2eebcccd909668d7ce7ea7267b6?s=96&d=mm&r=g","caption":"Benoit Charette"},"description":"Benoit Charette \/ Propri\u00e9taire et r\u00e9dacteur en chef Benoit Charette pratique le journalisme automobile depuis bient\u00f4t 30 ans. Il a fait ses classes au c\u00f4t\u00e9 de Daniel H\u00e9raud et au Carnet de route de 1992 \u00e0 2001. Il est fondateur, copropri\u00e9taire et r\u00e9dacteur en chef de L\u2019Annuel de l\u2019automobile, qu\u2019il publie depuis 2001. Il a anim\u00e9 les \u00e9missions RPM et RPM+ sur V et les L\u00e9gendes de la route sur Historia. \u00c0 la radio depuis 1986, il reprend l\u2019antenne cette ann\u00e9e sur les ondes de Cogeco et participe pour la deuxi\u00e8me ann\u00e9e \u00e0 l\u2019\u00e9mission Passion Auto sur RDS en plus de mettre en ligne le site Web officiel de L\u2019Annuel de l\u2019automobile sur annuelauto.ca.","sameAs":["https:\/\/annuelauto.ca\/"],"url":"https:\/\/news.canadamotorjobs.com\/fr\/author\/benoit-charette\/"}]}},"_links":{"self":[{"href":"https:\/\/news.canadamotorjobs.com\/fr\/wp-json\/wp\/v2\/posts\/170770"}],"collection":[{"href":"https:\/\/news.canadamotorjobs.com\/fr\/wp-json\/wp\/v2\/posts"}],"about":[{"href":"https:\/\/news.canadamotorjobs.com\/fr\/wp-json\/wp\/v2\/types\/post"}],"author":[{"embeddable":true,"href":"https:\/\/news.canadamotorjobs.com\/fr\/wp-json\/wp\/v2\/users\/8"}],"replies":[{"embeddable":true,"href":"https:\/\/news.canadamotorjobs.com\/fr\/wp-json\/wp\/v2\/comments?post=170770"}],"version-history":[{"count":2,"href":"https:\/\/news.canadamotorjobs.com\/fr\/wp-json\/wp\/v2\/posts\/170770\/revisions"}],"predecessor-version":[{"id":170774,"href":"https:\/\/news.canadamotorjobs.com\/fr\/wp-json\/wp\/v2\/posts\/170770\/revisions\/170774"}],"wp:featuredmedia":[{"embeddable":true,"href":"https:\/\/news.canadamotorjobs.com\/fr\/wp-json\/wp\/v2\/media\/170772"}],"wp:attachment":[{"href":"https:\/\/news.canadamotorjobs.com\/fr\/wp-json\/wp\/v2\/media?parent=170770"}],"wp:term":[{"taxonomy":"category","embeddable":true,"href":"https:\/\/news.canadamotorjobs.com\/fr\/wp-json\/wp\/v2\/categories?post=170770"},{"taxonomy":"post_tag","embeddable":true,"href":"https:\/\/news.canadamotorjobs.com\/fr\/wp-json\/wp\/v2\/tags?post=170770"}],"curies":[{"name":"wp","href":"https:\/\/api.w.org\/{rel}","templated":true}]}}