{"id":170601,"date":"2024-08-13T12:21:21","date_gmt":"2024-08-13T16:21:21","guid":{"rendered":"https:\/\/news.canadamotorjobs.com\/?p=170601"},"modified":"2024-08-13T12:30:26","modified_gmt":"2024-08-13T16:30:26","slug":"mazda-mx-5-duel-de-siamoises","status":"publish","type":"post","link":"https:\/\/news.canadamotorjobs.com\/fr\/mazda-mx-5-duel-de-siamoises\/","title":{"rendered":"Mazda MX-5 : duel de siamoises"},"content":{"rendered":"<\/p>\n<p style=\"font-weight: 400\">C\u2019est encore l\u2019\u00e9t\u00e9 pour quelques semaines, alors profitons-en pour parler de voitures d\u00e9capotables, en comparant deux mod\u00e8les qui sont \u00e0 la fois identiques et compl\u00e8tement diff\u00e9rentes\u00a0: la Mazda MX-5 et la Mazda MX-5 RF, \u00e0 toit rigide. Parce qu\u2019en fin de compte, c\u2019est peut-\u00eatre le dilemme le plus important que vous rencontrerez si ce que vous voulez, c\u2019est acheter un petit cabriolet deux-places qui ne vous ruinera pas.<\/p>\n<p><\/p>\n<p style=\"font-weight: 400\">Parce que sous les 45\u00a0000 $, il n\u2019existe \u00e0 peu pr\u00e8s aucun autre choix que celui offert par Mazda dans ce cr\u00e9neau. La MX-5 \u00e0 toit souple co\u00fbte un peu moins de 40\u00a0000$, alors que la MX-5 RF co\u00fbte entre 42\u00a0000 et 45\u00a0000 $. Dans les deux cas, une bo\u00eete manuelle \u00e0 six rapports est de mise et repr\u00e9sente ce qui, \u00e0 mon go\u00fbt tr\u00e8s personnel, est une caract\u00e9ristique essentielle \u00e0 ce v\u00e9hicule. Pas de bo\u00eete automatique dans ma MX-5, non monsieur!<\/p>\n<h3>Mazda MX-5 vs MX-5 RF<\/h3>\n<p><\/p>\n<p style=\"font-weight: 400\">Pour la petite histoire, pr\u00e9cisons que la MX-5, qu\u2019on appelle encore parfois Miata, quand on ne fait pas attention, a eu droit \u00e0 une r\u00e9vision essentiellement esth\u00e9tique en 2024. La version 2025 qui s\u2019en vient dans les prochains mois ajoute quelques retouches elles aussi, mais dans l\u2019ensemble, le v\u00e9hicule ne change pas tant que \u00e7a. Bien des gens s\u2019interrogent sur l\u2019avenir de ce mod\u00e8le, qui, si on se fie aux g\u00e9n\u00e9rations pr\u00e9c\u00e9dentes, serait \u00e0 l\u2019aube d\u2019une refonte majeure. Mais on ne conna\u00eet pas encore tout \u00e0 fait les plans de Mazda pour son cabriolet.<\/p>\n<p><\/p>\n<p style=\"font-weight: 400\">Ce mod\u00e8le-l\u00e0 se vend plut\u00f4t bien, et la formule actuelle est peut-\u00eatre une des plus r\u00e9ussies depuis sa premi\u00e8re g\u00e9n\u00e9ration, qui nous ram\u00e8ne quand m\u00eame en 1989. Mais l\u2019\u00e9lectrification guette le march\u00e9 automobile, et on se demande bien de quoi aurait l\u2019air une MX-5 \u00e9lectrifi\u00e9e\u2026 On le saura peut-\u00eatre un jour, mais pas cette ann\u00e9e.<\/p>\n<p><\/p>\n<p style=\"font-weight: 400\">Quoi qu\u2019il en soit, c\u2019est tout ce contexte qui influence notre perception du mod\u00e8le actuel de ce cabriolet. Parce que la MX-5 est toute une sportive, avec toit souple ou rigide, m\u00eame si elle fait dans la modestie des moyens. Sa m\u00e9canique est raisonnable\u00a0: son 4 cylindres de 2 litres \u00e0 aspiration naturelle ne fait rien pour faire lever la peinture sur la carrosserie. \u00c0 181 chevaux, on a vu plus muscl\u00e9, mais sa courbe de couple est assez lin\u00e9aire et le v\u00e9hicule est assez l\u00e9ger pour produire de bonnes petites acc\u00e9l\u00e9rations.<\/p>\n<p><\/p>\n<p style=\"font-weight: 400\">La suspension, la direction et m\u00eame la bo\u00eete de rapports produisent les m\u00eames sensations qu\u2019on retrouve sur des voitures beaucoup plus puissantes et beaucoup plus gourmandes. \u00c7a gronde, \u00e7a vibre, c\u2019est pas mal le fun dans les lacets et les trac\u00e9s sinueux, et jusque durant les d\u00e9passements sur l\u2019autoroute. La bonne nouvelle, c\u2019est que la configuration de la MX-5 fait qu\u2019elle est plaisante \u00e0 conduire tout en respectant les limites de la route et de la s\u00e9curit\u00e9 routi\u00e8re.<\/p>\n<p><\/p>\n<p style=\"font-weight: 400\">Ce n\u2019est pas rien.<\/p>\n<h3>Au volant<\/h3>\n<p><\/p>\n<p style=\"font-weight: 400\">Au volant, on a donc pas mal de plaisir. On a aussi juste assez d\u2019espace pour deux adultes de taille moyenne, et leur gobelet de caf\u00e9. On a deux porte-gobelets, c\u2019est tout le rangement qu\u2019on y trouve, \u00e0 part un petit coffre derri\u00e8re la console centrale. Les porte-gobelets sont modulaires\u00a0: on peut en d\u00e9placer un \u00e0 droite de la colonne de direction, dans les jambes du passager.<\/p>\n<p><\/p>\n<p style=\"font-weight: 400\">L\u2019espace exigu de l\u2019habitacle est \u00e9videmment le gros d\u00e9faut de la MX-5. C\u2019est plus apparent \u00e0 bord de la version RF, au toit rigide et \u00e9lectrique, mais raccourci, aussi\u00a0: on n\u2019obtient pas le m\u00eame d\u00e9gagement qu\u2019\u00e0 bord du mod\u00e8le \u00e0 toit souple, qui s\u2019enl\u00e8ve d\u2019un geste de la main droite, et qui se repose de la m\u00eame fa\u00e7on.<\/p>\n<p><\/p>\n<p style=\"font-weight: 400\">Tout \u00e7a mis ensemble, la MX-5 \u00e0 toit souple m\u2019appara\u00eet le mod\u00e8le le plus int\u00e9ressant \u00e0 conduire, mais le MX-5 RF est le plus moderne, \u00e7a para\u00eet jusque dans le syst\u00e8me Mazda Connect, qui a CarPlay sans fil, contrairement au mod\u00e8le de base.<\/p>\n<p>\n<span style=\"font-weight: 400\">C\u2019est un d\u00e9tail, et probablement plus une question de go\u00fbt qu\u2019autre chose. Mais je vous avoue qu\u2019un MX-5 \u00e9lectrique avec 200 km d\u2019autonomie aurait compl\u00e8tement vol\u00e9 le march\u00e9 des cabriolets.<\/span><\/p>\n<p>Le texte <a rel=\"nofollow\" href=\"https:\/\/annuelauto.ca\/mazda-mx-5-duel-de-siamoises\/\">Mazda MX-5 : duel de siamoises<\/a> provient de <a rel=\"nofollow\" href=\"https:\/\/annuelauto.ca\">L&#8217;annuel de l&#8217;automobile &#8211; Actualit\u00e9 automobile<\/a><\/p>\n<p><\/p>\n","protected":false},"excerpt":{"rendered":"<p>C\u2019est encore l\u2019\u00e9t\u00e9 pour quelques semaines, alors profitons-en pour parler de voitures d\u00e9capotables, en comparant deux mod\u00e8les qui sont \u00e0 la fois identiques et compl\u00e8tement diff\u00e9rentes\u00a0: la Mazda MX-5 et la Mazda MX-5 RF, \u00e0 toit rigide. Parce qu\u2019en fin de compte, c\u2019est peut-\u00eatre le dilemme le plus important que vous rencontrerez si ce que [&hellip;]<\/p>\n","protected":false},"author":8,"featured_media":170603,"comment_status":"close","ping_status":"closed","sticky":false,"template":"","format":"standard","meta":{"_monsterinsights_skip_tracking":false,"_monsterinsights_sitenote_active":false,"_monsterinsights_sitenote_note":"","_monsterinsights_sitenote_category":0,"footnotes":""},"categories":[101],"tags":[],"yoast_head":"<!-- This site is optimized with the Yoast SEO plugin v23.2 - https:\/\/yoast.com\/wordpress\/plugins\/seo\/ -->\n<title>Mazda MX-5 : duel de siamoises - CanadaMotorJobs.com<\/title>\n<meta name=\"description\" content=\"Mazda MX-5 : duel de siamoises - Benoit Charette - Annuel automobile - CanadaMotorJobs.com.\" \/>\n<meta name=\"robots\" content=\"index, follow, max-snippet:-1, max-image-preview:large, max-video-preview:-1\" \/>\n<meta property=\"og:locale\" content=\"fr_CA\" \/>\n<meta property=\"og:type\" content=\"article\" \/>\n<meta property=\"og:title\" content=\"Mazda MX-5 : duel de siamoises - CanadaMotorJobs.com\" \/>\n<meta property=\"og:description\" content=\"Mazda MX-5 : duel de siamoises - Benoit Charette - Annuel automobile - CanadaMotorJobs.com.\" \/>\n<meta property=\"og:url\" content=\"https:\/\/news.canadamotorjobs.com\/fr\/mazda-mx-5-duel-de-siamoises\/\" \/>\n<meta property=\"og:site_name\" content=\"CanadaMotorJobs.com\" \/>\n<meta property=\"article:publisher\" content=\"https:\/\/www.facebook.com\/canadamotorjobs\/\" \/>\n<meta property=\"article:published_time\" content=\"2024-08-13T16:21:21+00:00\" \/>\n<meta property=\"article:modified_time\" content=\"2024-08-13T16:30:26+00:00\" \/>\n<meta property=\"og:image\" content=\"https:\/\/news.canadamotorjobs.com\/wp-content\/uploads\/2024\/08\/2023_MX-5_IPM7_US_LHD_BRD_C03_EXT.jpg\" \/>\n\t<meta property=\"og:image:width\" content=\"1280\" \/>\n\t<meta property=\"og:image:height\" content=\"853\" \/>\n\t<meta property=\"og:image:type\" content=\"image\/jpeg\" \/>\n<meta name=\"author\" content=\"Benoit Charette\" \/>\n<meta name=\"twitter:card\" content=\"summary_large_image\" \/>\n<meta name=\"twitter:creator\" content=\"@canadamotorjobs\" \/>\n<meta name=\"twitter:site\" content=\"@canadamotorjobs\" \/>\n<meta name=\"twitter:label1\" content=\"\u00c9crit par\" \/>\n\t<meta name=\"twitter:data1\" content=\"Benoit Charette\" \/>\n\t<meta name=\"twitter:label2\" content=\"Estimation du temps de lecture\" \/>\n\t<meta name=\"twitter:data2\" content=\"4 minutes\" \/>\n<!-- \/ Yoast SEO plugin. -->","yoast_head_json":{"title":"Mazda MX-5 : duel de siamoises - CanadaMotorJobs.com","description":"Mazda MX-5 : duel de siamoises - Benoit Charette - Annuel automobile - CanadaMotorJobs.com.","robots":{"index":"index","follow":"follow","max-snippet":"max-snippet:-1","max-image-preview":"max-image-preview:large","max-video-preview":"max-video-preview:-1"},"og_locale":"fr_CA","og_type":"article","og_title":"Mazda MX-5 : duel de siamoises - CanadaMotorJobs.com","og_description":"Mazda MX-5 : duel de siamoises - Benoit Charette - Annuel automobile - CanadaMotorJobs.com.","og_url":"https:\/\/news.canadamotorjobs.com\/fr\/mazda-mx-5-duel-de-siamoises\/","og_site_name":"CanadaMotorJobs.com","article_publisher":"https:\/\/www.facebook.com\/canadamotorjobs\/","article_published_time":"2024-08-13T16:21:21+00:00","article_modified_time":"2024-08-13T16:30:26+00:00","og_image":[{"width":1280,"height":853,"url":"https:\/\/news.canadamotorjobs.com\/wp-content\/uploads\/2024\/08\/2023_MX-5_IPM7_US_LHD_BRD_C03_EXT.jpg","type":"image\/jpeg"}],"author":"Benoit Charette","twitter_card":"summary_large_image","twitter_creator":"@canadamotorjobs","twitter_site":"@canadamotorjobs","twitter_misc":{"\u00c9crit par":"Benoit Charette","Estimation du temps de lecture":"4 minutes"},"schema":{"@context":"https:\/\/schema.org","@graph":[{"@type":"Article","@id":"https:\/\/news.canadamotorjobs.com\/fr\/mazda-mx-5-duel-de-siamoises\/#article","isPartOf":{"@id":"https:\/\/news.canadamotorjobs.com\/fr\/mazda-mx-5-duel-de-siamoises\/"},"author":{"name":"Benoit Charette","@id":"https:\/\/news.canadamotorjobs.com\/#\/schema\/person\/51793d1f87d44011d7bcc2ed99269a90"},"headline":"Mazda MX-5 : duel de siamoises","datePublished":"2024-08-13T16:21:21+00:00","dateModified":"2024-08-13T16:30:26+00:00","mainEntityOfPage":{"@id":"https:\/\/news.canadamotorjobs.com\/fr\/mazda-mx-5-duel-de-siamoises\/"},"wordCount":776,"publisher":{"@id":"https:\/\/news.canadamotorjobs.com\/#organization"},"image":{"@id":"https:\/\/news.canadamotorjobs.com\/fr\/mazda-mx-5-duel-de-siamoises\/#primaryimage"},"thumbnailUrl":"https:\/\/news.canadamotorjobs.com\/wp-content\/uploads\/2024\/08\/2023_MX-5_IPM7_US_LHD_BRD_C03_EXT.jpg","articleSection":["Annuel automobile"],"inLanguage":"fr-CA"},{"@type":"WebPage","@id":"https:\/\/news.canadamotorjobs.com\/fr\/mazda-mx-5-duel-de-siamoises\/","url":"https:\/\/news.canadamotorjobs.com\/fr\/mazda-mx-5-duel-de-siamoises\/","name":"Mazda MX-5 : duel de siamoises - CanadaMotorJobs.com","isPartOf":{"@id":"https:\/\/news.canadamotorjobs.com\/#website"},"primaryImageOfPage":{"@id":"https:\/\/news.canadamotorjobs.com\/fr\/mazda-mx-5-duel-de-siamoises\/#primaryimage"},"image":{"@id":"https:\/\/news.canadamotorjobs.com\/fr\/mazda-mx-5-duel-de-siamoises\/#primaryimage"},"thumbnailUrl":"https:\/\/news.canadamotorjobs.com\/wp-content\/uploads\/2024\/08\/2023_MX-5_IPM7_US_LHD_BRD_C03_EXT.jpg","datePublished":"2024-08-13T16:21:21+00:00","dateModified":"2024-08-13T16:30:26+00:00","description":"Mazda MX-5 : duel de siamoises - Benoit Charette - Annuel automobile - CanadaMotorJobs.com.","breadcrumb":{"@id":"https:\/\/news.canadamotorjobs.com\/fr\/mazda-mx-5-duel-de-siamoises\/#breadcrumb"},"inLanguage":"fr-CA","potentialAction":[{"@type":"ReadAction","target":["https:\/\/news.canadamotorjobs.com\/fr\/mazda-mx-5-duel-de-siamoises\/"]}]},{"@type":"ImageObject","inLanguage":"fr-CA","@id":"https:\/\/news.canadamotorjobs.com\/fr\/mazda-mx-5-duel-de-siamoises\/#primaryimage","url":"https:\/\/news.canadamotorjobs.com\/wp-content\/uploads\/2024\/08\/2023_MX-5_IPM7_US_LHD_BRD_C03_EXT.jpg","contentUrl":"https:\/\/news.canadamotorjobs.com\/wp-content\/uploads\/2024\/08\/2023_MX-5_IPM7_US_LHD_BRD_C03_EXT.jpg","width":1280,"height":853},{"@type":"BreadcrumbList","@id":"https:\/\/news.canadamotorjobs.com\/fr\/mazda-mx-5-duel-de-siamoises\/#breadcrumb","itemListElement":[{"@type":"ListItem","position":1,"name":"Home","item":"https:\/\/news.canadamotorjobs.com\/fr\/blog\/"},{"@type":"ListItem","position":2,"name":"Mazda MX-5 : duel de siamoises"}]},{"@type":"WebSite","@id":"https:\/\/news.canadamotorjobs.com\/#website","url":"https:\/\/news.canadamotorjobs.com\/","name":"CanadaMotorJobs.com","description":"Automotive Jobs","publisher":{"@id":"https:\/\/news.canadamotorjobs.com\/#organization"},"potentialAction":[{"@type":"SearchAction","target":{"@type":"EntryPoint","urlTemplate":"https:\/\/news.canadamotorjobs.com\/?s={search_term_string}"},"query-input":"required name=search_term_string"}],"inLanguage":"fr-CA"},{"@type":"Organization","@id":"https:\/\/news.canadamotorjobs.com\/#organization","name":"Canada Motor Jobs","url":"https:\/\/news.canadamotorjobs.com\/","logo":{"@type":"ImageObject","inLanguage":"fr-CA","@id":"https:\/\/news.canadamotorjobs.com\/#\/schema\/logo\/image\/","url":"https:\/\/news.canadamotorjobs.com\/wp-content\/uploads\/2022\/10\/logo-canada-motor-jobs-1.png","contentUrl":"https:\/\/news.canadamotorjobs.com\/wp-content\/uploads\/2022\/10\/logo-canada-motor-jobs-1.png","width":800,"height":400,"caption":"Canada Motor Jobs"},"image":{"@id":"https:\/\/news.canadamotorjobs.com\/#\/schema\/logo\/image\/"},"sameAs":["https:\/\/www.facebook.com\/canadamotorjobs\/","https:\/\/x.com\/canadamotorjobs","https:\/\/www.instagram.com\/canadamotorjobs\/","https:\/\/www.linkedin.com\/company\/canadamotorjobs"]},{"@type":"Person","@id":"https:\/\/news.canadamotorjobs.com\/#\/schema\/person\/51793d1f87d44011d7bcc2ed99269a90","name":"Benoit Charette","image":{"@type":"ImageObject","inLanguage":"fr-CA","@id":"https:\/\/news.canadamotorjobs.com\/#\/schema\/person\/image\/","url":"https:\/\/secure.gravatar.com\/avatar\/45f3d2eebcccd909668d7ce7ea7267b6?s=96&d=mm&r=g","contentUrl":"https:\/\/secure.gravatar.com\/avatar\/45f3d2eebcccd909668d7ce7ea7267b6?s=96&d=mm&r=g","caption":"Benoit Charette"},"description":"Benoit Charette \/ Propri\u00e9taire et r\u00e9dacteur en chef Benoit Charette pratique le journalisme automobile depuis bient\u00f4t 30 ans. Il a fait ses classes au c\u00f4t\u00e9 de Daniel H\u00e9raud et au Carnet de route de 1992 \u00e0 2001. Il est fondateur, copropri\u00e9taire et r\u00e9dacteur en chef de L\u2019Annuel de l\u2019automobile, qu\u2019il publie depuis 2001. Il a anim\u00e9 les \u00e9missions RPM et RPM+ sur V et les L\u00e9gendes de la route sur Historia. \u00c0 la radio depuis 1986, il reprend l\u2019antenne cette ann\u00e9e sur les ondes de Cogeco et participe pour la deuxi\u00e8me ann\u00e9e \u00e0 l\u2019\u00e9mission Passion Auto sur RDS en plus de mettre en ligne le site Web officiel de L\u2019Annuel de l\u2019automobile sur annuelauto.ca.","sameAs":["https:\/\/annuelauto.ca\/"],"url":"https:\/\/news.canadamotorjobs.com\/fr\/author\/benoit-charette\/"}]}},"_links":{"self":[{"href":"https:\/\/news.canadamotorjobs.com\/fr\/wp-json\/wp\/v2\/posts\/170601"}],"collection":[{"href":"https:\/\/news.canadamotorjobs.com\/fr\/wp-json\/wp\/v2\/posts"}],"about":[{"href":"https:\/\/news.canadamotorjobs.com\/fr\/wp-json\/wp\/v2\/types\/post"}],"author":[{"embeddable":true,"href":"https:\/\/news.canadamotorjobs.com\/fr\/wp-json\/wp\/v2\/users\/8"}],"replies":[{"embeddable":true,"href":"https:\/\/news.canadamotorjobs.com\/fr\/wp-json\/wp\/v2\/comments?post=170601"}],"version-history":[{"count":2,"href":"https:\/\/news.canadamotorjobs.com\/fr\/wp-json\/wp\/v2\/posts\/170601\/revisions"}],"predecessor-version":[{"id":170605,"href":"https:\/\/news.canadamotorjobs.com\/fr\/wp-json\/wp\/v2\/posts\/170601\/revisions\/170605"}],"wp:featuredmedia":[{"embeddable":true,"href":"https:\/\/news.canadamotorjobs.com\/fr\/wp-json\/wp\/v2\/media\/170603"}],"wp:attachment":[{"href":"https:\/\/news.canadamotorjobs.com\/fr\/wp-json\/wp\/v2\/media?parent=170601"}],"wp:term":[{"taxonomy":"category","embeddable":true,"href":"https:\/\/news.canadamotorjobs.com\/fr\/wp-json\/wp\/v2\/categories?post=170601"},{"taxonomy":"post_tag","embeddable":true,"href":"https:\/\/news.canadamotorjobs.com\/fr\/wp-json\/wp\/v2\/tags?post=170601"}],"curies":[{"name":"wp","href":"https:\/\/api.w.org\/{rel}","templated":true}]}}