{"id":170532,"date":"2024-08-13T08:02:42","date_gmt":"2024-08-13T12:02:42","guid":{"rendered":"https:\/\/news.canadamotorjobs.com\/?p=170532"},"modified":"2024-08-13T08:14:49","modified_gmt":"2024-08-13T12:14:49","slug":"des-vehicules-electriques-moins-cher-que-des-vehicules-a-essence-ca-se-peut","status":"publish","type":"post","link":"https:\/\/news.canadamotorjobs.com\/fr\/des-vehicules-electriques-moins-cher-que-des-vehicules-a-essence-ca-se-peut\/","title":{"rendered":"Des v\u00e9hicules \u00e9lectriques moins cher que des v\u00e9hicules \u00e0 essence? \u00c7a se peut"},"content":{"rendered":"<\/p>\n<p>Nous avons assist\u00e9 \u00e0 une premi\u00e8re, l\u2019hiver dernier\u00a0: pendant un instant, acheter un v\u00e9hicule \u00e9lectrique a co\u00fbt\u00e9 moins cher qu\u2019acheter un v\u00e9hicule \u00e0 essence. Dans le march\u00e9 des v\u00e9hicules d\u2019occasion, cela dit, puisque du c\u00f4t\u00e9 des v\u00e9hicules neufs, on n\u2019y est pas encore tout \u00e0 fait. Mais c\u2019est un sc\u00e9nario qui pourrait se r\u00e9p\u00e9ter dans les mois \u00e0 venir, puisque la tendance \u00e0 la baisse dans les prix des v\u00e9hicules d\u2019occasion est plus forte du c\u00f4t\u00e9 de l\u2019\u00e9lectrique que de l\u2019essence.<\/p>\n<p>C\u2019est en f\u00e9vrier dernier que le prix des v\u00e9hicules \u00e9lectriques d\u2019occasion a baiss\u00e9 sous celui des v\u00e9hicules \u00e0 essence. Le prix moyen pay\u00e9 aux \u00c9tats-Unis pour un v\u00e9hicule \u00e9lectrique \u00e2g\u00e9 tout au plus de 5 ans \u00e9tait 265$ moins \u00e9lev\u00e9 que celui pay\u00e9 pour un v\u00e9hicule \u00e0 essence. C\u2019est tout un recul, puisque l\u2019\u00e9t\u00e9 dernier, le prix moyen pour un v\u00e9hicule \u00e9lectrique d\u2019occasion \u00e9tait 8000$ plus \u00e9lev\u00e9 que pour v\u00e9hicule \u00e0 essence.<\/p>\n<p>Cela dit, \u00e7a n\u2019a dur\u00e9 que le temps d\u2019un hiver. En mai dernier, il a fallu d\u00e9bourser 2500$ de plus pour s\u2019\u00e9lectrifier. C\u2019est donc plut\u00f4t variable, d\u2019une saison \u00e0 l\u2019autre, ce qui s\u2019explique par des inventaires et une demande qui varient beaucoup durant l\u2019ann\u00e9e.<\/p>\n<p>La bonne nouvelle, pour les consommateurs, est que la tendance \u00e0 la baisse du prix des v\u00e9hicules \u00e9lectriques d\u2019occasion semble vouloir se prolonger. En un an, le prix moyen a chut\u00e9 de 30% chez nos voisins du sud, et on a pu observer sensiblement la m\u00eame chose chez nous.<\/p>\n<p>C\u2019est une bonne nouvelle dans la mesure o\u00f9 \u00e7a permet d\u2019acheter un v\u00e9hicule \u00e9lectrique \u00e0 un prix raisonnable, puis d\u2019\u00e9conomiser ensuite sur l\u2019essence, puisqu\u2019il n\u2019y a plus de pleins d\u2019essence \u00e0 faire. Pendant ce temps, d\u2019autres \u00e9tudes tendent \u00e0 d\u00e9montrer que la dur\u00e9e de vie des v\u00e9hicules \u00e9lectriques \u2013\u00a0y compris celle de leur batterie\u00a0\u2013 est au moins aussi bonne, sinon sup\u00e9rieure \u00e0 celle de la plupart des v\u00e9hicules \u00e0 essence, m\u00eame s\u2019il co\u00fbte moins cher de les entretenir d\u2019une ann\u00e9e \u00e0 l\u2019autre.<\/p>\n<p>S\u2019ils sont si merveilleux, qu\u2019est-ce qui explique la chute acc\u00e9l\u00e9r\u00e9e du prix des v\u00e9hicules \u00e9lectriques d\u2019occasion? La r\u00e9ponse \u00e0 cette question est \u00e9tonnamment banale. Il semblerait selon les experts que c\u2019est simplement qu\u2019on trouve de plus en plus de v\u00e9hicules sur le march\u00e9. \u00c7a ne fait pas tr\u00e8s longtemps qu\u2019on peut acheter des v\u00e9hicules \u00e9lectriques neufs, et \u00e7a fait donc encore moins longtemps qu\u2019on peut en trouver de seconde main.<\/p>\n<p>L\u00e0, on voit le march\u00e9 commencer \u00e0 s\u2019ouvrir. Il sera int\u00e9ressant de suivre l\u2019\u00e9volution des prix, mais si la tendance se maintient, payer le m\u00eame prix pour l\u2019\u00e9lectrique que pour l\u2019essence pourrait devenir la norme, dans l\u2019usag\u00e9 \u00e0 tout le moins.<\/p>\n<p>Le texte <a rel=\"nofollow\" href=\"https:\/\/annuelauto.ca\/des-vehicules-electriques-moins-cher-que-des-vehicules-a-essence-ca-se-peut\/\">Des v\u00e9hicules \u00e9lectriques moins cher que des v\u00e9hicules \u00e0 essence? \u00c7a se peut<\/a> provient de <a rel=\"nofollow\" href=\"https:\/\/annuelauto.ca\">L&#8217;annuel de l&#8217;automobile &#8211; Actualit\u00e9 automobile<\/a><\/p>\n<p><\/p>\n","protected":false},"excerpt":{"rendered":"<p>Nous avons assist\u00e9 \u00e0 une premi\u00e8re, l\u2019hiver dernier\u00a0: pendant un instant, acheter un v\u00e9hicule \u00e9lectrique a co\u00fbt\u00e9 moins cher qu\u2019acheter un v\u00e9hicule \u00e0 essence. Dans le march\u00e9 des v\u00e9hicules d\u2019occasion, cela dit, puisque du c\u00f4t\u00e9 des v\u00e9hicules neufs, on n\u2019y est pas encore tout \u00e0 fait. Mais c\u2019est un sc\u00e9nario qui pourrait se r\u00e9p\u00e9ter dans [&hellip;]<\/p>\n","protected":false},"author":8,"featured_media":170534,"comment_status":"close","ping_status":"closed","sticky":false,"template":"","format":"standard","meta":{"_monsterinsights_skip_tracking":false,"_monsterinsights_sitenote_active":false,"_monsterinsights_sitenote_note":"","_monsterinsights_sitenote_category":0,"footnotes":""},"categories":[101],"tags":[],"yoast_head":"<!-- This site is optimized with the Yoast SEO plugin v23.2 - https:\/\/yoast.com\/wordpress\/plugins\/seo\/ -->\n<title>Des v\u00e9hicules \u00e9lectriques moins cher que des v\u00e9hicules \u00e0 essence? \u00c7a se peut - CanadaMotorJobs.com<\/title>\n<meta name=\"description\" content=\"Des v\u00e9hicules \u00e9lectriques moins cher que des v\u00e9hicules \u00e0 essence? \u00c7a se peut - Benoit Charette - Annuel automobile - CanadaMotorJobs.com.\" \/>\n<meta name=\"robots\" content=\"index, follow, max-snippet:-1, max-image-preview:large, max-video-preview:-1\" \/>\n<meta property=\"og:locale\" content=\"fr_CA\" \/>\n<meta property=\"og:type\" content=\"article\" \/>\n<meta property=\"og:title\" content=\"Des v\u00e9hicules \u00e9lectriques moins cher que des v\u00e9hicules \u00e0 essence? \u00c7a se peut - CanadaMotorJobs.com\" \/>\n<meta property=\"og:description\" content=\"Des v\u00e9hicules \u00e9lectriques moins cher que des v\u00e9hicules \u00e0 essence? \u00c7a se peut - Benoit Charette - Annuel automobile - CanadaMotorJobs.com.\" \/>\n<meta property=\"og:url\" content=\"https:\/\/news.canadamotorjobs.com\/fr\/des-vehicules-electriques-moins-cher-que-des-vehicules-a-essence-ca-se-peut\/\" \/>\n<meta property=\"og:site_name\" content=\"CanadaMotorJobs.com\" \/>\n<meta property=\"article:publisher\" content=\"https:\/\/www.facebook.com\/canadamotorjobs\/\" \/>\n<meta property=\"article:published_time\" content=\"2024-08-13T12:02:42+00:00\" \/>\n<meta property=\"article:modified_time\" content=\"2024-08-13T12:14:49+00:00\" \/>\n<meta property=\"og:image\" content=\"https:\/\/news.canadamotorjobs.com\/wp-content\/uploads\/2024\/08\/ice-vehicles-vs-electric-vehicles.png\" \/>\n\t<meta property=\"og:image:width\" content=\"1276\" \/>\n\t<meta property=\"og:image:height\" content=\"586\" \/>\n\t<meta property=\"og:image:type\" content=\"image\/png\" \/>\n<meta name=\"author\" content=\"Benoit Charette\" \/>\n<meta name=\"twitter:card\" content=\"summary_large_image\" \/>\n<meta name=\"twitter:creator\" content=\"@canadamotorjobs\" \/>\n<meta name=\"twitter:site\" content=\"@canadamotorjobs\" \/>\n<meta name=\"twitter:label1\" content=\"\u00c9crit par\" \/>\n\t<meta name=\"twitter:data1\" content=\"Benoit Charette\" \/>\n\t<meta name=\"twitter:label2\" content=\"Estimation du temps de lecture\" \/>\n\t<meta name=\"twitter:data2\" content=\"3 minutes\" \/>\n<!-- \/ Yoast SEO plugin. -->","yoast_head_json":{"title":"Des v\u00e9hicules \u00e9lectriques moins cher que des v\u00e9hicules \u00e0 essence? \u00c7a se peut - CanadaMotorJobs.com","description":"Des v\u00e9hicules \u00e9lectriques moins cher que des v\u00e9hicules \u00e0 essence? \u00c7a se peut - Benoit Charette - Annuel automobile - CanadaMotorJobs.com.","robots":{"index":"index","follow":"follow","max-snippet":"max-snippet:-1","max-image-preview":"max-image-preview:large","max-video-preview":"max-video-preview:-1"},"og_locale":"fr_CA","og_type":"article","og_title":"Des v\u00e9hicules \u00e9lectriques moins cher que des v\u00e9hicules \u00e0 essence? \u00c7a se peut - CanadaMotorJobs.com","og_description":"Des v\u00e9hicules \u00e9lectriques moins cher que des v\u00e9hicules \u00e0 essence? \u00c7a se peut - Benoit Charette - Annuel automobile - CanadaMotorJobs.com.","og_url":"https:\/\/news.canadamotorjobs.com\/fr\/des-vehicules-electriques-moins-cher-que-des-vehicules-a-essence-ca-se-peut\/","og_site_name":"CanadaMotorJobs.com","article_publisher":"https:\/\/www.facebook.com\/canadamotorjobs\/","article_published_time":"2024-08-13T12:02:42+00:00","article_modified_time":"2024-08-13T12:14:49+00:00","og_image":[{"width":1276,"height":586,"url":"https:\/\/news.canadamotorjobs.com\/wp-content\/uploads\/2024\/08\/ice-vehicles-vs-electric-vehicles.png","type":"image\/png"}],"author":"Benoit Charette","twitter_card":"summary_large_image","twitter_creator":"@canadamotorjobs","twitter_site":"@canadamotorjobs","twitter_misc":{"\u00c9crit par":"Benoit Charette","Estimation du temps de lecture":"3 minutes"},"schema":{"@context":"https:\/\/schema.org","@graph":[{"@type":"Article","@id":"https:\/\/news.canadamotorjobs.com\/fr\/des-vehicules-electriques-moins-cher-que-des-vehicules-a-essence-ca-se-peut\/#article","isPartOf":{"@id":"https:\/\/news.canadamotorjobs.com\/fr\/des-vehicules-electriques-moins-cher-que-des-vehicules-a-essence-ca-se-peut\/"},"author":{"name":"Benoit Charette","@id":"https:\/\/news.canadamotorjobs.com\/#\/schema\/person\/51793d1f87d44011d7bcc2ed99269a90"},"headline":"Des v\u00e9hicules \u00e9lectriques moins cher que des v\u00e9hicules \u00e0 essence? \u00c7a se peut","datePublished":"2024-08-13T12:02:42+00:00","dateModified":"2024-08-13T12:14:49+00:00","mainEntityOfPage":{"@id":"https:\/\/news.canadamotorjobs.com\/fr\/des-vehicules-electriques-moins-cher-que-des-vehicules-a-essence-ca-se-peut\/"},"wordCount":543,"publisher":{"@id":"https:\/\/news.canadamotorjobs.com\/#organization"},"image":{"@id":"https:\/\/news.canadamotorjobs.com\/fr\/des-vehicules-electriques-moins-cher-que-des-vehicules-a-essence-ca-se-peut\/#primaryimage"},"thumbnailUrl":"https:\/\/news.canadamotorjobs.com\/wp-content\/uploads\/2024\/08\/ice-vehicles-vs-electric-vehicles.png","articleSection":["Annuel automobile"],"inLanguage":"fr-CA"},{"@type":"WebPage","@id":"https:\/\/news.canadamotorjobs.com\/fr\/des-vehicules-electriques-moins-cher-que-des-vehicules-a-essence-ca-se-peut\/","url":"https:\/\/news.canadamotorjobs.com\/fr\/des-vehicules-electriques-moins-cher-que-des-vehicules-a-essence-ca-se-peut\/","name":"Des v\u00e9hicules \u00e9lectriques moins cher que des v\u00e9hicules \u00e0 essence? \u00c7a se peut - CanadaMotorJobs.com","isPartOf":{"@id":"https:\/\/news.canadamotorjobs.com\/#website"},"primaryImageOfPage":{"@id":"https:\/\/news.canadamotorjobs.com\/fr\/des-vehicules-electriques-moins-cher-que-des-vehicules-a-essence-ca-se-peut\/#primaryimage"},"image":{"@id":"https:\/\/news.canadamotorjobs.com\/fr\/des-vehicules-electriques-moins-cher-que-des-vehicules-a-essence-ca-se-peut\/#primaryimage"},"thumbnailUrl":"https:\/\/news.canadamotorjobs.com\/wp-content\/uploads\/2024\/08\/ice-vehicles-vs-electric-vehicles.png","datePublished":"2024-08-13T12:02:42+00:00","dateModified":"2024-08-13T12:14:49+00:00","description":"Des v\u00e9hicules \u00e9lectriques moins cher que des v\u00e9hicules \u00e0 essence? \u00c7a se peut - Benoit Charette - Annuel automobile - CanadaMotorJobs.com.","breadcrumb":{"@id":"https:\/\/news.canadamotorjobs.com\/fr\/des-vehicules-electriques-moins-cher-que-des-vehicules-a-essence-ca-se-peut\/#breadcrumb"},"inLanguage":"fr-CA","potentialAction":[{"@type":"ReadAction","target":["https:\/\/news.canadamotorjobs.com\/fr\/des-vehicules-electriques-moins-cher-que-des-vehicules-a-essence-ca-se-peut\/"]}]},{"@type":"ImageObject","inLanguage":"fr-CA","@id":"https:\/\/news.canadamotorjobs.com\/fr\/des-vehicules-electriques-moins-cher-que-des-vehicules-a-essence-ca-se-peut\/#primaryimage","url":"https:\/\/news.canadamotorjobs.com\/wp-content\/uploads\/2024\/08\/ice-vehicles-vs-electric-vehicles.png","contentUrl":"https:\/\/news.canadamotorjobs.com\/wp-content\/uploads\/2024\/08\/ice-vehicles-vs-electric-vehicles.png","width":1276,"height":586},{"@type":"BreadcrumbList","@id":"https:\/\/news.canadamotorjobs.com\/fr\/des-vehicules-electriques-moins-cher-que-des-vehicules-a-essence-ca-se-peut\/#breadcrumb","itemListElement":[{"@type":"ListItem","position":1,"name":"Home","item":"https:\/\/news.canadamotorjobs.com\/fr\/blog\/"},{"@type":"ListItem","position":2,"name":"Des v\u00e9hicules \u00e9lectriques moins cher que des v\u00e9hicules \u00e0 essence? \u00c7a se peut"}]},{"@type":"WebSite","@id":"https:\/\/news.canadamotorjobs.com\/#website","url":"https:\/\/news.canadamotorjobs.com\/","name":"CanadaMotorJobs.com","description":"Automotive Jobs","publisher":{"@id":"https:\/\/news.canadamotorjobs.com\/#organization"},"potentialAction":[{"@type":"SearchAction","target":{"@type":"EntryPoint","urlTemplate":"https:\/\/news.canadamotorjobs.com\/?s={search_term_string}"},"query-input":"required name=search_term_string"}],"inLanguage":"fr-CA"},{"@type":"Organization","@id":"https:\/\/news.canadamotorjobs.com\/#organization","name":"Canada Motor Jobs","url":"https:\/\/news.canadamotorjobs.com\/","logo":{"@type":"ImageObject","inLanguage":"fr-CA","@id":"https:\/\/news.canadamotorjobs.com\/#\/schema\/logo\/image\/","url":"https:\/\/news.canadamotorjobs.com\/wp-content\/uploads\/2022\/10\/logo-canada-motor-jobs-1.png","contentUrl":"https:\/\/news.canadamotorjobs.com\/wp-content\/uploads\/2022\/10\/logo-canada-motor-jobs-1.png","width":800,"height":400,"caption":"Canada Motor Jobs"},"image":{"@id":"https:\/\/news.canadamotorjobs.com\/#\/schema\/logo\/image\/"},"sameAs":["https:\/\/www.facebook.com\/canadamotorjobs\/","https:\/\/x.com\/canadamotorjobs","https:\/\/www.instagram.com\/canadamotorjobs\/","https:\/\/www.linkedin.com\/company\/canadamotorjobs"]},{"@type":"Person","@id":"https:\/\/news.canadamotorjobs.com\/#\/schema\/person\/51793d1f87d44011d7bcc2ed99269a90","name":"Benoit Charette","image":{"@type":"ImageObject","inLanguage":"fr-CA","@id":"https:\/\/news.canadamotorjobs.com\/#\/schema\/person\/image\/","url":"https:\/\/secure.gravatar.com\/avatar\/45f3d2eebcccd909668d7ce7ea7267b6?s=96&d=mm&r=g","contentUrl":"https:\/\/secure.gravatar.com\/avatar\/45f3d2eebcccd909668d7ce7ea7267b6?s=96&d=mm&r=g","caption":"Benoit Charette"},"description":"Benoit Charette \/ Propri\u00e9taire et r\u00e9dacteur en chef Benoit Charette pratique le journalisme automobile depuis bient\u00f4t 30 ans. Il a fait ses classes au c\u00f4t\u00e9 de Daniel H\u00e9raud et au Carnet de route de 1992 \u00e0 2001. Il est fondateur, copropri\u00e9taire et r\u00e9dacteur en chef de L\u2019Annuel de l\u2019automobile, qu\u2019il publie depuis 2001. Il a anim\u00e9 les \u00e9missions RPM et RPM+ sur V et les L\u00e9gendes de la route sur Historia. \u00c0 la radio depuis 1986, il reprend l\u2019antenne cette ann\u00e9e sur les ondes de Cogeco et participe pour la deuxi\u00e8me ann\u00e9e \u00e0 l\u2019\u00e9mission Passion Auto sur RDS en plus de mettre en ligne le site Web officiel de L\u2019Annuel de l\u2019automobile sur annuelauto.ca.","sameAs":["https:\/\/annuelauto.ca\/"],"url":"https:\/\/news.canadamotorjobs.com\/fr\/author\/benoit-charette\/"}]}},"_links":{"self":[{"href":"https:\/\/news.canadamotorjobs.com\/fr\/wp-json\/wp\/v2\/posts\/170532"}],"collection":[{"href":"https:\/\/news.canadamotorjobs.com\/fr\/wp-json\/wp\/v2\/posts"}],"about":[{"href":"https:\/\/news.canadamotorjobs.com\/fr\/wp-json\/wp\/v2\/types\/post"}],"author":[{"embeddable":true,"href":"https:\/\/news.canadamotorjobs.com\/fr\/wp-json\/wp\/v2\/users\/8"}],"replies":[{"embeddable":true,"href":"https:\/\/news.canadamotorjobs.com\/fr\/wp-json\/wp\/v2\/comments?post=170532"}],"version-history":[{"count":2,"href":"https:\/\/news.canadamotorjobs.com\/fr\/wp-json\/wp\/v2\/posts\/170532\/revisions"}],"predecessor-version":[{"id":170536,"href":"https:\/\/news.canadamotorjobs.com\/fr\/wp-json\/wp\/v2\/posts\/170532\/revisions\/170536"}],"wp:featuredmedia":[{"embeddable":true,"href":"https:\/\/news.canadamotorjobs.com\/fr\/wp-json\/wp\/v2\/media\/170534"}],"wp:attachment":[{"href":"https:\/\/news.canadamotorjobs.com\/fr\/wp-json\/wp\/v2\/media?parent=170532"}],"wp:term":[{"taxonomy":"category","embeddable":true,"href":"https:\/\/news.canadamotorjobs.com\/fr\/wp-json\/wp\/v2\/categories?post=170532"},{"taxonomy":"post_tag","embeddable":true,"href":"https:\/\/news.canadamotorjobs.com\/fr\/wp-json\/wp\/v2\/tags?post=170532"}],"curies":[{"name":"wp","href":"https:\/\/api.w.org\/{rel}","templated":true}]}}