{"id":170513,"date":"2024-08-13T07:57:02","date_gmt":"2024-08-13T11:57:02","guid":{"rendered":"https:\/\/news.canadamotorjobs.com\/?p=170513"},"modified":"2024-08-13T08:00:22","modified_gmt":"2024-08-13T12:00:22","slug":"les-autos-de-10-ans-et-plus-combattent-linflation","status":"publish","type":"post","link":"https:\/\/news.canadamotorjobs.com\/fr\/les-autos-de-10-ans-et-plus-combattent-linflation\/","title":{"rendered":"Les autos de 10 ans et plus combattent l\u2019inflation"},"content":{"rendered":"<\/p>\n<p>Les consommateurs qui sont \u00e0 la recherche d\u2019une auto qui ne co\u00fbte pas trop cher ont peut-\u00eatre trouv\u00e9 une solution int\u00e9ressante\u00a0: des autos usag\u00e9es \u00e2g\u00e9es de 10 ans ou plus. En tout cas, il semble que les autos d\u2019occasion les plus \u00e2g\u00e9es n\u2019ont jamais \u00e9t\u00e9 aussi populaires, ce qui, non sans ironie, provoque une hausse de leur prix de vente.<\/p>\n<p>C\u2019est en tout cas ce que conclut l\u2019organisme iSeeCars, qui constate que les v\u00e9hicules \u00e2g\u00e9s de 10 ans et plus ont vu leurs parts du march\u00e9 des v\u00e9hicules d\u2019occasion bondir aux \u00c9tats-Unis de 30 pour cent, entre 2014 et 2024. Ce n\u2019est donc pas seulement un effet de la hausse acc\u00e9l\u00e9r\u00e9e du co\u00fbt de la vie des derni\u00e8res ann\u00e9es qui a provoqu\u00e9 cette tendance, m\u00eame si l\u2019inflation assez importante des derniers mois joue aussi en faveur des v\u00e9hicules plus \u00e2g\u00e9s, puisqu\u2019ils co\u00fbtent moins cher et qu\u2019ils sont donc plus attrayants.<\/p>\n<p>Cela dit, le prix moyen des v\u00e9hicules usag\u00e9s plus \u00e2g\u00e9s a augment\u00e9 de 60 pour cent en dix ans, ce qui est tout aussi remarquable que leur gain de popularit\u00e9. Le prix moyen d\u2019un v\u00e9hicule \u00e2g\u00e9 de 10 ans ou plus aux \u00c9tats-Unis est pass\u00e9 de 7583\u00a0$US en 2014, \u00e0 12\u00a0194\u00a0$US aujourd\u2019hui.<\/p>\n<p>Malgr\u00e9 cela, la part de march\u00e9 de ces v\u00e9hicules est pass\u00e9e d\u2019environ 17 pour cent, o\u00f9 elle se maintenait de fa\u00e7on plus ou moins stable avant la pand\u00e9mie, \u00e0 pr\u00e8s de 25%, aux \u00c9tats-Unis, depuis le d\u00e9but de l\u2019ann\u00e9e. C\u2019est tout un rebond et la courbe de croissance de leur popularit\u00e9 co\u00efncide depuis 2022 avec celle de l\u2019inflation.<\/p>\n<p>\u00c7a co\u00efncide aussi avec une hausse vertigineuse du prix des v\u00e9hicules neufs et usag\u00e9s vendus en Am\u00e9rique du Nord. Le prix moyen pour une auto neuve au Qu\u00e9bec est pr\u00e9sentement de 66\u00a0000 $, alors que celui pay\u00e9 pour une voiture d\u2019occasion est de 36\u00a0000 $.<\/p>\n<p>Pour la petite histoire, iSeeCars a aussi relev\u00e9 les dix mod\u00e8les de v\u00e9hicules 2014 les plus populaires aux \u00c9tats-Unis en ce moment. On trouve deux mod\u00e8les Hyundai, trois Subaru, deux Mercedes-Benz, une BMW, une Nissan et une Honda.<\/p>\n<p>On vous laisse deviner les marques de quel continent sont compl\u00e8tement absentes de ce portrait\u2026<\/p>\n<p>\u00a0<\/p>\n<p>https:\/\/www.iseecars.com\/vehicle-age-study<\/p>\n<p>Le texte <a rel=\"nofollow\" href=\"https:\/\/annuelauto.ca\/les-autos-de-10-ans-et-plus-combattent-linflation\/\">Les autos de 10 ans et plus combattent l\u2019inflation<\/a> provient de <a rel=\"nofollow\" href=\"https:\/\/annuelauto.ca\">L&#8217;annuel de l&#8217;automobile &#8211; Actualit\u00e9 automobile<\/a><\/p>\n<p><\/p>\n","protected":false},"excerpt":{"rendered":"<p>Les consommateurs qui sont \u00e0 la recherche d\u2019une auto qui ne co\u00fbte pas trop cher ont peut-\u00eatre trouv\u00e9 une solution int\u00e9ressante\u00a0: des autos usag\u00e9es \u00e2g\u00e9es de 10 ans ou plus. En tout cas, il semble que les autos d\u2019occasion les plus \u00e2g\u00e9es n\u2019ont jamais \u00e9t\u00e9 aussi populaires, ce qui, non sans ironie, provoque une hausse [&hellip;]<\/p>\n","protected":false},"author":8,"featured_media":170515,"comment_status":"close","ping_status":"closed","sticky":false,"template":"","format":"standard","meta":{"_monsterinsights_skip_tracking":false,"_monsterinsights_sitenote_active":false,"_monsterinsights_sitenote_note":"","_monsterinsights_sitenote_category":0,"footnotes":""},"categories":[101],"tags":[],"yoast_head":"<!-- This site is optimized with the Yoast SEO plugin v23.2 - https:\/\/yoast.com\/wordpress\/plugins\/seo\/ -->\n<title>Les autos de 10 ans et plus combattent l\u2019inflation - CanadaMotorJobs.com<\/title>\n<meta name=\"description\" content=\"Les autos de 10 ans et plus combattent l\u2019inflation - Benoit Charette - Annuel automobile - CanadaMotorJobs.com.\" \/>\n<meta name=\"robots\" content=\"index, follow, max-snippet:-1, max-image-preview:large, max-video-preview:-1\" \/>\n<meta property=\"og:locale\" content=\"fr_CA\" \/>\n<meta property=\"og:type\" content=\"article\" \/>\n<meta property=\"og:title\" content=\"Les autos de 10 ans et plus combattent l\u2019inflation - CanadaMotorJobs.com\" \/>\n<meta property=\"og:description\" content=\"Les autos de 10 ans et plus combattent l\u2019inflation - Benoit Charette - Annuel automobile - CanadaMotorJobs.com.\" \/>\n<meta property=\"og:url\" content=\"https:\/\/news.canadamotorjobs.com\/fr\/les-autos-de-10-ans-et-plus-combattent-linflation\/\" \/>\n<meta property=\"og:site_name\" content=\"CanadaMotorJobs.com\" \/>\n<meta property=\"article:publisher\" content=\"https:\/\/www.facebook.com\/canadamotorjobs\/\" \/>\n<meta property=\"article:published_time\" content=\"2024-08-13T11:57:02+00:00\" \/>\n<meta property=\"article:modified_time\" content=\"2024-08-13T12:00:22+00:00\" \/>\n<meta property=\"og:image\" content=\"https:\/\/news.canadamotorjobs.com\/wp-content\/uploads\/2024\/08\/2015_toyota_corolla-15.jpg\" \/>\n\t<meta property=\"og:image:width\" content=\"1024\" \/>\n\t<meta property=\"og:image:height\" content=\"669\" \/>\n\t<meta property=\"og:image:type\" content=\"image\/jpeg\" \/>\n<meta name=\"author\" content=\"Benoit Charette\" \/>\n<meta name=\"twitter:card\" content=\"summary_large_image\" \/>\n<meta name=\"twitter:creator\" content=\"@canadamotorjobs\" \/>\n<meta name=\"twitter:site\" content=\"@canadamotorjobs\" \/>\n<meta name=\"twitter:label1\" content=\"\u00c9crit par\" \/>\n\t<meta name=\"twitter:data1\" content=\"Benoit Charette\" \/>\n\t<meta name=\"twitter:label2\" content=\"Estimation du temps de lecture\" \/>\n\t<meta name=\"twitter:data2\" content=\"2 minutes\" \/>\n<!-- \/ Yoast SEO plugin. -->","yoast_head_json":{"title":"Les autos de 10 ans et plus combattent l\u2019inflation - CanadaMotorJobs.com","description":"Les autos de 10 ans et plus combattent l\u2019inflation - Benoit Charette - Annuel automobile - CanadaMotorJobs.com.","robots":{"index":"index","follow":"follow","max-snippet":"max-snippet:-1","max-image-preview":"max-image-preview:large","max-video-preview":"max-video-preview:-1"},"og_locale":"fr_CA","og_type":"article","og_title":"Les autos de 10 ans et plus combattent l\u2019inflation - CanadaMotorJobs.com","og_description":"Les autos de 10 ans et plus combattent l\u2019inflation - Benoit Charette - Annuel automobile - CanadaMotorJobs.com.","og_url":"https:\/\/news.canadamotorjobs.com\/fr\/les-autos-de-10-ans-et-plus-combattent-linflation\/","og_site_name":"CanadaMotorJobs.com","article_publisher":"https:\/\/www.facebook.com\/canadamotorjobs\/","article_published_time":"2024-08-13T11:57:02+00:00","article_modified_time":"2024-08-13T12:00:22+00:00","og_image":[{"width":1024,"height":669,"url":"https:\/\/news.canadamotorjobs.com\/wp-content\/uploads\/2024\/08\/2015_toyota_corolla-15.jpg","type":"image\/jpeg"}],"author":"Benoit Charette","twitter_card":"summary_large_image","twitter_creator":"@canadamotorjobs","twitter_site":"@canadamotorjobs","twitter_misc":{"\u00c9crit par":"Benoit Charette","Estimation du temps de lecture":"2 minutes"},"schema":{"@context":"https:\/\/schema.org","@graph":[{"@type":"Article","@id":"https:\/\/news.canadamotorjobs.com\/fr\/les-autos-de-10-ans-et-plus-combattent-linflation\/#article","isPartOf":{"@id":"https:\/\/news.canadamotorjobs.com\/fr\/les-autos-de-10-ans-et-plus-combattent-linflation\/"},"author":{"name":"Benoit Charette","@id":"https:\/\/news.canadamotorjobs.com\/#\/schema\/person\/51793d1f87d44011d7bcc2ed99269a90"},"headline":"Les autos de 10 ans et plus combattent l\u2019inflation","datePublished":"2024-08-13T11:57:02+00:00","dateModified":"2024-08-13T12:00:22+00:00","mainEntityOfPage":{"@id":"https:\/\/news.canadamotorjobs.com\/fr\/les-autos-de-10-ans-et-plus-combattent-linflation\/"},"wordCount":431,"publisher":{"@id":"https:\/\/news.canadamotorjobs.com\/#organization"},"image":{"@id":"https:\/\/news.canadamotorjobs.com\/fr\/les-autos-de-10-ans-et-plus-combattent-linflation\/#primaryimage"},"thumbnailUrl":"https:\/\/news.canadamotorjobs.com\/wp-content\/uploads\/2024\/08\/2015_toyota_corolla-15.jpg","articleSection":["Annuel automobile"],"inLanguage":"fr-CA"},{"@type":"WebPage","@id":"https:\/\/news.canadamotorjobs.com\/fr\/les-autos-de-10-ans-et-plus-combattent-linflation\/","url":"https:\/\/news.canadamotorjobs.com\/fr\/les-autos-de-10-ans-et-plus-combattent-linflation\/","name":"Les autos de 10 ans et plus combattent l\u2019inflation - CanadaMotorJobs.com","isPartOf":{"@id":"https:\/\/news.canadamotorjobs.com\/#website"},"primaryImageOfPage":{"@id":"https:\/\/news.canadamotorjobs.com\/fr\/les-autos-de-10-ans-et-plus-combattent-linflation\/#primaryimage"},"image":{"@id":"https:\/\/news.canadamotorjobs.com\/fr\/les-autos-de-10-ans-et-plus-combattent-linflation\/#primaryimage"},"thumbnailUrl":"https:\/\/news.canadamotorjobs.com\/wp-content\/uploads\/2024\/08\/2015_toyota_corolla-15.jpg","datePublished":"2024-08-13T11:57:02+00:00","dateModified":"2024-08-13T12:00:22+00:00","description":"Les autos de 10 ans et plus combattent l\u2019inflation - Benoit Charette - Annuel automobile - CanadaMotorJobs.com.","breadcrumb":{"@id":"https:\/\/news.canadamotorjobs.com\/fr\/les-autos-de-10-ans-et-plus-combattent-linflation\/#breadcrumb"},"inLanguage":"fr-CA","potentialAction":[{"@type":"ReadAction","target":["https:\/\/news.canadamotorjobs.com\/fr\/les-autos-de-10-ans-et-plus-combattent-linflation\/"]}]},{"@type":"ImageObject","inLanguage":"fr-CA","@id":"https:\/\/news.canadamotorjobs.com\/fr\/les-autos-de-10-ans-et-plus-combattent-linflation\/#primaryimage","url":"https:\/\/news.canadamotorjobs.com\/wp-content\/uploads\/2024\/08\/2015_toyota_corolla-15.jpg","contentUrl":"https:\/\/news.canadamotorjobs.com\/wp-content\/uploads\/2024\/08\/2015_toyota_corolla-15.jpg","width":1024,"height":669},{"@type":"BreadcrumbList","@id":"https:\/\/news.canadamotorjobs.com\/fr\/les-autos-de-10-ans-et-plus-combattent-linflation\/#breadcrumb","itemListElement":[{"@type":"ListItem","position":1,"name":"Home","item":"https:\/\/news.canadamotorjobs.com\/fr\/blog\/"},{"@type":"ListItem","position":2,"name":"Les autos de 10 ans et plus combattent l\u2019inflation"}]},{"@type":"WebSite","@id":"https:\/\/news.canadamotorjobs.com\/#website","url":"https:\/\/news.canadamotorjobs.com\/","name":"CanadaMotorJobs.com","description":"Automotive Jobs","publisher":{"@id":"https:\/\/news.canadamotorjobs.com\/#organization"},"potentialAction":[{"@type":"SearchAction","target":{"@type":"EntryPoint","urlTemplate":"https:\/\/news.canadamotorjobs.com\/?s={search_term_string}"},"query-input":"required name=search_term_string"}],"inLanguage":"fr-CA"},{"@type":"Organization","@id":"https:\/\/news.canadamotorjobs.com\/#organization","name":"Canada Motor Jobs","url":"https:\/\/news.canadamotorjobs.com\/","logo":{"@type":"ImageObject","inLanguage":"fr-CA","@id":"https:\/\/news.canadamotorjobs.com\/#\/schema\/logo\/image\/","url":"https:\/\/news.canadamotorjobs.com\/wp-content\/uploads\/2022\/10\/logo-canada-motor-jobs-1.png","contentUrl":"https:\/\/news.canadamotorjobs.com\/wp-content\/uploads\/2022\/10\/logo-canada-motor-jobs-1.png","width":800,"height":400,"caption":"Canada Motor Jobs"},"image":{"@id":"https:\/\/news.canadamotorjobs.com\/#\/schema\/logo\/image\/"},"sameAs":["https:\/\/www.facebook.com\/canadamotorjobs\/","https:\/\/x.com\/canadamotorjobs","https:\/\/www.instagram.com\/canadamotorjobs\/","https:\/\/www.linkedin.com\/company\/canadamotorjobs"]},{"@type":"Person","@id":"https:\/\/news.canadamotorjobs.com\/#\/schema\/person\/51793d1f87d44011d7bcc2ed99269a90","name":"Benoit Charette","image":{"@type":"ImageObject","inLanguage":"fr-CA","@id":"https:\/\/news.canadamotorjobs.com\/#\/schema\/person\/image\/","url":"https:\/\/secure.gravatar.com\/avatar\/45f3d2eebcccd909668d7ce7ea7267b6?s=96&d=mm&r=g","contentUrl":"https:\/\/secure.gravatar.com\/avatar\/45f3d2eebcccd909668d7ce7ea7267b6?s=96&d=mm&r=g","caption":"Benoit Charette"},"description":"Benoit Charette \/ Propri\u00e9taire et r\u00e9dacteur en chef Benoit Charette pratique le journalisme automobile depuis bient\u00f4t 30 ans. Il a fait ses classes au c\u00f4t\u00e9 de Daniel H\u00e9raud et au Carnet de route de 1992 \u00e0 2001. Il est fondateur, copropri\u00e9taire et r\u00e9dacteur en chef de L\u2019Annuel de l\u2019automobile, qu\u2019il publie depuis 2001. Il a anim\u00e9 les \u00e9missions RPM et RPM+ sur V et les L\u00e9gendes de la route sur Historia. \u00c0 la radio depuis 1986, il reprend l\u2019antenne cette ann\u00e9e sur les ondes de Cogeco et participe pour la deuxi\u00e8me ann\u00e9e \u00e0 l\u2019\u00e9mission Passion Auto sur RDS en plus de mettre en ligne le site Web officiel de L\u2019Annuel de l\u2019automobile sur annuelauto.ca.","sameAs":["https:\/\/annuelauto.ca\/"],"url":"https:\/\/news.canadamotorjobs.com\/fr\/author\/benoit-charette\/"}]}},"_links":{"self":[{"href":"https:\/\/news.canadamotorjobs.com\/fr\/wp-json\/wp\/v2\/posts\/170513"}],"collection":[{"href":"https:\/\/news.canadamotorjobs.com\/fr\/wp-json\/wp\/v2\/posts"}],"about":[{"href":"https:\/\/news.canadamotorjobs.com\/fr\/wp-json\/wp\/v2\/types\/post"}],"author":[{"embeddable":true,"href":"https:\/\/news.canadamotorjobs.com\/fr\/wp-json\/wp\/v2\/users\/8"}],"replies":[{"embeddable":true,"href":"https:\/\/news.canadamotorjobs.com\/fr\/wp-json\/wp\/v2\/comments?post=170513"}],"version-history":[{"count":2,"href":"https:\/\/news.canadamotorjobs.com\/fr\/wp-json\/wp\/v2\/posts\/170513\/revisions"}],"predecessor-version":[{"id":170517,"href":"https:\/\/news.canadamotorjobs.com\/fr\/wp-json\/wp\/v2\/posts\/170513\/revisions\/170517"}],"wp:featuredmedia":[{"embeddable":true,"href":"https:\/\/news.canadamotorjobs.com\/fr\/wp-json\/wp\/v2\/media\/170515"}],"wp:attachment":[{"href":"https:\/\/news.canadamotorjobs.com\/fr\/wp-json\/wp\/v2\/media?parent=170513"}],"wp:term":[{"taxonomy":"category","embeddable":true,"href":"https:\/\/news.canadamotorjobs.com\/fr\/wp-json\/wp\/v2\/categories?post=170513"},{"taxonomy":"post_tag","embeddable":true,"href":"https:\/\/news.canadamotorjobs.com\/fr\/wp-json\/wp\/v2\/tags?post=170513"}],"curies":[{"name":"wp","href":"https:\/\/api.w.org\/{rel}","templated":true}]}}